{"id":36101,"date":"2025-03-16T13:30:30","date_gmt":"2025-03-16T19:30:30","guid":{"rendered":"https:\/\/redaccionoaxaca.com\/?p=36101"},"modified":"2025-03-16T13:30:30","modified_gmt":"2025-03-16T19:30:30","slug":"detienen-a-masculino-por-acoso-sexual-en-via-publica","status":"publish","type":"post","link":"https:\/\/redaccionoaxaca.com\/index.php\/2025\/03\/16\/detienen-a-masculino-por-acoso-sexual-en-via-publica\/","title":{"rendered":"Detienen a masculino por acoso sexual en v\u00eda p\u00fablica"},"content":{"rendered":"<p><strong>#Redacci\u00f3nOaxaca<\/strong><\/p>\n<p style=\"text-align: justify;\"><strong>#Oaxaca<\/strong><\/p>\n<p>\u2022 <em>La v\u00edctima, identificada como N.N.S.M. de 25 a\u00f1os, relat\u00f3 que el agresor realiz\u00f3 actos lascivos frente a ella<\/em><\/p>\n<p style=\"text-align: justify;\">Oaxaca de Ju\u00e1rez, Oax., 16 de marzo de 2025.- La Secretar\u00eda de Seguridad y Protecci\u00f3n Ciudadana (SSPC) a trav\u00e9s de la Polic\u00eda Estatal, detuvo a un individuo se\u00f1alado por el delito de acoso sexual en la v\u00eda p\u00fablica, sobre la Primera Privada de avenida Universidad, ubicada en la capital del estado.<\/p>\n<p style=\"text-align: justify;\">Mientras efectuaban recorridos de seguridad y vigilancia, los elementos de seguridad fueron interceptados por dos ciudadanos, quienes solicitaron auxilio para la captura de un hombre que hab\u00eda agredido momentos antes a una mujer, en el mismo punto.<\/p>\n<p><img data-recalc-dims=\"1\" loading=\"lazy\" decoding=\"async\" class=\"size-medium wp-image-36102 aligncenter\" src=\"https:\/\/i0.wp.com\/redaccionoaxaca.com\/wp-content\/uploads\/2025\/03\/IMG-20250316-WA0314-300x211.jpg?resize=300%2C211&#038;ssl=1\" alt=\"\" width=\"300\" height=\"211\" \/><\/p>\n<p style=\"text-align: justify;\">La v\u00edctima, identificada como N.N.S.M. de 25 a\u00f1os, relat\u00f3 que el agresor exhibi\u00f3 sus partes \u00edntimas y realiz\u00f3 actos lascivos frente a ella. Posteriormente, al intentar alejarse, el sujeto se aproxim\u00f3 e hizo comentarios amenazantes en su contra, por lo que solicit\u00f3 el apoyo de las personas que se encontraban cerca de la zona.<\/p>\n<p style=\"text-align: justify;\">Ante la solicitud de la afectada y la confirmaci\u00f3n de los hechos, se procedi\u00f3 a la detenci\u00f3n de M.A.R.M., en las inmediaciones de una estaci\u00f3n de servicio del lugar. El masculino ser\u00e1 puesto a disposici\u00f3n de la Fiscal\u00eda Especializada en Delitos Contra la Mujer por Raz\u00f3n de G\u00e9nero.<\/p>\n<p style=\"text-align: justify;\">Las autoridades reafirman su compromiso con la seguridad y exhortan a la ciudadan\u00eda a denunciar cualquier acto que atente contra su integridad.<\/p>\n","protected":false},"excerpt":{"rendered":"<p>#Redacci\u00f3nOaxaca #Oaxaca \u2022 La v\u00edctima, identificada como N.N.S.M. de 25 a\u00f1os, relat\u00f3 que el agresor realiz\u00f3 actos lascivos frente a ella Oaxaca de Ju\u00e1rez, Oax., 16 de marzo de 2025.- La Secretar\u00eda de Seguridad y Protecci\u00f3n Ciudadana (SSPC) a trav\u00e9s de la Polic\u00eda Estatal, detuvo a un individuo se\u00f1alado por el delito de acoso sexual [&hellip;]<\/p>\n","protected":false},"author":9,"featured_media":0,"comment_status":"open","ping_status":"open","sticky":false,"template":"","format":"standard","meta":{"jetpack_post_was_ever_published":false,"_jetpack_newsletter_access":"","_jetpack_dont_email_post_to_subs":false,"_jetpack_newsletter_tier_id":0,"_jetpack_memberships_contains_paywalled_content":false,"_jetpack_memberships_contains_paid_content":false,"footnotes":"","jetpack_publicize_message":"","jetpack_publicize_feature_enabled":true,"jetpack_social_post_already_shared":true,"jetpack_social_options":{"image_generator_settings":{"template":"highway","default_image_id":0,"font":"","enabled":false},"version":2}},"categories":[5,3,1],"tags":[],"class_list":{"0":"post-36101","1":"post","2":"type-post","3":"status-publish","4":"format-standard","6":"category-imagen","7":"category-mesa-de-redaccion","8":"category-uncategorized"},"jetpack_publicize_connections":[],"jetpack_featured_media_url":"","jetpack_sharing_enabled":true,"jetpack_shortlink":"https:\/\/wp.me\/p9Ynjw-9oh","jetpack-related-posts":[{"id":34847,"url":"https:\/\/redaccionoaxaca.com\/index.php\/2024\/12\/17\/victima-de-acoso-sexual-de-regidor-ricardez-protesta-en-informe-de-neri-censuran-manifestacion\/","url_meta":{"origin":36101,"position":0},"title":"V\u00edctima de acoso sexual de regidor Ric\u00e1rdez protesta en informe de Neri; censuran manifestaci\u00f3n","author":"ariadna","date":"diciembre 17, 2024","format":false,"excerpt":"#Redacci\u00f3nOaxaca #Oaxaca Citlalli L\u00f3pez Vel\u00e1zquez Alejandra, v\u00edctima de acoso sexual por parte del regidor de Oaxaca de Ju\u00e1rez Ren\u00e9 Ric\u00e1rdez Lim\u00f3n, protest\u00f3 durante el tercer informe de gobierno del presidente Francisco Mart\u00ednez Neri, porque a m\u00e1s de un a\u00f1o de la denuncia el funcionario no ha sido sancionado. Personal del\u2026","rel":"","context":"En &quot;Agenda Pol\u00edtica&quot;","block_context":{"text":"Agenda Pol\u00edtica","link":"https:\/\/redaccionoaxaca.com\/index.php\/category\/agenda-politica\/"},"img":{"alt_text":"","src":"","width":0,"height":0},"classes":[]},{"id":34049,"url":"https:\/\/redaccionoaxaca.com\/index.php\/2024\/10\/22\/despiden-a-mujertrans-de-poder-legislativo-de-oaxaca-denuncio-acoso-laboral-violencia-transfobica-y-discriminacion\/","url_meta":{"origin":36101,"position":1},"title":"Despiden a mujertrans de Poder Legislativo de Oaxaca; denunci\u00f3 acoso laboral, violencia transf\u00f3bica y discriminaci\u00f3n","author":"ariadna","date":"octubre 22, 2024","format":false,"excerpt":"#Redacci\u00f3nOaxaca #Oaxaca Jaime GUERRERO Por violencia transf\u00f3bica y discriminaci\u00f3n, la Activista LGBTTTIQ+ Sof\u00eda Fernanda Ju\u00e1rez Guandulain, demanda sanci\u00f3n p\u00fablica a integrantes de la LXV Legislatura Local y trabajadores del Congreso del Estado de asegura la despidieron injustificadamente. Exige\u00a0 garant\u00edas de no repetici\u00f3n. Ju\u00e1rez Guandulain, activista de la comunidad LGBTTTIQ+, denunci\u00f3\u2026","rel":"","context":"En &quot;Imagen&quot;","block_context":{"text":"Imagen","link":"https:\/\/redaccionoaxaca.com\/index.php\/category\/imagen\/"},"img":{"alt_text":"","src":"","width":0,"height":0},"classes":[]},{"id":8380,"url":"https:\/\/redaccionoaxaca.com\/index.php\/2019\/09\/09\/por-ser-de-alto-riesgo-mujeres-tendran-transporte-publico-exclusivo-en-rutas-de-montoya-y-el-rosario\/","url_meta":{"origin":36101,"position":2},"title":"Por ser de alto riesgo, mujeres tendr\u00e1n transporte  p\u00fablico exclusivo en rutas de Montoya y El Rosario","author":"ariadna","date":"septiembre 9, 2019","format":false,"excerpt":"#Redaci\u00f3nOaxaca #Oaxaca Jaime GUERRERO En octubre, la ruta de la colonia \u00c1lamos en la agencia de Montoya hacia la Quinta Etapa en El Rosario, contar\u00e1n con transporte p\u00fablico para el desplazamiento exclusivo de las mujeres y sus hijas e hijos menores de 12 a\u00f1os de edad, como parte de un\u2026","rel":"","context":"Entrada similar ","block_context":{"text":"Entrada similar ","link":""},"img":{"alt_text":"","src":"","width":0,"height":0},"classes":[]},{"id":5999,"url":"https:\/\/redaccionoaxaca.com\/index.php\/2019\/03\/27\/movimiento-metoo-se-replica-en-oaxaca-surge-primera-denuncia-en-redes-sociales\/","url_meta":{"origin":36101,"position":3},"title":"Movimiento #MeToo se replica en Oaxaca. Surge primera denuncia en redes sociales","author":"gaby","date":"marzo 27, 2019","format":false,"excerpt":"#Redacci\u00f3nOaxaca #Oaxaca La campa\u00f1a #MeToo, que busca visibilizar los casos de abuso y acosos sexual, lleg\u00f3 a Oaxaca. A trav\u00e9s de redes sociales brot\u00f3 la primera denuncia p\u00fablica por acosos sexual. El se\u00f1alado es un maestro del Centro de Iniciaci\u00f3n Musical de Oaxaca CIMO. A trav\u00e9s de la cuenta Marea\u2026","rel":"","context":"Entrada similar ","block_context":{"text":"Entrada similar ","link":""},"img":{"alt_text":"","src":"https:\/\/i0.wp.com\/redaccionoaxaca.com\/wp-content\/uploads\/2019\/03\/IMG-20190327-WA0103-576x1024.jpg?resize=350%2C200","width":350,"height":200,"srcset":"https:\/\/i0.wp.com\/redaccionoaxaca.com\/wp-content\/uploads\/2019\/03\/IMG-20190327-WA0103-576x1024.jpg?resize=350%2C200 1x, https:\/\/i0.wp.com\/redaccionoaxaca.com\/wp-content\/uploads\/2019\/03\/IMG-20190327-WA0103-576x1024.jpg?resize=525%2C300 1.5x"},"classes":[]},{"id":35967,"url":"https:\/\/redaccionoaxaca.com\/index.php\/2025\/03\/06\/lanza-ddhpo-campana-de-sensibilizacion-y-concientizacion-del-acoso-sexual-en-el-transporte-publico-no-voy-sola\/","url_meta":{"origin":36101,"position":4},"title":"Lanza DDHPO campa\u00f1a de sensibilizaci\u00f3n y concientizaci\u00f3n del acoso sexual en el transporte p\u00fablico \u201cNo Voy Sola\u201d","author":"ariadna","date":"marzo 6, 2025","format":false,"excerpt":"#Redacci\u00f3nOaxaca #Oaxaca En el marco del D\u00eda Internacional de la Mujer, la Defensor\u00eda de los Derechos Humanos del Pueblo de Oaxaca present\u00f3 la campa\u00f1a \u201cNo Voy Sola\u00bb. Por un Transporte Seguro para las Mujeres\u201d, cuyo objetivo ser\u00e1 sensibilizar, concientizar y visibilizar el acoso sexual en el transporte p\u00fablico; una problem\u00e1tica\u2026","rel":"","context":"En &quot;Al Cierre&quot;","block_context":{"text":"Al Cierre","link":"https:\/\/redaccionoaxaca.com\/index.php\/category\/al-cierre\/"},"img":{"alt_text":"","src":"https:\/\/i0.wp.com\/redaccionoaxaca.com\/wp-content\/uploads\/2025\/03\/IMG-20250306-WA0519-300x200.jpg?resize=350%2C200&ssl=1","width":350,"height":200},"classes":[]},{"id":4484,"url":"https:\/\/redaccionoaxaca.com\/index.php\/2018\/12\/17\/transporte-publico-de-oaxaca-el-mas-inseguro-para-mujeres-inegi-75-percibe-inseguridad\/","url_meta":{"origin":36101,"position":5},"title":"TRANSPORTE P\u00daBLICO DE OAXACA, EL M\u00c1S INSEGURO PARA MUJERES: INEGI; 75% PERCIBE INSEGURIDAD","author":"denise","date":"diciembre 17, 2018","format":false,"excerpt":"#Redacci\u00f3nOaxaca \u00a0JAIME GUERRERO De acuerdo con los resultados del vig\u00e9simo levantamiento de la Encuesta Nacional de Seguridad P\u00fablica Urbana (ENSU), realizada por el INEGI durante la primera quincena de junio de 2018, despu\u00e9s del cajero autom\u00e1tico localizado en v\u00eda p\u00fablica, el transporte p\u00fablico es el lugar en donde existe una\u2026","rel":"","context":"En &quot;Agenda Pol\u00edtica&quot;","block_context":{"text":"Agenda Pol\u00edtica","link":"https:\/\/redaccionoaxaca.com\/index.php\/category\/agenda-politica\/"},"img":{"alt_text":"","src":"","width":0,"height":0},"classes":[]}],"_links":{"self":[{"href":"https:\/\/redaccionoaxaca.com\/index.php\/wp-json\/wp\/v2\/posts\/36101","targetHints":{"allow":["GET"]}}],"collection":[{"href":"https:\/\/redaccionoaxaca.com\/index.php\/wp-json\/wp\/v2\/posts"}],"about":[{"href":"https:\/\/redaccionoaxaca.com\/index.php\/wp-json\/wp\/v2\/types\/post"}],"author":[{"embeddable":true,"href":"https:\/\/redaccionoaxaca.com\/index.php\/wp-json\/wp\/v2\/users\/9"}],"replies":[{"embeddable":true,"href":"https:\/\/redaccionoaxaca.com\/index.php\/wp-json\/wp\/v2\/comments?post=36101"}],"version-history":[{"count":1,"href":"https:\/\/redaccionoaxaca.com\/index.php\/wp-json\/wp\/v2\/posts\/36101\/revisions"}],"predecessor-version":[{"id":36103,"href":"https:\/\/redaccionoaxaca.com\/index.php\/wp-json\/wp\/v2\/posts\/36101\/revisions\/36103"}],"wp:attachment":[{"href":"https:\/\/redaccionoaxaca.com\/index.php\/wp-json\/wp\/v2\/media?parent=36101"}],"wp:term":[{"taxonomy":"category","embeddable":true,"href":"https:\/\/redaccionoaxaca.com\/index.php\/wp-json\/wp\/v2\/categories?post=36101"},{"taxonomy":"post_tag","embeddable":true,"href":"https:\/\/redaccionoaxaca.com\/index.php\/wp-json\/wp\/v2\/tags?post=36101"}],"curies":[{"name":"wp","href":"https:\/\/api.w.org\/{rel}","templated":true}]}}