{"id":36104,"date":"2025-03-16T18:47:25","date_gmt":"2025-03-17T00:47:25","guid":{"rendered":"https:\/\/redaccionoaxaca.com\/?p=36104"},"modified":"2025-03-16T18:47:25","modified_gmt":"2025-03-17T00:47:25","slug":"aprehenden-a-expresidenta-de-santa-maria-huazolotitlan-por-trafico-de-concesiones-de-transporte","status":"publish","type":"post","link":"https:\/\/redaccionoaxaca.com\/index.php\/2025\/03\/16\/aprehenden-a-expresidenta-de-santa-maria-huazolotitlan-por-trafico-de-concesiones-de-transporte\/","title":{"rendered":"Aprehenden a expresidenta de Santa Mar\u00eda Huazolotitl\u00e1n por tr\u00e1fico de concesiones de transporte"},"content":{"rendered":"<p><strong>#Redacci\u00f3nOaxaca<\/strong><\/p>\n<p><strong>#Oaxaca<\/strong><\/p>\n<p style=\"text-align: justify;\">En un operativo, la madrugada de este domingo, elementos de la Agencia Estatal de Investigaciones (AEI) detuvieron a Vilma S. R. M., expresidenta municipal de Santa Mar\u00eda Huazolotitl\u00e1n, acusada de tr\u00e1fico de concesiones y permisos irregulares del servicio p\u00fablico de transporte.<\/p>\n<p style=\"text-align: justify;\">La captura de la ex funcionaria ocurri\u00f3 alrededor de las 4:30 de la ma\u00f1ana en el municipio de Santiago Jamiltepec, derivado de una orden de aprehensi\u00f3n emitida por un Juez de Control.<\/p>\n<p style=\"text-align: justify;\"><em><strong>Corrupci\u00f3n al descubierto<\/strong><\/em><\/p>\n<p style=\"text-align: justify;\">De acuerdo con la Fiscal\u00eda General del Estado de Oaxaca (FGEO), durante su gesti\u00f3n, V. S. R. M. habr\u00eda autorizado ilegalmente permisos de circulaci\u00f3n para unidades de transporte p\u00fablico, pese a que el Ayuntamiento no tiene facultades para hacerlo.<\/p>\n<p style=\"text-align: justify;\">Las investigaciones de la Vicefiscal\u00eda Regional de la Costa revelaron que estos documentos eran expedidos a personas que no cumpl\u00edan con los requisitos legales, generando un mercado negro de concesiones. La detenci\u00f3n se dio tras una denuncia, lo que permiti\u00f3 a la FGEO reunir las pruebas necesarias y actuar contra la exservidora p\u00fablica.<\/p>\n<p style=\"text-align: justify;\"><strong><em>En manos de la justicia<\/em><\/strong><\/p>\n<p style=\"text-align: justify;\">Tras su captura, Vilma S. R. M. fue trasladada a Puerto Escondido, donde permanece detenida en la Fiscal\u00eda del Ministerio P\u00fablico Com\u00fan del Juzgado de Garant\u00eda en materia penal. En las pr\u00f3ximas horas, un juez determinar\u00e1 su situaci\u00f3n jur\u00eddica.<\/p>\n<p><img data-recalc-dims=\"1\" loading=\"lazy\" decoding=\"async\" class=\"size-medium wp-image-36105 aligncenter\" src=\"https:\/\/i0.wp.com\/redaccionoaxaca.com\/wp-content\/uploads\/2025\/03\/IMG-20250316-WA11461-300x158.jpg?resize=300%2C158&#038;ssl=1\" alt=\"\" width=\"300\" height=\"158\" \/><\/p>\n","protected":false},"excerpt":{"rendered":"<p>#Redacci\u00f3nOaxaca #Oaxaca En un operativo, la madrugada de este domingo, elementos de la Agencia Estatal de Investigaciones (AEI) detuvieron a Vilma S. R. M., expresidenta municipal de Santa Mar\u00eda Huazolotitl\u00e1n, acusada de tr\u00e1fico de concesiones y permisos irregulares del servicio p\u00fablico de transporte. La captura de la ex funcionaria ocurri\u00f3 alrededor de las 4:30 de [&hellip;]<\/p>\n","protected":false},"author":9,"featured_media":0,"comment_status":"open","ping_status":"open","sticky":false,"template":"","format":"standard","meta":{"jetpack_post_was_ever_published":false,"_jetpack_newsletter_access":"","_jetpack_dont_email_post_to_subs":false,"_jetpack_newsletter_tier_id":0,"_jetpack_memberships_contains_paywalled_content":false,"_jetpack_memberships_contains_paid_content":false,"footnotes":"","jetpack_publicize_message":"","jetpack_publicize_feature_enabled":true,"jetpack_social_post_already_shared":true,"jetpack_social_options":{"image_generator_settings":{"template":"highway","default_image_id":0,"font":"","enabled":false},"version":2}},"categories":[7,5,3,6],"tags":[],"class_list":{"0":"post-36104","1":"post","2":"type-post","3":"status-publish","4":"format-standard","6":"category-al-cierre","7":"category-imagen","8":"category-mesa-de-redaccion","9":"category-tendencias"},"jetpack_publicize_connections":[],"jetpack_featured_media_url":"","jetpack_sharing_enabled":true,"jetpack_shortlink":"https:\/\/wp.me\/p9Ynjw-9ok","jetpack-related-posts":[{"id":23565,"url":"https:\/\/redaccionoaxaca.com\/index.php\/2022\/01\/21\/en-oaxaca-circulan-45-mil-138-concesiones-de-transporte-publico-por-circular-10-o-15-anos-no-se-daran-permisos-semovi\/","url_meta":{"origin":36104,"position":0},"title":"En Oaxaca \u201ccirculan\u201d 45 mil 138 concesiones de transporte   p\u00fablico; por circular 10 o 15 a\u00f1os, no se dar\u00e1n permisos: Semovi.","author":"ariadna","date":"enero 21, 2022","format":false,"excerpt":"#Redacci\u00f3nOaxaca #Oaxaca Jaime GUERRERO El titular de la Semovi, ArturoL\u00f3pez Sorroza, compareci\u00f3 ante la Comisi\u00f3n de Movilidad, Comunicaciones y Transportes del Congreso del Estado de Oaxaca, ante quienes destac\u00f3 las acciones realizadas durante el ejercicio 2021 con el objetivo de garantizar una movilidad segura y sostenible para las y los\u2026","rel":"","context":"En &quot;Imagen&quot;","block_context":{"text":"Imagen","link":"https:\/\/redaccionoaxaca.com\/index.php\/category\/imagen\/"},"img":{"alt_text":"","src":"","width":0,"height":0},"classes":[]},{"id":6310,"url":"https:\/\/redaccionoaxaca.com\/index.php\/2019\/04\/15\/aprueban-ley-de-movilidad-para-oaxaca-se-revocaran-concesiones-a-transportistas-que-bloqueen-vialidades-y-solo-podran-tener-una-concesion\/","url_meta":{"origin":36104,"position":1},"title":"Aprueban ley de movilidad para Oaxaca; se revocaran concesiones a transportistas que bloqueen vialidades y solo podr\u00e1n tener una concesi\u00f3n","author":"denise","date":"abril 15, 2019","format":false,"excerpt":"#Redacci\u00f3nOaxaca Jaime Guerrero La LXIV Legislatura, aprob\u00f3 la Ley de Movilidad de Oaxaca, en la que faculta al Gobernador del Estado, Alejandro Murat Hinojosa, a la Secretar\u00eda de Movilidad, a revocar concesiones de transportistas que participen en bloqueos de vialidades, se proh\u00edbe que una persona tenga m\u00e1s de una concesi\u00f3n\u2026","rel":"","context":"En &quot;Agenda Pol\u00edtica&quot;","block_context":{"text":"Agenda Pol\u00edtica","link":"https:\/\/redaccionoaxaca.com\/index.php\/category\/agenda-politica\/"},"img":{"alt_text":"","src":"","width":0,"height":0},"classes":[]},{"id":4539,"url":"https:\/\/redaccionoaxaca.com\/index.php\/2018\/12\/19\/pirataje-y-corrupcion-venta-ilegal-de-concesiones-del-transporte-publico-diputados\/","url_meta":{"origin":36104,"position":2},"title":"Pirataje y corrupci\u00f3n venta ilegal de\u00a0concesiones del transporte p\u00fablico: diputados","author":"denise","date":"diciembre 19, 2018","format":false,"excerpt":"#Redacci\u00f3nOaxaca JaimeGuerrero Frenar a las unidades irregulares y piratas que operan en el transporte p\u00fablico concesionado, exigieron diputados de Morena, PT, PES, durante la\u00a0 Comparecencia del encargado del despacho de la Secretar\u00eda de Movilidad, Alejandro Villanueva L\u00f3pez, ante la Comisi\u00f3n Permanente de Movilidad, Comunicaciones y Transportes del Congreso del Estado.\u2026","rel":"","context":"En &quot;Agenda Pol\u00edtica&quot;","block_context":{"text":"Agenda Pol\u00edtica","link":"https:\/\/redaccionoaxaca.com\/index.php\/category\/agenda-politica\/"},"img":{"alt_text":"","src":"","width":0,"height":0},"classes":[]},{"id":31291,"url":"https:\/\/redaccionoaxaca.com\/index.php\/2024\/04\/17\/advierte-semovi-sanciones-por-uso-indebido-de-concesiones-en-el-transporte-publico-de-la-region-del-istmo\/","url_meta":{"origin":36104,"position":3},"title":"Advierte Semovi sanciones por uso indebido de concesiones en el transporte p\u00fablico de la regi\u00f3n del Istmo","author":"ariadna","date":"abril 17, 2024","format":false,"excerpt":"#Redacci\u00f3nOaxaca #Oaxaca \u2022 Las personas concesionarias pueden ser acreedoras a una multa por m\u00e1s de 32 mil pesos \u2022 Del 1 al 12 de abril se han aplicado en el estado 248 multas, realizado 758 revistas f\u00edsico mec\u00e1nicas y se cuenta con cinco procedimientos iniciados de revocaci\u00f3n de concesi\u00f3n Oaxaca\u2026","rel":"","context":"En &quot;Imagen&quot;","block_context":{"text":"Imagen","link":"https:\/\/redaccionoaxaca.com\/index.php\/category\/imagen\/"},"img":{"alt_text":"","src":"https:\/\/i0.wp.com\/redaccionoaxaca.com\/wp-content\/uploads\/2024\/04\/IMG-20240417-WA0231-300x169.jpg?resize=350%2C200&ssl=1","width":350,"height":200},"classes":[]},{"id":5061,"url":"https:\/\/redaccionoaxaca.com\/index.php\/2019\/01\/24\/juez-que-encarcelo-a-ex-funcionario-de-sevitra-por-trafico-de-conceciones-ahora-lo-libera\/","url_meta":{"origin":36104,"position":4},"title":"Juez que encarcel\u00f3 a ex funcionario de #Sevitra por tr\u00e1fico de conceciones, ahora lo libera","author":"jaime","date":"enero 24, 2019","format":false,"excerpt":"#Redacci\u00f3nOaxaca #Oaxaca Jaime Guerrero El ex director de Concesiones de Secretar\u00eda de Vialidad y Transporte (Sevitra) ahora Secretar\u00eda de Vialidad y Transporte (Semovi) Armando Espina S\u00e1nchez, acusado de tr\u00e1fico de concesiones, fue excarcelado la noche de este mi\u00e9rcoles por orden del Juez Quinto de Distrito. Tras confirmar lo anterior, el\u2026","rel":"","context":"Entrada similar ","block_context":{"text":"Entrada similar ","link":""},"img":{"alt_text":"","src":"","width":0,"height":0},"classes":[]},{"id":5083,"url":"https:\/\/redaccionoaxaca.com\/index.php\/2019\/01\/25\/juez-que-encarcelo-a-ex-funcionario-de-sevitra-por-trafico-de-conceciones-da-marcha-atras-y-lo-libera\/","url_meta":{"origin":36104,"position":5},"title":"Juez que encarcel\u00f3 a ex funcionario de #Sevitra\u00a0por tr\u00e1fico de conceciones, da marcha atr\u00e1s y lo libera.","author":"jaime","date":"enero 25, 2019","format":false,"excerpt":"#Redacci\u00f3nOaxaca #Oaxaca Jaime GUERRERO\u00a0 El ex director de Concesiones de Secretar\u00eda de Vialidad y Transporte (Sevitra) ahora Secretar\u00eda de Vialidad y Transporte (Semovi) Armando Espina S\u00e1nchez, acusado de tr\u00e1fico de concesiones, fue excarcelado la noche de este mi\u00e9rcoles por orden del Juez Quinto de Distrito. Tras confirmar lo anterior, el\u2026","rel":"","context":"Entrada similar ","block_context":{"text":"Entrada similar ","link":""},"img":{"alt_text":"","src":"","width":0,"height":0},"classes":[]}],"_links":{"self":[{"href":"https:\/\/redaccionoaxaca.com\/index.php\/wp-json\/wp\/v2\/posts\/36104","targetHints":{"allow":["GET"]}}],"collection":[{"href":"https:\/\/redaccionoaxaca.com\/index.php\/wp-json\/wp\/v2\/posts"}],"about":[{"href":"https:\/\/redaccionoaxaca.com\/index.php\/wp-json\/wp\/v2\/types\/post"}],"author":[{"embeddable":true,"href":"https:\/\/redaccionoaxaca.com\/index.php\/wp-json\/wp\/v2\/users\/9"}],"replies":[{"embeddable":true,"href":"https:\/\/redaccionoaxaca.com\/index.php\/wp-json\/wp\/v2\/comments?post=36104"}],"version-history":[{"count":1,"href":"https:\/\/redaccionoaxaca.com\/index.php\/wp-json\/wp\/v2\/posts\/36104\/revisions"}],"predecessor-version":[{"id":36106,"href":"https:\/\/redaccionoaxaca.com\/index.php\/wp-json\/wp\/v2\/posts\/36104\/revisions\/36106"}],"wp:attachment":[{"href":"https:\/\/redaccionoaxaca.com\/index.php\/wp-json\/wp\/v2\/media?parent=36104"}],"wp:term":[{"taxonomy":"category","embeddable":true,"href":"https:\/\/redaccionoaxaca.com\/index.php\/wp-json\/wp\/v2\/categories?post=36104"},{"taxonomy":"post_tag","embeddable":true,"href":"https:\/\/redaccionoaxaca.com\/index.php\/wp-json\/wp\/v2\/tags?post=36104"}],"curies":[{"name":"wp","href":"https:\/\/api.w.org\/{rel}","templated":true}]}}