{"id":36260,"date":"2025-03-25T18:36:24","date_gmt":"2025-03-26T00:36:24","guid":{"rendered":"https:\/\/redaccionoaxaca.com\/?p=36260"},"modified":"2025-03-25T18:36:24","modified_gmt":"2025-03-26T00:36:24","slug":"reviven-el-porrismo-para-incidir-en-las-elecciones-la-policia-los-dejo-escapar","status":"publish","type":"post","link":"https:\/\/redaccionoaxaca.com\/index.php\/2025\/03\/25\/reviven-el-porrismo-para-incidir-en-las-elecciones-la-policia-los-dejo-escapar\/","title":{"rendered":"REVIVEN EL PORRISMO PARA INCIDIR EN LAS ELECCIONES, LA POLIC\u00cdA LOS DEJO ESCAPAR"},"content":{"rendered":"<p><strong>#Redacci\u00f3nOaxaca<\/strong><\/p>\n<p><strong>#Oaxaca<\/strong><\/p>\n<p>Con disparos de armas de fuego, sujetos contratados para reventar elecciones en una facultad de la UABJO, no solo agredieron a los estudiantes en el Bachillerato Especializado en Contadur\u00eda y Administraci\u00f3n (BECA), tambi\u00e9n exhibieron la incapacidad o la complicidad de mandos de la Polic\u00eda Estatal de Oaxaca al ordenarles que no intervinieran y no detener a los responsables de la agresi\u00f3n.<\/p>\n<p>Los hechos y las detonaciones ocurrieron en pleno Centro Hist\u00f3rico de Oaxaca y ante los reporteros presentes.<\/p>\n<p>Los uniformados dejaron escapar a los presuntos agresores quienes salieron con el rostro cubierto, sin correr y hasta con sonrisas.<\/p>\n<div style=\"width: 696px;\" class=\"wp-video\"><video class=\"wp-video-shortcode\" id=\"video-36260-1\" width=\"696\" height=\"394\" preload=\"metadata\" controls=\"controls\"><source type=\"video\/mp4\" src=\"https:\/\/redaccionoaxaca.com\/wp-content\/uploads\/2025\/03\/VID-20250325-WA0152.mp4?_=1\" \/><a href=\"https:\/\/redaccionoaxaca.com\/wp-content\/uploads\/2025\/03\/VID-20250325-WA0152.mp4\">https:\/\/redaccionoaxaca.com\/wp-content\/uploads\/2025\/03\/VID-20250325-WA0152.mp4<\/a><\/video><\/div>\n","protected":false},"excerpt":{"rendered":"<p>#Redacci\u00f3nOaxaca #Oaxaca Con disparos de armas de fuego, sujetos contratados para reventar elecciones en una facultad de la UABJO, no solo agredieron a los estudiantes en el Bachillerato Especializado en Contadur\u00eda y Administraci\u00f3n (BECA), tambi\u00e9n exhibieron la incapacidad o la complicidad de mandos de la Polic\u00eda Estatal de Oaxaca al ordenarles que no intervinieran y [&hellip;]<\/p>\n","protected":false},"author":9,"featured_media":0,"comment_status":"open","ping_status":"open","sticky":false,"template":"","format":"standard","meta":{"jetpack_post_was_ever_published":false,"_jetpack_newsletter_access":"","_jetpack_dont_email_post_to_subs":false,"_jetpack_newsletter_tier_id":0,"_jetpack_memberships_contains_paywalled_content":false,"_jetpack_memberships_contains_paid_content":false,"footnotes":"","jetpack_publicize_message":"","jetpack_publicize_feature_enabled":true,"jetpack_social_post_already_shared":true,"jetpack_social_options":{"image_generator_settings":{"template":"highway","default_image_id":0,"font":"","enabled":false},"version":2}},"categories":[4,844,5,6,1],"tags":[],"class_list":{"0":"post-36260","1":"post","2":"type-post","3":"status-publish","4":"format-standard","6":"category-agenda-politica","7":"category-dulce-veneno","8":"category-imagen","9":"category-tendencias","10":"category-uncategorized"},"jetpack_publicize_connections":[],"jetpack_featured_media_url":"","jetpack_sharing_enabled":true,"jetpack_shortlink":"https:\/\/wp.me\/p9Ynjw-9qQ","jetpack-related-posts":[{"id":5315,"url":"https:\/\/redaccionoaxaca.com\/index.php\/2019\/02\/12\/hombre-de-la-tercera-edad-asalta-un-hospital-en-oaxaca\/","url_meta":{"origin":36260,"position":0},"title":"HOMBRE DE LA TERCERA EDAD ASALTA UN HOSPITAL EN #OAXACA","author":"denise","date":"febrero 12, 2019","format":false,"excerpt":"#Redacci\u00f3nOaxaca Un solitario sujeto que aparenta 60 a\u00f1os o m\u00e1s, asalt\u00f3 un hospital en la zona Poniente de la ciudad de #Oaxaca y al verse acorralado antes de ser detenido, atac\u00f3 a navajazos a un polic\u00eda. Los hechos se registraron cerca de las 6:45 de la ma\u00f1ana cuando el asaltante\u2026","rel":"","context":"En &quot;Tendencias&quot;","block_context":{"text":"Tendencias","link":"https:\/\/redaccionoaxaca.com\/index.php\/category\/tendencias\/"},"img":{"alt_text":"","src":"","width":0,"height":0},"classes":[]},{"id":40857,"url":"https:\/\/redaccionoaxaca.com\/index.php\/2026\/03\/06\/policia-municipal-recupera-camioneta-con-mercancia-robada-en-el-mercado-de-abasto-un-detenido\/","url_meta":{"origin":36260,"position":1},"title":"Polic\u00eda Municipal recupera camioneta con mercanc\u00eda robada en el Mercado de Abasto; un detenido","author":"ariadna","date":"marzo 6, 2026","format":false,"excerpt":"#Redacci\u00f3nOaxaca #Oaxaca Oaxaca de Ju\u00e1rez, Oax., 06 de marzo de 2026.- La coordinaci\u00f3n entre elementos de la Polic\u00eda de Oaxaca de Ju\u00e1rez llev\u00f3 a la recuperaci\u00f3n de una camioneta robada en la zona del Mercado de Abasto; se recuper\u00f3 la mercanc\u00eda y se logr\u00f3 la detenci\u00f3n de uno de los\u2026","rel":"","context":"En &quot;Imagen&quot;","block_context":{"text":"Imagen","link":"https:\/\/redaccionoaxaca.com\/index.php\/category\/imagen\/"},"img":{"alt_text":"","src":"https:\/\/i0.wp.com\/redaccionoaxaca.com\/wp-content\/uploads\/2026\/03\/InShot_20260306_104234769.jpg?fit=1200%2C824&ssl=1&resize=350%2C200","width":350,"height":200,"srcset":"https:\/\/i0.wp.com\/redaccionoaxaca.com\/wp-content\/uploads\/2026\/03\/InShot_20260306_104234769.jpg?fit=1200%2C824&ssl=1&resize=350%2C200 1x, https:\/\/i0.wp.com\/redaccionoaxaca.com\/wp-content\/uploads\/2026\/03\/InShot_20260306_104234769.jpg?fit=1200%2C824&ssl=1&resize=525%2C300 1.5x, https:\/\/i0.wp.com\/redaccionoaxaca.com\/wp-content\/uploads\/2026\/03\/InShot_20260306_104234769.jpg?fit=1200%2C824&ssl=1&resize=700%2C400 2x, https:\/\/i0.wp.com\/redaccionoaxaca.com\/wp-content\/uploads\/2026\/03\/InShot_20260306_104234769.jpg?fit=1200%2C824&ssl=1&resize=1050%2C600 3x"},"classes":[]},{"id":41670,"url":"https:\/\/redaccionoaxaca.com\/index.php\/2026\/04\/21\/tres-personas-lesionadas-el-saldo-de-fiesta-clandestina-con-venta-de-drogas-en-san-felipe-del-agua-zona-exclusiva-de-oaxaca\/","url_meta":{"origin":36260,"position":2},"title":"Tres personas lesionadas el saldo de fiesta clandestina con venta de drogas en San Felipe del Agua, zona exclusiva de Oaxaca","author":"ariadna","date":"abril 21, 2026","format":false,"excerpt":"#Redacci\u00f3nOaxaca #Oaxaca #JaimeGUERRERO Una fiesta clandestina celebrada en el \u201cJard\u00edn La Morada\u201d, sobre Prolongaci\u00f3n de Iturbide en la agencia de San Felipe del Agua, fue intervenida por elementos de la Agencia Estatal de Investigaciones (AEI) de la Fiscal\u00eda General del Estado de Oaxaca (FGEO), con apoyo de la Polic\u00eda Estatal\u2026","rel":"","context":"En &quot;Imagen&quot;","block_context":{"text":"Imagen","link":"https:\/\/redaccionoaxaca.com\/index.php\/category\/imagen\/"},"img":{"alt_text":"","src":"https:\/\/i0.wp.com\/redaccionoaxaca.com\/wp-content\/uploads\/2026\/04\/Screenshot_20260421_102540_Chrome-scaled.jpg?fit=1200%2C578&ssl=1&resize=350%2C200","width":350,"height":200,"srcset":"https:\/\/i0.wp.com\/redaccionoaxaca.com\/wp-content\/uploads\/2026\/04\/Screenshot_20260421_102540_Chrome-scaled.jpg?fit=1200%2C578&ssl=1&resize=350%2C200 1x, https:\/\/i0.wp.com\/redaccionoaxaca.com\/wp-content\/uploads\/2026\/04\/Screenshot_20260421_102540_Chrome-scaled.jpg?fit=1200%2C578&ssl=1&resize=525%2C300 1.5x, https:\/\/i0.wp.com\/redaccionoaxaca.com\/wp-content\/uploads\/2026\/04\/Screenshot_20260421_102540_Chrome-scaled.jpg?fit=1200%2C578&ssl=1&resize=700%2C400 2x, https:\/\/i0.wp.com\/redaccionoaxaca.com\/wp-content\/uploads\/2026\/04\/Screenshot_20260421_102540_Chrome-scaled.jpg?fit=1200%2C578&ssl=1&resize=1050%2C600 3x"},"classes":[]},{"id":24532,"url":"https:\/\/redaccionoaxaca.com\/index.php\/2022\/03\/15\/reconoce-neri-a-su-policia-senala-que-sin-su-intervencion-el-balance-de-elecciones-en-san-martin-mexicapam-pudo-ser-negativo\/","url_meta":{"origin":36260,"position":3},"title":"Reconoce Neri a su Polic\u00eda, se\u00f1ala que sin su intervenci\u00f3n, el balance de elecciones en San Mart\u00edn Mexicapam pudo ser negativo.","author":"ariadna","date":"marzo 15, 2022","format":false,"excerpt":"#Redacci\u00f3nOaxaca #Oaxaca Maira Ric\u00e1rdez *Al tiempo celebr\u00f3 que de las 7 agencias que tuvieron elecciones en los \u00faltimos 2 fines de semana, 4 hayan elegido a una Mujer como autoridad Felipe Antonio Garc\u00eda Paz en Candiani, en Candiani, Tanya Patricia Velasco Luria en Cinco Se\u00f1ores, Azucena Hern\u00e1ndez V\u00e1squez en San\u2026","rel":"","context":"En &quot;Imagen&quot;","block_context":{"text":"Imagen","link":"https:\/\/redaccionoaxaca.com\/index.php\/category\/imagen\/"},"img":{"alt_text":"","src":"","width":0,"height":0},"classes":[]},{"id":24660,"url":"https:\/\/redaccionoaxaca.com\/index.php\/2022\/03\/23\/habra-seguridad-durante-proceso-electoral-en-siete-municipios-de-oaxaca-garantiza-sspo\/","url_meta":{"origin":36260,"position":4},"title":"Habr\u00e1 seguridad durante proceso electoral en siete municipios de Oaxaca, garantiza SSPO.","author":"ariadna","date":"marzo 23, 2022","format":false,"excerpt":"#Redacci\u00f3nOaxaca #Oaxaca Oaxaca, Oax., 23 de marzo de 2022.- La Secretar\u00eda de Seguridad P\u00fablica de Oaxaca (SSPO), activar\u00e1 protocolos de seguridad y vigilancia para garantizar la paz social en siete municipios de la entidad donde celebrar\u00e1n elecciones extraordinarias este 27 de marzo para renovar autoridades. Es por ello que la\u2026","rel":"","context":"En &quot;Agenda Pol\u00edtica&quot;","block_context":{"text":"Agenda Pol\u00edtica","link":"https:\/\/redaccionoaxaca.com\/index.php\/category\/agenda-politica\/"},"img":{"alt_text":"","src":"https:\/\/i0.wp.com\/redaccionoaxaca.com\/wp-content\/uploads\/2022\/03\/IMG-20220323-WA0089-300x200.jpg?resize=350%2C200&ssl=1","width":350,"height":200},"classes":[]},{"id":478,"url":"https:\/\/redaccionoaxaca.com\/index.php\/2018\/06\/20\/32-municipios-son-focos-rojos-en-oaxaca-para-el-1-de-julio\/","url_meta":{"origin":36260,"position":5},"title":"32 municipios son focos rojos en Oaxaca para el 1 de julio","author":"gaby","date":"junio 20, 2018","format":false,"excerpt":"#Redacci\u00f3nOaxaca #Oaxaca Jaime GUERRERO La Secretar\u00eda de Gobernaci\u00f3n (Segob); el Centro de Seguridad Nacional (Cisen), el Instituto Nacional Electoral (INE), el Instituto Estatal Electoral y de Participaci\u00f3n Ciudadana de Oaxaca (IEEPCO), la Secretar\u00eda de la Defensa Nacional (Sedena), la Secretar\u00eda de Marina Armada de Mexico (Semar), la Polic\u00eda Federal y\u2026","rel":"","context":"Entrada similar ","block_context":{"text":"Entrada similar ","link":""},"img":{"alt_text":"","src":"","width":0,"height":0},"classes":[]}],"_links":{"self":[{"href":"https:\/\/redaccionoaxaca.com\/index.php\/wp-json\/wp\/v2\/posts\/36260","targetHints":{"allow":["GET"]}}],"collection":[{"href":"https:\/\/redaccionoaxaca.com\/index.php\/wp-json\/wp\/v2\/posts"}],"about":[{"href":"https:\/\/redaccionoaxaca.com\/index.php\/wp-json\/wp\/v2\/types\/post"}],"author":[{"embeddable":true,"href":"https:\/\/redaccionoaxaca.com\/index.php\/wp-json\/wp\/v2\/users\/9"}],"replies":[{"embeddable":true,"href":"https:\/\/redaccionoaxaca.com\/index.php\/wp-json\/wp\/v2\/comments?post=36260"}],"version-history":[{"count":1,"href":"https:\/\/redaccionoaxaca.com\/index.php\/wp-json\/wp\/v2\/posts\/36260\/revisions"}],"predecessor-version":[{"id":36263,"href":"https:\/\/redaccionoaxaca.com\/index.php\/wp-json\/wp\/v2\/posts\/36260\/revisions\/36263"}],"wp:attachment":[{"href":"https:\/\/redaccionoaxaca.com\/index.php\/wp-json\/wp\/v2\/media?parent=36260"}],"wp:term":[{"taxonomy":"category","embeddable":true,"href":"https:\/\/redaccionoaxaca.com\/index.php\/wp-json\/wp\/v2\/categories?post=36260"},{"taxonomy":"post_tag","embeddable":true,"href":"https:\/\/redaccionoaxaca.com\/index.php\/wp-json\/wp\/v2\/tags?post=36260"}],"curies":[{"name":"wp","href":"https:\/\/api.w.org\/{rel}","templated":true}]}}