{"id":36285,"date":"2025-03-28T09:27:10","date_gmt":"2025-03-28T15:27:10","guid":{"rendered":"https:\/\/redaccionoaxaca.com\/?p=36285"},"modified":"2025-03-28T09:27:10","modified_gmt":"2025-03-28T15:27:10","slug":"gobierno-de-oaxaca-llama-a-pueblos-y-comunidades-en-disputa-al-dialogo-como-mecanismo-de-solucion-de-conflictos","status":"publish","type":"post","link":"https:\/\/redaccionoaxaca.com\/index.php\/2025\/03\/28\/gobierno-de-oaxaca-llama-a-pueblos-y-comunidades-en-disputa-al-dialogo-como-mecanismo-de-solucion-de-conflictos\/","title":{"rendered":"Gobierno de Oaxaca llama a pueblos y comunidades en disputa al di\u00e1logo como mecanismo de soluci\u00f3n de conflictos"},"content":{"rendered":"<p><strong>#Redacci\u00f3nOaxaca<\/strong><\/p>\n<p><strong>#Oaxaca<\/strong><\/p>\n<p><strong>Jaime GUERRERO<\/strong><\/p>\n<p style=\"text-align: justify;\">El Gobierno Estatal, hizo un nuevo llamado a los Pueblos y Comunidades en disputas sociales, agrarias o pol\u00edticas al di\u00e1logo y anteponer la paz como mecanismo de soluci\u00f3n de los conflictos.<\/p>\n<p style=\"text-align: justify;\">El Secretario de Gobierno, Jes\u00fas Romero L\u00f3pez pidi\u00f3 que no sea la violencia o el uso de las armas para solventar las inconformidades.<\/p>\n<p style=\"text-align: justify;\">Report\u00f3 que instalan 500 mesas mensuales de di\u00e1logo con diversos sectores, han reducido en un 70% los bloqueos y han solucionado 37 conflictos agrarios.<\/p>\n<p style=\"text-align: justify;\">En tanto, inform\u00f3 que personal del Gobierno del Estado, ingres\u00f3 a San Isidro Platanillo localizada a 25 kil\u00f3metros de Santo Domingo Petapa logrando que se reanuden las clases del nivel b\u00e1sico, y otros acuerdos.<\/p>\n<p style=\"text-align: justify;\">El 13 de febrero de este a\u00f1o, una emboscada dej\u00f3 como saldo el asesinato de tres personas y una situaci\u00f3n de tensi\u00f3n en la zona.<\/p>\n<p style=\"text-align: justify;\">En ese entonces informaron que al rededor de las 14.30 horas una emboscada ocurrida a la altura de R\u00edo del Sol, Santo Domingo, Petapa, contra una camioneta dej\u00f3 sin vida al delegado de UCIZONI, Wilfrido Atanacio, as\u00ed como a Victoriano Quirino y Abraham Chirino.<\/p>\n<p style=\"text-align: justify;\">Los familiares de las v\u00edctimas, se\u00f1alaron como responsable a comuneros de Santo Domingo Petapa.<\/p>\n<p style=\"text-align: justify;\">De esto, el titular de la Sego, Jes\u00fas Romero L\u00f3pez indic\u00f3 que recientemente, en la comunidad mixe, hubo di\u00e1logo abierto, reuni\u00f3n pac\u00edfica y de construcci\u00f3n de paz.<\/p>\n<p style=\"text-align: justify;\"><strong>Lograron trazar los siguientes acuerdos<\/strong>:<\/p>\n<p style=\"text-align: justify;\">Mantener mesas de di\u00e1logo para la reconstrucci\u00f3n del tejido social.<\/p>\n<p style=\"text-align: justify;\">Comunicaci\u00f3n constante con el Gobierno del Estado para garantizar la paz en la zona.<\/p>\n<p style=\"text-align: justify;\">Respeto al libre acceso para la comunidad de San Isidro Platanillo.<\/p>\n<p style=\"text-align: justify;\">Presencia del Delegado de Paz en la comunidad dos veces por semana para apoyar en la resoluci\u00f3n de problem\u00e1ticas internas.<\/p>\n","protected":false},"excerpt":{"rendered":"<p>#Redacci\u00f3nOaxaca #Oaxaca Jaime GUERRERO El Gobierno Estatal, hizo un nuevo llamado a los Pueblos y Comunidades en disputas sociales, agrarias o pol\u00edticas al di\u00e1logo y anteponer la paz como mecanismo de soluci\u00f3n de los conflictos. El Secretario de Gobierno, Jes\u00fas Romero L\u00f3pez pidi\u00f3 que no sea la violencia o el uso de las armas para [&hellip;]<\/p>\n","protected":false},"author":9,"featured_media":0,"comment_status":"open","ping_status":"open","sticky":false,"template":"","format":"standard","meta":{"jetpack_post_was_ever_published":false,"_jetpack_newsletter_access":"","_jetpack_dont_email_post_to_subs":false,"_jetpack_newsletter_tier_id":0,"_jetpack_memberships_contains_paywalled_content":false,"_jetpack_memberships_contains_paid_content":false,"footnotes":"","jetpack_publicize_message":"","jetpack_publicize_feature_enabled":true,"jetpack_social_post_already_shared":true,"jetpack_social_options":{"image_generator_settings":{"template":"highway","default_image_id":0,"font":"","enabled":false},"version":2}},"categories":[4,7],"tags":[],"class_list":{"0":"post-36285","1":"post","2":"type-post","3":"status-publish","4":"format-standard","6":"category-agenda-politica","7":"category-al-cierre"},"jetpack_publicize_connections":[],"jetpack_featured_media_url":"","jetpack_sharing_enabled":true,"jetpack_shortlink":"https:\/\/wp.me\/p9Ynjw-9rf","jetpack-related-posts":[{"id":32918,"url":"https:\/\/redaccionoaxaca.com\/index.php\/2024\/08\/08\/avanza-oaxaca-con-resoluciones-en-la-conflictividad-agraria\/","url_meta":{"origin":36285,"position":0},"title":"Avanza Oaxaca con resoluciones en la conflictividad agraria","author":"ariadna","date":"agosto 8, 2024","format":false,"excerpt":"#Redacci\u00f3nOaxaca #Oaxaca \u2022 31 asuntos se han resuelto a trav\u00e9s del di\u00e1logo y la concertaci\u00f3n Oaxaca de Ju\u00e1rez, Oax. 8 de agosto de 2024.- Como parte del Programa Estatal de Paz con Justicia y Bienestar de la Secretar\u00eda de Gobierno (Sego), del cual se desprende el eje Paz Territorial, se\u2026","rel":"","context":"En &quot;Agenda Pol\u00edtica&quot;","block_context":{"text":"Agenda Pol\u00edtica","link":"https:\/\/redaccionoaxaca.com\/index.php\/category\/agenda-politica\/"},"img":{"alt_text":"","src":"","width":0,"height":0},"classes":[]},{"id":32927,"url":"https:\/\/redaccionoaxaca.com\/index.php\/2024\/08\/09\/lidera-oaxaca-conflictos-agrarios-en-el-pais-pactan-presidenta-electa-y-gobernador-mesas-de-inteligencia-agraria\/","url_meta":{"origin":36285,"position":1},"title":"Lidera Oaxaca conflictos agrarios en el pa\u00eds; pactan Presidenta Electa y Gobernador mesas de inteligencia agraria","author":"ariadna","date":"agosto 9, 2024","format":false,"excerpt":"#Redacci\u00f3nOaxaca #Oaxaca Jaime GUERRERO Los conflictos agrarios est\u00e1n entrampados por posiciones irreductibles y Oaxaca es el estado con mayor n\u00famero de conflictidad con 240. Por lo pronto, Sheinbaum Pardo y el Gobernador, Salom\u00f3n Jara Cruz, pactaron atenci\u00f3n mediante mesas de inteligencia agraria para dar paso a la soluci\u00f3n mediante el\u2026","rel":"","context":"En &quot;Agenda Pol\u00edtica&quot;","block_context":{"text":"Agenda Pol\u00edtica","link":"https:\/\/redaccionoaxaca.com\/index.php\/category\/agenda-politica\/"},"img":{"alt_text":"","src":"","width":0,"height":0},"classes":[]},{"id":29776,"url":"https:\/\/redaccionoaxaca.com\/index.php\/2023\/11\/24\/preocupan-a-amlo-conflictos-agrarios-mortales-de-oaxaca-confia-en-jara-para-solucion-pacifica-se-construye-nuevo-pacto-social-sjc\/","url_meta":{"origin":36285,"position":2},"title":"Preocupan a AMLO conflictos agrarios mortales de Oaxaca; conf\u00eda\u00a0 en Jara para soluci\u00f3n pac\u00edfica, \u201cse construye nuevo pacto social\u201d: SJC \u00a0","author":"ariadna","date":"noviembre 24, 2023","format":false,"excerpt":"#Redacci\u00f3nOaxaca #Oaxaca Jaime GUERRERO Al Presidente, Andr\u00e9s Manuel L\u00f3pez Obrador, le preocupan los conflictos agrarios en Oaxaca que han cobrado la perdida de vidas humanas. \u201cEstamos muy conscientes de eso, ese es un problema muy sentido y que causa dolor, los enfrentamientos entre comunidades y la p\u00e9rdida de vidas\u201d, concedi\u00f3.\u2026","rel":"","context":"En &quot;Agenda Pol\u00edtica&quot;","block_context":{"text":"Agenda Pol\u00edtica","link":"https:\/\/redaccionoaxaca.com\/index.php\/category\/agenda-politica\/"},"img":{"alt_text":"","src":"","width":0,"height":0},"classes":[]},{"id":4408,"url":"https:\/\/redaccionoaxaca.com\/index.php\/2018\/12\/12\/mafud-era-vitoreado-con-banda-y-en-comparecencia-diputados-arremeten-vs-el\/","url_meta":{"origin":36285,"position":3},"title":"Mafud era vitoreado con \u201cbanda\u201d y\u00a0en\u00a0comparecencia, diputados arremeten vs \u00e9l.","author":"jaime","date":"diciembre 12, 2018","format":false,"excerpt":"#Redacci\u00f3nOaxaca #Oaxaca Jaime GUERRERO\u00a0 Mientras los integrantes del Frente Ind\u00edgena de Pueblos Olvidados de Oaxaca (FIPOO), vitoreaban con una banda de musica de viento, a H\u00e9ctor Anuard Mafud Mafud, secretario general de gobierno, en la sede del Congreso del Estado, diputados de Morena, PT, PES, PAN, arremet\u00edan contra el responsable\u2026","rel":"","context":"Entrada similar ","block_context":{"text":"Entrada similar ","link":""},"img":{"alt_text":"","src":"","width":0,"height":0},"classes":[]},{"id":2251,"url":"https:\/\/redaccionoaxaca.com\/index.php\/2018\/08\/23\/contraprestaciones-economicas-y-obras-que-negocian-comunidades-en-disputa-agraria-encarece-solucion\/","url_meta":{"origin":36285,"position":4},"title":"Contraprestaciones econ\u00f3micas y obras que negocian comunidades en disputa agraria, encarece soluci\u00f3n","author":"denise","date":"agosto 23, 2018","format":false,"excerpt":"#Redacci\u00f3nOaxaca Jaime GUERRERO Tras confirmar que el Gobierno del Estado, tiene catalogados 362 conflictos agrarios, de \u00e9stos, 32 identificados como \u201cfocos rojos\u201d, el titular de la Secretar\u00eda General de Gobierno, H\u00e9ctor Anuar Mafud Mafud, se\u00f1al\u00f3 que la \u201ccontraprestaci\u00f3n econ\u00f3mica\u201d que promueven los abogados defensores de las partes en disputa de\u2026","rel":"","context":"En &quot;Agenda Pol\u00edtica&quot;","block_context":{"text":"Agenda Pol\u00edtica","link":"https:\/\/redaccionoaxaca.com\/index.php\/category\/agenda-politica\/"},"img":{"alt_text":"","src":"","width":0,"height":0},"classes":[]},{"id":29068,"url":"https:\/\/redaccionoaxaca.com\/index.php\/2023\/08\/08\/presentan-en-oaxaca-paz-con-justicia-y-bienestar-para-50-municipios-con-alerta-de-violencia-de-genero\/","url_meta":{"origin":36285,"position":5},"title":"Presentan en Oaxaca, Paz con Justicia y Bienestar  para 50 municipios con alerta de violencia de g\u00e9nero","author":"ariadna","date":"agosto 8, 2023","format":"video","excerpt":"#Redacci\u00f3nOaxaca #Oaxaca Jaime GUERRERO El Gobernador de Oaxaca, Salom\u00f3n Jara Cruz y el Secretario General de Gobierno, Jes\u00fas Romero L\u00f3pez, presentaron el Programa de Paz con Justicia y Bienestar para el Pueblo de Oaxaca, Sembrando la Semilla de la Paz, una estrategia de cuatro ejes que, se implementar\u00e1 en 50\u2026","rel":"","context":"En &quot;Agenda Pol\u00edtica&quot;","block_context":{"text":"Agenda Pol\u00edtica","link":"https:\/\/redaccionoaxaca.com\/index.php\/category\/agenda-politica\/"},"img":{"alt_text":"","src":"","width":0,"height":0},"classes":[]}],"_links":{"self":[{"href":"https:\/\/redaccionoaxaca.com\/index.php\/wp-json\/wp\/v2\/posts\/36285","targetHints":{"allow":["GET"]}}],"collection":[{"href":"https:\/\/redaccionoaxaca.com\/index.php\/wp-json\/wp\/v2\/posts"}],"about":[{"href":"https:\/\/redaccionoaxaca.com\/index.php\/wp-json\/wp\/v2\/types\/post"}],"author":[{"embeddable":true,"href":"https:\/\/redaccionoaxaca.com\/index.php\/wp-json\/wp\/v2\/users\/9"}],"replies":[{"embeddable":true,"href":"https:\/\/redaccionoaxaca.com\/index.php\/wp-json\/wp\/v2\/comments?post=36285"}],"version-history":[{"count":1,"href":"https:\/\/redaccionoaxaca.com\/index.php\/wp-json\/wp\/v2\/posts\/36285\/revisions"}],"predecessor-version":[{"id":36287,"href":"https:\/\/redaccionoaxaca.com\/index.php\/wp-json\/wp\/v2\/posts\/36285\/revisions\/36287"}],"wp:attachment":[{"href":"https:\/\/redaccionoaxaca.com\/index.php\/wp-json\/wp\/v2\/media?parent=36285"}],"wp:term":[{"taxonomy":"category","embeddable":true,"href":"https:\/\/redaccionoaxaca.com\/index.php\/wp-json\/wp\/v2\/categories?post=36285"},{"taxonomy":"post_tag","embeddable":true,"href":"https:\/\/redaccionoaxaca.com\/index.php\/wp-json\/wp\/v2\/tags?post=36285"}],"curies":[{"name":"wp","href":"https:\/\/api.w.org\/{rel}","templated":true}]}}