{"id":36288,"date":"2025-03-28T09:31:53","date_gmt":"2025-03-28T15:31:53","guid":{"rendered":"https:\/\/redaccionoaxaca.com\/?p=36288"},"modified":"2025-03-28T09:31:53","modified_gmt":"2025-03-28T15:31:53","slug":"semovi-a-la-caza-de-transporte-publico-irregular-van-71-unidades-detenidas","status":"publish","type":"post","link":"https:\/\/redaccionoaxaca.com\/index.php\/2025\/03\/28\/semovi-a-la-caza-de-transporte-publico-irregular-van-71-unidades-detenidas\/","title":{"rendered":"Semovi a la \u201ccaza\u201d de transporte p\u00fablico irregular; van 71 unidades detenidas"},"content":{"rendered":"<p><strong>#Redacci\u00f3nOaxaca<\/strong><\/p>\n<p><strong>#Oaxaca<\/strong><\/p>\n<p><strong>Jaime GUERRERO<\/strong><\/p>\n<p style=\"text-align: justify;\">La Secretar\u00eda de Movilidad de Oaxaca (Semovi) lanz\u00f3 una serie de operativos en la zona metropolitana de Oaxaca, dejando un saldo de 72 unidades de transporte p\u00fablico detenidas entre el 1 y el 26 de marzo.<\/p>\n<p style=\"text-align: justify;\">La titular de la SEMOVI Yesenia Nolasco Ram\u00edrez, se\u00f1al\u00f3 que la dependencia realiz\u00f3 19 operativos, revisando 1,601 unidades. Los principales motivos de detenci\u00f3n fueron:<\/p>\n<p style=\"text-align: justify;\">22 unidades con tarjetas de circulaci\u00f3n vencidas, 15 conductores con licencias caducadas, 12 taxis con permisos expirados, 11 unidades sin seguro vigente, 6 veh\u00edculos fuera de la norma, 4 concesiones vencidas y 2 con aditamentos no permitidos.<\/p>\n<p style=\"text-align: justify;\">Nolasco Ram\u00edrez, destac\u00f3 que la Semovi ha dado margen a los transportistas para actualizar sus documentos en 2024, pero las unidades con tr\u00e1mites vencidos desde 2023 o antes est\u00e1n siendo sancionadas.<\/p>\n<p style=\"text-align: justify;\">Por otro lado, Yesenia Nolasco dijo que adem\u00e1s de los operativos, la Semovi ha llevado el programa\u00a0\u00abSemovi en Territorio\u00bb\u00a0a distintos municipios para facilitar tr\u00e1mites como licencias, emplacamientos y renovaci\u00f3n de concesiones.<\/p>\n<p style=\"text-align: justify;\">En marzo, este programa lleg\u00f3 a\u00a0Pinotepa Nacional, donde se atendieron a\u00a01,718 concesionarios.<\/p>\n<p style=\"text-align: justify;\">El pr\u00f3ximo destino ser\u00e1\u00a0Ixtl\u00e1n de Ju\u00e1rez, donde se espera atender a transportistas de la Sierra Ju\u00e1rez.<br \/>\nAdi\u00f3s a los gestores y al cobro de turnos<\/p>\n<p style=\"text-align: justify;\">Para combatir las filas y cobros ilegales en los m\u00f3dulos de atenci\u00f3n, la secretaria de SEMOVI Yesenia Nolasco anunci\u00f3 la implementaci\u00f3n de un\u00a0sistema de turnos electr\u00f3nicos\u00a0a partir del\u00a01 de abril\u00a0en los m\u00f3dulos de\u00a0Violetas y Carlos Gracida, con la finalidad de agilizar los tr\u00e1mites pues el objetivo dijo es acabar con los gestores que apartaban lugares a cambio de dinero.<\/p>\n<p style=\"text-align: justify;\">En tanta, Nolasco Ram\u00edrez, anunci\u00f3 la lista de m\u00f3dulos donde s\u00ed hay placas para veh\u00edculos particulares y en el caso de las unidades de servicio p\u00fablico, en todos los m\u00f3dulos hay disponibilidad.<\/p>\n<p style=\"text-align: justify;\">Concedi\u00f3 que hubo desabasto de placas en la regi\u00f3n de Valles Centrales en la modalidad de particulares.<\/p>\n<p style=\"text-align: justify;\">El lunes 31 abastecer\u00e1n a todos los m\u00f3dulos con inventario de placas porque est\u00e1n en proceso de distribuci\u00f3n.<\/p>\n<p style=\"text-align: justify;\">En el caso de tarjetas de circulaci\u00f3n en todos los m\u00f3dulos existe inventario.<\/p>\n<p style=\"text-align: justify;\">Report\u00f3 que el canje de placas aument\u00f3 en 348% comparado con enero de 2024,<\/p>\n<p style=\"text-align: justify;\">De enero al 26 de marzo de 2025 se realizaron: 111,267 canjes de placas<br \/>\nde circulaci\u00f3n.<\/p>\n<p style=\"text-align: justify;\">La funcionaria reconoci\u00f3 que hubo desabasto en Valles Centrales, situaci\u00f3n que se solventar\u00e1 para la pr\u00f3xima semana.<\/p>\n","protected":false},"excerpt":{"rendered":"<p>#Redacci\u00f3nOaxaca #Oaxaca Jaime GUERRERO La Secretar\u00eda de Movilidad de Oaxaca (Semovi) lanz\u00f3 una serie de operativos en la zona metropolitana de Oaxaca, dejando un saldo de 72 unidades de transporte p\u00fablico detenidas entre el 1 y el 26 de marzo. La titular de la SEMOVI Yesenia Nolasco Ram\u00edrez, se\u00f1al\u00f3 que la dependencia realiz\u00f3 19 operativos, [&hellip;]<\/p>\n","protected":false},"author":9,"featured_media":0,"comment_status":"open","ping_status":"open","sticky":false,"template":"","format":"standard","meta":{"jetpack_post_was_ever_published":false,"_jetpack_newsletter_access":"","_jetpack_dont_email_post_to_subs":false,"_jetpack_newsletter_tier_id":0,"_jetpack_memberships_contains_paywalled_content":false,"_jetpack_memberships_contains_paid_content":false,"footnotes":"","jetpack_publicize_message":"","jetpack_publicize_feature_enabled":true,"jetpack_social_post_already_shared":true,"jetpack_social_options":{"image_generator_settings":{"template":"highway","default_image_id":0,"font":"","enabled":false},"version":2}},"categories":[7,5,3],"tags":[],"class_list":{"0":"post-36288","1":"post","2":"type-post","3":"status-publish","4":"format-standard","6":"category-al-cierre","7":"category-imagen","8":"category-mesa-de-redaccion"},"jetpack_publicize_connections":[],"jetpack_featured_media_url":"","jetpack_sharing_enabled":true,"jetpack_shortlink":"https:\/\/wp.me\/p9Ynjw-9ri","jetpack-related-posts":[{"id":37528,"url":"https:\/\/redaccionoaxaca.com\/index.php\/2025\/07\/24\/protesta-de-transportistas-urbanos-por-rechazo-a-convertirse-en-permisionarios-y-reparto-de-utilidades-con-binnibus-semovi-sego-proyecto-no-se-detiene\/","url_meta":{"origin":36288,"position":0},"title":"Protesta de transportistas urbanos por rechaz\u00f3 a convertirse en permisionarios y reparto de utilidades con Binnibus: Semovi-Sego; proyecto no se detiene","author":"ariadna","date":"julio 24, 2025","format":false,"excerpt":"#Redacci\u00f3nOaxaca #Oaxaca Jaime GUERRERO La manifestaci\u00f3n pac\u00edfica encabezada por la empresa Ch\u00f3feres del Sur y TUCDOSA, obedece al rechazo al cambio de concesionario a permisario y especto a c\u00f3mo se repartir\u00e1n las utilidades una vez que CityBus (Binnibus) tome el control de las rutas y unidades ese sistema, revel\u00f3 la\u2026","rel":"","context":"En &quot;Imagen&quot;","block_context":{"text":"Imagen","link":"https:\/\/redaccionoaxaca.com\/index.php\/category\/imagen\/"},"img":{"alt_text":"","src":"https:\/\/i0.wp.com\/redaccionoaxaca.com\/wp-content\/uploads\/2025\/07\/IMG-20250724-WA0163.jpg?fit=1200%2C898&ssl=1&resize=350%2C200","width":350,"height":200,"srcset":"https:\/\/i0.wp.com\/redaccionoaxaca.com\/wp-content\/uploads\/2025\/07\/IMG-20250724-WA0163.jpg?fit=1200%2C898&ssl=1&resize=350%2C200 1x, https:\/\/i0.wp.com\/redaccionoaxaca.com\/wp-content\/uploads\/2025\/07\/IMG-20250724-WA0163.jpg?fit=1200%2C898&ssl=1&resize=525%2C300 1.5x, https:\/\/i0.wp.com\/redaccionoaxaca.com\/wp-content\/uploads\/2025\/07\/IMG-20250724-WA0163.jpg?fit=1200%2C898&ssl=1&resize=700%2C400 2x, https:\/\/i0.wp.com\/redaccionoaxaca.com\/wp-content\/uploads\/2025\/07\/IMG-20250724-WA0163.jpg?fit=1200%2C898&ssl=1&resize=1050%2C600 3x"},"classes":[]},{"id":31291,"url":"https:\/\/redaccionoaxaca.com\/index.php\/2024\/04\/17\/advierte-semovi-sanciones-por-uso-indebido-de-concesiones-en-el-transporte-publico-de-la-region-del-istmo\/","url_meta":{"origin":36288,"position":1},"title":"Advierte Semovi sanciones por uso indebido de concesiones en el transporte p\u00fablico de la regi\u00f3n del Istmo","author":"ariadna","date":"abril 17, 2024","format":false,"excerpt":"#Redacci\u00f3nOaxaca #Oaxaca \u2022 Las personas concesionarias pueden ser acreedoras a una multa por m\u00e1s de 32 mil pesos \u2022 Del 1 al 12 de abril se han aplicado en el estado 248 multas, realizado 758 revistas f\u00edsico mec\u00e1nicas y se cuenta con cinco procedimientos iniciados de revocaci\u00f3n de concesi\u00f3n Oaxaca\u2026","rel":"","context":"En &quot;Imagen&quot;","block_context":{"text":"Imagen","link":"https:\/\/redaccionoaxaca.com\/index.php\/category\/imagen\/"},"img":{"alt_text":"","src":"https:\/\/i0.wp.com\/redaccionoaxaca.com\/wp-content\/uploads\/2024\/04\/IMG-20240417-WA0231-300x169.jpg?resize=350%2C200&ssl=1","width":350,"height":200},"classes":[]},{"id":31454,"url":"https:\/\/redaccionoaxaca.com\/index.php\/2024\/04\/29\/semovi-aplico-177-multas-y-sanciones-en-el-estado-plataformas-in-driver-uber-y-didi-no-cuentan-con-autorizacion-para-operar-en-el-estado\/","url_meta":{"origin":36288,"position":2},"title":"SEMOVI aplic\u00f3 177 multas y sanciones en el estado; plataformas In Driver, Uber y Didi, no cuentan con autorizaci\u00f3n para operar en el estado","author":"ariadna","date":"abril 29, 2024","format":false,"excerpt":"#Redacci\u00f3nOaxaca #Oaxaca Oaxaca de Ju\u00e1rez, Oax. 27 de abril de 2024.- Para supervisar la correcta operaci\u00f3n del transporte p\u00fablico concesionado, del 15 al 25 de abril la Secretaria de Movilidad (Semovi) realiz\u00f3 en el territorio oaxaque\u00f1o operativos cuyos resultados arrojaron la imposici\u00f3n de 177 multas y sanciones. La Secretar\u00eda inform\u00f3\u2026","rel":"","context":"En &quot;Imagen&quot;","block_context":{"text":"Imagen","link":"https:\/\/redaccionoaxaca.com\/index.php\/category\/imagen\/"},"img":{"alt_text":"","src":"https:\/\/i0.wp.com\/redaccionoaxaca.com\/wp-content\/uploads\/2024\/04\/IMG-20240427-WA0053-300x169.jpg?resize=350%2C200&ssl=1","width":350,"height":200},"classes":[]},{"id":15902,"url":"https:\/\/redaccionoaxaca.com\/index.php\/2020\/12\/21\/inicia-semovi-proceso-de-revocacion-de-concesion-de-la-empresa-zaachila-yoo\/","url_meta":{"origin":36288,"position":3},"title":"Inicia Semovi proceso de revocaci\u00f3n de concesi\u00f3n de la empresa Zaachila Yoo.","author":"ariadna","date":"diciembre 21, 2020","format":false,"excerpt":"#Redacci\u00f3nOaxaca #Oaxaca De 2019 a la fecha, esta Secretar\u00eda ha iniciado 103 expedientes de aplicaci\u00f3n de sanciones de este tipo en contra del mismo n\u00famero de unidades de las diferentes modalidades de transporte p\u00fablico, por incurrir en faltas administrativas Oaxaca de Ju\u00e1rez, Oax. 21 de diciembre de 2020.- Derivado de\u2026","rel":"","context":"En &quot;Al Cierre&quot;","block_context":{"text":"Al Cierre","link":"https:\/\/redaccionoaxaca.com\/index.php\/category\/al-cierre\/"},"img":{"alt_text":"","src":"https:\/\/i0.wp.com\/redaccionoaxaca.com\/wp-content\/uploads\/2020\/12\/IMG-20201218-WA0108-225x300.jpg?resize=350%2C200","width":350,"height":200},"classes":[]},{"id":1956,"url":"https:\/\/redaccionoaxaca.com\/index.php\/2018\/08\/09\/fijan-tarifa-de-8-pesos-a-transporte-publico-urbano-lunes-en-vigor\/","url_meta":{"origin":36288,"position":4},"title":"Fijan tarifa de 8 pesos a transporte p\u00fablico urbano, lunes en vigor","author":"citlali","date":"agosto 9, 2018","format":false,"excerpt":"A partir del pr\u00f3ximo lunes 13 de agosto, entrar\u00e1 en vigor la nueva tarifa para el transporte p\u00fablico urbano de Oaxaca. La Secretar\u00eda de Movilidad (Semovi), autoriz\u00f3 un alza de 1.00 peso con lo que costo del pasaje pas\u00f3 de 7.00 a 8.00 pesos. A cambio, los concesionarios del transporte\u2026","rel":"","context":"En &quot;Mesa de Redacci\u00f3n&quot;","block_context":{"text":"Mesa de Redacci\u00f3n","link":"https:\/\/redaccionoaxaca.com\/index.php\/category\/mesa-de-redaccion\/"},"img":{"alt_text":"","src":"","width":0,"height":0},"classes":[]},{"id":35479,"url":"https:\/\/redaccionoaxaca.com\/index.php\/2025\/02\/04\/poder-legislativo-destaca-avances-en-materia-de-una-movilidad-segura-e-inclusiva-en-oaxaca\/","url_meta":{"origin":36288,"position":5},"title":"Poder Legislativo destaca avances en materia de una movilidad segura e inclusiva en Oaxaca","author":"ariadna","date":"febrero 4, 2025","format":false,"excerpt":"#Redacci\u00f3nOaxaca #Oaxaca * Comparece ante el \u00f3rgano legislativo de Movilidad y Transporte la titular de la Semovi en el Congreso de Oaxaca * Las y los diputados resaltan el Sistema de Transporte Colectivo Metropolitano Citybus San Raymundo Jalpan, Oax., a 04 de febrero de 2025.- En el marco de la\u2026","rel":"","context":"En &quot;Agenda Pol\u00edtica&quot;","block_context":{"text":"Agenda Pol\u00edtica","link":"https:\/\/redaccionoaxaca.com\/index.php\/category\/agenda-politica\/"},"img":{"alt_text":"","src":"https:\/\/i0.wp.com\/redaccionoaxaca.com\/wp-content\/uploads\/2025\/02\/Screenshot_20250204-221033_Facebook-300x192.jpg?resize=350%2C200&ssl=1","width":350,"height":200},"classes":[]}],"_links":{"self":[{"href":"https:\/\/redaccionoaxaca.com\/index.php\/wp-json\/wp\/v2\/posts\/36288","targetHints":{"allow":["GET"]}}],"collection":[{"href":"https:\/\/redaccionoaxaca.com\/index.php\/wp-json\/wp\/v2\/posts"}],"about":[{"href":"https:\/\/redaccionoaxaca.com\/index.php\/wp-json\/wp\/v2\/types\/post"}],"author":[{"embeddable":true,"href":"https:\/\/redaccionoaxaca.com\/index.php\/wp-json\/wp\/v2\/users\/9"}],"replies":[{"embeddable":true,"href":"https:\/\/redaccionoaxaca.com\/index.php\/wp-json\/wp\/v2\/comments?post=36288"}],"version-history":[{"count":1,"href":"https:\/\/redaccionoaxaca.com\/index.php\/wp-json\/wp\/v2\/posts\/36288\/revisions"}],"predecessor-version":[{"id":36290,"href":"https:\/\/redaccionoaxaca.com\/index.php\/wp-json\/wp\/v2\/posts\/36288\/revisions\/36290"}],"wp:attachment":[{"href":"https:\/\/redaccionoaxaca.com\/index.php\/wp-json\/wp\/v2\/media?parent=36288"}],"wp:term":[{"taxonomy":"category","embeddable":true,"href":"https:\/\/redaccionoaxaca.com\/index.php\/wp-json\/wp\/v2\/categories?post=36288"},{"taxonomy":"post_tag","embeddable":true,"href":"https:\/\/redaccionoaxaca.com\/index.php\/wp-json\/wp\/v2\/tags?post=36288"}],"curies":[{"name":"wp","href":"https:\/\/api.w.org\/{rel}","templated":true}]}}