{"id":36294,"date":"2025-03-28T21:32:40","date_gmt":"2025-03-29T03:32:40","guid":{"rendered":"https:\/\/redaccionoaxaca.com\/?p=36294"},"modified":"2025-03-28T21:32:40","modified_gmt":"2025-03-29T03:32:40","slug":"sheinbaum-anuncia-que-defensa-nacional-construira-siete-nuevos-hospitales-del-imss-en-beneficio-de-2-9-millones-de-personas","status":"publish","type":"post","link":"https:\/\/redaccionoaxaca.com\/index.php\/2025\/03\/28\/sheinbaum-anuncia-que-defensa-nacional-construira-siete-nuevos-hospitales-del-imss-en-beneficio-de-2-9-millones-de-personas\/","title":{"rendered":"SHEINBAUM ANUNCIA QUE DEFENSA NACIONAL CONSTRUIR\u00c1 SIETE NUEVOS HOSPITALES DEL IMSS EN BENEFICIO DE 2.9 MILLONES DE PERSONAS"},"content":{"rendered":"<p><strong>#Redacci\u00f3nOaxaca<\/strong><\/p>\n<p><strong>#Oaxaca<\/strong><\/p>\n<p><strong>Jaime GUERRERO<\/strong><\/p>\n<p style=\"text-align: justify;\">La Presidenta de M\u00e9xico, Claudia Sheinbaum Pardo, anunci\u00f3 la construcci\u00f3n de siete nuevos hospitales del Instituto Mexicano del Seguro Social (IMSS) que ser\u00e1n realizados por ingenieros de la Secretar\u00eda de la Defensa Nacional, con lo que se beneficiar\u00e1 a 2.9 millones de personas de Nuevo Le\u00f3n, Sonora, Morelos, Coahuila, Baja California Sur, Sinaloa, y Zacatecas, los cuales en su edificaci\u00f3n generar\u00e1n entre 70 mil y 100 mil empleos directos, m\u00e1s el doble de indirectos.<\/p>\n<p style=\"text-align: justify;\">\u201c<em>Se van a beneficiar con los siete hospitales: 2.9 millones de personas (&#8230;) Cada hospital de empleos directos son entre 10 mil y 20 mil; es decir, son siete hospitales, estamos hablando de 70 mil empleos directos que se van a generar durante este a\u00f1o con el inicio de la construcci\u00f3n solo de los hospitales, entre 70 mil y 100 mil empleos directos. Y en la construcci\u00f3n, sabemos que al menos indirectos son por lo menos dos veces m\u00e1s\u201d,<\/em> asever\u00f3.<\/p>\n<p style=\"text-align: justify;\">Durante la conferencia matutina, el director general del IMSS, Zo\u00e9 Robledo Aburto y el secretario de la Defensa Nacional, Ricardo Trevilla Trejo, firmaron el Convenio de Colaboraci\u00f3n Defensa-IMSS, con lo que arranca la construcci\u00f3n de estos nuevos hospitales que se suman al resto de obras de infraestructura que se realizar\u00e1n este a\u00f1o.<\/p>\n<p style=\"text-align: justify;\">El director general del IMSS, Zo\u00e9 Robledo, detall\u00f3 que de los hospitales que ser\u00e1n construidos tres de ellos ya tienen un proyecto ejecutivo y ser\u00e1n los primeros en iniciar su construcci\u00f3n:<\/p>\n<p style=\"text-align: justify;\">\u2022 Hospital General Regional de Santa Catarina en Nuevo Le\u00f3n con 260 camas para beneficiar a casi 300 mil derechohabientes; tendr\u00e1 39 especialidades; as\u00ed como servicios de resonancia magn\u00e9tica, tom\u00f3grafo, rayos X, salas de hemodinamia; un personal de 2 mil 531 trabajadoras y trabajadores. Tendr\u00e1 una superficie de 50 mil 635 metros cuadrados.<\/p>\n<p style=\"text-align: justify;\">\u2022 Hospital General de Zona de San Luis R\u00edo Colorado, Sonora con 120 camas para beneficiar a 134 mil personas, con acceso 28 especialidades y a servicios como: resonancias magn\u00e9ticas, tom\u00f3grafo, rayos X, mast\u00f3grafos, adem\u00e1s tendr\u00e1 una plantilla laboral de mil 100 trabajadores y trabajadores. Su superficie ser\u00e1 de 32 mil metros cuadrados.<\/p>\n<p style=\"text-align: justify;\">\u2022 Hospital General de Zona de Yecapixtla, Morelos con 90 camas en beneficio de 116 mil personas; contar\u00e1 con 28 especialidades, as\u00ed como servicios de: resonancia, tomograf\u00eda, rayos \u201cX\u201d y mast\u00f3grafo; contar\u00e1 con 984 trabajadores y trabajadoras, as\u00ed como una superficie de 28 mil 805 metros cuadrados.<\/p>\n<p style=\"text-align: justify;\">Mientras que, el resto de los hospitales tambi\u00e9n comenzar\u00e1n con su construcci\u00f3n este a\u00f1o:<\/p>\n<p style=\"text-align: justify;\">\u2022 Hospital General Regional de Saltillo, Coahuila con 260 camas; con una capacidad de atenci\u00f3n de 736 mil personas con 34 especialidades; servicios de resonancia magn\u00e9tica, tom\u00f3grafo, rayos X, mast\u00f3grafo; 2 mil 531 trabajadores y trabajadoras. Contar\u00e1 con una construcci\u00f3n de 50 mil 241 metros cuadrados.<\/p>\n<p style=\"text-align: justify;\">\u2022 Hospital General de Zona de Los Cabos, Baja California Sur con 216 camas para 414 mil personas; 44 especialidades; servicios de resonancia magn\u00e9tica, tom\u00f3grafo, rayos X, cl\u00ednica de mama, cl\u00ednica del dolor, gamma c\u00e1mara y una sala de hemodinamia y un equipo de trabajo de 2 mil 531 personas. Su superficie de construcci\u00f3n ser\u00e1 de 42 mil metros cuadrados en un terreno donado por el gobierno del estado de 50 mil metros cuadrados de 5 hect\u00e1reas.<\/p>\n<p style=\"text-align: justify;\">\u2022 Hospital General Regional de Culiac\u00e1n, Sinaloa con 216 camas en beneficio de 862 mil personas; 37 especialidades; servicios de resonancia magn\u00e9tica, tom\u00f3grafo, rayos X, mast\u00f3grafo y 2 mil 222 trabajadores y trabajadoras. Una superficie de construcci\u00f3n de 39 mil 616 metros cuadrados.<\/p>\n<p style=\"text-align: justify;\">\u2022 Hospital General Regional de Guadalupe, Zacatecas con 216 camas en beneficio de 319 mil personas; 42 especialidades; contar\u00e1 con servicios de resonancia magn\u00e9tica, tom\u00f3grafo, rayos X, mast\u00f3grafo y una plantilla laboral de 2 mil 222 trabajadores y trabajadoras. Ser\u00e1 construido en una superficie de 70 mil metros cuadrados y 42 mil metros cuadrados de construcci\u00f3n.<\/p>\n<p style=\"text-align: justify;\">Destac\u00f3 que con estos hospitales se dar\u00e1 atenci\u00f3n m\u00e9dica particularmente de segundo nivel, as\u00ed como de diferentes especialidades que actualmente no se cuenta en los estados.<\/p>\n<p style=\"text-align: justify;\">Record\u00f3 que la colaboraci\u00f3n entre el IMSS y la Defensa Nacional comenz\u00f3 en 2020, con la construcci\u00f3n del Hospital General Regional de Zaragoza, en la Ciudad de M\u00e9xico, y el Hospital General de Zona de San Alejandro, Puebla.<\/p>\n<p style=\"text-align: justify;\">El secretario de la Defensa Nacional, Ricardo Trevilla Trejo, asegur\u00f3 que a los ingenieros militares les complace participar en obras que contribuyen mucho en el crecimiento y el desarrollo del pa\u00eds, en las que pueden contribuir con la experiencia adquirida en otros proyectos como son los trenes de pasajeros y carreteras.<\/p>\n<p style=\"text-align: justify;\">*\u201cEsto nos provoca una gran satisfacci\u00f3n, porque todo lo que se hace es en beneficio del pueblo de M\u00e9xico\u201d*, agreg\u00f3.<\/p>\n","protected":false},"excerpt":{"rendered":"<p>#Redacci\u00f3nOaxaca #Oaxaca Jaime GUERRERO La Presidenta de M\u00e9xico, Claudia Sheinbaum Pardo, anunci\u00f3 la construcci\u00f3n de siete nuevos hospitales del Instituto Mexicano del Seguro Social (IMSS) que ser\u00e1n realizados por ingenieros de la Secretar\u00eda de la Defensa Nacional, con lo que se beneficiar\u00e1 a 2.9 millones de personas de Nuevo Le\u00f3n, Sonora, Morelos, Coahuila, Baja California [&hellip;]<\/p>\n","protected":false},"author":9,"featured_media":0,"comment_status":"open","ping_status":"open","sticky":false,"template":"","format":"standard","meta":{"jetpack_post_was_ever_published":false,"_jetpack_newsletter_access":"","_jetpack_dont_email_post_to_subs":false,"_jetpack_newsletter_tier_id":0,"_jetpack_memberships_contains_paywalled_content":false,"_jetpack_memberships_contains_paid_content":false,"footnotes":"","jetpack_publicize_message":"","jetpack_publicize_feature_enabled":true,"jetpack_social_post_already_shared":true,"jetpack_social_options":{"image_generator_settings":{"template":"highway","default_image_id":0,"font":"","enabled":false},"version":2}},"categories":[4,7],"tags":[],"class_list":{"0":"post-36294","1":"post","2":"type-post","3":"status-publish","4":"format-standard","6":"category-agenda-politica","7":"category-al-cierre"},"jetpack_publicize_connections":[],"jetpack_featured_media_url":"","jetpack_sharing_enabled":true,"jetpack_shortlink":"https:\/\/wp.me\/p9Ynjw-9ro","jetpack-related-posts":[{"id":34706,"url":"https:\/\/redaccionoaxaca.com\/index.php\/2024\/12\/07\/jara-y-sheinbaum-inauguran-centro-de-salud-docente-del-imss-bienestar-en-santiago-astata\/","url_meta":{"origin":36294,"position":0},"title":"Jara y Sheinbaum inauguran Centro de Salud Docente del IMSS-Bienestar en Santiago Astata","author":"ariadna","date":"diciembre 7, 2024","format":false,"excerpt":"#Redacci\u00f3nOaxaca #Oaxaca Jaime GUERRERO La Presidenta de M\u00e9xico, Claudia Sheinbaum Pardo, inaugur\u00f3 el Centro de Salud Docente con Servicios Ampliados de Santiago Astata, Oaxaca, que brindar\u00e1 m\u00e1s de 24 mil consultas de medicina general y servicios m\u00e9dicos integrales, con lo cual se consolida al IMSS Bienestar como un sistema de\u2026","rel":"","context":"En &quot;Agenda Pol\u00edtica&quot;","block_context":{"text":"Agenda Pol\u00edtica","link":"https:\/\/redaccionoaxaca.com\/index.php\/category\/agenda-politica\/"},"img":{"alt_text":"","src":"https:\/\/i0.wp.com\/redaccionoaxaca.com\/wp-content\/uploads\/2024\/12\/IMG-20241207-WA0146-300x225.jpg?resize=350%2C200&ssl=1","width":350,"height":200},"classes":[]},{"id":27078,"url":"https:\/\/redaccionoaxaca.com\/index.php\/2022\/08\/04\/oaxaca-con-deficit-de-5-626-profesionales-de-salud-requiere-de-2-775-5-mdp-para-equipar-hospitales-murat-jara-y-directores-de-salud-supervisan-unidades\/","url_meta":{"origin":36294,"position":1},"title":"Oaxaca con d\u00e9ficit de 5, 626 profesionales de salud; requiere de 2, 775. 5 mdp  para equipar hospitales; Murat, Jara y directores de Salud supervisan unidades","author":"ariadna","date":"agosto 4, 2022","format":false,"excerpt":"#Redacci\u00f3nOaxaca #Oaxaca Jaime GUERRERO El gobernador del Estado, Alejandro Murat Hinojosa, su par electo, Salom\u00f3n Jara Cruz; el director del Instituto de Salud para el Bienestar (INSABI), Juan Antonio Ferrer Aguilar; del Instituto Mexicano del Seguro Social (IMSSE), Zoe Robledo Aburto; y Instituto de Seguridad y Servicios Sociales de los\u2026","rel":"","context":"En &quot;Imagen&quot;","block_context":{"text":"Imagen","link":"https:\/\/redaccionoaxaca.com\/index.php\/category\/imagen\/"},"img":{"alt_text":"","src":"","width":0,"height":0},"classes":[]},{"id":16257,"url":"https:\/\/redaccionoaxaca.com\/index.php\/2021\/01\/14\/registra-sector-salud-13-hospitales-con-el-100-de-ocupacion-de-camas\/","url_meta":{"origin":36294,"position":2},"title":"Registra sector Salud 13 hospitales con el 100% de ocupaci\u00f3n de camas en Oaxaca.","author":"ariadna","date":"enero 14, 2021","format":false,"excerpt":"#Redacci\u00f3nOaxaca #Oaxaca Comunicado Los SSO notifican 244 casos nuevos y cinco defunciones por COVID-19 Supera el territorio oaxaque\u00f1o los 30 mil casos acumulados del coronavirus Oaxaca de Ju\u00e1rez, Oax. 14 de enero de 2021.- Oaxaca registr\u00f3 este 14 de enero el pico m\u00e1s alto de hospitalizaci\u00f3n para pacientes COVID-19 desde\u2026","rel":"","context":"En &quot;Al Cierre&quot;","block_context":{"text":"Al Cierre","link":"https:\/\/redaccionoaxaca.com\/index.php\/category\/al-cierre\/"},"img":{"alt_text":"","src":"https:\/\/i0.wp.com\/redaccionoaxaca.com\/wp-content\/uploads\/2021\/01\/IMG-20210114-WA0188-300x170.jpg?resize=350%2C200","width":350,"height":200},"classes":[]},{"id":2540,"url":"https:\/\/redaccionoaxaca.com\/index.php\/2018\/09\/20\/anuncia-inversion-de-34-mil-mdp-pesos-para-oaxaca-en-2019-10-mil-seran-para-reconstruccion-del-istmo\/","url_meta":{"origin":36294,"position":3},"title":"Anuncia inversi\u00f3n de 34 mil mdp pesos para Oaxaca  en 2019; 10 mil ser\u00e1n para reconstrucci\u00f3n del Istmo","author":"denise","date":"septiembre 20, 2018","format":false,"excerpt":"Jaime GUERRERO #Redacci\u00f3nOaxaca fotos de la red A 2 meses y medio, de asumir la Presidencia de la Rep\u00fablica, el Presidente Electo de M\u00e9xico, Andr\u00e9s Manuel L\u00f3pez Obrador, anunci\u00f3 que el pr\u00f3ximo a\u00f1o destinar\u00e1 a Oaxaca, 34 mil 258 millones pesos en inversi\u00f3n p\u00fablica, para una nueva etapa de desarrollo,\u2026","rel":"","context":"En &quot;Agenda Pol\u00edtica&quot;","block_context":{"text":"Agenda Pol\u00edtica","link":"https:\/\/redaccionoaxaca.com\/index.php\/category\/agenda-politica\/"},"img":{"alt_text":"","src":"","width":0,"height":0},"classes":[]},{"id":16275,"url":"https:\/\/redaccionoaxaca.com\/index.php\/2021\/01\/15\/registran-14-hospitales-ocupacion-del-100-para-atender-casos-por-covid-19-imperante-quedarse-en-casa\/","url_meta":{"origin":36294,"position":4},"title":"Registran 14 hospitales ocupaci\u00f3n del 100% para atender casos por COVID-19; imperante quedarse en casa.","author":"ariadna","date":"enero 15, 2021","format":false,"excerpt":"#Redacci\u00f3nOaxaca #Oaxaca Comunicado \u2022 Exhortan los SSO evitar la saturaci\u00f3n de los hospitales, usando cubrebocas, manteniendo la sana distancia y lav\u00e1ndose las manos Oaxaca de Ju\u00e1rez, Oax. 15 de enero de 2021.- La Jefa del Departamento de Urgencias Epidemiol\u00f3gicas y Desastres de los Servicios de Salud de Oaxaca (SSO), Argelia\u2026","rel":"","context":"En &quot;Al Cierre&quot;","block_context":{"text":"Al Cierre","link":"https:\/\/redaccionoaxaca.com\/index.php\/category\/al-cierre\/"},"img":{"alt_text":"","src":"","width":0,"height":0},"classes":[]},{"id":39309,"url":"https:\/\/redaccionoaxaca.com\/index.php\/2025\/12\/01\/salomon-jara-dice-en-su-tercer-informe-somos-el-mejor-gobierno-en-la-historia-de-oaxaca-y-llama-a-renovar-la-confianza-con-revocacion-de-mandato\/","url_meta":{"origin":36294,"position":5},"title":"Salom\u00f3n Jara dice en su tercer informe: \u201csomos el mejor gobierno en la historia de Oaxaca\u201d y llama a renovar la confianza con Revocaci\u00f3n de Mandato","author":"ariadna","date":"diciembre 1, 2025","format":false,"excerpt":"#Redacci\u00f3nOaxaca #Oaxaca Jaime GUERRERO El gobernador Salom\u00f3n Jara Cruz present\u00f3 este lunes su tercer informe de gobierno y en su mensaje pol\u00edtico llam\u00f3 a renovar la confianza del pueblo en su gobierno en lo que ser\u00e1 el proceso de Revoluci\u00f3n de Mandato al que se someter\u00e1 en los primeros meses\u2026","rel":"","context":"En &quot;Agenda Pol\u00edtica&quot;","block_context":{"text":"Agenda Pol\u00edtica","link":"https:\/\/redaccionoaxaca.com\/index.php\/category\/agenda-politica\/"},"img":{"alt_text":"","src":"https:\/\/i0.wp.com\/redaccionoaxaca.com\/wp-content\/uploads\/2025\/12\/IMG-20251201-WA0161.jpg?fit=1200%2C800&ssl=1&resize=350%2C200","width":350,"height":200,"srcset":"https:\/\/i0.wp.com\/redaccionoaxaca.com\/wp-content\/uploads\/2025\/12\/IMG-20251201-WA0161.jpg?fit=1200%2C800&ssl=1&resize=350%2C200 1x, https:\/\/i0.wp.com\/redaccionoaxaca.com\/wp-content\/uploads\/2025\/12\/IMG-20251201-WA0161.jpg?fit=1200%2C800&ssl=1&resize=525%2C300 1.5x, https:\/\/i0.wp.com\/redaccionoaxaca.com\/wp-content\/uploads\/2025\/12\/IMG-20251201-WA0161.jpg?fit=1200%2C800&ssl=1&resize=700%2C400 2x, https:\/\/i0.wp.com\/redaccionoaxaca.com\/wp-content\/uploads\/2025\/12\/IMG-20251201-WA0161.jpg?fit=1200%2C800&ssl=1&resize=1050%2C600 3x"},"classes":[]}],"_links":{"self":[{"href":"https:\/\/redaccionoaxaca.com\/index.php\/wp-json\/wp\/v2\/posts\/36294","targetHints":{"allow":["GET"]}}],"collection":[{"href":"https:\/\/redaccionoaxaca.com\/index.php\/wp-json\/wp\/v2\/posts"}],"about":[{"href":"https:\/\/redaccionoaxaca.com\/index.php\/wp-json\/wp\/v2\/types\/post"}],"author":[{"embeddable":true,"href":"https:\/\/redaccionoaxaca.com\/index.php\/wp-json\/wp\/v2\/users\/9"}],"replies":[{"embeddable":true,"href":"https:\/\/redaccionoaxaca.com\/index.php\/wp-json\/wp\/v2\/comments?post=36294"}],"version-history":[{"count":1,"href":"https:\/\/redaccionoaxaca.com\/index.php\/wp-json\/wp\/v2\/posts\/36294\/revisions"}],"predecessor-version":[{"id":36296,"href":"https:\/\/redaccionoaxaca.com\/index.php\/wp-json\/wp\/v2\/posts\/36294\/revisions\/36296"}],"wp:attachment":[{"href":"https:\/\/redaccionoaxaca.com\/index.php\/wp-json\/wp\/v2\/media?parent=36294"}],"wp:term":[{"taxonomy":"category","embeddable":true,"href":"https:\/\/redaccionoaxaca.com\/index.php\/wp-json\/wp\/v2\/categories?post=36294"},{"taxonomy":"post_tag","embeddable":true,"href":"https:\/\/redaccionoaxaca.com\/index.php\/wp-json\/wp\/v2\/tags?post=36294"}],"curies":[{"name":"wp","href":"https:\/\/api.w.org\/{rel}","templated":true}]}}