{"id":36422,"date":"2025-04-07T11:06:03","date_gmt":"2025-04-07T17:06:03","guid":{"rendered":"https:\/\/redaccionoaxaca.com\/?p=36422"},"modified":"2025-04-07T11:06:03","modified_gmt":"2025-04-07T17:06:03","slug":"conflicto-en-quiatoni-deja-tres-muertos-asesinan-a-sindico-municipal-tras-acudir-a-reconocer-un-cuerpo","status":"publish","type":"post","link":"https:\/\/redaccionoaxaca.com\/index.php\/2025\/04\/07\/conflicto-en-quiatoni-deja-tres-muertos-asesinan-a-sindico-municipal-tras-acudir-a-reconocer-un-cuerpo\/","title":{"rendered":"Conflicto en Quiatoni deja tres muertos; asesinan a s\u00edndico municipal tras acudir a reconocer un cuerpo"},"content":{"rendered":"<p><strong>#Redacci\u00f3nOaxaca<\/strong><\/p>\n<p><strong>#Oaxaca<\/strong><\/p>\n<p><strong>Ariadna Mendoza <\/strong><\/p>\n<p style=\"text-align: justify;\">La tensi\u00f3n hist\u00f3rica entre San Pedro Quiatoni y su agencia Soledad Salinas escal\u00f3 los niveles de violencia, dejando tres personas muertas, entre ellos el s\u00edndico municipal de Quiatoni,\u00a0 y al menos 20 heridos, confirm\u00f3 este lunes el secretario de Gobierno de Oaxaca, Jes\u00fas Romero L\u00f3pez.<\/p>\n<p style=\"text-align: justify;\">El s\u00edndico fue asesinado tras ser retenido y golpeado mientras acud\u00eda, con autorizaci\u00f3n de su asamblea, a reconocer el cuerpo de un habitante de su comunidad fallecido en un enfrentamiento reciente. Aunque inicialmente se dijo que muri\u00f3 por un infarto, la necropsia confirm\u00f3 un golpe contundente en la cabeza, lo que implica homicidio confirm\u00f3 el titular de la SEGO.<\/p>\n<p style=\"text-align: justify;\">Los hechos derivan de un conflicto por la solicitud de\u00a0elevaci\u00f3n de categor\u00eda\u00a0de Soledad Salinas, la cual fue aprobada por la anterior legislatura sin el aval de la cabecera municipal, requisito indispensable para este tipo de procedimientos. Esta acci\u00f3n fue impugnada por Quiatoni ante la Suprema Corte de Justicia de la Naci\u00f3n, que actualmente mantiene suspendido el decreto mientras se analiza el fondo del caso.<\/p>\n<p style=\"text-align: justify;\">Durante este proceso, las tensiones escalaron. Desde el 20 de febrero, comunidades agrupadas como \u201cLa Uni\u00f3n\u201d bloquearon caminos y zonas estrat\u00e9gicas como el banco de piedra de El Romadito.<\/p>\n<p style=\"text-align: justify;\">El 4 de abril, las comunidades anunciaron bloqueos indefinidos hacia El Porvenir, Uni\u00f3n Ju\u00e1rez y otras agencias, pese a propuestas del gobierno estatal para retomar el di\u00e1logo.<\/p>\n<p style=\"text-align: justify;\">El 7 de abril, cuando ciudadanos de Quiatoni regresaban de sus labores agr\u00edcolas, se produjo un\u00a0enfrentamiento cuerpo a cuerpo\u00a0con habitantes de Soledad Salinas que manten\u00edan los bloqueos. El resultado fue de\u00a0dos personas muertas\u00a0(una por cada comunidad) y decenas de heridos.<\/p>\n<p style=\"text-align: justify;\">La muerte del s\u00edndico se registr\u00f3 al d\u00eda siguiente, cuando se traslad\u00f3 con autoridades estatales a recuperar el cuerpo de uno de los fallecidos. Fue retenido presuntamente por pobladores de Soledad Salinas y asesinado en el trayecto.<\/p>\n<p style=\"text-align: justify;\">&#8220;<em>Este no fue un problema agrario ni de recursos; es un conflicto pol\u00edtico-social por la relaci\u00f3n hist\u00f3rica entre la cabecera y sus agencias&#8221;,<\/em> recalc\u00f3 Jes\u00fas Romero, quien subray\u00f3 que\u00a0el gobierno ha sostenido nueve mesas de di\u00e1logo\u00a0y continuar\u00e1 apostando por la paz. La Polic\u00eda Estatal y la Guardia Nacional ya se encuentran en la zona.<\/p>\n<p style=\"text-align: justify;\">El Gobierno del Estado solicit\u00f3 a la Fiscal\u00eda General de Oaxaca actuar de inmediato para detener a los responsables del homicidio del s\u00edndico y garantizar justicia a las v\u00edctimas.<\/p>\n","protected":false},"excerpt":{"rendered":"<p>#Redacci\u00f3nOaxaca #Oaxaca Ariadna Mendoza La tensi\u00f3n hist\u00f3rica entre San Pedro Quiatoni y su agencia Soledad Salinas escal\u00f3 los niveles de violencia, dejando tres personas muertas, entre ellos el s\u00edndico municipal de Quiatoni,\u00a0 y al menos 20 heridos, confirm\u00f3 este lunes el secretario de Gobierno de Oaxaca, Jes\u00fas Romero L\u00f3pez. El s\u00edndico fue asesinado tras ser [&hellip;]<\/p>\n","protected":false},"author":9,"featured_media":0,"comment_status":"open","ping_status":"open","sticky":false,"template":"","format":"standard","meta":{"jetpack_post_was_ever_published":false,"_jetpack_newsletter_access":"","_jetpack_dont_email_post_to_subs":false,"_jetpack_newsletter_tier_id":0,"_jetpack_memberships_contains_paywalled_content":false,"_jetpack_memberships_contains_paid_content":false,"footnotes":"","jetpack_publicize_message":"","jetpack_publicize_feature_enabled":true,"jetpack_social_post_already_shared":true,"jetpack_social_options":{"image_generator_settings":{"template":"highway","default_image_id":0,"font":"","enabled":false},"version":2}},"categories":[4,5,3,6],"tags":[],"class_list":{"0":"post-36422","1":"post","2":"type-post","3":"status-publish","4":"format-standard","6":"category-agenda-politica","7":"category-imagen","8":"category-mesa-de-redaccion","9":"category-tendencias"},"jetpack_publicize_connections":[],"jetpack_featured_media_url":"","jetpack_sharing_enabled":true,"jetpack_shortlink":"https:\/\/wp.me\/p9Ynjw-9ts","jetpack-related-posts":[{"id":35026,"url":"https:\/\/redaccionoaxaca.com\/index.php\/2025\/01\/09\/por-homicidio-trafico-de-armas-desplazamiento-forzado-y-despojo-de-tierras-fiscalia-detiene-a-presidente-municipal-y-cabildo-de-san-pedro-ocotepec-oaxaca\/","url_meta":{"origin":36422,"position":0},"title":"Por homicidio, tr\u00e1fico de armas, desplazamiento forzado y despojo de tierras, Fiscal\u00eda detiene a Presidente Municipal y Cabildo de San Pedro Ocotepec, Oaxaca","author":"ariadna","date":"enero 9, 2025","format":false,"excerpt":"#Redacci\u00f3nOaxaca #Oaxaca Jaime GUERRERO Elementos de la Agencia Estatal de Investigaci\u00f3n de la Fiscal\u00eda del Estado, detuvieron al Presidente Municipal de San Pedro Ocotepec, Mixe, Marciano Montes Ortiz e integrantes del Cabildo, por el delito de tr\u00e1fico de armas, despojo de tierras, homicidios y desplazamiento forzado de m\u00e1s de 100\u2026","rel":"","context":"En &quot;Agenda Pol\u00edtica&quot;","block_context":{"text":"Agenda Pol\u00edtica","link":"https:\/\/redaccionoaxaca.com\/index.php\/category\/agenda-politica\/"},"img":{"alt_text":"","src":"","width":0,"height":0},"classes":[]},{"id":14791,"url":"https:\/\/redaccionoaxaca.com\/index.php\/2020\/10\/15\/sindico-de-tamazola-escapa-de-sus-secuestradores-recibe-atencion-medica-por-contar-con-2-impactos-de-bala-en-el-cuerpo\/","url_meta":{"origin":36422,"position":1},"title":"S\u00edndico de Tamazola escapa de sus secuestradores; recibe atenci\u00f3n m\u00e9dica por contar con 2 impactos de bala en el cuerpo.","author":"ariadna","date":"octubre 15, 2020","format":false,"excerpt":"#Redacci\u00f3nOaxaca #Oaxaca Gerardo Cruz 15 de octubre. El s\u00edndico municipal de Santiago #Tamazola, Oscar S\u00e1nchez Ruiz quien fue secuestrado de manera conjunta con su esposa Maribel H. A. la ma\u00f1ana del martes 13 de octubre, escap\u00f3 de sus secuestradores y en ese hecho fue lesionado con proyectiles de arma de\u2026","rel":"","context":"En &quot;Agenda Pol\u00edtica&quot;","block_context":{"text":"Agenda Pol\u00edtica","link":"https:\/\/redaccionoaxaca.com\/index.php\/category\/agenda-politica\/"},"img":{"alt_text":"","src":"https:\/\/i0.wp.com\/redaccionoaxaca.com\/wp-content\/uploads\/2020\/10\/IMG-20201015-WA0191-300x169.jpg?resize=350%2C200","width":350,"height":200},"classes":[]},{"id":9752,"url":"https:\/\/redaccionoaxaca.com\/index.php\/2019\/12\/23\/comando-ejecuta-a-edil-y-sindico-de-jalapa-de-diaz\/","url_meta":{"origin":36422,"position":2},"title":"Comando ejecuta a edil y s\u00edndico de Jalapa de D\u00edaz.","author":"ariadna","date":"diciembre 23, 2019","format":false,"excerpt":"#Redacci\u00f3nOaxaca #Oaxaca Jaime Guerrero Un comando armado ejecut\u00f3 al presidente municipal de San Felipe Jalapa de D\u00edaz, Arturo Garc\u00eda Vel\u00e1zquez junto con su s\u00edndico hacendario, Javier Terrero, cuando se encontraban en un convivio organizado en esa comunidad con motivo de las festividades de navidad. Los hechos se registraron cuando el\u2026","rel":"","context":"Entrada similar ","block_context":{"text":"Entrada similar ","link":""},"img":{"alt_text":"","src":"","width":0,"height":0},"classes":[]},{"id":27787,"url":"https:\/\/redaccionoaxaca.com\/index.php\/2022\/09\/12\/con-bloqueo-exige-teotitlan-respeto-a-la-determinacion-de-separar-del-cargo-al-presidente-sindico-y-regidor\/","url_meta":{"origin":36422,"position":3},"title":"Con bloqueo, exige Teotitl\u00e1n respeto a la determinaci\u00f3n de separar del cargo al presidente, s\u00edndico y regidor","author":"ariadna","date":"septiembre 12, 2022","format":false,"excerpt":"#Redacci\u00f3nOaxaca #Oaxaca Citlalli L\u00f3pez Vel\u00e1zquez Para exigir respeto a la determinaci\u00f3n de la asamblea de separar del cargo al presidente municipal Andr\u00e9s Guti\u00e9rrez Sosa, al s\u00edndico Lorenzo Jim\u00e9nez Mart\u00ednez y al regidor de hacienda, Daniel Baz\u00e1n Ruiz, habitante de Teotitl\u00e1n del Valle instalaron un bloqueo carretero indefinido. Luis Ruiz, habitante\u2026","rel":"","context":"En &quot;Imagen&quot;","block_context":{"text":"Imagen","link":"https:\/\/redaccionoaxaca.com\/index.php\/category\/imagen\/"},"img":{"alt_text":"","src":"https:\/\/i0.wp.com\/redaccionoaxaca.com\/wp-content\/uploads\/2022\/09\/IMG-20220912-WA0038-300x225.jpg?resize=350%2C200&ssl=1","width":350,"height":200},"classes":[]},{"id":10992,"url":"https:\/\/redaccionoaxaca.com\/index.php\/2020\/03\/03\/presidenta-de-teopoxco-teme-por-su-vida-falso-transgenero-y-sindico-municipal-detras-de-la-violencia-politica\/","url_meta":{"origin":36422,"position":4},"title":"Presidenta de Teopoxco teme por su vida, falso transg\u00e9nero  y s\u00edndico municipal, detr\u00e1s de la violencia pol\u00edtica","author":"ariadna","date":"marzo 3, 2020","format":false,"excerpt":"#Redacci\u00f3nOaxaca #Oaxaca Jaime GUERRERO La presidenta municipal de Santa Mar\u00eda Teopoxco, Susana Alvarado, revel\u00f3 temer por su vida debido a la violencia pol\u00edtica y de g\u00e9nero en su contra encabezada por el falso transg\u00e9nero y s\u00edndico municipal Carlos Quevedo Fabi\u00e1n. La situaci\u00f3n en el municipio - indic\u00f3- cada d\u00eda se\u2026","rel":"","context":"Entrada similar ","block_context":{"text":"Entrada similar ","link":""},"img":{"alt_text":"","src":"","width":0,"height":0},"classes":[]},{"id":2255,"url":"https:\/\/redaccionoaxaca.com\/index.php\/2018\/08\/23\/liberan-a-edil-de-ixhuatan-pobladores-encarcelaron-3-dias-por-incumplir-con-obras\/","url_meta":{"origin":36422,"position":5},"title":"Liberan a edil de Ixhuat\u00e1n, pobladores encarcelaron 3 d\u00edas, por incumplir con obras","author":"denise","date":"agosto 23, 2018","format":false,"excerpt":"#Redacci\u00f3nOaxaca Jaime GUERRERO \u00c9ste mi\u00e9rcoles, fue liberado el Presidente Municipal de San Francisco Ixhuat\u00e1n, C\u00e9sar Augusto Matus, por los pobladores de El Morro, tras tres d\u00edas de haber sido retenido y encarcelado para exigir la entrega de sus participaciones municipales. Con la intervenci\u00f3n de la Secretar\u00eda General de Gobierno, el\u2026","rel":"","context":"En &quot;Agenda Pol\u00edtica&quot;","block_context":{"text":"Agenda Pol\u00edtica","link":"https:\/\/redaccionoaxaca.com\/index.php\/category\/agenda-politica\/"},"img":{"alt_text":"","src":"","width":0,"height":0},"classes":[]}],"_links":{"self":[{"href":"https:\/\/redaccionoaxaca.com\/index.php\/wp-json\/wp\/v2\/posts\/36422","targetHints":{"allow":["GET"]}}],"collection":[{"href":"https:\/\/redaccionoaxaca.com\/index.php\/wp-json\/wp\/v2\/posts"}],"about":[{"href":"https:\/\/redaccionoaxaca.com\/index.php\/wp-json\/wp\/v2\/types\/post"}],"author":[{"embeddable":true,"href":"https:\/\/redaccionoaxaca.com\/index.php\/wp-json\/wp\/v2\/users\/9"}],"replies":[{"embeddable":true,"href":"https:\/\/redaccionoaxaca.com\/index.php\/wp-json\/wp\/v2\/comments?post=36422"}],"version-history":[{"count":1,"href":"https:\/\/redaccionoaxaca.com\/index.php\/wp-json\/wp\/v2\/posts\/36422\/revisions"}],"predecessor-version":[{"id":36424,"href":"https:\/\/redaccionoaxaca.com\/index.php\/wp-json\/wp\/v2\/posts\/36422\/revisions\/36424"}],"wp:attachment":[{"href":"https:\/\/redaccionoaxaca.com\/index.php\/wp-json\/wp\/v2\/media?parent=36422"}],"wp:term":[{"taxonomy":"category","embeddable":true,"href":"https:\/\/redaccionoaxaca.com\/index.php\/wp-json\/wp\/v2\/categories?post=36422"},{"taxonomy":"post_tag","embeddable":true,"href":"https:\/\/redaccionoaxaca.com\/index.php\/wp-json\/wp\/v2\/tags?post=36422"}],"curies":[{"name":"wp","href":"https:\/\/api.w.org\/{rel}","templated":true}]}}