{"id":36740,"date":"2025-05-06T20:05:21","date_gmt":"2025-05-07T02:05:21","guid":{"rendered":"https:\/\/redaccionoaxaca.com\/?p=36740"},"modified":"2025-05-06T20:05:21","modified_gmt":"2025-05-07T02:05:21","slug":"congreso-exhorta-a-comite-de-guelaguetza-a-asignar-espacios-a-musicos-bandas-orquestas-y-conjuntos-tipicos-durante-la-maxima-fiesta","status":"publish","type":"post","link":"https:\/\/redaccionoaxaca.com\/index.php\/2025\/05\/06\/congreso-exhorta-a-comite-de-guelaguetza-a-asignar-espacios-a-musicos-bandas-orquestas-y-conjuntos-tipicos-durante-la-maxima-fiesta\/","title":{"rendered":"Congreso exhorta a Comit\u00e9 de Guelaguetza a asignar espacios a m\u00fasicos bandas, orquestas y conjuntos t\u00edpicos durante la M\u00e1xima Fiesta"},"content":{"rendered":"<p style=\"text-align: justify;\">\u2022 <em>Mediante exhorto se busca consolidar esta festividad como un evento inclusivo y representativo de la riqueza cultural en la entidad<\/em><\/p>\n<p style=\"text-align: justify;\"><em>\u2022 La incorporaci\u00f3n de artistas locales responde a la necesidad de democratizar este espacio y garantizar que los beneficios lleguen a todos los sectores de la sociedad<\/em><\/p>\n<p style=\"text-align: justify;\"><em>\u2022 La m\u00fasica y el arte deben ser accesibles para todas y todos<\/em><\/p>\n<p style=\"text-align: justify;\">San Raymundo Jalpan, Oax., a 06 de mayo de 2025.-\u00a0La LXVI Legislatura del Congreso del Estado emiti\u00f3 un exhorto al Comit\u00e9 Intersecretarial de la Guelaguetza 2025, con el prop\u00f3sito de crear espacios destinados para que bandas filarm\u00f3nicas tradicionales, orquestas y conjuntos t\u00edpicos, coros independientes y municipales, as\u00ed como, solistas e int\u00e9rpretes de las ocho regiones participen en la M\u00e1xima Fiesta de las y los oaxaque\u00f1os.<\/p>\n<p style=\"text-align: justify;\">La iniciativa presentada por el diputado Iv\u00e1n Osael Quiroz Mart\u00ednez y dictaminada a favor por la Comisi\u00f3n Permanente de Culturas y Artes, plantea que al ser la Guelaguetza una de las festividades m\u00e1s emblem\u00e1ticas y representativas de Oaxaca, que celebra la riqueza cultural, tradiciones y diversidad de los pueblos, debe incorporar a artistas locales con el fin de democratizar este espacio y que los beneficios lleguen a todos los sectores de la sociedad.<\/p>\n<p style=\"text-align: justify;\">El legislador promovente resalt\u00f3 en su exposici\u00f3n de motivos que la Guelaguetza es un evento de enorme proyecci\u00f3n a nivel nacional e internacional, convirti\u00e9ndola en una plataforma inigualable para la promoci\u00f3n del talento oaxaque\u00f1o, por lo que brindar mayor participaci\u00f3n a m\u00fasicos locales permitir\u00e1 dar a conocer su trabajo en un escenario de gran visibilidad, con oportunidades para su profesionalizaci\u00f3n y crecimiento art\u00edstico.<\/p>\n<p style=\"text-align: justify;\">Adem\u00e1s, de consolidar esta fiesta como un evento verdaderamente inclusivo pues la m\u00fasica y el arte deben ser accesibles para todas y todos, \u201cel Estado tiene la responsabilidad de fomentar pol\u00edticas p\u00fablicas que impulsen la participaci\u00f3n de los artistas en eventos de alto impacto cultural. La Guelaguetza, como s\u00edmbolo de identidad oaxaque\u00f1a, debe ser un escaparate en el que se valore y fomente el talento de quienes han dedicado su vida a preservar y enriquecer la tradici\u00f3n musical de Oaxaca\u201d, resalt\u00f3 Quiroz Mart\u00ednez.<\/p>\n<p style=\"text-align: justify;\">Y agreg\u00f3 en este contexto, que la m\u00fasica resalta tambi\u00e9n la identidad de cada regi\u00f3n y refuerza la riqueza cultural de los pueblos y comunidades ind\u00edgenas y afromexicanas.<\/p>\n<p>El dictamen fue avalado por el Parlamento en Sesi\u00f3n Extraordinaria del 15 de abril de 2025.<\/p>\n","protected":false},"excerpt":{"rendered":"<p>\u2022 Mediante exhorto se busca consolidar esta festividad como un evento inclusivo y representativo de la riqueza cultural en la entidad \u2022 La incorporaci\u00f3n de artistas locales responde a la necesidad de democratizar este espacio y garantizar que los beneficios lleguen a todos los sectores de la sociedad \u2022 La m\u00fasica y el arte deben [&hellip;]<\/p>\n","protected":false},"author":9,"featured_media":0,"comment_status":"open","ping_status":"open","sticky":false,"template":"","format":"standard","meta":{"jetpack_post_was_ever_published":false,"_jetpack_newsletter_access":"","_jetpack_dont_email_post_to_subs":false,"_jetpack_newsletter_tier_id":0,"_jetpack_memberships_contains_paywalled_content":false,"_jetpack_memberships_contains_paid_content":false,"footnotes":"","jetpack_publicize_message":"","jetpack_publicize_feature_enabled":true,"jetpack_social_post_already_shared":true,"jetpack_social_options":{"image_generator_settings":{"template":"highway","default_image_id":0,"font":"","enabled":false},"version":2}},"categories":[4,7,5],"tags":[],"class_list":{"0":"post-36740","1":"post","2":"type-post","3":"status-publish","4":"format-standard","6":"category-agenda-politica","7":"category-al-cierre","8":"category-imagen"},"jetpack_publicize_connections":[],"jetpack_featured_media_url":"","jetpack_sharing_enabled":true,"jetpack_shortlink":"https:\/\/wp.me\/p9Ynjw-9yA","jetpack-related-posts":[{"id":28878,"url":"https:\/\/redaccionoaxaca.com\/index.php\/2023\/05\/11\/por-instruccion-de-gobernador-de-oaxaca-congreso-desaparace-de-un-plumazo-comite-de-autenticidad-de-la-guelaguetza-lo-sustituye-por-comite-organizador\/","url_meta":{"origin":36740,"position":0},"title":"Por instrucci\u00f3n de Gobernador de Oaxaca, Congreso desaparace de un \u201cplumazo\u201d  Comit\u00e9 de Autenticidad de la Guelaguetza; lo sustituye por Comit\u00e9 Organizador","author":"ariadna","date":"mayo 11, 2023","format":false,"excerpt":"#Redacci\u00f3nOaxaca #Oaxaca Jaime GUERRERO A propuesta del Gobernador, Salom\u00f3n Jara Cruz, la LXV Legislatura, reformar\u00e1 la Ley de Desarrollo Cultural y la Ley de Protecci\u00f3n, Acceso y Difusi\u00f3n para la Festividad de la #Guelaguetza del Estado de #Oaxaca, para desaparecer el Comit\u00e9 de Autenticidad y en su lugar crear Comit\u00e9\u2026","rel":"","context":"En &quot;Imagen&quot;","block_context":{"text":"Imagen","link":"https:\/\/redaccionoaxaca.com\/index.php\/category\/imagen\/"},"img":{"alt_text":"","src":"","width":0,"height":0},"classes":[]},{"id":37492,"url":"https:\/\/redaccionoaxaca.com\/index.php\/2025\/07\/22\/congreso-del-estado-reconoce-contribucion-de-chimalhuacan-por-instituir-y-preservar-la-guelaguetza-oaxaquena\/","url_meta":{"origin":36740,"position":1},"title":"Congreso del Estado reconoce contribuci\u00f3n de Chimalhuac\u00e1n por instituir y preservar la \u201cGuelaguetza Oaxaque\u00f1a\u201d","author":"ariadna","date":"julio 22, 2025","format":false,"excerpt":"#Redacci\u00f3nOaxaca #Oaxaca *Esta celebraci\u00f3n tiene 30 a\u00f1os de realizarse en esta demarcaci\u00f3n del Estado de M\u00e9xico San Raymundo Jalpan, Oax., a 22 de julio de 2025.- El Congreso del Estado a trav\u00e9s de la Junta de Coordinaci\u00f3n Pol\u00edtica (Jucopo) entreg\u00f3 reconocimientos a quienes han contribuido en mantener viva la celebraci\u00f3n\u2026","rel":"","context":"En &quot;Agenda Pol\u00edtica&quot;","block_context":{"text":"Agenda Pol\u00edtica","link":"https:\/\/redaccionoaxaca.com\/index.php\/category\/agenda-politica\/"},"img":{"alt_text":"","src":"https:\/\/i0.wp.com\/redaccionoaxaca.com\/wp-content\/uploads\/2025\/07\/Screenshot_20250722_235700_Facebook-scaled.jpg?fit=1200%2C800&ssl=1&resize=350%2C200","width":350,"height":200,"srcset":"https:\/\/i0.wp.com\/redaccionoaxaca.com\/wp-content\/uploads\/2025\/07\/Screenshot_20250722_235700_Facebook-scaled.jpg?fit=1200%2C800&ssl=1&resize=350%2C200 1x, https:\/\/i0.wp.com\/redaccionoaxaca.com\/wp-content\/uploads\/2025\/07\/Screenshot_20250722_235700_Facebook-scaled.jpg?fit=1200%2C800&ssl=1&resize=525%2C300 1.5x, https:\/\/i0.wp.com\/redaccionoaxaca.com\/wp-content\/uploads\/2025\/07\/Screenshot_20250722_235700_Facebook-scaled.jpg?fit=1200%2C800&ssl=1&resize=700%2C400 2x, https:\/\/i0.wp.com\/redaccionoaxaca.com\/wp-content\/uploads\/2025\/07\/Screenshot_20250722_235700_Facebook-scaled.jpg?fit=1200%2C800&ssl=1&resize=1050%2C600 3x"},"classes":[]},{"id":37213,"url":"https:\/\/redaccionoaxaca.com\/index.php\/2025\/07\/01\/arranca-el-operativo-guelaguetza-segura-2025-en-oaxaca-de-juarez\/","url_meta":{"origin":36740,"position":2},"title":"Arranca el Operativo Guelaguetza Segura 2025 en Oaxaca de Ju\u00e1rez","author":"ariadna","date":"julio 1, 2025","format":false,"excerpt":"#Redacci\u00f3nOaxaca #Oaxaca * La Guelaguetza se vive con alegr\u00eda, orden y accesibilidad Oaxaca de Ju\u00e1rez, Oax., 1 de julio de 2025.\u2013 En un esfuerzo conjunto entre los tres niveles de gobierno, este lunes se dio inicio al Operativo Guelaguetza Segura 2025, con la presencia del presidente municipal Ray Chagoya, quien\u2026","rel":"","context":"Entrada similar ","block_context":{"text":"Entrada similar ","link":""},"img":{"alt_text":"","src":"https:\/\/i0.wp.com\/redaccionoaxaca.com\/wp-content\/uploads\/2025\/07\/IMG-20250701-WA0354-300x200.jpg?resize=350%2C200&ssl=1","width":350,"height":200},"classes":[]},{"id":37443,"url":"https:\/\/redaccionoaxaca.com\/index.php\/2025\/07\/15\/activa-municipio-plan-emergente-de-recoleccion-de-basura-durante-las-festividades-de-la-guelaguetza\/","url_meta":{"origin":36740,"position":3},"title":"Activa Municipio plan emergente de recolecci\u00f3n de basura durante las festividades de la Guelaguetza","author":"ariadna","date":"julio 15, 2025","format":false,"excerpt":"#Redacci\u00f3nOaxaca #Oaxaca \u2022\u00a0 Se refuerzan los servicios de limpieza para mantener una ciudad limpia y segura, como lo ha instruido el presidente Ray Chagoya Oaxaca de Ju\u00e1rez, Oax., 15 de julio de 2025.- En el marco de las celebraciones de la Guelaguetza, el Municipio de Oaxaca de Ju\u00e1rez implement\u00f3 un\u2026","rel":"","context":"En &quot;Al Cierre&quot;","block_context":{"text":"Al Cierre","link":"https:\/\/redaccionoaxaca.com\/index.php\/category\/al-cierre\/"},"img":{"alt_text":"","src":"https:\/\/i0.wp.com\/redaccionoaxaca.com\/wp-content\/uploads\/2025\/07\/IMG-20250715-WA0195-300x247.jpg?resize=350%2C200&ssl=1","width":350,"height":200},"classes":[]},{"id":39452,"url":"https:\/\/redaccionoaxaca.com\/index.php\/2025\/12\/11\/crisis-de-gobernanza-y-violencia-politica-de-genero-en-tlacolula-de-matamoros-nuevas-acusaciones-y-exhorto-del-congreso-de-oaxaca\/","url_meta":{"origin":36740,"position":4},"title":"Crisis de gobernanza y violencia pol\u00edtica de g\u00e9nero en Tlacolula de Matamoros: nuevas acusaciones y exhorto del Congreso de Oaxaca","author":"ariadna","date":"diciembre 11, 2025","format":false,"excerpt":"#Redacci\u00f3nOaxaca #Oaxaca Jaime GUERRERO La diputada federal del Partido del Trabajo (PT), Margarita Garc\u00eda Garc\u00eda, reiter\u00f3 las graves acusaciones contra el presidente municipal de Tlacolula de Matamoros, Ren\u00e9 \u00d3scar S\u00e1nchez Chagoya (PT), por presuntos actos de amenazas, acoso laboral, violencia psicol\u00f3gica y atentados con bombas molotov dirigidos contra varias mujeres\u2026","rel":"","context":"En &quot;Agenda Pol\u00edtica&quot;","block_context":{"text":"Agenda Pol\u00edtica","link":"https:\/\/redaccionoaxaca.com\/index.php\/category\/agenda-politica\/"},"img":{"alt_text":"","src":"https:\/\/i0.wp.com\/redaccionoaxaca.com\/wp-content\/uploads\/2025\/12\/15-14.jpg?fit=1000%2C600&ssl=1&resize=350%2C200","width":350,"height":200,"srcset":"https:\/\/i0.wp.com\/redaccionoaxaca.com\/wp-content\/uploads\/2025\/12\/15-14.jpg?fit=1000%2C600&ssl=1&resize=350%2C200 1x, https:\/\/i0.wp.com\/redaccionoaxaca.com\/wp-content\/uploads\/2025\/12\/15-14.jpg?fit=1000%2C600&ssl=1&resize=525%2C300 1.5x, https:\/\/i0.wp.com\/redaccionoaxaca.com\/wp-content\/uploads\/2025\/12\/15-14.jpg?fit=1000%2C600&ssl=1&resize=700%2C400 2x"},"classes":[]},{"id":5122,"url":"https:\/\/redaccionoaxaca.com\/index.php\/2019\/01\/30\/50-localidades-buscan-un-lugar-en-la-guelaguetza-2019-listan-renovacion-en-comite-de-autenticidad\/","url_meta":{"origin":36740,"position":5},"title":"50 localidades buscan un lugar en la Guelaguetza 2019;\u00a0listan renovaci\u00f3n en Comit\u00e9 de Autenticidad","author":"denise","date":"enero 30, 2019","format":false,"excerpt":"#Redacci\u00f3nOaxaca Jaime GUERRERO\u00a0 M\u00e1s de 50 localidades de las 8 regiones de Oaxaca un lugar en la Guelaguetza edici\u00f3n 2019, report\u00f3 la titular de la secretaria de las Culturas, Adriana Aguilar. Puntualiz\u00f3 que quienes integran el comit\u00e9 de autenticidad determinaran qui\u00e9n y cu\u00e1ntos se presenten durante los Lunes del Cerro,\u2026","rel":"","context":"En &quot;Agenda Pol\u00edtica&quot;","block_context":{"text":"Agenda Pol\u00edtica","link":"https:\/\/redaccionoaxaca.com\/index.php\/category\/agenda-politica\/"},"img":{"alt_text":"","src":"","width":0,"height":0},"classes":[]}],"_links":{"self":[{"href":"https:\/\/redaccionoaxaca.com\/index.php\/wp-json\/wp\/v2\/posts\/36740","targetHints":{"allow":["GET"]}}],"collection":[{"href":"https:\/\/redaccionoaxaca.com\/index.php\/wp-json\/wp\/v2\/posts"}],"about":[{"href":"https:\/\/redaccionoaxaca.com\/index.php\/wp-json\/wp\/v2\/types\/post"}],"author":[{"embeddable":true,"href":"https:\/\/redaccionoaxaca.com\/index.php\/wp-json\/wp\/v2\/users\/9"}],"replies":[{"embeddable":true,"href":"https:\/\/redaccionoaxaca.com\/index.php\/wp-json\/wp\/v2\/comments?post=36740"}],"version-history":[{"count":1,"href":"https:\/\/redaccionoaxaca.com\/index.php\/wp-json\/wp\/v2\/posts\/36740\/revisions"}],"predecessor-version":[{"id":36742,"href":"https:\/\/redaccionoaxaca.com\/index.php\/wp-json\/wp\/v2\/posts\/36740\/revisions\/36742"}],"wp:attachment":[{"href":"https:\/\/redaccionoaxaca.com\/index.php\/wp-json\/wp\/v2\/media?parent=36740"}],"wp:term":[{"taxonomy":"category","embeddable":true,"href":"https:\/\/redaccionoaxaca.com\/index.php\/wp-json\/wp\/v2\/categories?post=36740"},{"taxonomy":"post_tag","embeddable":true,"href":"https:\/\/redaccionoaxaca.com\/index.php\/wp-json\/wp\/v2\/tags?post=36740"}],"curies":[{"name":"wp","href":"https:\/\/api.w.org\/{rel}","templated":true}]}}