{"id":36756,"date":"2025-05-07T09:46:02","date_gmt":"2025-05-07T15:46:02","guid":{"rendered":"https:\/\/redaccionoaxaca.com\/?p=36756"},"modified":"2025-05-07T09:46:02","modified_gmt":"2025-05-07T15:46:02","slug":"presidente-de-miahuatlan-oaxaca-se-pasea-ebrio-en-la-poblacion-reviran-estudiantes-calificados-por-el-alcalde-como-drogadictos","status":"publish","type":"post","link":"https:\/\/redaccionoaxaca.com\/index.php\/2025\/05\/07\/presidente-de-miahuatlan-oaxaca-se-pasea-ebrio-en-la-poblacion-reviran-estudiantes-calificados-por-el-alcalde-como-drogadictos\/","title":{"rendered":"Presidente de Miahuatl\u00e1n, Oaxaca, se pasea ebrio en la poblaci\u00f3n, reviran estudiantes calificados por el Alcalde como drogadictos"},"content":{"rendered":"<p><strong>#Redacci\u00f3nOaxaca<\/strong><\/p>\n<p><strong>#Oaxaca<\/strong><\/p>\n<p><strong>Jaime GUERRERO<\/strong><\/p>\n<p style=\"text-align: justify;\">Integrantes de la Federaci\u00f3n Nacional de Estudiantes Rafael Ram\u00edrez (FNERRR), anunciaron que exhibir\u00e1n al presidente municipal de Miahuatl\u00e1n de Porfirio Diaz, C\u00e9sar Figueroa Jim\u00e9nez alias \u201cEl Chivo\u201d en la Ma\u00f1anera de la Presidenta Claudia Sheinbaum, por calificar como drogadictos a estudiantes de esa organizaci\u00f3n.<\/p>\n<p style=\"text-align: justify;\">Por el contrario, afirmaron que Figueroa Jim\u00e9nez, se pasea en estado de ebriedad en la poblaci\u00f3n.<\/p>\n<p style=\"text-align: justify;\">\u00c9ste martes, instalaron una \u201cvalla humana\u201d frente a Palacio de Gobierno, c\u00f3mo protesta ante los calificativos qu\u00e9 les lanz\u00f3 el municipe de Morena.<\/p>\n<p style=\"text-align: justify;\">Los inconformes desmintieron al municipe y afirmaron que ellos, practican arte y deporte.<\/p>\n<p style=\"text-align: justify;\">\u201cEl alcoh\u00f3lico es el presidente municipal de Miahuatl\u00e1n, C\u00e9sar Figueroa Jim\u00e9nez \u201cEl Chivo\u201d que todos los d\u00edas se pasea en el centro de esa comunidad en estado de ebriedad\u201d, lanzaron frente a palacio de gobierno.<\/p>\n<p style=\"text-align: justify;\">Los estudiantes, aseguraron que el albergue estudiantil \u201cDr. Juan Manuel Celis Ponce\u201d, despojado por el \u201cEl Chivo\u201d, fue producto de sus luchas estudiantiles desde la FNERRR.<\/p>\n<p style=\"text-align: justify;\">Asimismo, pidieron una disculpa p\u00fablica ql mun\u00edcipe y lo instaron a presentar pruebas concretas de sus acusaciones.<\/p>\n<p style=\"text-align: justify;\">\u201cSus palabras son una ofensa directa a nuestra dignidad y a la de miles de estudiantes que luchamos por una educaci\u00f3n digna. No toleraremos este tipo de ataques sin fundamento. Estamos dispuestos a hacer ex\u00e1menes m\u00e9dicos\u201d, retaron los j\u00f3venes.<\/p>\n<p style=\"text-align: justify;\">De no obtener una respuesta satisfactoria y la restituci\u00f3n de su albergue, amagaron que, llevar\u00e1n esta denuncia con la Presidenta Claudia Sheinbaum.<\/p>\n<p style=\"text-align: justify;\">Figueroa Jim\u00e9nez alias &#8220;El Chivo&#8221;, calific\u00f3 como drogadictos a j\u00f3venes de la Federaci\u00f3n Nacional de Estudiantes Revolucionarios Rafael Ram\u00edrez (FNERRR).<\/p>\n<p style=\"text-align: justify;\">En la v\u00edspera, los estudiantes denunciaron que fueron desalojados del albergue estudiantil \u201cDr. Juan Manuel Celis Ponce\u201d, ubicado en Miahuatl\u00e1n de Porfirio D\u00edaz, el pasado 26 de abril.<\/p>\n<p style=\"text-align: justify;\">\u00c9ste lunes, afuera del Palacio de Gobierno del Estado, Figueroa Jim\u00e9nez, rechaz\u00f3 que se incurriera en un desalojo y afirm\u00f3 que, el inmueble es propiedad del ayuntamiento y pasadas administraciones lo dieron en comodato irregularmente por 99 a\u00f1os.<\/p>\n<p style=\"text-align: justify;\">Voy a seguir recuperando los bienes de Miahuatl\u00e1n, le guste a quien le guste y le duela a quien le duela. Yo no me presto a los chantajes, revir\u00f3 iracundo el municipe de Morena.<\/p>\n<p style=\"text-align: justify;\">El presidente municipal, culp\u00f3 a los medios de comunicaci\u00f3n de lo que calific\u00f3 como desinformaci\u00f3n de lo que sucede en el municipio.<\/p>\n<p style=\"text-align: justify;\">\u201cEst\u00e1s j\u00f3venes del FNERRR ocupaban el espacio para drogarse para cosas il\u00edcitas, ya no viv\u00eda en ese espacio y es por eso que yo le inform\u00e9 al Gobierno del Estado que ese espacio es de los Miahuatecos\u201d, se\u00f1al\u00f3, tras rechazar que se incurriera en desalojo.<\/p>\n<p style=\"text-align: justify;\">Figueroa Jim\u00e9nez, refiri\u00f3 que acudi\u00f3 al registro p\u00fablico de la propiedad, al Instituto Catastral en donde constat\u00f3 que no exist\u00eda gravamen alguno.<\/p>\n<p style=\"text-align: justify;\">Asimismo, asegur\u00f3 que acudi\u00f3 a la c\u00e1mara de Diputados, para investigar si exist\u00eda desincorporaci\u00f3n de ese predio.<\/p>\n<p style=\"text-align: justify;\">De acuerdo al presidente municipal, en su momento ese espacio, fue destinado para construir un hospital para la mujer.<\/p>\n<p style=\"text-align: justify;\">Al cuestionarles, si ten\u00eda pruebas respecto a que los estudiantes se drogaban, y por qu\u00e9 no interpuso una denuncia, Figueroa Jim\u00e9nez, dijo:<\/p>\n<p style=\"text-align: justify;\">\u201cNo le veo caso el interponer una denuncia. Yo invit\u00e9 a varios medios de Miahuatl\u00e1n para que fueran testigos de lo que encontramos en ese espacio y las condiciones en las que estaba ese espacio que es de los miahuatecos\u201d.<\/p>\n","protected":false},"excerpt":{"rendered":"<p>#Redacci\u00f3nOaxaca #Oaxaca Jaime GUERRERO Integrantes de la Federaci\u00f3n Nacional de Estudiantes Rafael Ram\u00edrez (FNERRR), anunciaron que exhibir\u00e1n al presidente municipal de Miahuatl\u00e1n de Porfirio Diaz, C\u00e9sar Figueroa Jim\u00e9nez alias \u201cEl Chivo\u201d en la Ma\u00f1anera de la Presidenta Claudia Sheinbaum, por calificar como drogadictos a estudiantes de esa organizaci\u00f3n. Por el contrario, afirmaron que Figueroa Jim\u00e9nez, [&hellip;]<\/p>\n","protected":false},"author":9,"featured_media":0,"comment_status":"open","ping_status":"open","sticky":false,"template":"","format":"standard","meta":{"jetpack_post_was_ever_published":false,"_jetpack_newsletter_access":"","_jetpack_dont_email_post_to_subs":false,"_jetpack_newsletter_tier_id":0,"_jetpack_memberships_contains_paywalled_content":false,"_jetpack_memberships_contains_paid_content":false,"footnotes":"","jetpack_publicize_message":"","jetpack_publicize_feature_enabled":true,"jetpack_social_post_already_shared":true,"jetpack_social_options":{"image_generator_settings":{"template":"highway","default_image_id":0,"font":"","enabled":false},"version":2}},"categories":[4,5,3],"tags":[],"class_list":{"0":"post-36756","1":"post","2":"type-post","3":"status-publish","4":"format-standard","6":"category-agenda-politica","7":"category-imagen","8":"category-mesa-de-redaccion"},"jetpack_publicize_connections":[],"jetpack_featured_media_url":"","jetpack_sharing_enabled":true,"jetpack_shortlink":"https:\/\/wp.me\/p9Ynjw-9yQ","jetpack-related-posts":[{"id":14510,"url":"https:\/\/redaccionoaxaca.com\/index.php\/2020\/09\/23\/muere-7o-municipe-oaxaqueno-por-covid19-oaxaca-es-el-estado-con-el-mayor-numero-de-alcaldes-fallecidos-por-coronavirus\/","url_meta":{"origin":36756,"position":0},"title":"Muere 7\u00ba. Mun\u00edcipe Oaxaque\u00f1o por covid19, Oaxaca es el Estado con el mayor n\u00famero de Alcaldes fallecidos por coronavirus.","author":"ariadna","date":"septiembre 23, 2020","format":false,"excerpt":"#Redacci\u00f3nOaxaca #Oaxaca Maira Ric\u00e1rdez Este mi\u00e9rcoles trascendi\u00f3 la muerte del Presidente Municipal de Sta Cruz Xitla, municipio perteneciente a Miahuatl\u00e1n de Porfirio D\u00edaz, Lorenzo Santiago D\u00edaz Mart\u00ednez, quien ser\u00eda de conformarse de manera oficial, el octavo Mun\u00edcipe que fallece por covid 19 en el estado de Oaxaca. Es importante se\u00f1alar\u2026","rel":"","context":"En &quot;Agenda Pol\u00edtica&quot;","block_context":{"text":"Agenda Pol\u00edtica","link":"https:\/\/redaccionoaxaca.com\/index.php\/category\/agenda-politica\/"},"img":{"alt_text":"","src":"https:\/\/i0.wp.com\/redaccionoaxaca.com\/wp-content\/uploads\/2020\/09\/el-alcalde-fallecio-por-coronavirus_0_19_800_497-300x187.jpg?resize=350%2C200","width":350,"height":200},"classes":[]},{"id":9037,"url":"https:\/\/redaccionoaxaca.com\/index.php\/2019\/11\/01\/juez-federal-exhibe-montaje-de-fiscal-y-titular-de-la-ssp-de-oaxaca-y-deja-libre-a-edil-que-le-sembraron-armas\/","url_meta":{"origin":36756,"position":1},"title":"Juez Federal exhibe montaje de Fiscal y titular de la  SSP de Oaxaca y deja libre a edil que le sembraron armas.","author":"ariadna","date":"noviembre 1, 2019","format":false,"excerpt":"#Redacci\u00f3nOaxaca #Oaxaca Jaime GUERRERO Por falta de pruebas en su contra, el Juez de Control federal, exhibi\u00f3 la pifia del Fiscal General del Estado, Ruben Vasconcelos M\u00e9ndez, y determin\u00f3 liberar al presidente municipal de San Felipe Jalapa de D\u00edaz, Arturo Garc\u00eda Vel\u00e1squez, aprehendido el pasado jueves 24 de octubre, junto\u2026","rel":"","context":"Entrada similar ","block_context":{"text":"Entrada similar ","link":""},"img":{"alt_text":"","src":"","width":0,"height":0},"classes":[]},{"id":38540,"url":"https:\/\/redaccionoaxaca.com\/index.php\/2025\/10\/03\/por-conmemoracion-del-159-aniversario-de-la-batalla-de-miahuatlan-congreso-de-oaxaca-realiza-sesion-solemne-en-este-municipio-de-la-sierra-sur\/","url_meta":{"origin":36756,"position":2},"title":"Por conmemoraci\u00f3n del 159 aniversario de la Batalla de Miahuatl\u00e1n, Congreso de Oaxaca realiza Sesi\u00f3n Solemne en este municipio de la Sierra Sur","author":"ariadna","date":"octubre 3, 2025","format":false,"excerpt":"#Redaci\u00f3nOaxaca #Oaxaca * Fue develada la placa alusiva al cambio de denominaci\u00f3n de la cabecera municipal a \u201cHeroica Ciudad de Miahuatl\u00e1n de Porfirio D\u00edaz\u201d Heroica Ciudad de Miahuatl\u00e1n de Porfirio D\u00edaz, Oax., a 03 de octubre de 2025.- En el marco de la conmemoraci\u00f3n del 159 Aniversario de la Batalla\u2026","rel":"","context":"En &quot;Agenda Pol\u00edtica&quot;","block_context":{"text":"Agenda Pol\u00edtica","link":"https:\/\/redaccionoaxaca.com\/index.php\/category\/agenda-politica\/"},"img":{"alt_text":"","src":"https:\/\/i0.wp.com\/redaccionoaxaca.com\/wp-content\/uploads\/2025\/10\/Screenshot_20251003_195557_Facebook-300x187.jpg?resize=350%2C200&ssl=1","width":350,"height":200},"classes":[]},{"id":29065,"url":"https:\/\/redaccionoaxaca.com\/index.php\/2023\/08\/08\/rio-hondo-toma-delegacion-de-bienestar-en-oaxaca-reclama-recursos-por-danos-de-agatha-edil-destituido-malverso-recursos-scjn-y-congreso-entramparon\/","url_meta":{"origin":36756,"position":3},"title":"R\u00edo Hondo toma delegaci\u00f3n de Bienestar en Oaxaca, reclama recursos por  da\u00f1os de Agatha; edil destituido malverso recursos, SCJN y Congreso entramparon","author":"ariadna","date":"agosto 8, 2023","format":false,"excerpt":"#Redacci\u00f3nOaxaca #Oaxaca Jaime GUERRERO En medio de su conflicto pol\u00edtico-electoral, habitantes de San Mateo R\u00edo Hondo, tomaron las instalaciones de la delegaci\u00f3n de la Secretar\u00eda de Bienestar en #Oaxaca que, encabeza, Nancy Ortiz Cabrera, para exigir la liberaci\u00f3n de una segunda ministraci\u00f3n de recursos para los damnificados del hurac\u00e1n \u00c1gatha\u2026","rel":"","context":"En &quot;Imagen&quot;","block_context":{"text":"Imagen","link":"https:\/\/redaccionoaxaca.com\/index.php\/category\/imagen\/"},"img":{"alt_text":"","src":"","width":0,"height":0},"classes":[]},{"id":14393,"url":"https:\/\/redaccionoaxaca.com\/index.php\/2020\/09\/17\/presidente-de-loxicha-se-congratula-por-millonario-premio-de-loteria-para-telesecundaria-de-miramar-reconoce-que-la-vida-de-estudiantes-y-pueblo-podria-cambiar-a-partir-de-este-premio\/","url_meta":{"origin":36756,"position":4},"title":"Presidente de Loxicha se congratula por millonario premio de loter\u00eda para Telesecundaria de Miramar; reconoce que la vida de estudiantes y pueblo podr\u00eda cambiar a partir de este premio.","author":"ariadna","date":"septiembre 17, 2020","format":false,"excerpt":"#Redacci\u00f3nOaxaca #Oaxaca Maira Ric\u00e1rdez El presidente municipal de Sta. Catarina Loxicha, Gabriel Hern\u00e1ndez Garc\u00eda, inform\u00f3 a Oro Noticias que el Comit\u00e9 de la Telesecundaria de Miramar Loxicha se ha confirmado como el ganador del premio N\u00famero 58 de la denominada rifa del avi\u00f3n presidencial., esta localidad perteneciente a este Municipio\u2026","rel":"","context":"En &quot;Al Cierre&quot;","block_context":{"text":"Al Cierre","link":"https:\/\/redaccionoaxaca.com\/index.php\/category\/al-cierre\/"},"img":{"alt_text":"","src":"","width":0,"height":0},"classes":[]},{"id":19661,"url":"https:\/\/redaccionoaxaca.com\/index.php\/2021\/06\/09\/de-una-lista-de-21-decesos-de-municipes-oaxaquenos-en-el-ultimo-ano-oficialmente-son-18-los-muertos-por-covid-el-ultimo-deceso-se-confirmo-este-martes-en-nativitas\/","url_meta":{"origin":36756,"position":5},"title":"De una lista de 21 decesos de Mun\u00edcipes Oaxaque\u00f1os en el \u00faltimo a\u00f1o, oficialmente son 18 los muertos por covid, el \u00faltimo deceso se confirm\u00f3 este martes en Nativitas.","author":"ariadna","date":"junio 9, 2021","format":false,"excerpt":"#Redacci\u00f3nOaxaca #Oaxaca Maira Ric\u00e1rdez De acuerdo al recuento oficial de la Secretar\u00eda General de Gobierno, que tiene la funci\u00f3n de trabajar por un clima de estabilidad pol\u00edtica y social en el estado para el desarrollo del mismo; hasta este 09 de junio, han muerto en el \u00faltimo a\u00f1o en el\u2026","rel":"","context":"En &quot;Agenda Pol\u00edtica&quot;","block_context":{"text":"Agenda Pol\u00edtica","link":"https:\/\/redaccionoaxaca.com\/index.php\/category\/agenda-politica\/"},"img":{"alt_text":"","src":"","width":0,"height":0},"classes":[]}],"_links":{"self":[{"href":"https:\/\/redaccionoaxaca.com\/index.php\/wp-json\/wp\/v2\/posts\/36756","targetHints":{"allow":["GET"]}}],"collection":[{"href":"https:\/\/redaccionoaxaca.com\/index.php\/wp-json\/wp\/v2\/posts"}],"about":[{"href":"https:\/\/redaccionoaxaca.com\/index.php\/wp-json\/wp\/v2\/types\/post"}],"author":[{"embeddable":true,"href":"https:\/\/redaccionoaxaca.com\/index.php\/wp-json\/wp\/v2\/users\/9"}],"replies":[{"embeddable":true,"href":"https:\/\/redaccionoaxaca.com\/index.php\/wp-json\/wp\/v2\/comments?post=36756"}],"version-history":[{"count":1,"href":"https:\/\/redaccionoaxaca.com\/index.php\/wp-json\/wp\/v2\/posts\/36756\/revisions"}],"predecessor-version":[{"id":36758,"href":"https:\/\/redaccionoaxaca.com\/index.php\/wp-json\/wp\/v2\/posts\/36756\/revisions\/36758"}],"wp:attachment":[{"href":"https:\/\/redaccionoaxaca.com\/index.php\/wp-json\/wp\/v2\/media?parent=36756"}],"wp:term":[{"taxonomy":"category","embeddable":true,"href":"https:\/\/redaccionoaxaca.com\/index.php\/wp-json\/wp\/v2\/categories?post=36756"},{"taxonomy":"post_tag","embeddable":true,"href":"https:\/\/redaccionoaxaca.com\/index.php\/wp-json\/wp\/v2\/tags?post=36756"}],"curies":[{"name":"wp","href":"https:\/\/api.w.org\/{rel}","templated":true}]}}