{"id":36967,"date":"2025-05-23T14:29:03","date_gmt":"2025-05-23T20:29:03","guid":{"rendered":"https:\/\/redaccionoaxaca.com\/?p=36967"},"modified":"2025-05-23T14:29:03","modified_gmt":"2025-05-23T20:29:03","slug":"detienen-a-dos-posibles-responsables-de-detonaciones-de-arma-de-fuego-en-colonia-reforma","status":"publish","type":"post","link":"https:\/\/redaccionoaxaca.com\/index.php\/2025\/05\/23\/detienen-a-dos-posibles-responsables-de-detonaciones-de-arma-de-fuego-en-colonia-reforma\/","title":{"rendered":"Detienen a dos posibles responsables de detonaciones de arma de fuego en colonia Reforma"},"content":{"rendered":"<p><strong>#RedaccionOaxaca<\/strong><\/p>\n<p><strong>#Oaxaca<\/strong><\/p>\n<ul>\n<li style=\"text-align: justify;\">A trav\u00e9s del Mando Coordinado de Seguridad Metropolitana se activ\u00f3 de inmediato un protocolo de localizaci\u00f3n e intervenci\u00f3n para garantizar la seguridad de la ciudadan\u00eda.<\/li>\n<\/ul>\n<p style=\"text-align: justify;\">\nOaxaca de Ju\u00e1rez, Oax., 23 de mayo de 2025.- Derivado de un reporte al Centro de Control, Comando y Comunicaci\u00f3n (C4), sobre detonaciones de arma de fuego en la zona norte de la ciudad, el Mando Coordinado de Seguridad Metropolitana activ\u00f3 de inmediato un protocolo de localizaci\u00f3n e intervenci\u00f3n para ubicar a los posibles responsables.<\/p>\n<p style=\"text-align: justify;\">Gracias a la r\u00e1pida y oportuna intervenci\u00f3n de los cuerpos de seguridad, se logr\u00f3 la detenci\u00f3n de dos personas y el aseguramiento de un veh\u00edculo relacionado con los hechos, en tanto contin\u00faa el operativo para deslindar responsabilidades y garantizar la seguridad de la ciudadan\u00eda.<\/p>\n<p style=\"text-align: justify;\">En esta acci\u00f3n, participan la Polic\u00eda Estatal, la Polic\u00eda Municipal de Oaxaca de Ju\u00e1rez, la Polic\u00eda Vial Estatal, la Polic\u00eda Auxiliar, Bancaria, Industrial y Comercial (PABIC) y la Agencia Estatal de Investigaciones (AEI).<img data-recalc-dims=\"1\" loading=\"lazy\" decoding=\"async\" class=\"size-medium wp-image-36968 aligncenter\" src=\"https:\/\/i0.wp.com\/redaccionoaxaca.com\/wp-content\/uploads\/2025\/05\/WhatsApp-Image-2025-05-23-at-2.20.30-PM-1-300x169.jpeg?resize=300%2C169&#038;ssl=1\" alt=\"\" width=\"300\" height=\"169\" \/><\/p>\n","protected":false},"excerpt":{"rendered":"<p>#RedaccionOaxaca #Oaxaca A trav\u00e9s del Mando Coordinado de Seguridad Metropolitana se activ\u00f3 de inmediato un protocolo de localizaci\u00f3n e intervenci\u00f3n para garantizar la seguridad de la ciudadan\u00eda. Oaxaca de Ju\u00e1rez, Oax., 23 de mayo de 2025.- Derivado de un reporte al Centro de Control, Comando y Comunicaci\u00f3n (C4), sobre detonaciones de arma de fuego en [&hellip;]<\/p>\n","protected":false},"author":9,"featured_media":0,"comment_status":"open","ping_status":"open","sticky":false,"template":"","format":"standard","meta":{"jetpack_post_was_ever_published":false,"_jetpack_newsletter_access":"","_jetpack_dont_email_post_to_subs":false,"_jetpack_newsletter_tier_id":0,"_jetpack_memberships_contains_paywalled_content":false,"_jetpack_memberships_contains_paid_content":false,"footnotes":"","jetpack_publicize_message":"","jetpack_publicize_feature_enabled":true,"jetpack_social_post_already_shared":true,"jetpack_social_options":{"image_generator_settings":{"template":"highway","default_image_id":0,"font":"","enabled":false},"version":2}},"categories":[844,5,6],"tags":[],"class_list":{"0":"post-36967","1":"post","2":"type-post","3":"status-publish","4":"format-standard","6":"category-dulce-veneno","7":"category-imagen","8":"category-tendencias"},"jetpack_publicize_connections":[],"jetpack_featured_media_url":"","jetpack_sharing_enabled":true,"jetpack_shortlink":"https:\/\/wp.me\/p9Ynjw-9Cf","jetpack-related-posts":[{"id":37295,"url":"https:\/\/redaccionoaxaca.com\/index.php\/2025\/07\/04\/mando-de-coordinacion-de-seguridad-de-la-zona-metropolitana-realizan-despliegue-inmediato-y-trabajos-de-busqueda-de-responsables-de-homicidio-cometido-en-la-capital\/","url_meta":{"origin":36967,"position":0},"title":"Mando de Coordinaci\u00f3n de Seguridad de la Zona Metropolitana, realizan despliegue inmediato y trabajos de b\u00fasqueda de responsables de homicidio cometido en la capital","author":"ariadna","date":"julio 4, 2025","format":false,"excerpt":"#Redacci\u00f3nOaxaca Mando de Coordinaci\u00f3n de Seguridad de la Zona Metropolitana, despliega un operativo de seguimiento para dar con el paradero de tres personas involucradas en la comisi\u00f3n del delito de homicidio con disparo de arma de fuego, ocurrido la ma\u00f1ana de este viernes, en inmediaciones de la Central de Abasto\u2026","rel":"","context":"En &quot;Al Cierre&quot;","block_context":{"text":"Al Cierre","link":"https:\/\/redaccionoaxaca.com\/index.php\/category\/al-cierre\/"},"img":{"alt_text":"","src":"","width":0,"height":0},"classes":[]},{"id":29150,"url":"https:\/\/redaccionoaxaca.com\/index.php\/2023\/08\/18\/nuevo-golpe-a-la-delincuencia-por-parte-de-la-policia-municipal-de-santa-cruz-xoxocotlan\/","url_meta":{"origin":36967,"position":1},"title":"Nuevo golpe a la delincuencia por parte de la Polic\u00eda Municipal de Santa Cruz Xoxocotl\u00e1n","author":"ariadna","date":"agosto 18, 2023","format":false,"excerpt":"#Redacci\u00f3nOaxaca #Oaxaca \u2022Los esfuerzos de mi gobierno est\u00e1n enfocados para brindarle a las familias un Xoxo seguro: Chente Castellanos. Gracias a la r\u00e1pida intervenci\u00f3n de la Polic\u00eda Municipal de Santa Cruz Xoxocotl\u00e1n, se logr\u00f3 la captura de Norma L.E.H. de 30 a\u00f1os de edad, misma que portaba un arma de\u2026","rel":"","context":"En &quot;Imagen&quot;","block_context":{"text":"Imagen","link":"https:\/\/redaccionoaxaca.com\/index.php\/category\/imagen\/"},"img":{"alt_text":"","src":"https:\/\/i0.wp.com\/redaccionoaxaca.com\/wp-content\/uploads\/2023\/08\/IMG-20230818-WA0100-300x282.jpg?resize=350%2C200&ssl=1","width":350,"height":200},"classes":[]},{"id":37349,"url":"https:\/\/redaccionoaxaca.com\/index.php\/2025\/07\/08\/ejecutan-a-lider-de-transportistas-de-oaxaca-su-esposa-hijo-y-acompanante\/","url_meta":{"origin":36967,"position":2},"title":"Ejecutan a l\u00edder de transportistas de Oaxaca, su esposa, hijo y acompa\u00f1ante","author":"ariadna","date":"julio 8, 2025","format":false,"excerpt":"#Redacci\u00f3nOaxaca #Oaxaca Jaime GUERRERO Un ataque armado realizado por sujetos desconocidos en la zona del Parque del Amor -en la capital oaxaque\u00f1a- dej\u00f3 como saldo 4 personas ejecutadas, entre ellas, el Juan Yavh\u00e9 Luis Villaseca, l\u00edder de la organizaci\u00f3n \u201cConfederaci\u00f3n Joven de M\u00e9xico\u201d, su ex esposa, su hijo menor de\u2026","rel":"","context":"En &quot;Al Cierre&quot;","block_context":{"text":"Al Cierre","link":"https:\/\/redaccionoaxaca.com\/index.php\/category\/al-cierre\/"},"img":{"alt_text":"","src":"","width":0,"height":0},"classes":[]},{"id":24272,"url":"https:\/\/redaccionoaxaca.com\/index.php\/2022\/02\/27\/implementa-seguridad-publica-operativo-emergente-tras-homicidio-de-5-personas-en-colotepec-la-unica-sobreviviente-es-una-mujer\/","url_meta":{"origin":36967,"position":3},"title":"#\u00daltimaHora: Implementa Seguridad P\u00fablica operativo emergente tras homicidio de 5 personas en Colotepec, la \u00fanica sobreviviente es una mujer.","author":"ariadna","date":"febrero 27, 2022","format":false,"excerpt":"#Redacci\u00f3nOaxaca #Oaxaca #MairaRic\u00e1rdezLuna A partir de los lamentables hechos registrados esta noche en Sta. Mar\u00eda #Colotepec, regi\u00f3n de la #Costa, d\u00f3nde cinco personas perdieron la vida; la Secretaria de Seguridad P\u00fablica del Estado, Dalia Ba\u00f1os Noyola confirm\u00f3 un operativo emergente en toda la regi\u00f3n y zonas vecinas para tratar de\u2026","rel":"","context":"En &quot;Imagen&quot;","block_context":{"text":"Imagen","link":"https:\/\/redaccionoaxaca.com\/index.php\/category\/imagen\/"},"img":{"alt_text":"","src":"https:\/\/i0.wp.com\/redaccionoaxaca.com\/wp-content\/uploads\/2022\/02\/InShot_20220227_221801544-300x300.jpg?resize=350%2C200&ssl=1","width":350,"height":200},"classes":[]},{"id":35075,"url":"https:\/\/redaccionoaxaca.com\/index.php\/2025\/01\/13\/arranca-gobierno-de-oaxaca-despliegue-coordinado-de-seguridad-en-zona-metropolitana\/","url_meta":{"origin":36967,"position":4},"title":"Arranca Gobierno de Oaxaca despliegue coordinado de seguridad en Zona Metropolitana","author":"ariadna","date":"enero 13, 2025","format":false,"excerpt":"#Redacci\u00f3nOaxaca #Oaxaca \u2022 En conferencia de prensa, se firm\u00f3 el convenio para establecer el mando coordinado de esta acci\u00f3n que atender\u00e1 las causas de la violencia \u2022 Salom\u00f3n Jara anunci\u00f3 que la entidad se sumar\u00e1 a la campa\u00f1a nacional Al\u00e9jate de las drogas. El fentanilo te mata Oaxaca de Ju\u00e1rez,\u2026","rel":"","context":"En &quot;Agenda Pol\u00edtica&quot;","block_context":{"text":"Agenda Pol\u00edtica","link":"https:\/\/redaccionoaxaca.com\/index.php\/category\/agenda-politica\/"},"img":{"alt_text":"","src":"","width":0,"height":0},"classes":[]},{"id":41228,"url":"https:\/\/redaccionoaxaca.com\/index.php\/2026\/03\/30\/capturados-presuntos-responsables-del-homicidio-de-4-personas-en-matias-romero\/","url_meta":{"origin":36967,"position":5},"title":"CAPTURADOS PRESUNTOS RESPONSABLES DEL HOMICIDIO DE 4 PERSONAS EN MATIAS ROMERO","author":"ariadna","date":"marzo 30, 2026","format":false,"excerpt":"#Redacci\u00f3nOaxaca #Oaxaca * En menos de 48 horas, Fiscal\u00eda de Oaxaca y Gabinete de Seguridad detiene a cinco probables responsables de cu\u00e1druple homicidio en el Istmo * Trabajo coordinado entre AEI, Marina, DEFENSA, Guardia Nacional y Polic\u00eda Estatal permiti\u00f3 desmantelar c\u00e9lula del grupo criminal \u201cLa Empresa\u201d Oaxaca de Ju\u00e1rez, Oax.,\u2026","rel":"","context":"En &quot;Imagen&quot;","block_context":{"text":"Imagen","link":"https:\/\/redaccionoaxaca.com\/index.php\/category\/imagen\/"},"img":{"alt_text":"","src":"https:\/\/i0.wp.com\/redaccionoaxaca.com\/wp-content\/uploads\/2026\/03\/FB_IMG_1774884066118.jpg?fit=636%2C274&ssl=1&resize=350%2C200","width":350,"height":200,"srcset":"https:\/\/i0.wp.com\/redaccionoaxaca.com\/wp-content\/uploads\/2026\/03\/FB_IMG_1774884066118.jpg?fit=636%2C274&ssl=1&resize=350%2C200 1x, https:\/\/i0.wp.com\/redaccionoaxaca.com\/wp-content\/uploads\/2026\/03\/FB_IMG_1774884066118.jpg?fit=636%2C274&ssl=1&resize=525%2C300 1.5x"},"classes":[]}],"_links":{"self":[{"href":"https:\/\/redaccionoaxaca.com\/index.php\/wp-json\/wp\/v2\/posts\/36967","targetHints":{"allow":["GET"]}}],"collection":[{"href":"https:\/\/redaccionoaxaca.com\/index.php\/wp-json\/wp\/v2\/posts"}],"about":[{"href":"https:\/\/redaccionoaxaca.com\/index.php\/wp-json\/wp\/v2\/types\/post"}],"author":[{"embeddable":true,"href":"https:\/\/redaccionoaxaca.com\/index.php\/wp-json\/wp\/v2\/users\/9"}],"replies":[{"embeddable":true,"href":"https:\/\/redaccionoaxaca.com\/index.php\/wp-json\/wp\/v2\/comments?post=36967"}],"version-history":[{"count":1,"href":"https:\/\/redaccionoaxaca.com\/index.php\/wp-json\/wp\/v2\/posts\/36967\/revisions"}],"predecessor-version":[{"id":36970,"href":"https:\/\/redaccionoaxaca.com\/index.php\/wp-json\/wp\/v2\/posts\/36967\/revisions\/36970"}],"wp:attachment":[{"href":"https:\/\/redaccionoaxaca.com\/index.php\/wp-json\/wp\/v2\/media?parent=36967"}],"wp:term":[{"taxonomy":"category","embeddable":true,"href":"https:\/\/redaccionoaxaca.com\/index.php\/wp-json\/wp\/v2\/categories?post=36967"},{"taxonomy":"post_tag","embeddable":true,"href":"https:\/\/redaccionoaxaca.com\/index.php\/wp-json\/wp\/v2\/tags?post=36967"}],"curies":[{"name":"wp","href":"https:\/\/api.w.org\/{rel}","templated":true}]}}