{"id":37024,"date":"2025-05-26T19:09:07","date_gmt":"2025-05-27T01:09:07","guid":{"rendered":"https:\/\/redaccionoaxaca.com\/?p=37024"},"modified":"2025-05-26T19:09:07","modified_gmt":"2025-05-27T01:09:07","slug":"torturaron-y-ejecutaron-a-lider-comunero-de-tehuantepec-oaxaca-senalado-de-lucrar-con-tierras-del-corredor-interoceanico","status":"publish","type":"post","link":"https:\/\/redaccionoaxaca.com\/index.php\/2025\/05\/26\/torturaron-y-ejecutaron-a-lider-comunero-de-tehuantepec-oaxaca-senalado-de-lucrar-con-tierras-del-corredor-interoceanico\/","title":{"rendered":"Torturaron y ejecutaron a l\u00edder comunero de Tehuantepec, Oaxaca, se\u00f1alado de lucrar con tierras del Corredor Interoce\u00e1nico"},"content":{"rendered":"<p><strong>#RedaccionOaxaca<\/strong><\/p>\n<p><strong>#Oaxaca<\/strong><\/p>\n<p style=\"text-align: justify;\">Jaime GUERRERO<\/p>\n<p style=\"text-align: justify;\">El expresidente de bienes comunales de Santa Cruz Tagolaba, Anastasio Guti\u00e9rrez Garc\u00eda, conocido como \u201cTacho Canasta\u201d, fue torturado y posteriormente ejecutado con impactos de arma de fuego.<\/p>\n<p style=\"text-align: justify;\">El pol\u00e9mico pseudo luchador social, fue ejecutado en un paraje de la sexta secci\u00f3n de Tehuantepec.<\/p>\n<p style=\"text-align: justify;\">Su cuerpo fue localizado en la ma\u00f1ana de hoy, en un predio cercano a la carretera Trans\u00edstmica, entre Tehuantepec y Salina Cruz.<\/p>\n<p style=\"text-align: justify;\">Al lugar arribaron elementos de diversas corporaciones policiacas y de la fiscal\u00eda del Estado para realizar las primeras diligencias e iniciar con las investigaciones que den con los autores materiales e intelectuales del crimen.<\/p>\n<p style=\"text-align: justify;\">Guti\u00e9rrez Garc\u00eda, se vincul\u00f3 con la Confederaci\u00f3n Nacional Campesina (CNC), y desde el sexenio del expresidente Andr\u00e9s Manuel L\u00f3pez Obrador se sum\u00f3 al movimiento de regeneraci\u00f3n nacional.<\/p>\n<p style=\"text-align: justify;\">Tacho Canasta fue se\u00f1alado de lucrar con las tierras de Tagolaba del proyecto del corredor interoce\u00e1nico.<\/p>\n<p style=\"text-align: justify;\">Entre las denuncias interpuestas contra Tacho Canasta se encuentran por el delito de Despojo y robo de Veh\u00edculo, la v\u00edctima fue la autoridad de Bienes Comunales de Santa Cruz Tagolaba en Tehuantepec, bajo la Carpeta de investigaci\u00f3n 23704\/FIST\/TEHUANTEPEC\/2020 y Causa Penal 282\/2020,<\/p>\n<p style=\"text-align: justify;\">Por el delito de Privaci\u00f3n Ilegal de la Libertad, Tentativa de Robo de Veh\u00edculo y Amenazas, la v\u00edctima comunidad de Bienes Comunales de Santa Cruz Tagolaba en Tehuantepec, bajo la carpeta de investigaci\u00f3n 25248\/FIST\/TEHUANTEPEC\/2020.<\/p>\n<p style=\"text-align: justify;\">Por el delito de despojo, la v\u00edctima es Salvador Petriz Garc\u00eda, bajo la carpeta de investigaci\u00f3n n\u00famero 2057\/FIST\/TEHUANTEPEC\/2021.<\/p>\n<p style=\"text-align: justify;\">Por el delito de Robo de Veh\u00edculo, la v\u00edctima es V\u00edctor Alquisirez Ramos, bajo la carpeta de investigaci\u00f3n n\u00famero 11598\/FIST\/TEHUANTEPEC\/2021.<\/p>\n<p style=\"text-align: justify;\">Por el Delito de Despojo, la v\u00edctima es Norma Ang\u00e9lica Miranda Reyna, bajo la carpeta de investigaci\u00f3n n\u00famero 8669\/FIST\/TEHUANTEPEC\/2021.<\/p>\n","protected":false},"excerpt":{"rendered":"<p>#RedaccionOaxaca #Oaxaca Jaime GUERRERO El expresidente de bienes comunales de Santa Cruz Tagolaba, Anastasio Guti\u00e9rrez Garc\u00eda, conocido como \u201cTacho Canasta\u201d, fue torturado y posteriormente ejecutado con impactos de arma de fuego. El pol\u00e9mico pseudo luchador social, fue ejecutado en un paraje de la sexta secci\u00f3n de Tehuantepec. Su cuerpo fue localizado en la ma\u00f1ana de [&hellip;]<\/p>\n","protected":false},"author":9,"featured_media":0,"comment_status":"open","ping_status":"open","sticky":false,"template":"","format":"standard","meta":{"jetpack_post_was_ever_published":false,"_jetpack_newsletter_access":"","_jetpack_dont_email_post_to_subs":false,"_jetpack_newsletter_tier_id":0,"_jetpack_memberships_contains_paywalled_content":false,"_jetpack_memberships_contains_paid_content":false,"footnotes":"","jetpack_publicize_message":"","jetpack_publicize_feature_enabled":true,"jetpack_social_post_already_shared":true,"jetpack_social_options":{"image_generator_settings":{"template":"highway","default_image_id":0,"font":"","enabled":false},"version":2}},"categories":[844,5,6],"tags":[],"class_list":{"0":"post-37024","1":"post","2":"type-post","3":"status-publish","4":"format-standard","6":"category-dulce-veneno","7":"category-imagen","8":"category-tendencias"},"jetpack_publicize_connections":[],"jetpack_featured_media_url":"","jetpack_sharing_enabled":true,"jetpack_shortlink":"https:\/\/wp.me\/p9Ynjw-9Da","jetpack-related-posts":[{"id":19874,"url":"https:\/\/redaccionoaxaca.com\/index.php\/2021\/06\/17\/ejecutan-a-periodista-oaxaqueno-en-2020-sobrevivio-a-un-atentado\/","url_meta":{"origin":37024,"position":0},"title":"Ejecutan a periodista oaxaque\u00f1o; en 2020 sobrevivi\u00f3 a un atentado.","author":"ariadna","date":"junio 17, 2021","format":false,"excerpt":"#Redacci\u00f3nOaxaca #Oaxaca Citlalli L\u00f3pez Vel\u00e1zquez El periodista oaxaque\u00f1o Gustavo S\u00e1nchez Cabrera fue ejecutado la ma\u00f1ana de este jueves en Morro Mazat\u00e1n, perteneciente al municipio de Santo Domingo Tehuantepec. El editor del portal de noticias La Policiaca del Istmo en Salina Cruz, ya hab\u00eda denunciado en diversas ocasiones amenazas de muerte\u2026","rel":"","context":"En &quot;Al Cierre&quot;","block_context":{"text":"Al Cierre","link":"https:\/\/redaccionoaxaca.com\/index.php\/category\/al-cierre\/"},"img":{"alt_text":"","src":"https:\/\/i0.wp.com\/redaccionoaxaca.com\/wp-content\/uploads\/2021\/06\/IMG-20210617-WA0027-300x118.jpg?resize=350%2C200&ssl=1","width":350,"height":200},"classes":[]},{"id":9838,"url":"https:\/\/redaccionoaxaca.com\/index.php\/2019\/12\/31\/once-personas-asesinadas-y-el-robo-de-300-mil-pesos-deja-penultimo-dia-del-2019\/","url_meta":{"origin":37024,"position":1},"title":"Once personas asesinadas y el robo de 300 mil pesos, deja pen\u00faltimo d\u00eda del 2019.","author":"ariadna","date":"diciembre 31, 2019","format":false,"excerpt":"#Redacci\u00f3nOaxaca #Oaxaca Jaime GUERRERO Al menos 11 personas ejecutadas en la regi\u00f3n de la Mixteca, Sierra Sur, Istmo de Tehuantepec y la Regi\u00f3n de la Cuenca del Papaloapan, as\u00ed como el robo de 300 mil pesos a un cuentahabiente en la capital del Oaxaca, es el saldo preliminar de las\u2026","rel":"","context":"Entrada similar ","block_context":{"text":"Entrada similar ","link":""},"img":{"alt_text":"","src":"","width":0,"height":0},"classes":[]},{"id":29988,"url":"https:\/\/redaccionoaxaca.com\/index.php\/2023\/12\/22\/regresa-el-tren-de-pasajeros-al-istmo-de-tehuantepec-un-dia-historico-para-nuestro-pais-destaca-el-presidente-lopez-obrador\/","url_meta":{"origin":37024,"position":2},"title":"Regresa el Tren de pasajeros al Istmo de Tehuantepec; un d\u00eda hist\u00f3rico para nuestro pa\u00eds, destaca el Presidente L\u00f3pez Obrador","author":"ariadna","date":"diciembre 22, 2023","format":false,"excerpt":"#Redacci\u00f3nOaxaca #Oaxaca \u2022 Fue inaugurada la L\u00ednea Z del Tren de pasajeros del Corredor Interoce\u00e1nico, ante los gobernadores de Oaxaca y Veracruz, Salom\u00f3n Jara y Cuitl\u00e1huac Garc\u00eda \u2022 Ser\u00e1n nueve estaciones de la L\u00ednea Z y cada tren tendr\u00e1 la capacidad de transportar hasta 400 personas Salina Cruz, Oax. 22\u2026","rel":"","context":"En &quot;Imagen&quot;","block_context":{"text":"Imagen","link":"https:\/\/redaccionoaxaca.com\/index.php\/category\/imagen\/"},"img":{"alt_text":"","src":"https:\/\/i0.wp.com\/redaccionoaxaca.com\/wp-content\/uploads\/2023\/12\/IMG-20231222-WA0094-300x200.jpg?resize=350%2C200&ssl=1","width":350,"height":200},"classes":[]},{"id":24651,"url":"https:\/\/redaccionoaxaca.com\/index.php\/2022\/03\/23\/esposo-de-presidenta-municipal-de-tehuantepec-oaxaca-amenaza-de-muerte-a-reportero-por-exhibir-nepotismo\/","url_meta":{"origin":37024,"position":3},"title":"Esposo de Presidenta Municipal de Tehuantepec, Oaxaca amenaza de muerte a reportero por exhibir nepotismo.","author":"ariadna","date":"marzo 23, 2022","format":false,"excerpt":"#Redacci\u00f3nOaxaca #Oaxaca Jaime GUERRERO Raciel Cabrera Garc\u00eda, Secretario T\u00e9cnico del Gobierno Municipal de Santo Domingo Tehuantepec y esposo de la presidenta, Vilma Mart\u00ednez Cort\u00e9s, amenaz\u00f3 de muerte al reportero Macedonio Villalobos Gallegos. Por los pronto el comunicador ya acudi\u00f3 a la Fiscal\u00eda General del Estado a interponer su denuncia, mientras\u2026","rel":"","context":"En &quot;Agenda Pol\u00edtica&quot;","block_context":{"text":"Agenda Pol\u00edtica","link":"https:\/\/redaccionoaxaca.com\/index.php\/category\/agenda-politica\/"},"img":{"alt_text":"","src":"https:\/\/i0.wp.com\/redaccionoaxaca.com\/wp-content\/uploads\/2022\/03\/IMG-20220323-WA0028-196x300.jpg?resize=350%2C200&ssl=1","width":350,"height":200},"classes":[]},{"id":14852,"url":"https:\/\/redaccionoaxaca.com\/index.php\/2020\/10\/20\/el-obispo-arturo-lona-reyes-fue-internado-de-urgencia-en-el-istmo\/","url_meta":{"origin":37024,"position":4},"title":"EL OBISPO ARTURO LONA REYES FUE INTERNADO DE URGENCIA EN EL ISTMO.","author":"ariadna","date":"octubre 20, 2020","format":false,"excerpt":"#Redacci\u00f3nOaxaca #Oaxaca Humberto Cruz El obispo em\u00e9rito de la di\u00f3cesis de #Tehuantepec, Arturo Lona Reyes, fue internado anoche en el hospital de Lagunas, en el Istmo. A\u00fan no hay un reporte m\u00e9dico claro sobre su estado de salud, pero se pudo establecer que recibi\u00f3 protocolo de atenci\u00f3n #COVID19 debido a\u2026","rel":"","context":"En &quot;Al Cierre&quot;","block_context":{"text":"Al Cierre","link":"https:\/\/redaccionoaxaca.com\/index.php\/category\/al-cierre\/"},"img":{"alt_text":"","src":"https:\/\/i0.wp.com\/redaccionoaxaca.com\/wp-content\/uploads\/2020\/10\/IMG-20201020-WA0051-300x212.jpg?resize=350%2C200","width":350,"height":200},"classes":[]},{"id":40611,"url":"https:\/\/redaccionoaxaca.com\/index.php\/2026\/02\/20\/celula-delictiva-local-estaria-detras-de-triple-homicidio-en-el-istmo\/","url_meta":{"origin":37024,"position":5},"title":"C\u00e9lula delictiva local estar\u00eda detr\u00e1s de triple homicidio en el Istmo","author":"ariadna","date":"febrero 20, 2026","format":false,"excerpt":"#Redacci\u00f3nOaxaca #Oaxaca Una c\u00e9lula delictiva que opera en la regi\u00f3n del Istmo de Tehuantepec es se\u00f1alada como la probable responsable del asesinato de tres hombres ocurrido la noche de ayer en Asunci\u00f3n Ixtaltepec. De acuerdo con las primeras investigaciones de la Fiscal\u00eda General del Estado de Oaxaca, el ataque fue\u2026","rel":"","context":"En &quot;Imagen&quot;","block_context":{"text":"Imagen","link":"https:\/\/redaccionoaxaca.com\/index.php\/category\/imagen\/"},"img":{"alt_text":"","src":"https:\/\/i0.wp.com\/redaccionoaxaca.com\/wp-content\/uploads\/2026\/02\/FB_IMG_1771599686639.jpg?fit=1073%2C1200&ssl=1&resize=350%2C200","width":350,"height":200,"srcset":"https:\/\/i0.wp.com\/redaccionoaxaca.com\/wp-content\/uploads\/2026\/02\/FB_IMG_1771599686639.jpg?fit=1073%2C1200&ssl=1&resize=350%2C200 1x, https:\/\/i0.wp.com\/redaccionoaxaca.com\/wp-content\/uploads\/2026\/02\/FB_IMG_1771599686639.jpg?fit=1073%2C1200&ssl=1&resize=525%2C300 1.5x, https:\/\/i0.wp.com\/redaccionoaxaca.com\/wp-content\/uploads\/2026\/02\/FB_IMG_1771599686639.jpg?fit=1073%2C1200&ssl=1&resize=700%2C400 2x, https:\/\/i0.wp.com\/redaccionoaxaca.com\/wp-content\/uploads\/2026\/02\/FB_IMG_1771599686639.jpg?fit=1073%2C1200&ssl=1&resize=1050%2C600 3x"},"classes":[]}],"_links":{"self":[{"href":"https:\/\/redaccionoaxaca.com\/index.php\/wp-json\/wp\/v2\/posts\/37024","targetHints":{"allow":["GET"]}}],"collection":[{"href":"https:\/\/redaccionoaxaca.com\/index.php\/wp-json\/wp\/v2\/posts"}],"about":[{"href":"https:\/\/redaccionoaxaca.com\/index.php\/wp-json\/wp\/v2\/types\/post"}],"author":[{"embeddable":true,"href":"https:\/\/redaccionoaxaca.com\/index.php\/wp-json\/wp\/v2\/users\/9"}],"replies":[{"embeddable":true,"href":"https:\/\/redaccionoaxaca.com\/index.php\/wp-json\/wp\/v2\/comments?post=37024"}],"version-history":[{"count":1,"href":"https:\/\/redaccionoaxaca.com\/index.php\/wp-json\/wp\/v2\/posts\/37024\/revisions"}],"predecessor-version":[{"id":37026,"href":"https:\/\/redaccionoaxaca.com\/index.php\/wp-json\/wp\/v2\/posts\/37024\/revisions\/37026"}],"wp:attachment":[{"href":"https:\/\/redaccionoaxaca.com\/index.php\/wp-json\/wp\/v2\/media?parent=37024"}],"wp:term":[{"taxonomy":"category","embeddable":true,"href":"https:\/\/redaccionoaxaca.com\/index.php\/wp-json\/wp\/v2\/categories?post=37024"},{"taxonomy":"post_tag","embeddable":true,"href":"https:\/\/redaccionoaxaca.com\/index.php\/wp-json\/wp\/v2\/tags?post=37024"}],"curies":[{"name":"wp","href":"https:\/\/api.w.org\/{rel}","templated":true}]}}