{"id":37027,"date":"2025-05-27T09:29:04","date_gmt":"2025-05-27T15:29:04","guid":{"rendered":"https:\/\/redaccionoaxaca.com\/?p=37027"},"modified":"2025-05-27T09:41:31","modified_gmt":"2025-05-27T15:41:31","slug":"caen-presuntos-asaltantes-en-la-colonia-reforma-ya-estan-vinculados-a-proceso","status":"publish","type":"post","link":"https:\/\/redaccionoaxaca.com\/index.php\/2025\/05\/27\/caen-presuntos-asaltantes-en-la-colonia-reforma-ya-estan-vinculados-a-proceso\/","title":{"rendered":"Caen presuntos asaltantes en la colonia Reforma; ya est\u00e1n vinculados a proceso"},"content":{"rendered":"<p><strong>#RedaccionOaxaca<\/strong><\/p>\n<p><strong>#Oaxaca<\/strong><\/p>\n<p style=\"text-align: justify;\">Tres hombres fueron vinculados a proceso y enviados a prisi\u00f3n preventiva por su presunta participaci\u00f3n en un violento asalto cometido el pasado viernes 23 de mayo en la colonia Reforma, una de las zonas m\u00e1s transitadas de la capital oaxaque\u00f1a.<\/p>\n<p style=\"text-align: justify;\">De acuerdo con informaci\u00f3n confirmada por la Fiscal\u00eda General del Estado, la v\u00edctima acababa de salir de una sucursal bancaria ubicada sobre la calzada Porfirio D\u00edaz cuando fue interceptada por un grupo de sujetos que la despojaron de aproximadamente 250 mil pesos en efectivo. El robo fue ejecutado con violencia, a plena luz del d\u00eda.<\/p>\n<p style=\"text-align: justify;\">La r\u00e1pida intervenci\u00f3n de corporaciones policiacas municipales, estatales y federales permiti\u00f3 montar un operativo que deriv\u00f3 en la detenci\u00f3n de tres sospechosos identificados como C.A.M.S., G.R.R. y L.A.B.G. Seg\u00fan las investigaciones, los tres forman parte de una banda de asaltantes que operaba en la capital; dos de ellos son originarios de la Ciudad de M\u00e9xico y uno m\u00e1s del Estado de M\u00e9xico.<\/p>\n<p style=\"text-align: justify;\">Las autoridades no descartan que este grupo est\u00e9 relacionado con otros robos ocurridos recientemente en la Zona Metropolitana de Oaxaca, por lo que las investigaciones contin\u00faan.<\/p>\n<p style=\"text-align: justify;\">El juez encargado del caso determin\u00f3 que existen elementos suficientes para procesarlos por el delito de robo calificado, por lo que orden\u00f3 su reclusi\u00f3n preventiva y otorg\u00f3 un plazo de dos meses para el cierre de la investigaci\u00f3n complementaria.<\/p>\n","protected":false},"excerpt":{"rendered":"<p>#RedaccionOaxaca #Oaxaca Tres hombres fueron vinculados a proceso y enviados a prisi\u00f3n preventiva por su presunta participaci\u00f3n en un violento asalto cometido el pasado viernes 23 de mayo en la colonia Reforma, una de las zonas m\u00e1s transitadas de la capital oaxaque\u00f1a. De acuerdo con informaci\u00f3n confirmada por la Fiscal\u00eda General del Estado, la v\u00edctima [&hellip;]<\/p>\n","protected":false},"author":9,"featured_media":0,"comment_status":"open","ping_status":"open","sticky":false,"template":"","format":"standard","meta":{"jetpack_post_was_ever_published":false,"_jetpack_newsletter_access":"","_jetpack_dont_email_post_to_subs":false,"_jetpack_newsletter_tier_id":0,"_jetpack_memberships_contains_paywalled_content":false,"_jetpack_memberships_contains_paid_content":false,"footnotes":"","jetpack_publicize_message":"","jetpack_publicize_feature_enabled":true,"jetpack_social_post_already_shared":true,"jetpack_social_options":{"image_generator_settings":{"template":"highway","default_image_id":0,"font":"","enabled":false},"version":2}},"categories":[844,5,6],"tags":[],"class_list":{"0":"post-37027","1":"post","2":"type-post","3":"status-publish","4":"format-standard","6":"category-dulce-veneno","7":"category-imagen","8":"category-tendencias"},"jetpack_publicize_connections":[],"jetpack_featured_media_url":"","jetpack_sharing_enabled":true,"jetpack_shortlink":"https:\/\/wp.me\/p9Ynjw-9Dd","jetpack-related-posts":[{"id":2977,"url":"https:\/\/redaccionoaxaca.com\/index.php\/2018\/10\/03\/tenorio-declaro-bienes-y-propiedades-por-25-mdp\/","url_meta":{"origin":37027,"position":0},"title":"Tenorio declar\u00f3 bienes y propiedades por 25 mdp","author":"jaime","date":"octubre 3, 2018","format":false,"excerpt":"#Redacci\u00f3nOaxaca #Oaxaca Jaime GUERRERO\u00a0 En sus declaraciones patrimoniales ante la Secretar\u00eda de la Contralor\u00eda - entonces a cargo de Perla Marisela Woolrich Fern\u00e1ndez- el ex titular de los Servicios de Salud de Oaxaca (SSO), German Tenorio Vasconcelos, declar\u00f3 tener bienes y cuentas bancarias, por 25 millones de pesos. Actualmente la\u2026","rel":"","context":"Entrada similar ","block_context":{"text":"Entrada similar ","link":""},"img":{"alt_text":"","src":"","width":0,"height":0},"classes":[]},{"id":40790,"url":"https:\/\/redaccionoaxaca.com\/index.php\/2026\/03\/03\/congreso-de-oaxaca-aprueba-crear-dos-fiscalias-especializadas-en-tortura-y-desaparicion-de-personas\/","url_meta":{"origin":37027,"position":1},"title":"Congreso de Oaxaca aprueba crear dos fiscal\u00edas especializadas en tortura y desaparici\u00f3n de personas","author":"ariadna","date":"marzo 3, 2026","format":"video","excerpt":"#Redacci\u00f3nOaxaca #Oaxaca #JaimeGUERRERO El pleno del Congreso del Estado de Oaxaca aprob\u00f3 con 33 votos una reformar la Ley Org\u00e1nica de la Fiscal\u00eda General del Estado y la Ley en Materia de Desaparici\u00f3n de Personas, con el objetivo de crear dos fiscal\u00edas especializadas que atiendan de forma exclusiva los delitos\u2026","rel":"","context":"En &quot;Agenda Pol\u00edtica&quot;","block_context":{"text":"Agenda Pol\u00edtica","link":"https:\/\/redaccionoaxaca.com\/index.php\/category\/agenda-politica\/"},"img":{"alt_text":"","src":"https:\/\/i0.wp.com\/redaccionoaxaca.com\/wp-content\/uploads\/2026\/03\/Screenshot_20260303_130254_WhatsApp-scaled.jpg?fit=1200%2C843&ssl=1&resize=350%2C200","width":350,"height":200,"srcset":"https:\/\/i0.wp.com\/redaccionoaxaca.com\/wp-content\/uploads\/2026\/03\/Screenshot_20260303_130254_WhatsApp-scaled.jpg?fit=1200%2C843&ssl=1&resize=350%2C200 1x, https:\/\/i0.wp.com\/redaccionoaxaca.com\/wp-content\/uploads\/2026\/03\/Screenshot_20260303_130254_WhatsApp-scaled.jpg?fit=1200%2C843&ssl=1&resize=525%2C300 1.5x, https:\/\/i0.wp.com\/redaccionoaxaca.com\/wp-content\/uploads\/2026\/03\/Screenshot_20260303_130254_WhatsApp-scaled.jpg?fit=1200%2C843&ssl=1&resize=700%2C400 2x, https:\/\/i0.wp.com\/redaccionoaxaca.com\/wp-content\/uploads\/2026\/03\/Screenshot_20260303_130254_WhatsApp-scaled.jpg?fit=1200%2C843&ssl=1&resize=1050%2C600 3x"},"classes":[]},{"id":39068,"url":"https:\/\/redaccionoaxaca.com\/index.php\/2025\/11\/11\/detienen-a-tres-personas-por-desaparicion-y-asesinato-de-nina-en-juchitan-fiscalia-de-oaxaca-amplia-investigacion\/","url_meta":{"origin":37027,"position":2},"title":"Detienen a tres personas por desaparici\u00f3n y asesinato de ni\u00f1a en Juchit\u00e1n; Fiscal\u00eda de Oaxaca ampl\u00eda investigaci\u00f3n","author":"ariadna","date":"noviembre 11, 2025","format":false,"excerpt":"#RedesOaxaca #Oaxaca * El hallazgo de la menor sin vida deriv\u00f3 de un operativo conjunto con fuerzas federales; no se descarta la participaci\u00f3n de una c\u00e9lula delictiva en el crimen. Oaxaca de Ju\u00e1rez, Oax., 11 de noviembre de 2025.\u2013 Un operativo conjunto de inteligencia y b\u00fasqueda permiti\u00f3 la detenci\u00f3n de\u2026","rel":"","context":"En &quot;Agenda Pol\u00edtica&quot;","block_context":{"text":"Agenda Pol\u00edtica","link":"https:\/\/redaccionoaxaca.com\/index.php\/category\/agenda-politica\/"},"img":{"alt_text":"","src":"https:\/\/i0.wp.com\/redaccionoaxaca.com\/wp-content\/uploads\/2025\/11\/InShot_20251111_175740269.jpg?fit=1200%2C729&ssl=1&resize=350%2C200","width":350,"height":200,"srcset":"https:\/\/i0.wp.com\/redaccionoaxaca.com\/wp-content\/uploads\/2025\/11\/InShot_20251111_175740269.jpg?fit=1200%2C729&ssl=1&resize=350%2C200 1x, https:\/\/i0.wp.com\/redaccionoaxaca.com\/wp-content\/uploads\/2025\/11\/InShot_20251111_175740269.jpg?fit=1200%2C729&ssl=1&resize=525%2C300 1.5x, https:\/\/i0.wp.com\/redaccionoaxaca.com\/wp-content\/uploads\/2025\/11\/InShot_20251111_175740269.jpg?fit=1200%2C729&ssl=1&resize=700%2C400 2x, https:\/\/i0.wp.com\/redaccionoaxaca.com\/wp-content\/uploads\/2025\/11\/InShot_20251111_175740269.jpg?fit=1200%2C729&ssl=1&resize=1050%2C600 3x"},"classes":[]},{"id":1213,"url":"https:\/\/redaccionoaxaca.com\/index.php\/2018\/07\/11\/formal-prision-a-tenorio-ahora-por-ocultar-compra-de-avioneta-tiene-propiedades-por-25-mdp\/","url_meta":{"origin":37027,"position":3},"title":"FORMAL PRISI\u00d3N A TENORIO, AHORA POR OCULTAR COMPRA  DE AVIONETA; TIENE PROPIEDADES POR 25 MDP","author":"denise","date":"julio 11, 2018","format":false,"excerpt":"#Redacci\u00f3nOaxaca Jaime GUERRERO German Tenorio Vasconcelos, ex secretario de Salud del ex gobernador, Gabino Cu\u00e9 Monteagudo, fue notificado por el juez Segundo Penal del auto de formal prisi\u00f3n en su contra por su probable responsabilidad en la comisi\u00f3n del delito de falsedad de declaraciones en su declaraci\u00f3n patrimonial, al adquirir\u2026","rel":"","context":"En &quot;Agenda Pol\u00edtica&quot;","block_context":{"text":"Agenda Pol\u00edtica","link":"https:\/\/redaccionoaxaca.com\/index.php\/category\/agenda-politica\/"},"img":{"alt_text":"","src":"","width":0,"height":0},"classes":[]},{"id":18935,"url":"https:\/\/redaccionoaxaca.com\/index.php\/2021\/05\/13\/en-prision-y-vinculados-a-proceso-presidenta-municipal-de-nochixtlan-por-desaparicion-de-activista-mexico-britanica\/","url_meta":{"origin":37027,"position":4},"title":"En prisi\u00f3n y vinculados a proceso, Presidenta Municipal de Nochixtl\u00e1n, por desaparici\u00f3n de activista M\u00e9xico-Brit\u00e1nica.","author":"ariadna","date":"mayo 13, 2021","format":false,"excerpt":"#Redacci\u00f3nOaxaca #Oaxaca Jaime GUERRERO La Fiscal\u00eda General del Estado de Oaxaca (#FGEO) obtuvo, del Juzgado de Control, auto de vinculaci\u00f3n a proceso contra Lizbeth Victoria Huerta, su asesor jur\u00eddico y su escolta, J. R. M. M. y J. A. H., como probables responsables del delito de desaparici\u00f3n de personas en\u2026","rel":"","context":"En &quot;Agenda Pol\u00edtica&quot;","block_context":{"text":"Agenda Pol\u00edtica","link":"https:\/\/redaccionoaxaca.com\/index.php\/category\/agenda-politica\/"},"img":{"alt_text":"","src":"","width":0,"height":0},"classes":[]},{"id":155,"url":"https:\/\/redaccionoaxaca.com\/index.php\/2018\/06\/11\/junio-mes-funesto-para-las-mujeres\/","url_meta":{"origin":37027,"position":5},"title":"Junio, mes funesto para las mujeres","author":"citlali","date":"junio 11, 2018","format":false,"excerpt":"Los primeros diez d\u00edas de junio han sido funestos para las mujeres. En ese lapso cuatro fueron asesinadas y al menos tres reportadas como desaparecidas. Los datos son a\u00fan m\u00e1s duros. En un solo hecho dos mujeres fueron acribilladas, mientras que el mismo d\u00edas tres j\u00f3venes estudiantes desaparecieron en distintos\u2026","rel":"","context":"Entrada similar ","block_context":{"text":"Entrada similar ","link":""},"img":{"alt_text":"","src":"https:\/\/i0.wp.com\/redaccionoaxaca.com\/wp-content\/uploads\/2018\/06\/violencia-contra-las-mujeres--300x263.jpeg?resize=350%2C200","width":350,"height":200},"classes":[]}],"_links":{"self":[{"href":"https:\/\/redaccionoaxaca.com\/index.php\/wp-json\/wp\/v2\/posts\/37027","targetHints":{"allow":["GET"]}}],"collection":[{"href":"https:\/\/redaccionoaxaca.com\/index.php\/wp-json\/wp\/v2\/posts"}],"about":[{"href":"https:\/\/redaccionoaxaca.com\/index.php\/wp-json\/wp\/v2\/types\/post"}],"author":[{"embeddable":true,"href":"https:\/\/redaccionoaxaca.com\/index.php\/wp-json\/wp\/v2\/users\/9"}],"replies":[{"embeddable":true,"href":"https:\/\/redaccionoaxaca.com\/index.php\/wp-json\/wp\/v2\/comments?post=37027"}],"version-history":[{"count":2,"href":"https:\/\/redaccionoaxaca.com\/index.php\/wp-json\/wp\/v2\/posts\/37027\/revisions"}],"predecessor-version":[{"id":37030,"href":"https:\/\/redaccionoaxaca.com\/index.php\/wp-json\/wp\/v2\/posts\/37027\/revisions\/37030"}],"wp:attachment":[{"href":"https:\/\/redaccionoaxaca.com\/index.php\/wp-json\/wp\/v2\/media?parent=37027"}],"wp:term":[{"taxonomy":"category","embeddable":true,"href":"https:\/\/redaccionoaxaca.com\/index.php\/wp-json\/wp\/v2\/categories?post=37027"},{"taxonomy":"post_tag","embeddable":true,"href":"https:\/\/redaccionoaxaca.com\/index.php\/wp-json\/wp\/v2\/tags?post=37027"}],"curies":[{"name":"wp","href":"https:\/\/api.w.org\/{rel}","templated":true}]}}