{"id":37051,"date":"2025-05-28T22:14:41","date_gmt":"2025-05-29T04:14:41","guid":{"rendered":"https:\/\/redaccionoaxaca.com\/?p=37051"},"modified":"2025-05-28T22:14:41","modified_gmt":"2025-05-29T04:14:41","slug":"proponen-que-la-ddhpo-pueda-conocer-e-investigar-denuncias-anonimas-sobre-violaciones-a-derechos-humanos","status":"publish","type":"post","link":"https:\/\/redaccionoaxaca.com\/index.php\/2025\/05\/28\/proponen-que-la-ddhpo-pueda-conocer-e-investigar-denuncias-anonimas-sobre-violaciones-a-derechos-humanos\/","title":{"rendered":"Proponen que la DDHPO pueda conocer e investigar denuncias an\u00f3nimas sobre violaciones a derechos humanos"},"content":{"rendered":"<p><strong>#Redacci\u00f3nOaxaca<\/strong><\/p>\n<p style=\"text-align: justify;\"><strong>#Oaxaca<\/strong><\/p>\n<p>* <em>Diputada M\u00f3nica Bel\u00e9n de Fuerza por Oaxaca busca reformar el art\u00edculo 13 de la Ley del referido organismo aut\u00f3nomo<\/em><\/p>\n<p style=\"text-align: justify;\">* <em>La Iniciativa de Ley fue presentada en la Sesi\u00f3n Ordinaria del 09 de abril de 2025, la cual plantea incorporar la denuncia an\u00f3nima como mecanismo de acceso a la justicia de las v\u00edctimas<\/em><\/p>\n<p style=\"text-align: justify;\"><em>* Necesario investigarlas, que tengan validez, asimismo, salvaguardar la confidencialidad y seguridad de las personas que reporten estos hechos<\/em><\/p>\n<p style=\"text-align: justify;\">San Raymundo Jalpan, Oax., a 28 de mayo de 2025.- Con el prop\u00f3sito de proteger a las v\u00edctimas, fortalecer la lucha contra la violencia de g\u00e9nero, identificar patrones de abuso y violaciones a las garant\u00edas individuales, as\u00ed como, contribuir a la erradicaci\u00f3n de la impunidad, la diputada M\u00f3nica Bel\u00e9n L\u00f3pez Javier, plante\u00f3 al Parlamento del Estado que la Defensor\u00eda de los Derechos Humanos del Pueblo de Oaxaca (DDHPO) tenga la facultad de conocer e investigar las denuncias an\u00f3nimas sobre violaciones a derechos humanos.<\/p>\n<p style=\"text-align: justify;\">Lo anterior, cuando de los hechos narrados se desprenda la existencia de actos u omisiones de autoridades administrativas, servidoras y servidores p\u00fablicos estatales o municipales, o de particulares que act\u00faen con la tolerancia o anuencia de estos \u00faltimos, garantizando en todo momento la confidencialidad y protecci\u00f3n de la identidad de quienes proporcionen la informaci\u00f3n.<\/p>\n<p style=\"text-align: justify;\">Para tal fin, la promovente del partido Fuerza por Oaxaca plantea adicionar la fracci\u00f3n XXXIII, recorri\u00e9ndose en su orden la subsecuente del art\u00edculo 13 de la Ley de la DDHPO.<\/p>\n<p style=\"text-align: justify;\">L\u00f3pez Javier destac\u00f3 que en otros pa\u00edses y estados del pa\u00eds las denuncias an\u00f3nimas han sido claves para desarticular redes de trata de personas, combatir la corrupci\u00f3n gubernamental y el abuso policial, adem\u00e1s que han fortalecido la rendici\u00f3n de cuentas y protegido las garant\u00edas fundamentales.<\/p>\n<p style=\"text-align: justify;\">Por ello consider\u00f3 necesario que Oaxaca no permanezca ajena a esta realidad y garantice que quien denuncie bajo esta modalidad lo haga sin miedo y sin temor a represalias.<\/p>\n<p style=\"text-align: justify;\">De concretarse esta modificaci\u00f3n, precis\u00f3, se fortalecer\u00eda el marco legal de la Defensor\u00eda dot\u00e1ndola de una herramienta clave para la detecci\u00f3n, averiguaci\u00f3n y prevenci\u00f3n de abusos, beneficiando a la ciudadan\u00eda oaxaque\u00f1a, con un enfoque especial en los sectores m\u00e1s vulnerables incluyendo a las ni\u00f1as, ni\u00f1os, adolescentes, pueblos y comunidades ind\u00edgenas y afromexicanas, de igual forma, a las personas defensoras que buscan visibilizar actos violatorios.<\/p>\n<p style=\"text-align: justify;\">De acuerdo con la Encuesta Nacional de Victimizaci\u00f3n y Percepci\u00f3n sobre Seguridad P\u00fablica (ENVIPE) 2023, publicada por el Instituto Nacional de Estad\u00edstica y Geograf\u00eda (INEGI) el 93.2 por ciento de los delitos no fueron denunciados o no derivaron en una investigaci\u00f3n. Entre las principales razones para no denunciar, se encuentran el miedo a represalias (19.9 por ciento) y la desconfianza en las autoridades (29.2 por ciento).<\/p>\n<p style=\"text-align: justify;\">Este Proyecto de Decreto fue presentado por la legisladora en el marco de la Sesi\u00f3n Ordinaria de la LXVI Legislatura del Congreso de Oaxaca el pasado 09 de abril del presente a\u00f1o y turnada para su estudio a la Comisi\u00f3n Permanente de Derechos Humanos.<\/p>\n","protected":false},"excerpt":{"rendered":"<p>#Redacci\u00f3nOaxaca #Oaxaca * Diputada M\u00f3nica Bel\u00e9n de Fuerza por Oaxaca busca reformar el art\u00edculo 13 de la Ley del referido organismo aut\u00f3nomo * La Iniciativa de Ley fue presentada en la Sesi\u00f3n Ordinaria del 09 de abril de 2025, la cual plantea incorporar la denuncia an\u00f3nima como mecanismo de acceso a la justicia de las [&hellip;]<\/p>\n","protected":false},"author":9,"featured_media":0,"comment_status":"open","ping_status":"open","sticky":false,"template":"","format":"standard","meta":{"jetpack_post_was_ever_published":false,"_jetpack_newsletter_access":"","_jetpack_dont_email_post_to_subs":false,"_jetpack_newsletter_tier_id":0,"_jetpack_memberships_contains_paywalled_content":false,"_jetpack_memberships_contains_paid_content":false,"footnotes":"","jetpack_publicize_message":"","jetpack_publicize_feature_enabled":true,"jetpack_social_post_already_shared":true,"jetpack_social_options":{"image_generator_settings":{"template":"highway","default_image_id":0,"font":"","enabled":false},"version":2}},"categories":[4,5,3],"tags":[],"class_list":{"0":"post-37051","1":"post","2":"type-post","3":"status-publish","4":"format-standard","6":"category-agenda-politica","7":"category-imagen","8":"category-mesa-de-redaccion"},"jetpack_publicize_connections":[],"jetpack_featured_media_url":"","jetpack_sharing_enabled":true,"jetpack_shortlink":"https:\/\/wp.me\/p9Ynjw-9DB","jetpack-related-posts":[{"id":41334,"url":"https:\/\/redaccionoaxaca.com\/index.php\/2026\/04\/06\/congreso-de-oaxaca-declara-el-26-de-septiembre-como-dia-de-la-solidaridad-con-las-victimas-de-graves-violaciones-a-los-derechos-humanos-en-el-estado\/","url_meta":{"origin":37051,"position":0},"title":"Congreso de Oaxaca declara el 26 de septiembre como \u201cD\u00eda de la Solidaridad con las V\u00edctimas de Graves Violaciones a los Derechos Humanos en el Estado\u201d","author":"ariadna","date":"abril 6, 2026","format":false,"excerpt":"#Redacci\u00f3nOaxaca #Oaxaca * La acci\u00f3n busca generar conciencia, rendir homenaje a las v\u00edctimas y exigir justicia ante actos que atenten contra los derechos fundamentales San Raymundo Jalpan, Oax., a 06 de abril de 2026.- En Sesi\u00f3n Ordinaria, el Congreso del Estado aprob\u00f3 con 34 votos el Dictamen con Proyecto de\u2026","rel":"","context":"En &quot;Agenda Pol\u00edtica&quot;","block_context":{"text":"Agenda Pol\u00edtica","link":"https:\/\/redaccionoaxaca.com\/index.php\/category\/agenda-politica\/"},"img":{"alt_text":"","src":"https:\/\/i0.wp.com\/redaccionoaxaca.com\/wp-content\/uploads\/2026\/04\/Screenshot_20260406_154624_Facebook-scaled.jpg?fit=1200%2C817&ssl=1&resize=350%2C200","width":350,"height":200,"srcset":"https:\/\/i0.wp.com\/redaccionoaxaca.com\/wp-content\/uploads\/2026\/04\/Screenshot_20260406_154624_Facebook-scaled.jpg?fit=1200%2C817&ssl=1&resize=350%2C200 1x, https:\/\/i0.wp.com\/redaccionoaxaca.com\/wp-content\/uploads\/2026\/04\/Screenshot_20260406_154624_Facebook-scaled.jpg?fit=1200%2C817&ssl=1&resize=525%2C300 1.5x, https:\/\/i0.wp.com\/redaccionoaxaca.com\/wp-content\/uploads\/2026\/04\/Screenshot_20260406_154624_Facebook-scaled.jpg?fit=1200%2C817&ssl=1&resize=700%2C400 2x, https:\/\/i0.wp.com\/redaccionoaxaca.com\/wp-content\/uploads\/2026\/04\/Screenshot_20260406_154624_Facebook-scaled.jpg?fit=1200%2C817&ssl=1&resize=1050%2C600 3x"},"classes":[]},{"id":35223,"url":"https:\/\/redaccionoaxaca.com\/index.php\/2025\/01\/20\/con-narrativa-enganosa-de-feminicidios-y-violaciones-a-derechos-humanos-ongs-de-oaxaca-reciben-financiamiento-del-extranjero-gobierno-revelara-montos-y-origen\/","url_meta":{"origin":37051,"position":1},"title":"Con narrativa enga\u00f1osa de feminicidios y violaciones a Derechos Humanos, ONG\u2019S de Oaxaca, reciben financiamiento del extranjero; Gobierno revelar\u00e1 montos y origen","author":"ariadna","date":"enero 20, 2025","format":false,"excerpt":"#Redacci\u00f3nOaxaca #Oaxaca Jaime GUERRERO El Secretario de Gobierno, Jesus Romero L\u00f3pez, sali\u00f3 al paso de las cifras y cuestionamientos de las Organizaciones No Gubernamentales (ONG) de Oaxaca entorno a la violencia feminicida y violaciones a derechos humanos y afirm\u00f3 que de no echar mano de esa enga\u00f1osa narrativa, \u201cse les\u2026","rel":"","context":"En &quot;Agenda Pol\u00edtica&quot;","block_context":{"text":"Agenda Pol\u00edtica","link":"https:\/\/redaccionoaxaca.com\/index.php\/category\/agenda-politica\/"},"img":{"alt_text":"","src":"","width":0,"height":0},"classes":[]},{"id":30968,"url":"https:\/\/redaccionoaxaca.com\/index.php\/2024\/03\/20\/emite-ddhpo-recomendacion-01-2024-por-violaciones-graves-a-los-derechos-humanos-a-la-libertad-personal-integridad-personal-al-no-sufrir-desaparicion-forzada-a-la-vida-a-la-verdad-y-acceso-a-la-jus\/","url_meta":{"origin":37051,"position":2},"title":"Emite DDHPO Recomendaci\u00f3n 01\/2024 por violaciones graves a los derechos humanos a la libertad personal, integridad personal, al no sufrir desaparici\u00f3n forzada, a la vida, a la verdad y acceso a la justicia atribuibles a servidores p\u00fablicos de la Fiscal\u00eda General del Estado de Oaxaca","author":"ariadna","date":"marzo 20, 2024","format":false,"excerpt":"#Redacci\u00f3nOaxaca #Oaxaca La Defensor\u00eda de los Derechos Humanos del Pueblo de Oaxaca dict\u00f3 la Recomendaci\u00f3n 01\/2024 a los servidores p\u00fablicos de la Agencia Municipal de San Francisco Jayacaxtepec y al municipio de Totontepec Villa de Morelos, as\u00ed como a servidores p\u00fablicos de la Fiscal\u00eda General del Estado de Oaxaca tras\u2026","rel":"","context":"En &quot;Agenda Pol\u00edtica&quot;","block_context":{"text":"Agenda Pol\u00edtica","link":"https:\/\/redaccionoaxaca.com\/index.php\/category\/agenda-politica\/"},"img":{"alt_text":"","src":"","width":0,"height":0},"classes":[]},{"id":17637,"url":"https:\/\/redaccionoaxaca.com\/index.php\/2021\/03\/22\/pide-congreso-reparacion-del-dano-a-victimas-de-desaparicion-en-tuxtepec\/","url_meta":{"origin":37051,"position":3},"title":"Pide Congreso reparaci\u00f3n del da\u00f1o a v\u00edctimas de desaparici\u00f3n en Tuxtepec.","author":"ariadna","date":"marzo 22, 2021","format":false,"excerpt":"#Redacci\u00f3nOaxaca #Oaxaca Comunicado San Raymundo Jalpan, Oax. 22 de agosto de 2021.- El Congreso de Oaxaca exigi\u00f3 a diversas autoridades estatales, hacer lo procedente para garantizar la inmediata reparaci\u00f3n del da\u00f1o a personas v\u00edctimas del delito de desaparici\u00f3n en el municipio de San Juan Bautista Tuxtepec. Mediante un punto de\u2026","rel":"","context":"En &quot;Agenda Pol\u00edtica&quot;","block_context":{"text":"Agenda Pol\u00edtica","link":"https:\/\/redaccionoaxaca.com\/index.php\/category\/agenda-politica\/"},"img":{"alt_text":"","src":"","width":0,"height":0},"classes":[]},{"id":38782,"url":"https:\/\/redaccionoaxaca.com\/index.php\/2025\/10\/20\/choferes-del-transporte-urbano-interponen-queja-ante-la-ddhpo-contra-el-gobierno-de-oaxaca-y-semovi-por-violaciones-laborales\/","url_meta":{"origin":37051,"position":4},"title":"Choferes del transporte urbano interponen queja ante la DDHPO contra el Gobierno de Oaxaca y Semovi por violaciones laborales","author":"ariadna","date":"octubre 20, 2025","format":false,"excerpt":"#Redacci\u00f3nOaxaca #Oaxaca Esta ma\u00f1ana de lunes, un grupo de choferes del transporte urbano de la capital oaxaque\u00f1a llev\u00f3 a cabo una protesta frente a las instalaciones de la Defensor\u00eda de los Derechos Humanos del Pueblo de Oaxaca (DDHPO), donde interpusieron una queja en contra del Gobierno del Estado, la C\u00e1mara\u2026","rel":"","context":"En &quot;Agenda Pol\u00edtica&quot;","block_context":{"text":"Agenda Pol\u00edtica","link":"https:\/\/redaccionoaxaca.com\/index.php\/category\/agenda-politica\/"},"img":{"alt_text":"","src":"","width":0,"height":0},"classes":[]},{"id":2896,"url":"https:\/\/redaccionoaxaca.com\/index.php\/2018\/10\/01\/por-incompleta-diputada-de-morena-interpone-amparo-vs-declaratoria-de-alerta-de-genero-en-oaxaca\/","url_meta":{"origin":37051,"position":5},"title":"Por incompleta, diputada de Morena, interpone amparo vs declaratoria de Alerta de G\u00e9nero en Oaxaca","author":"jaime","date":"octubre 1, 2018","format":false,"excerpt":"#Redacci\u00f3nOaxaca #Oaxaca Jaime GUERRERO La diputada de Morena, Mar\u00eda de Jes\u00fas Melgar V\u00e1squez interpuso un Juicio de Amparo por la declaratoria de Alerta de G\u00e9nero en Oaxaca, porque asegura que esa medida emitida por la Secretar\u00eda de Gobernaci\u00f3n, se encuentra incompleta en virtud que no cumple con todos los requisitos\u2026","rel":"","context":"Entrada similar ","block_context":{"text":"Entrada similar ","link":""},"img":{"alt_text":"","src":"","width":0,"height":0},"classes":[]}],"_links":{"self":[{"href":"https:\/\/redaccionoaxaca.com\/index.php\/wp-json\/wp\/v2\/posts\/37051","targetHints":{"allow":["GET"]}}],"collection":[{"href":"https:\/\/redaccionoaxaca.com\/index.php\/wp-json\/wp\/v2\/posts"}],"about":[{"href":"https:\/\/redaccionoaxaca.com\/index.php\/wp-json\/wp\/v2\/types\/post"}],"author":[{"embeddable":true,"href":"https:\/\/redaccionoaxaca.com\/index.php\/wp-json\/wp\/v2\/users\/9"}],"replies":[{"embeddable":true,"href":"https:\/\/redaccionoaxaca.com\/index.php\/wp-json\/wp\/v2\/comments?post=37051"}],"version-history":[{"count":1,"href":"https:\/\/redaccionoaxaca.com\/index.php\/wp-json\/wp\/v2\/posts\/37051\/revisions"}],"predecessor-version":[{"id":37053,"href":"https:\/\/redaccionoaxaca.com\/index.php\/wp-json\/wp\/v2\/posts\/37051\/revisions\/37053"}],"wp:attachment":[{"href":"https:\/\/redaccionoaxaca.com\/index.php\/wp-json\/wp\/v2\/media?parent=37051"}],"wp:term":[{"taxonomy":"category","embeddable":true,"href":"https:\/\/redaccionoaxaca.com\/index.php\/wp-json\/wp\/v2\/categories?post=37051"},{"taxonomy":"post_tag","embeddable":true,"href":"https:\/\/redaccionoaxaca.com\/index.php\/wp-json\/wp\/v2\/tags?post=37051"}],"curies":[{"name":"wp","href":"https:\/\/api.w.org\/{rel}","templated":true}]}}