{"id":37054,"date":"2025-05-28T22:22:09","date_gmt":"2025-05-29T04:22:09","guid":{"rendered":"https:\/\/redaccionoaxaca.com\/?p=37054"},"modified":"2025-05-28T22:22:09","modified_gmt":"2025-05-29T04:22:09","slug":"oaxaca-de-juarez-da-un-paso-firme-hacia-la-transparencia-se-firma-la-declaratoria-de-municipio-abierto","status":"publish","type":"post","link":"https:\/\/redaccionoaxaca.com\/index.php\/2025\/05\/28\/oaxaca-de-juarez-da-un-paso-firme-hacia-la-transparencia-se-firma-la-declaratoria-de-municipio-abierto\/","title":{"rendered":"Oaxaca de Ju\u00e1rez da un paso firme hacia la transparencia: se firma la Declaratoria de Municipio Abierto"},"content":{"rendered":"<p><strong>#Redacci\u00f3nOaxaca<\/strong><\/p>\n<p><strong>#Oaxaca<\/strong><\/p>\n<p style=\"text-align: justify;\">* <em>El presidente Ray Chagoya refrenda el compromiso de su administraci\u00f3n con un gobierno honesto, participativo y cercano a la ciudadan\u00eda<\/em><\/p>\n<p style=\"text-align: justify;\">Oaxaca de Ju\u00e1rez, Oax., 28 de mayo de 2025.\u2013 En un acto simb\u00f3lico pero de profundo impacto institucional, el presidente municipal Raymundo Chagoya Villanueva firm\u00f3 la Declaratoria de Municipio Abierto, acompa\u00f1ado por Josu\u00e9 Solana Salmor\u00e1n, Comisionado Presidente del \u00d3rgano Garante de Acceso a la Informaci\u00f3n P\u00fablica (OGAIPO).<\/p>\n<p><img data-recalc-dims=\"1\" loading=\"lazy\" decoding=\"async\" class=\"size-medium wp-image-37055 aligncenter\" src=\"https:\/\/i0.wp.com\/redaccionoaxaca.com\/wp-content\/uploads\/2025\/05\/IMG-20250528-WA0261-300x200.jpg?resize=300%2C200&#038;ssl=1\" alt=\"\" width=\"300\" height=\"200\" \/><\/p>\n<p style=\"text-align: justify;\">Con este acto, el Municipio de Oaxaca de Ju\u00e1rez formaliza su compromiso con los principios de transparencia, participaci\u00f3n ciudadana y colaboraci\u00f3n, pilares fundamentales para la consolidaci\u00f3n de una administraci\u00f3n moderna, eficiente y de puertas abiertas.<\/p>\n<p style=\"text-align: justify;\">\u201cLa transformaci\u00f3n de Oaxaca de Ju\u00e1rez no se construye desde la opacidad, sino desde la confianza y el di\u00e1logo con la ciudadan\u00eda\u201d, afirm\u00f3 el presidente Ray Chagoya, al subrayar que esta declaratoria es una decisi\u00f3n firme para abrir el gobierno al escrutinio p\u00fablico y fortalecer la rendici\u00f3n de cuentas como norma de acci\u00f3n diaria.<\/p>\n<p style=\"text-align: justify;\">Durante la ceremonia, realizada en el Palacio Municipal, participaron tambi\u00e9n integrantes del cabildo, representantes de organizaciones civiles, activistas por la transparencia y funcionarios estatales, quienes coincidieron en que esta declaratoria es un paso necesario para recuperar la confianza ciudadana en las instituciones.<\/p>\n<p><img data-recalc-dims=\"1\" loading=\"lazy\" decoding=\"async\" class=\"size-medium wp-image-37056 aligncenter\" src=\"https:\/\/i0.wp.com\/redaccionoaxaca.com\/wp-content\/uploads\/2025\/05\/IMG-20250528-WA0263-300x200.jpg?resize=300%2C200&#038;ssl=1\" alt=\"\" width=\"300\" height=\"200\" \/><\/p>\n<p style=\"text-align: justify;\">La Declaratoria de Municipio Abierto establece compromisos concretos para garantizar el acceso a la informaci\u00f3n p\u00fablica, generar procesos participativos en la toma de decisiones y fomentar una cultura de gobierno abierto en todas las \u00e1reas del Ayuntamiento.<\/p>\n<p style=\"text-align: justify;\">Este acto forma parte de la agenda de transformaci\u00f3n institucional impulsada desde el inicio de la administraci\u00f3n de Ray Chagoya, en la que se prioriza un modelo de gobierno austero, incluyente y con vocaci\u00f3n de servicio.<\/p>\n<p><img data-recalc-dims=\"1\" loading=\"lazy\" decoding=\"async\" class=\"size-medium wp-image-37057 aligncenter\" src=\"https:\/\/i0.wp.com\/redaccionoaxaca.com\/wp-content\/uploads\/2025\/05\/IMG-20250528-WA0262-300x200.jpg?resize=300%2C200&#038;ssl=1\" alt=\"\" width=\"300\" height=\"200\" \/><\/p>\n","protected":false},"excerpt":{"rendered":"<p>#Redacci\u00f3nOaxaca #Oaxaca * El presidente Ray Chagoya refrenda el compromiso de su administraci\u00f3n con un gobierno honesto, participativo y cercano a la ciudadan\u00eda Oaxaca de Ju\u00e1rez, Oax., 28 de mayo de 2025.\u2013 En un acto simb\u00f3lico pero de profundo impacto institucional, el presidente municipal Raymundo Chagoya Villanueva firm\u00f3 la Declaratoria de Municipio Abierto, acompa\u00f1ado por [&hellip;]<\/p>\n","protected":false},"author":9,"featured_media":0,"comment_status":"open","ping_status":"open","sticky":false,"template":"","format":"standard","meta":{"jetpack_post_was_ever_published":false,"_jetpack_newsletter_access":"","_jetpack_dont_email_post_to_subs":false,"_jetpack_newsletter_tier_id":0,"_jetpack_memberships_contains_paywalled_content":false,"_jetpack_memberships_contains_paid_content":false,"footnotes":"","jetpack_publicize_message":"","jetpack_publicize_feature_enabled":true,"jetpack_social_post_already_shared":true,"jetpack_social_options":{"image_generator_settings":{"template":"highway","default_image_id":0,"font":"","enabled":false},"version":2}},"categories":[4,5,3],"tags":[],"class_list":{"0":"post-37054","1":"post","2":"type-post","3":"status-publish","4":"format-standard","6":"category-agenda-politica","7":"category-imagen","8":"category-mesa-de-redaccion"},"jetpack_publicize_connections":[],"jetpack_featured_media_url":"","jetpack_sharing_enabled":true,"jetpack_shortlink":"https:\/\/wp.me\/p9Ynjw-9DE","jetpack-related-posts":[{"id":30638,"url":"https:\/\/redaccionoaxaca.com\/index.php\/2024\/02\/22\/suscriben-congreso-de-oaxaca-y-ogaipo-declaratoria-de-parlamento-abierto\/","url_meta":{"origin":37054,"position":0},"title":"Suscriben Congreso de Oaxaca y OGAIPO declaratoria de Parlamento Abierto","author":"ariadna","date":"febrero 22, 2024","format":false,"excerpt":"#Redacci\u00f3nOaxaca #Oaxaca \u2022 El OGAIPO destaca la labor de la LXV Legislatura local en materia de transparencia y rendici\u00f3n de cuentas. San Raymundo Jalpan, Oax. 21 de febrero de 2024.- El H. Congreso del Estado de Oaxaca y el \u00d3rgano Garante de Acceso a la Informaci\u00f3n P\u00fablica, Transparencia, Protecci\u00f3n de\u2026","rel":"","context":"En &quot;Agenda Pol\u00edtica&quot;","block_context":{"text":"Agenda Pol\u00edtica","link":"https:\/\/redaccionoaxaca.com\/index.php\/category\/agenda-politica\/"},"img":{"alt_text":"","src":"","width":0,"height":0},"classes":[]},{"id":39213,"url":"https:\/\/redaccionoaxaca.com\/index.php\/2025\/11\/23\/oaxaca-de-juarez-realizo-el-sorteo-del-servicio-militar-nacional-clase-2007-y-remisos\/","url_meta":{"origin":37054,"position":1},"title":"Oaxaca de Ju\u00e1rez realiz\u00f3 el Sorteo del Servicio Militar Nacional Clase 2007 y Remisos","author":"ariadna","date":"noviembre 23, 2025","format":false,"excerpt":"#Redacci\u00f3nOaxaca #Oaxaca - El presidente Ray Chagoya destac\u00f3 el valor c\u00edvico de la juventud y la coordinaci\u00f3n con la Base A\u00e9rea Militar No. 15 y municipios de la regi\u00f3n Oaxaca de Ju\u00e1rez, Oax., 23 de noviembre de 2025.- El Municipio de Oaxaca de Ju\u00e1rez llev\u00f3 a cabo este domingo el\u2026","rel":"","context":"En &quot;Agenda Pol\u00edtica&quot;","block_context":{"text":"Agenda Pol\u00edtica","link":"https:\/\/redaccionoaxaca.com\/index.php\/category\/agenda-politica\/"},"img":{"alt_text":"","src":"https:\/\/i0.wp.com\/redaccionoaxaca.com\/wp-content\/uploads\/2025\/11\/IMG-20251123-WA0082.jpg?fit=1200%2C802&ssl=1&resize=350%2C200","width":350,"height":200,"srcset":"https:\/\/i0.wp.com\/redaccionoaxaca.com\/wp-content\/uploads\/2025\/11\/IMG-20251123-WA0082.jpg?fit=1200%2C802&ssl=1&resize=350%2C200 1x, https:\/\/i0.wp.com\/redaccionoaxaca.com\/wp-content\/uploads\/2025\/11\/IMG-20251123-WA0082.jpg?fit=1200%2C802&ssl=1&resize=525%2C300 1.5x, https:\/\/i0.wp.com\/redaccionoaxaca.com\/wp-content\/uploads\/2025\/11\/IMG-20251123-WA0082.jpg?fit=1200%2C802&ssl=1&resize=700%2C400 2x, https:\/\/i0.wp.com\/redaccionoaxaca.com\/wp-content\/uploads\/2025\/11\/IMG-20251123-WA0082.jpg?fit=1200%2C802&ssl=1&resize=1050%2C600 3x"},"classes":[]},{"id":40717,"url":"https:\/\/redaccionoaxaca.com\/index.php\/2026\/02\/25\/en-oaxaca-de-juarez-los-impuestos-bajaran-ray-chagoya\/","url_meta":{"origin":37054,"position":2},"title":"En Oaxaca de Ju\u00e1rez los impuestos bajar\u00e1n: Ray Chagoya","author":"ariadna","date":"febrero 25, 2026","format":false,"excerpt":"#Redacci\u00f3nOaxaca #Oaxaca - Se ratifica la propuesta de reforma a la Ley de Ingresos para reducir cargas injustas y proteger la econom\u00eda de las familias Oaxaca de Ju\u00e1rez, Oax., 25 de febrero de 2026.\u2013 En conferencia de prensa semanal, el presidente municipal Ray Chagoya reforz\u00f3 el posicionamiento de su gobierno\u2026","rel":"","context":"En &quot;Agenda Pol\u00edtica&quot;","block_context":{"text":"Agenda Pol\u00edtica","link":"https:\/\/redaccionoaxaca.com\/index.php\/category\/agenda-politica\/"},"img":{"alt_text":"","src":"https:\/\/i0.wp.com\/redaccionoaxaca.com\/wp-content\/uploads\/2026\/02\/IMG-20260225-WA0172.jpg?fit=1200%2C675&ssl=1&resize=350%2C200","width":350,"height":200,"srcset":"https:\/\/i0.wp.com\/redaccionoaxaca.com\/wp-content\/uploads\/2026\/02\/IMG-20260225-WA0172.jpg?fit=1200%2C675&ssl=1&resize=350%2C200 1x, https:\/\/i0.wp.com\/redaccionoaxaca.com\/wp-content\/uploads\/2026\/02\/IMG-20260225-WA0172.jpg?fit=1200%2C675&ssl=1&resize=525%2C300 1.5x, https:\/\/i0.wp.com\/redaccionoaxaca.com\/wp-content\/uploads\/2026\/02\/IMG-20260225-WA0172.jpg?fit=1200%2C675&ssl=1&resize=700%2C400 2x, https:\/\/i0.wp.com\/redaccionoaxaca.com\/wp-content\/uploads\/2026\/02\/IMG-20260225-WA0172.jpg?fit=1200%2C675&ssl=1&resize=1050%2C600 3x"},"classes":[]},{"id":39611,"url":"https:\/\/redaccionoaxaca.com\/index.php\/2025\/12\/26\/ray-chagoya-refrenda-compromiso-de-trabajo-conjunto-con-medios-de-comunicacion\/","url_meta":{"origin":37054,"position":3},"title":"Ray Chagoya refrenda compromiso de trabajo conjunto con medios de comunicaci\u00f3n","author":"ariadna","date":"diciembre 26, 2025","format":false,"excerpt":"#Redacci\u00f3nOaxaca #Oaxaca * Di\u00e1logo abierto, balance de resultados y visi\u00f3n de futuro marcan encuentro de fin de a\u00f1o en Oaxaca de Ju\u00e1rez Oaxaca de Ju\u00e1rez, Oax., 26 de diciembre de 2025.\u2013 En el marco del cierre de a\u00f1o, el presidente municipal de Oaxaca de Ju\u00e1rez, Ray Chagoya, sostuvo un encuentro\u2026","rel":"","context":"En &quot;Agenda Pol\u00edtica&quot;","block_context":{"text":"Agenda Pol\u00edtica","link":"https:\/\/redaccionoaxaca.com\/index.php\/category\/agenda-politica\/"},"img":{"alt_text":"","src":"https:\/\/i0.wp.com\/redaccionoaxaca.com\/wp-content\/uploads\/2025\/12\/IMG-20251226-WA0103.jpg?fit=1200%2C801&ssl=1&resize=350%2C200","width":350,"height":200,"srcset":"https:\/\/i0.wp.com\/redaccionoaxaca.com\/wp-content\/uploads\/2025\/12\/IMG-20251226-WA0103.jpg?fit=1200%2C801&ssl=1&resize=350%2C200 1x, https:\/\/i0.wp.com\/redaccionoaxaca.com\/wp-content\/uploads\/2025\/12\/IMG-20251226-WA0103.jpg?fit=1200%2C801&ssl=1&resize=525%2C300 1.5x, https:\/\/i0.wp.com\/redaccionoaxaca.com\/wp-content\/uploads\/2025\/12\/IMG-20251226-WA0103.jpg?fit=1200%2C801&ssl=1&resize=700%2C400 2x, https:\/\/i0.wp.com\/redaccionoaxaca.com\/wp-content\/uploads\/2025\/12\/IMG-20251226-WA0103.jpg?fit=1200%2C801&ssl=1&resize=1050%2C600 3x"},"classes":[]},{"id":39709,"url":"https:\/\/redaccionoaxaca.com\/index.php\/2026\/01\/02\/oaxaca-de-juarez-reconoce-a-su-policia-municipal-y-refuerza-la-ruta-de-seguridad-para-2026\/","url_meta":{"origin":37054,"position":4},"title":"Oaxaca de Ju\u00e1rez reconoce a su Polic\u00eda Municipal y refuerza la ruta de seguridad para 2026","author":"ariadna","date":"enero 2, 2026","format":false,"excerpt":"#Redacci\u00f3nOaxaca #Oaxaca * El presidente municipal Ray Chagoya encabez\u00f3 un acto de reconocimiento a mujeres y hombres de la Polic\u00eda Municipal, destacando su compromiso con la paz, la seguridad y el bienestar de las vecinas y vecinos. Oaxaca de Ju\u00e1rez, Oax., 2 de enero de 2026. En el marco del\u2026","rel":"","context":"En &quot;Agenda Pol\u00edtica&quot;","block_context":{"text":"Agenda Pol\u00edtica","link":"https:\/\/redaccionoaxaca.com\/index.php\/category\/agenda-politica\/"},"img":{"alt_text":"","src":"https:\/\/i0.wp.com\/redaccionoaxaca.com\/wp-content\/uploads\/2026\/01\/IMG-20260102-WA0106.jpg?fit=1200%2C800&ssl=1&resize=350%2C200","width":350,"height":200,"srcset":"https:\/\/i0.wp.com\/redaccionoaxaca.com\/wp-content\/uploads\/2026\/01\/IMG-20260102-WA0106.jpg?fit=1200%2C800&ssl=1&resize=350%2C200 1x, https:\/\/i0.wp.com\/redaccionoaxaca.com\/wp-content\/uploads\/2026\/01\/IMG-20260102-WA0106.jpg?fit=1200%2C800&ssl=1&resize=525%2C300 1.5x, https:\/\/i0.wp.com\/redaccionoaxaca.com\/wp-content\/uploads\/2026\/01\/IMG-20260102-WA0106.jpg?fit=1200%2C800&ssl=1&resize=700%2C400 2x, https:\/\/i0.wp.com\/redaccionoaxaca.com\/wp-content\/uploads\/2026\/01\/IMG-20260102-WA0106.jpg?fit=1200%2C800&ssl=1&resize=1050%2C600 3x"},"classes":[]},{"id":39020,"url":"https:\/\/redaccionoaxaca.com\/index.php\/2025\/11\/07\/renuncia-noe-jara-cruz-a-la-secretaria-de-gobierno-del-municipio-de-oaxaca-ray-chagoya-le-reconoce-trayectoria-y-niega-nepotismo\/","url_meta":{"origin":37054,"position":5},"title":"Renuncia No\u00e9 Jara Cruz a la Secretar\u00eda de Gobierno del Municipio de Oaxaca; Ray Chagoya le reconoce trayectoria y niega nepotismo","author":"ariadna","date":"noviembre 7, 2025","format":false,"excerpt":"#Redacci\u00f3nOaxaca #Oaxaca Ariadna Mendoza No\u00e9 Jara Cruz oficializ\u00f3 este viernes su renuncia como secretario de Gobierno y Territorio del Municipio de Oaxaca de Ju\u00e1rez, en medio de especulaciones y se\u00f1alamientos de nepotismo por su parentesco con el gobernador del estado, Salom\u00f3n Jara Cruz. Durante su mensaje, el exfuncionario asegur\u00f3 que\u2026","rel":"","context":"En &quot;Agenda Pol\u00edtica&quot;","block_context":{"text":"Agenda Pol\u00edtica","link":"https:\/\/redaccionoaxaca.com\/index.php\/category\/agenda-politica\/"},"img":{"alt_text":"","src":"https:\/\/i0.wp.com\/redaccionoaxaca.com\/wp-content\/uploads\/2025\/11\/IMG-20251107-WA0057.jpg?fit=1200%2C800&ssl=1&resize=350%2C200","width":350,"height":200,"srcset":"https:\/\/i0.wp.com\/redaccionoaxaca.com\/wp-content\/uploads\/2025\/11\/IMG-20251107-WA0057.jpg?fit=1200%2C800&ssl=1&resize=350%2C200 1x, https:\/\/i0.wp.com\/redaccionoaxaca.com\/wp-content\/uploads\/2025\/11\/IMG-20251107-WA0057.jpg?fit=1200%2C800&ssl=1&resize=525%2C300 1.5x, https:\/\/i0.wp.com\/redaccionoaxaca.com\/wp-content\/uploads\/2025\/11\/IMG-20251107-WA0057.jpg?fit=1200%2C800&ssl=1&resize=700%2C400 2x, https:\/\/i0.wp.com\/redaccionoaxaca.com\/wp-content\/uploads\/2025\/11\/IMG-20251107-WA0057.jpg?fit=1200%2C800&ssl=1&resize=1050%2C600 3x"},"classes":[]}],"_links":{"self":[{"href":"https:\/\/redaccionoaxaca.com\/index.php\/wp-json\/wp\/v2\/posts\/37054","targetHints":{"allow":["GET"]}}],"collection":[{"href":"https:\/\/redaccionoaxaca.com\/index.php\/wp-json\/wp\/v2\/posts"}],"about":[{"href":"https:\/\/redaccionoaxaca.com\/index.php\/wp-json\/wp\/v2\/types\/post"}],"author":[{"embeddable":true,"href":"https:\/\/redaccionoaxaca.com\/index.php\/wp-json\/wp\/v2\/users\/9"}],"replies":[{"embeddable":true,"href":"https:\/\/redaccionoaxaca.com\/index.php\/wp-json\/wp\/v2\/comments?post=37054"}],"version-history":[{"count":1,"href":"https:\/\/redaccionoaxaca.com\/index.php\/wp-json\/wp\/v2\/posts\/37054\/revisions"}],"predecessor-version":[{"id":37058,"href":"https:\/\/redaccionoaxaca.com\/index.php\/wp-json\/wp\/v2\/posts\/37054\/revisions\/37058"}],"wp:attachment":[{"href":"https:\/\/redaccionoaxaca.com\/index.php\/wp-json\/wp\/v2\/media?parent=37054"}],"wp:term":[{"taxonomy":"category","embeddable":true,"href":"https:\/\/redaccionoaxaca.com\/index.php\/wp-json\/wp\/v2\/categories?post=37054"},{"taxonomy":"post_tag","embeddable":true,"href":"https:\/\/redaccionoaxaca.com\/index.php\/wp-json\/wp\/v2\/tags?post=37054"}],"curies":[{"name":"wp","href":"https:\/\/api.w.org\/{rel}","templated":true}]}}