{"id":37716,"date":"2025-08-08T12:56:23","date_gmt":"2025-08-08T18:56:23","guid":{"rendered":"https:\/\/redaccionoaxaca.com\/?p=37716"},"modified":"2025-08-08T12:56:23","modified_gmt":"2025-08-08T18:56:23","slug":"presidencia-busca-resarcimiento-de-adiadas-por-apropiacion-cultural-por-sandalias-plagiadas-de-huaraches-de-oaxaca","status":"publish","type":"post","link":"https:\/\/redaccionoaxaca.com\/index.php\/2025\/08\/08\/presidencia-busca-resarcimiento-de-adiadas-por-apropiacion-cultural-por-sandalias-plagiadas-de-huaraches-de-oaxaca\/","title":{"rendered":"Presidencia busca resarcimiento de Adiadas por apropiaci\u00f3n cultural por sandalias \u201cplagiadas\u201d de Huaraches de Oaxaca"},"content":{"rendered":"<p><strong>#RedaccionOaxaca<\/strong><\/p>\n<p><strong>#Oaxaca<\/strong><\/p>\n<p>Jaime GUERRERO<\/p>\n<p>Por el caso de apropiaci\u00f3n cultural de las sandalias Oaxaca Slip-On de Adidas, realizadas sin autorizaci\u00f3n de Villa Hidalgo Yal\u00e1lag, Oaxaca, la Pdta @Claudiashein inform\u00f3 que se busca un resarcimiento conforme a la ley de patrimonio.<\/p>\n<p>En caso de no llegar a ese acuerdo, dijo que, est\u00e1 \u201cestudiando la v\u00eda legal\u201d.<\/p>\n<p>&#8220;Estamos viendo la parte jur\u00eddica para poder apoyar a los pueblos, muchas veces grandes empresas toman productos, ideas, dise\u00f1os de comunidades\u00a0ind\u00edgenas de nuestro pa\u00eds,\u00a0de hecho estamos trabajando una ley para garantizar lo que ya existe, y de cierta manera est\u00e1n usurpando la creatividad de un pueblo originario&#8221;, dijo la presidenta en su conferencia de este viernes.<\/p>\n<p>Desde Palacio Nacional, la mandataria federal indic\u00f3 que la empresa tiene que cumplir con la Ley de Patrimonio y debe adem\u00e1s haber un resarcimiento por la apropiaci\u00f3n cultural.<\/p>\n<p>Marina N\u00fa\u00f1ez Bespalova, subsecretaria de Desarrollo Cultural, inform\u00f3 que Adidas se puso en contacto con el gobierno de Oaxaca y se espera que en las pl\u00e1ticas haya un resarcimiento a la comunidad originaria cuyo dise\u00f1o de huaraches fue plagiado por dicha empresa y un dise\u00f1ador de origen estadunidense.<\/p>\n<p>&#8220;Adidas y un dise\u00f1ador de origen norteamericano hicieron apropiaci\u00f3n cultural indebida de unos huaraches (&#8230;), ya se puso en contacto Adidas con el gobierno de Oaxaca ya van a iniciar pl\u00e1ticas y llevan el apoyo de la Secretar\u00eda de Cultura. Comenzar\u00e1n las pl\u00e1ticas para el resarcimiento para el pueblo que se vio plagiado&#8221;, coment\u00f3.<\/p>\n<p>Sheinbaum Pardo dijo que esperar\u00e1n al desarrollo de estas pl\u00e1ticas entre Adidas y el gobierno de Oaxaca para ver si la disputa se resuelve, ya que,\u00a0reiter\u00f3, la empresa debe cumplir con la Ley de Patrimonio y debe haber un resarcimiento, pero de cualquier manera est\u00e1n estudiante la parte legal.<\/p>\n<p>&#8220;En este momento va a ser la pl\u00e1tica para ver si habr\u00e1 un resarcimiento, tiene que cumplirse con la Ley de Patrimonio.\u00a0Vamos a ver si en la pl\u00e1tica se resuelve y estamos estudiando tambi\u00e9n la parte legal&#8221;, expres\u00f3.<\/p>\n<p>Un nuevo caso de presunta apropiaci\u00f3n cultural fue denunciado luego de que la empresa alemana Adidas en colaboraci\u00f3n con el dise\u00f1ador chicano Willy Chavarr\u00eda, presentar\u00e1n el modelo de huaraches \u201cOaxaca Slip On\u201d, copia del calzado de Villa Hidalgo Yalalag de la Sierra Norte de Oaxaca.<\/p>\n<p>Para crear esta colecci\u00f3n, moda en Estados Unidos, se inspir\u00f3 en la cultura mexicana fusionado con la est\u00e9tica de dicha empresa.<\/p>\n<p>El huarache \u2018Oaxaca Slip On\u2019 est\u00e1 hecho con material de cuero premium, en un estilo de tejido cl\u00e1sico de los huaraches tradicionales, con suela alta de sneakers, de acuerdo a medios internacionales quienes dieron cobertura a la presentaci\u00f3n del mismo en el Museo de Arte de Puerto Rico.<\/p>\n<p>En el Congreso de Oaxaca, el diputado Isa\u00edas Carranza Secundino se pronunci\u00f3 en contra de esta colecci\u00f3n y llam\u00f3 a las comunidades originarias del estado a defender su patrimonio.<\/p>\n<p>Destac\u00f3 que se desconoce si hasta el momento el dise\u00f1ador cuenta con los permisos o autorizaciones del artesano o de artesanos de la comunidad por la propuesta apropiaci\u00f3n de este producto.<\/p>\n<p>Carranza Secundino, dijo que es fundamental un llamado a los y las artesanas para que no se dejen enga\u00f1ar por personas que \u00fanicamente buscan lucrar y beneficiarse econ\u00f3micamente de sus artesan\u00edas, s\u00ed recibir el consentimiento o m\u00e1s grave, a\u00fan que este sea robo.<\/p>\n<p>Consider\u00f3 necesario cerrar filas ante los abusos de las empresas trasnacionales que lucran con las artesan\u00edas de mujeres y hombres de Oaxaca.<\/p>\n<p>\u201cPor por el motivo como representante popular de esta comunidad, que el d\u00eda de hoy ha sido afectada en sus artesan\u00edas, y como integrante de la Comisi\u00f3n permanente de cultura y artes, alg\u00fan llamado para que se investigue este probable hecho de apropiaci\u00f3n de Cultura\u201d,<\/p>\n<p>El gobernador, Salom\u00f3n Jara Cruz, tambi\u00e9n se pronunci\u00f3 en contra de esta posible apropiaci\u00f3n cultural de Oaxaca al confirmar que los huaraches presentados tienen el dise\u00f1o de la comunidad serrana de Villa Hidalgo Yalalag.<\/p>\n<p>Por lo que asegur\u00f3 que esta situaci\u00f3n ser\u00e1 investigado adem\u00e1s de que se realizar\u00e1n las acciones jur\u00eddicas necesarias.<\/p>\n<div style=\"width: 696px;\" class=\"wp-video\"><video class=\"wp-video-shortcode\" id=\"video-37716-1\" width=\"696\" height=\"392\" preload=\"metadata\" controls=\"controls\"><source type=\"video\/mp4\" src=\"https:\/\/redaccionoaxaca.com\/wp-content\/uploads\/2025\/08\/WhatsApp-Video-2025-08-08-at-12.55.28-PM.mp4?_=1\" \/><a href=\"https:\/\/redaccionoaxaca.com\/wp-content\/uploads\/2025\/08\/WhatsApp-Video-2025-08-08-at-12.55.28-PM.mp4\">https:\/\/redaccionoaxaca.com\/wp-content\/uploads\/2025\/08\/WhatsApp-Video-2025-08-08-at-12.55.28-PM.mp4<\/a><\/video><\/div>\n","protected":false},"excerpt":{"rendered":"<p>#RedaccionOaxaca #Oaxaca Jaime GUERRERO Por el caso de apropiaci\u00f3n cultural de las sandalias Oaxaca Slip-On de Adidas, realizadas sin autorizaci\u00f3n de Villa Hidalgo Yal\u00e1lag, Oaxaca, la Pdta @Claudiashein inform\u00f3 que se busca un resarcimiento conforme a la ley de patrimonio. En caso de no llegar a ese acuerdo, dijo que, est\u00e1 \u201cestudiando la v\u00eda legal\u201d. [&hellip;]<\/p>\n","protected":false},"author":9,"featured_media":37718,"comment_status":"open","ping_status":"open","sticky":false,"template":"","format":"standard","meta":{"jetpack_post_was_ever_published":false,"_jetpack_newsletter_access":"","_jetpack_dont_email_post_to_subs":false,"_jetpack_newsletter_tier_id":0,"_jetpack_memberships_contains_paywalled_content":false,"_jetpack_memberships_contains_paid_content":false,"footnotes":"","jetpack_publicize_message":"","jetpack_publicize_feature_enabled":true,"jetpack_social_post_already_shared":true,"jetpack_social_options":{"image_generator_settings":{"template":"highway","default_image_id":0,"font":"","enabled":false},"version":2}},"categories":[4,7,5],"tags":[],"class_list":{"0":"post-37716","1":"post","2":"type-post","3":"status-publish","4":"format-standard","5":"has-post-thumbnail","7":"category-agenda-politica","8":"category-al-cierre","9":"category-imagen"},"jetpack_publicize_connections":[],"jetpack_featured_media_url":"https:\/\/i0.wp.com\/redaccionoaxaca.com\/wp-content\/uploads\/2025\/08\/WhatsApp-Image-2025-08-08-at-12.55.10-PM.jpeg?fit=1600%2C897&ssl=1","jetpack_sharing_enabled":true,"jetpack_shortlink":"https:\/\/wp.me\/p9Ynjw-9Ok","jetpack-related-posts":[{"id":37645,"url":"https:\/\/redaccionoaxaca.com\/index.php\/2025\/08\/05\/denuncian-a-adidas-y-disenador-por-apropiacion-cultural-plagian-calzado-de-yalalag-oaxaca\/","url_meta":{"origin":37716,"position":0},"title":"Denuncian a Adidas y dise\u00f1ador por apropiaci\u00f3n cultural; plagian\u201d calzado de Yalalag, Oaxaca","author":"ariadna","date":"agosto 5, 2025","format":false,"excerpt":"#Redacci\u00f3nOaxaca #Oaxaca Jaime GUERRERO Un nuevo caso de presunta apropiaci\u00f3n cultural fue denunciado luego de que la empresa alemana Adidas en colaboraci\u00f3n con el dise\u00f1ador chicano Willy Chavarr\u00eda, presentar\u00e1n el modelo de huaraches \u201cOaxaca Slip On\u201d, copia del calzado de Villa Hidalgo Yalalag de la Sierra Norte de Oaxaca. Para\u2026","rel":"","context":"En &quot;Al Cierre&quot;","block_context":{"text":"Al Cierre","link":"https:\/\/redaccionoaxaca.com\/index.php\/category\/al-cierre\/"},"img":{"alt_text":"","src":"https:\/\/i0.wp.com\/redaccionoaxaca.com\/wp-content\/uploads\/2025\/08\/WhatsApp-Image-2025-08-05-at-3.04.20-PM.jpeg?fit=946%2C1200&ssl=1&resize=350%2C200","width":350,"height":200,"srcset":"https:\/\/i0.wp.com\/redaccionoaxaca.com\/wp-content\/uploads\/2025\/08\/WhatsApp-Image-2025-08-05-at-3.04.20-PM.jpeg?fit=946%2C1200&ssl=1&resize=350%2C200 1x, https:\/\/i0.wp.com\/redaccionoaxaca.com\/wp-content\/uploads\/2025\/08\/WhatsApp-Image-2025-08-05-at-3.04.20-PM.jpeg?fit=946%2C1200&ssl=1&resize=525%2C300 1.5x, https:\/\/i0.wp.com\/redaccionoaxaca.com\/wp-content\/uploads\/2025\/08\/WhatsApp-Image-2025-08-05-at-3.04.20-PM.jpeg?fit=946%2C1200&ssl=1&resize=700%2C400 2x"},"classes":[]},{"id":37809,"url":"https:\/\/redaccionoaxaca.com\/index.php\/2025\/08\/12\/congreso-de-oaxaca-urge-a-federacion-accionar-vs-apropiacion-cultural-y-mercantilizacion-de-conocimientos-de-pueblos-indigenas-de-oaxaca\/","url_meta":{"origin":37716,"position":1},"title":"Congreso de Oaxaca urge a Federaci\u00f3n accionar vs apropiaci\u00f3n cultural y mercantilizaci\u00f3n de conocimientos de pueblos ind\u00edgenas de Oaxaca","author":"ariadna","date":"agosto 12, 2025","format":false,"excerpt":"#Redacci\u00f3nOaxaca #Oaxaca Jaime GUERRERO El Congreso del Estado aprob\u00f3 dos exhortos de Urgente y Obvia Resoluci\u00f3n para la protecci\u00f3n y defensa del patrimonio cultural colectivo de Oaxaca, dirigidos a instituciones p\u00fablicas del Gobierno de M\u00e9xico por el uso indebido de elementos identitarios pertenecientes al pueblo ind\u00edgena de Villa Hidalgo Yalalag.\u2026","rel":"","context":"En &quot;Agenda Pol\u00edtica&quot;","block_context":{"text":"Agenda Pol\u00edtica","link":"https:\/\/redaccionoaxaca.com\/index.php\/category\/agenda-politica\/"},"img":{"alt_text":"","src":"https:\/\/i0.wp.com\/redaccionoaxaca.com\/wp-content\/uploads\/2025\/08\/Screenshot_20250812_202246_Facebook-scaled.jpg?fit=1200%2C878&ssl=1&resize=350%2C200","width":350,"height":200,"srcset":"https:\/\/i0.wp.com\/redaccionoaxaca.com\/wp-content\/uploads\/2025\/08\/Screenshot_20250812_202246_Facebook-scaled.jpg?fit=1200%2C878&ssl=1&resize=350%2C200 1x, https:\/\/i0.wp.com\/redaccionoaxaca.com\/wp-content\/uploads\/2025\/08\/Screenshot_20250812_202246_Facebook-scaled.jpg?fit=1200%2C878&ssl=1&resize=525%2C300 1.5x, https:\/\/i0.wp.com\/redaccionoaxaca.com\/wp-content\/uploads\/2025\/08\/Screenshot_20250812_202246_Facebook-scaled.jpg?fit=1200%2C878&ssl=1&resize=700%2C400 2x, https:\/\/i0.wp.com\/redaccionoaxaca.com\/wp-content\/uploads\/2025\/08\/Screenshot_20250812_202246_Facebook-scaled.jpg?fit=1200%2C878&ssl=1&resize=1050%2C600 3x"},"classes":[]},{"id":37725,"url":"https:\/\/redaccionoaxaca.com\/index.php\/2025\/08\/08\/adidas-ofrece-reparar-el-dano-a-yalalag-oaxaca-por-apropiacion-cultural-de-huarache\/","url_meta":{"origin":37716,"position":2},"title":"Adidas ofrece reparar el da\u00f1o a Yal\u00e1lag, Oaxaca por apropiaci\u00f3n cultural de huarache","author":"ariadna","date":"agosto 8, 2025","format":false,"excerpt":"#RedaccionOaxaca #Oaxaca Jaime GUERRERO La empresa #Adidas respondi\u00f3 a planteamiento del Gobernador de #Oaxaca, Salom\u00f3n Jara Cruz para que se atiendan las solicitudes de las autoridades de Villa Hidalgo Yalalag y se repare el da\u00f1o con la comunidad por la apropiaci\u00f3n cultural en que incurri\u00f3 justo con el dise\u00f1ador que,\u2026","rel":"","context":"En &quot;Al Cierre&quot;","block_context":{"text":"Al Cierre","link":"https:\/\/redaccionoaxaca.com\/index.php\/category\/al-cierre\/"},"img":{"alt_text":"","src":"https:\/\/i0.wp.com\/redaccionoaxaca.com\/wp-content\/uploads\/2025\/08\/WhatsApp-Image-2025-08-05-at-3.04.20-PM.jpeg?fit=946%2C1200&ssl=1&resize=350%2C200","width":350,"height":200,"srcset":"https:\/\/i0.wp.com\/redaccionoaxaca.com\/wp-content\/uploads\/2025\/08\/WhatsApp-Image-2025-08-05-at-3.04.20-PM.jpeg?fit=946%2C1200&ssl=1&resize=350%2C200 1x, https:\/\/i0.wp.com\/redaccionoaxaca.com\/wp-content\/uploads\/2025\/08\/WhatsApp-Image-2025-08-05-at-3.04.20-PM.jpeg?fit=946%2C1200&ssl=1&resize=525%2C300 1.5x, https:\/\/i0.wp.com\/redaccionoaxaca.com\/wp-content\/uploads\/2025\/08\/WhatsApp-Image-2025-08-05-at-3.04.20-PM.jpeg?fit=946%2C1200&ssl=1&resize=700%2C400 2x"},"classes":[]},{"id":38067,"url":"https:\/\/redaccionoaxaca.com\/index.php\/2025\/08\/28\/legislatura-de-oaxaca-aprueba-reforma-para-reforzar-la-proteccion-del-patrimonio-cultural-de-comunidades-indigenas-y-afromexicanas\/","url_meta":{"origin":37716,"position":3},"title":"Legislatura de Oaxaca aprueba reforma para reforzar la protecci\u00f3n del patrimonio cultural de comunidades ind\u00edgenas y afromexicanas","author":"ariadna","date":"agosto 28, 2025","format":false,"excerpt":"#Redacci\u00f3nOaxaca #Oaxaca * La modificaci\u00f3n al marco jur\u00eddico vigente otorga nuevas atribuciones a la Seculta * Esta medida busca frenar la apropiaci\u00f3n cultural y mercantilizaci\u00f3n de saberes ancestrales por parte de marcas extranjeras San Raymundo Jalpan, Oax., a 28 de agosto de 2025.- Con 29 votos a favor, la Sexag\u00e9sima\u2026","rel":"","context":"En &quot;Agenda Pol\u00edtica&quot;","block_context":{"text":"Agenda Pol\u00edtica","link":"https:\/\/redaccionoaxaca.com\/index.php\/category\/agenda-politica\/"},"img":{"alt_text":"","src":"https:\/\/i0.wp.com\/redaccionoaxaca.com\/wp-content\/uploads\/2025\/08\/Screenshot_20250828_200513_Facebook-scaled.jpg?fit=1200%2C764&ssl=1&resize=350%2C200","width":350,"height":200,"srcset":"https:\/\/i0.wp.com\/redaccionoaxaca.com\/wp-content\/uploads\/2025\/08\/Screenshot_20250828_200513_Facebook-scaled.jpg?fit=1200%2C764&ssl=1&resize=350%2C200 1x, https:\/\/i0.wp.com\/redaccionoaxaca.com\/wp-content\/uploads\/2025\/08\/Screenshot_20250828_200513_Facebook-scaled.jpg?fit=1200%2C764&ssl=1&resize=525%2C300 1.5x, https:\/\/i0.wp.com\/redaccionoaxaca.com\/wp-content\/uploads\/2025\/08\/Screenshot_20250828_200513_Facebook-scaled.jpg?fit=1200%2C764&ssl=1&resize=700%2C400 2x, https:\/\/i0.wp.com\/redaccionoaxaca.com\/wp-content\/uploads\/2025\/08\/Screenshot_20250828_200513_Facebook-scaled.jpg?fit=1200%2C764&ssl=1&resize=1050%2C600 3x"},"classes":[]},{"id":34153,"url":"https:\/\/redaccionoaxaca.com\/index.php\/2024\/10\/28\/gobierno-de-oaxaca-presentara-denuncias-por-apropiacion-cultural-en-la-marca-mixe-by-pao-de-la-conductora-paola-rojas-eliminan-pagina-web-y-publicaciones-en-redes-sociales\/","url_meta":{"origin":37716,"position":4},"title":"Gobierno de Oaxaca presentar\u00e1 denuncias por apropiaci\u00f3n cultural en la marca \u201cMixe by Pao\u201d de la conductora, Paola Rojas; eliminan p\u00e1gina web y publicaciones en redes sociales","author":"ariadna","date":"octubre 28, 2024","format":false,"excerpt":"#Redacci\u00f3nOaxaca #Oaxaca Jaime GUERRERO El Gobernador de Oaxaca, Salom\u00f3n Jara Cruz, anunci\u00f3 que emprender\u00e1n acciones jur\u00eddicas por la apropiaci\u00f3n cultural indebida en la que habr\u00eda incurrido la conductora Paola Rojas con su marca de mezcal \u201cMixes by Pao\u201d. La comunicadora utiliz\u00f3 ese nombre sin que existiera consulta previa o el\u2026","rel":"","context":"En &quot;Agenda Pol\u00edtica&quot;","block_context":{"text":"Agenda Pol\u00edtica","link":"https:\/\/redaccionoaxaca.com\/index.php\/category\/agenda-politica\/"},"img":{"alt_text":"","src":"","width":0,"height":0},"classes":[]},{"id":40537,"url":"https:\/\/redaccionoaxaca.com\/index.php\/2026\/02\/16\/exhorta-poder-legislativo-al-indautor-a-realizar-las-acciones-correspondientes-contra-la-apropiacion-indebida-del-diseno-de-los-corazones-exvotos-de-hojalata\/","url_meta":{"origin":37716,"position":5},"title":"Exhorta Poder Legislativo al INDAUTOR a realizar las acciones correspondientes contra la apropiaci\u00f3n indebida del dise\u00f1o de los corazones exvotos de hojalata","author":"ariadna","date":"febrero 16, 2026","format":false,"excerpt":"#Redacci\u00f3nOaxaca #Oaxaca * Se busca proteger los derechos culturales y la identidad de Oaxaca San Raymundo Jalpan, Oax., a 16 de febrero de 2026.- El Congreso del Estado aprob\u00f3 un Proyecto de Acuerdo, el cual exhorta al Instituto Nacional del Derecho de Autor (INDAUTOR) a iniciar de oficio una queja\u2026","rel":"","context":"En &quot;Agenda Pol\u00edtica&quot;","block_context":{"text":"Agenda Pol\u00edtica","link":"https:\/\/redaccionoaxaca.com\/index.php\/category\/agenda-politica\/"},"img":{"alt_text":"","src":"https:\/\/i0.wp.com\/redaccionoaxaca.com\/wp-content\/uploads\/2026\/02\/Screenshot_20260216_161243_Facebook-scaled.jpg?fit=1200%2C801&ssl=1&resize=350%2C200","width":350,"height":200,"srcset":"https:\/\/i0.wp.com\/redaccionoaxaca.com\/wp-content\/uploads\/2026\/02\/Screenshot_20260216_161243_Facebook-scaled.jpg?fit=1200%2C801&ssl=1&resize=350%2C200 1x, https:\/\/i0.wp.com\/redaccionoaxaca.com\/wp-content\/uploads\/2026\/02\/Screenshot_20260216_161243_Facebook-scaled.jpg?fit=1200%2C801&ssl=1&resize=525%2C300 1.5x, https:\/\/i0.wp.com\/redaccionoaxaca.com\/wp-content\/uploads\/2026\/02\/Screenshot_20260216_161243_Facebook-scaled.jpg?fit=1200%2C801&ssl=1&resize=700%2C400 2x, https:\/\/i0.wp.com\/redaccionoaxaca.com\/wp-content\/uploads\/2026\/02\/Screenshot_20260216_161243_Facebook-scaled.jpg?fit=1200%2C801&ssl=1&resize=1050%2C600 3x"},"classes":[]}],"_links":{"self":[{"href":"https:\/\/redaccionoaxaca.com\/index.php\/wp-json\/wp\/v2\/posts\/37716","targetHints":{"allow":["GET"]}}],"collection":[{"href":"https:\/\/redaccionoaxaca.com\/index.php\/wp-json\/wp\/v2\/posts"}],"about":[{"href":"https:\/\/redaccionoaxaca.com\/index.php\/wp-json\/wp\/v2\/types\/post"}],"author":[{"embeddable":true,"href":"https:\/\/redaccionoaxaca.com\/index.php\/wp-json\/wp\/v2\/users\/9"}],"replies":[{"embeddable":true,"href":"https:\/\/redaccionoaxaca.com\/index.php\/wp-json\/wp\/v2\/comments?post=37716"}],"version-history":[{"count":1,"href":"https:\/\/redaccionoaxaca.com\/index.php\/wp-json\/wp\/v2\/posts\/37716\/revisions"}],"predecessor-version":[{"id":37719,"href":"https:\/\/redaccionoaxaca.com\/index.php\/wp-json\/wp\/v2\/posts\/37716\/revisions\/37719"}],"wp:featuredmedia":[{"embeddable":true,"href":"https:\/\/redaccionoaxaca.com\/index.php\/wp-json\/wp\/v2\/media\/37718"}],"wp:attachment":[{"href":"https:\/\/redaccionoaxaca.com\/index.php\/wp-json\/wp\/v2\/media?parent=37716"}],"wp:term":[{"taxonomy":"category","embeddable":true,"href":"https:\/\/redaccionoaxaca.com\/index.php\/wp-json\/wp\/v2\/categories?post=37716"},{"taxonomy":"post_tag","embeddable":true,"href":"https:\/\/redaccionoaxaca.com\/index.php\/wp-json\/wp\/v2\/tags?post=37716"}],"curies":[{"name":"wp","href":"https:\/\/api.w.org\/{rel}","templated":true}]}}