{"id":3786,"date":"2018-11-08T08:48:56","date_gmt":"2018-11-08T14:48:56","guid":{"rendered":"http:\/\/redaccionoaxaca.com\/?p=3786"},"modified":"2018-11-08T08:50:19","modified_gmt":"2018-11-08T14:50:19","slug":"sala-superior-del-tepjf-revoca-expulsion-de-cordero-eufrosina-y-lavalle-del-pan","status":"publish","type":"post","link":"https:\/\/redaccionoaxaca.com\/index.php\/2018\/11\/08\/sala-superior-del-tepjf-revoca-expulsion-de-cordero-eufrosina-y-lavalle-del-pan\/","title":{"rendered":"Sala Superior del TEPJF, revoca expulsi\u00f3n de Cordero, Eufrosina y Lavalle, del PAN"},"content":{"rendered":"<p><strong>#Redacci\u00f3nOaxaca<\/strong><br \/>\n<strong>Jaime GUERRERO<\/strong><\/p>\n<p>Por unanimidad, los magistrados de la Sala Superior del Tribunal Electoral del Poder Judicial de la Federaci\u00f3n (TEPJF) revocaron el proceso de expulsi\u00f3n de los ex senadores Ernesto Cordero, Jorge Luis Lavalle y la actual diputada local, Eufrosina Cruz Mendoza, de las filas del Partido Acci\u00f3n Nacional (PAN).<\/p>\n<p>Los magistrados devolvieron los expedientes a la Comisi\u00f3n de Justicia del Consejo Nacional del PAN \u2013que hab\u00eda confirmado las expulsiones- para que elabore nuevas resoluciones en las que sea exhaustiva en el an\u00e1lisis y dictaminaci\u00f3n de cada uno de los casos.<\/p>\n<p>Los magistrados Felipe de la Mata Piza\u00f1a e Indalfer Infante Gonz\u00e1les establecieron que son los partidos los que deben resolver sus diferencias en los \u00f3rganos interpartidarios.<\/p>\n<p>Para ello, calificaron como infundados los agravios relativo a la falta de competencia de la Comisi\u00f3n de Orden para sustanciar el procedimiento de expulsi\u00f3n, ya que sus estatutos la facultan de forma potestativa para auxiliarse con las comisiones de orden estatales y no es obligaci\u00f3n de estas sustanciar el procedimiento.<\/p>\n<p>Por otra parte, se consideran fundados los agravios relacionados con la falta de exhaustividad porque se advierte que el \u00f3rgano partidista no se pronunci\u00f3 sobre diversos se\u00f1alamientos referentes a la adecuaci\u00f3n de la conducta denunciada, taxatividad y tipicidad, as\u00ed como discriminaci\u00f3n y objeci\u00f3n de conciencia.<\/p>\n<p>Al no atender las caracter\u00edsticas particulares del procedimiento resolviendo, inclusive, de forma gen\u00e9rica e id\u00e9ntica en hechos denunciados distintos.<\/p>\n<p>Por ello, revocaron la resoluci\u00f3n partidista impugnada para devolver el expediente a la Comisi\u00f3n de Justicia para que, a la brevedad, resuelva de forma particularizada, completa, exhaustiva y congruente los planteamientos omitidos y en plenitud de atribuciones defina si la expulsi\u00f3n decretada por la Comisi\u00f3n de Orden fue apegada a derecho.<\/p>\n<p>El Magistrado Felipe de la Mata Piza\u00f1a, dijo que el \u00f3rgano interno del PAN, no pronunci\u00f3 sobre la adecuaci\u00f3n de la conducta denunciada a la norma partidista de forma individualizada ni se hicieron valer, analizaron espec\u00edficamente las excepciones que se hicieron valer espec\u00edficamente por cada uno de los actores.<\/p>\n<p>Y tampoco analiza espec\u00edficamente la forma en la cual se rebasa de manera particular los l\u00edmites a la libertad de expresi\u00f3n.<\/p>\n","protected":false},"excerpt":{"rendered":"<p>#Redacci\u00f3nOaxaca Jaime GUERRERO Por unanimidad, los magistrados de la Sala Superior del Tribunal Electoral del Poder Judicial de la Federaci\u00f3n (TEPJF) revocaron el proceso de expulsi\u00f3n de los ex senadores Ernesto Cordero, Jorge Luis Lavalle y la actual diputada local, Eufrosina Cruz Mendoza, de las filas del Partido Acci\u00f3n Nacional (PAN). Los magistrados devolvieron los [&hellip;]<\/p>\n","protected":false},"author":6,"featured_media":0,"comment_status":"open","ping_status":"open","sticky":false,"template":"","format":"standard","meta":{"jetpack_post_was_ever_published":false,"_jetpack_newsletter_access":"","_jetpack_dont_email_post_to_subs":false,"_jetpack_newsletter_tier_id":0,"_jetpack_memberships_contains_paywalled_content":false,"_jetpack_memberships_contains_paid_content":false,"footnotes":"","jetpack_publicize_message":"","jetpack_publicize_feature_enabled":true,"jetpack_social_post_already_shared":true,"jetpack_social_options":{"image_generator_settings":{"template":"highway","default_image_id":0,"font":"","enabled":false},"version":2}},"categories":[4],"tags":[],"class_list":{"0":"post-3786","1":"post","2":"type-post","3":"status-publish","4":"format-standard","6":"category-agenda-politica"},"jetpack_publicize_connections":[],"jetpack_featured_media_url":"","jetpack_sharing_enabled":true,"jetpack_shortlink":"https:\/\/wp.me\/p9Ynjw-Z4","jetpack-related-posts":[{"id":13802,"url":"https:\/\/redaccionoaxaca.com\/index.php\/2020\/08\/06\/sala-superior-del-tepjf-avala-que-solo-mujeres-compitan-por-cargos-en-oples-de-9-estados-entre-ellos-oaxaca\/","url_meta":{"origin":3786,"position":0},"title":"Sala superior del TEPJF avala que solo mujeres compitan  por cargos en OPLES de 9 estados, entre ellos Oaxaca.","author":"ariadna","date":"agosto 6, 2020","format":false,"excerpt":"#Redacci\u00f3nOaxaca #Oaxaca Jaime GUERRERO\u00a0\u00a0 Por unanimidad de votos, el pleno de la Sala Superior del Tribunal Electoral del Poder Judicial de la Federaci\u00f3n (TEPJF), confirm\u00f3 el acuerdo del Instituto Nacional Electoral (INE) en el que aprueba la emisi\u00f3n de la Convocatoria del Concurso P\u00fablico 2020 para ocupar cargos y puestos\u2026","rel":"","context":"En &quot;Agenda Pol\u00edtica&quot;","block_context":{"text":"Agenda Pol\u00edtica","link":"https:\/\/redaccionoaxaca.com\/index.php\/category\/agenda-politica\/"},"img":{"alt_text":"","src":"","width":0,"height":0},"classes":[]},{"id":7671,"url":"https:\/\/redaccionoaxaca.com\/index.php\/2019\/07\/18\/sala-superior-del-tepjf-da-palo-a-impugnacion-de-uro-y-sigue-fuera-de-la-contienda-por-el-pri\/","url_meta":{"origin":3786,"position":1},"title":"Sala Superior del TEPJF, da palo a impugnaci\u00f3n\u00a0de URO y sigue fuera de la contienda por el PRI.\u00a0","author":"jaime","date":"julio 18, 2019","format":false,"excerpt":"#Redacci\u00f3nOaxaca #Oaxaca Jaime GUERRERO\u00a0 La Sala Superior del Tribunal Electoral del Poder Judicial de la Federaci\u00f3n (TEPJF), desech\u00f3 la impugnaci\u00f3n del ex gobernador de Oaxaca, Ulises Ruiz Ortiz, a la convocatoria para elegir a la nueva dirigencia del Partido Revolucionario Institucional, y lo sigue dejando fuera del proceso interno de\u2026","rel":"","context":"Entrada similar ","block_context":{"text":"Entrada similar ","link":""},"img":{"alt_text":"","src":"","width":0,"height":0},"classes":[]},{"id":36126,"url":"https:\/\/redaccionoaxaca.com\/index.php\/2025\/03\/17\/oaxaquena-es-candidata-a-magistrada-de-la-sala-superior-del-tepjf\/","url_meta":{"origin":3786,"position":2},"title":"Oaxaque\u00f1a es candidata a magistrada de la Sala Superior del TEPJF","author":"ariadna","date":"marzo 17, 2025","format":false,"excerpt":"#Redacci\u00f3nOaxaca #Oaxaca Jaime GUERRERO Entre magistrados, exmagistrados y exconsejeros electorales ocupar\u00e1n candidaturas a la Sala Superior del Tribunal Electoral del Poder Judicial de la Federaci\u00f3n (TEPJF), una oaxaque\u00f1a que fue designada como candidata para ese \u00f3rgano jurisdiccional y entre su principal experiencia es en el \u00e1mbito social y carrera magisterial.\u2026","rel":"","context":"En &quot;Agenda Pol\u00edtica&quot;","block_context":{"text":"Agenda Pol\u00edtica","link":"https:\/\/redaccionoaxaca.com\/index.php\/category\/agenda-politica\/"},"img":{"alt_text":"","src":"","width":0,"height":0},"classes":[]},{"id":23037,"url":"https:\/\/redaccionoaxaca.com\/index.php\/2021\/12\/22\/video-sala-superior-deja-firme-a-gabriela-diaz-como-presidenta-de-san-jacinto-amilpas-no-tenia-obligacion-de-separarse-de-tesoreria\/","url_meta":{"origin":3786,"position":3},"title":"VIDEO: Sala Superior deja firme a Gabriela D\u00edaz como presidenta   de San Jacinto Amilpas; no tenia obligaci\u00f3n de separarse de Tesorer\u00eda.","author":"ariadna","date":"diciembre 22, 2021","format":"video","excerpt":"#Redacci\u00f3nOaxaca #Oaxaca Jaime GUERRERO La Sala Superior del Tribunal Electoral del Poder Judicial de la Federaci\u00f3n (#TEPJF), revoc\u00f3 la sentencia de la Sala Regional Xalapa, y dej\u00f3 firme a Gabriela D\u00edaz P\u00e9rez, como presidenta municipal de San Jacinto Amilpas. Sin discusiones de las y los magistrados, en le recursos de\u2026","rel":"","context":"En &quot;Agenda Pol\u00edtica&quot;","block_context":{"text":"Agenda Pol\u00edtica","link":"https:\/\/redaccionoaxaca.com\/index.php\/category\/agenda-politica\/"},"img":{"alt_text":"","src":"","width":0,"height":0},"classes":[]},{"id":255,"url":"https:\/\/redaccionoaxaca.com\/index.php\/2018\/06\/13\/por-orden-de-sala-xalapa-del-tepjf-paco-nino-es-candidato-a-diputado-pluri-y-fruevel-a-edil-de-tuxtepec\/","url_meta":{"origin":3786,"position":4},"title":"Por orden de Sala Xalapa del TEPJF, Paco Ni\u00f1o es\u00a0candidato a diputado pluri y Fruevel a edil de Tuxtepec","author":"denise","date":"junio 13, 2018","format":false,"excerpt":"Jaime GUERRERO\u00a0 #Redacci\u00f3nOaxaca \u00a0 El Instituto Estatal Electoral y de Participaci\u00f3n Ciudadana de Oaxaca (IEEPCO), retir\u00f3 la candidatura a Horacio Antonio Mendoza y Jos\u00e9 Soto Mart\u00ednez como candidatos a diputado local por representaci\u00f3n proporcional y presidente municipal de San Juan Bautista Tuxtepec, respectivamente.\u00a0 En cumplimiento a lo ordenado en la\u2026","rel":"","context":"En &quot;Agenda Pol\u00edtica&quot;","block_context":{"text":"Agenda Pol\u00edtica","link":"https:\/\/redaccionoaxaca.com\/index.php\/category\/agenda-politica\/"},"img":{"alt_text":"","src":"https:\/\/i0.wp.com\/redaccionoaxaca.com\/wp-content\/uploads\/2018\/06\/images-1.jpeg?resize=350%2C200","width":350,"height":200},"classes":[]},{"id":21920,"url":"https:\/\/redaccionoaxaca.com\/index.php\/2021\/10\/28\/video-magistrados-de-la-sala-superior-del-tepjf-mafiosos-y-facciosos-afirma-pt-de-oaxaca-por-tumbarle-1-pluri\/","url_meta":{"origin":3786,"position":5},"title":"VIDEO: Magistrados de la Sala Superior\u00a0del TEPJF,\u00a0&#8220;mafiosos\u00a0 y\u00a0facciosos&#8221;,\u00a0afirma PT de Oaxaca, por tumbarle 1 pluri.","author":"ariadna","date":"octubre 28, 2021","format":"video","excerpt":"#Redacci\u00f3nOaxaca #Oaxaca Jaime GUERRERO M\u00f3nica Isabella Santiago Hern\u00e1ndez, acus\u00f3 a magistrados y magistradas, principalmente al presidente del Tribunal Electoral del Poder Judicial de la Federaci\u00f3n (#TEPJF), Reyes Rodr\u00edguez Mondrag\u00f3n de actuar de forma facciosa, por instruir que se le quitara de su diputaci\u00f3n plurinominal por el Partido del Trabajo (#PT).\u2026","rel":"","context":"En &quot;Agenda Pol\u00edtica&quot;","block_context":{"text":"Agenda Pol\u00edtica","link":"https:\/\/redaccionoaxaca.com\/index.php\/category\/agenda-politica\/"},"img":{"alt_text":"","src":"","width":0,"height":0},"classes":[]}],"_links":{"self":[{"href":"https:\/\/redaccionoaxaca.com\/index.php\/wp-json\/wp\/v2\/posts\/3786","targetHints":{"allow":["GET"]}}],"collection":[{"href":"https:\/\/redaccionoaxaca.com\/index.php\/wp-json\/wp\/v2\/posts"}],"about":[{"href":"https:\/\/redaccionoaxaca.com\/index.php\/wp-json\/wp\/v2\/types\/post"}],"author":[{"embeddable":true,"href":"https:\/\/redaccionoaxaca.com\/index.php\/wp-json\/wp\/v2\/users\/6"}],"replies":[{"embeddable":true,"href":"https:\/\/redaccionoaxaca.com\/index.php\/wp-json\/wp\/v2\/comments?post=3786"}],"version-history":[{"count":1,"href":"https:\/\/redaccionoaxaca.com\/index.php\/wp-json\/wp\/v2\/posts\/3786\/revisions"}],"predecessor-version":[{"id":3788,"href":"https:\/\/redaccionoaxaca.com\/index.php\/wp-json\/wp\/v2\/posts\/3786\/revisions\/3788"}],"wp:attachment":[{"href":"https:\/\/redaccionoaxaca.com\/index.php\/wp-json\/wp\/v2\/media?parent=3786"}],"wp:term":[{"taxonomy":"category","embeddable":true,"href":"https:\/\/redaccionoaxaca.com\/index.php\/wp-json\/wp\/v2\/categories?post=3786"},{"taxonomy":"post_tag","embeddable":true,"href":"https:\/\/redaccionoaxaca.com\/index.php\/wp-json\/wp\/v2\/tags?post=3786"}],"curies":[{"name":"wp","href":"https:\/\/api.w.org\/{rel}","templated":true}]}}