{"id":39827,"date":"2026-01-08T17:22:52","date_gmt":"2026-01-08T23:22:52","guid":{"rendered":"https:\/\/redaccionoaxaca.com\/?p=39827"},"modified":"2026-01-08T17:22:52","modified_gmt":"2026-01-08T23:22:52","slug":"consejo-general-del-ieepco-aprueba-acuerdos-en-materia-de-revocacion-de-mandato-y-sistemas-normativos-indigenas","status":"publish","type":"post","link":"https:\/\/redaccionoaxaca.com\/index.php\/2026\/01\/08\/consejo-general-del-ieepco-aprueba-acuerdos-en-materia-de-revocacion-de-mandato-y-sistemas-normativos-indigenas\/","title":{"rendered":"Consejo General del IEEPCO aprueba acuerdos en materia de Revocaci\u00f3n de Mandato y Sistemas Normativos Ind\u00edgenas"},"content":{"rendered":"<p><strong>#Redacci\u00f3nOaxaca<\/strong><\/p>\n<p style=\"text-align: justify;\"><strong>#Oaxaca<\/strong><\/p>\n<p>El Consejo General del Instituto Estatal Electoral y de Participaci\u00f3n Ciudadana de Oaxaca (IEEPCO) celebr\u00f3 Sesi\u00f3n Extraordinaria Urgente, en la que aprob\u00f3 diversos acuerdos relacionados con el procedimiento de Revocaci\u00f3n de Mandato, as\u00ed como de elecciones de Ayuntamientos que se rigen por Sistemas Normativos Ind\u00edgenas.<\/p>\n<p style=\"text-align: justify;\">Como primer punto del orden del d\u00eda, se aprobaron las acreditaciones de personas ciudadanas que participar\u00e1n como observadoras y observadores en el Proceso de Revocaci\u00f3n de Mandato de la persona titular de la Gubernatura del Estado de Oaxaca, correspondiente al periodo constitucional 2022\u20132028.<\/p>\n<p style=\"text-align: justify;\">Posteriormente, como segundo punto, el Consejo General aprob\u00f3 el formato de los foros de discusi\u00f3n que se llevar\u00e1n a cabo en el marco del Proceso de Revocaci\u00f3n de Mandato los d\u00edas 11 y 18 de enero de presente a\u00f1o y ser\u00e1n transmitidos por las redes oficiales del Instituto.<\/p>\n<p style=\"text-align: justify;\">Asimismo, se aprobaron las listas finales de personas moderadoras, panelistas y de reserva que participar\u00e1n en dichos foros, garantizando la organizaci\u00f3n y desarrollo adecuado de este ejercicio democr\u00e1tico.<\/p>\n<p style=\"text-align: justify;\">En otro orden de ideas, el Consejo General declar\u00f3 jur\u00eddicamente v\u00e1lida la elecci\u00f3n extraordinaria de la concejal\u00eda propietaria de la Regidur\u00eda de Haciendadel Ayuntamiento de Santa Mar\u00eda Yaves\u00eda, municipio que electoralmente se rige por Sistemas Normativos Ind\u00edgenas.<\/p>\n<p style=\"text-align: justify;\">De igual manera, se determin\u00f3 que la decisi\u00f3n adoptada por las comunidadesde la Cabecera Municipal de San Juan Mazatl\u00e1n y la Cabecera Municipal de San Juan Petlapa , mediante Asamblea General Comunitaria, cuentan con reconocimiento y validez jur\u00eddica \u00fanicamente en el \u00e1mbito de dicha comunidad cabecera.<\/p>\n<p style=\"text-align: justify;\">La sesi\u00f3n virtual cont\u00f3 con la participaci\u00f3n de la consejera presidenta del IEEPCO, Elizabeth S\u00e1nchez Gonz\u00e1lez; las consejeras electorales Jessica Jazibe Hern\u00e1ndez Garc\u00eda, Zaira Alhel\u00ed Hip\u00f3lito L\u00f3pez, Ana Mar\u00eda M\u00e1rquez Andr\u00e9s y Gabriela Fernanda Espinoza Blancas; as\u00ed como de los consejeros electorales Alejandro Carrasco Sampedro y Manuel Cort\u00e9s Muriedas. Asimismo, estuvo presente el secretario ejecutivo, Graciano Alejandro Prats Rojas, adem\u00e1s de las representaciones de los partidos pol\u00edticos.<\/p>\n","protected":false},"excerpt":{"rendered":"<p>#Redacci\u00f3nOaxaca #Oaxaca El Consejo General del Instituto Estatal Electoral y de Participaci\u00f3n Ciudadana de Oaxaca (IEEPCO) celebr\u00f3 Sesi\u00f3n Extraordinaria Urgente, en la que aprob\u00f3 diversos acuerdos relacionados con el procedimiento de Revocaci\u00f3n de Mandato, as\u00ed como de elecciones de Ayuntamientos que se rigen por Sistemas Normativos Ind\u00edgenas. Como primer punto del orden del d\u00eda, se [&hellip;]<\/p>\n","protected":false},"author":9,"featured_media":39828,"comment_status":"open","ping_status":"open","sticky":false,"template":"","format":"standard","meta":{"jetpack_post_was_ever_published":false,"_jetpack_newsletter_access":"","_jetpack_dont_email_post_to_subs":false,"_jetpack_newsletter_tier_id":0,"_jetpack_memberships_contains_paywalled_content":false,"_jetpack_memberships_contains_paid_content":false,"footnotes":"","jetpack_publicize_message":"","jetpack_publicize_feature_enabled":true,"jetpack_social_post_already_shared":true,"jetpack_social_options":{"image_generator_settings":{"template":"highway","default_image_id":0,"font":"","enabled":false},"version":2}},"categories":[4,7,3,6],"tags":[],"class_list":{"0":"post-39827","1":"post","2":"type-post","3":"status-publish","4":"format-standard","5":"has-post-thumbnail","7":"category-agenda-politica","8":"category-al-cierre","9":"category-mesa-de-redaccion","10":"category-tendencias"},"jetpack_publicize_connections":[],"jetpack_featured_media_url":"https:\/\/i0.wp.com\/redaccionoaxaca.com\/wp-content\/uploads\/2026\/01\/Screenshot_20260108_172206_Facebook-scaled.jpg?fit=2560%2C1204&ssl=1","jetpack_sharing_enabled":true,"jetpack_shortlink":"https:\/\/wp.me\/p9Ynjw-amn","jetpack-related-posts":[{"id":31145,"url":"https:\/\/redaccionoaxaca.com\/index.php\/2024\/04\/05\/valida-consejo-general-del-ieepco-elecciones-extraordinarias-por-sistemas-normativos-y-designa-a-integrante-de-un-organo-desconcentrado\/","url_meta":{"origin":39827,"position":0},"title":"Valida Consejo General del IEEPCO  elecciones extraordinarias por Sistemas Normativos y designa a integrante de un \u00f3rgano desconcentrado","author":"ariadna","date":"abril 5, 2024","format":false,"excerpt":"#Redacci\u00f3nOaxaca #Oaxaca El Instituto Estatal Electoral y de Participaci\u00f3n Ciudadana de Oaxaca (IEEPCO) en sesi\u00f3n extraordinaria valid\u00f3 la elecci\u00f3n extraordinaria del Ayuntamiento de San Miguel Tulancingo; la elecci\u00f3n extraordinaria de la concejal\u00eda propietaria de la sindicatura municipal del Ayuntamiento de Santo Tom\u00e1s Ocotepec y elecci\u00f3n extraordinaria de las concejal\u00edas suplentes\u2026","rel":"","context":"En &quot;Agenda Pol\u00edtica&quot;","block_context":{"text":"Agenda Pol\u00edtica","link":"https:\/\/redaccionoaxaca.com\/index.php\/category\/agenda-politica\/"},"img":{"alt_text":"","src":"","width":0,"height":0},"classes":[]},{"id":39692,"url":"https:\/\/redaccionoaxaca.com\/index.php\/2026\/01\/01\/solo-ocho-municipios-tendrian-comisionados-municipales-tras-elecciones-por-sistemas-normativos-indigenas-sego\/","url_meta":{"origin":39827,"position":1},"title":"Solo ocho municipios tendr\u00edan comisionados municipales tras elecciones por Sistemas Normativos Ind\u00edgenas: Sego","author":"ariadna","date":"enero 1, 2026","format":false,"excerpt":"#Redacci\u00f3nOaxaca #Oaxaca Jaime GUERRERO La Secretar\u00eda de Gobierno (Sego) inform\u00f3 que, una vez concluido el proceso de calificaci\u00f3n de los comicios de concejal\u00edas en municipios que se rigen por Sistemas Normativos Ind\u00edgenas, correspondientes al ciclo electoral 2025, \u00fanicamente ocho municipios se perfilar\u00edan para la designaci\u00f3n de comisionados municipales. Lo anterior\u2026","rel":"","context":"En &quot;Agenda Pol\u00edtica&quot;","block_context":{"text":"Agenda Pol\u00edtica","link":"https:\/\/redaccionoaxaca.com\/index.php\/category\/agenda-politica\/"},"img":{"alt_text":"","src":"https:\/\/i0.wp.com\/redaccionoaxaca.com\/wp-content\/uploads\/2026\/01\/IMG-20260101-WA0068.jpg?fit=958%2C1200&ssl=1&resize=350%2C200","width":350,"height":200,"srcset":"https:\/\/i0.wp.com\/redaccionoaxaca.com\/wp-content\/uploads\/2026\/01\/IMG-20260101-WA0068.jpg?fit=958%2C1200&ssl=1&resize=350%2C200 1x, https:\/\/i0.wp.com\/redaccionoaxaca.com\/wp-content\/uploads\/2026\/01\/IMG-20260101-WA0068.jpg?fit=958%2C1200&ssl=1&resize=525%2C300 1.5x, https:\/\/i0.wp.com\/redaccionoaxaca.com\/wp-content\/uploads\/2026\/01\/IMG-20260101-WA0068.jpg?fit=958%2C1200&ssl=1&resize=700%2C400 2x"},"classes":[]},{"id":39686,"url":"https:\/\/redaccionoaxaca.com\/index.php\/2026\/01\/01\/ieepco-concluye-calificacion-de-elecciones-por-sistemas-normativos-indigenas-de-oaxaca-se-proyectan-29-comisionados-por-elecciones-truncas\/","url_meta":{"origin":39827,"position":2},"title":"IEEPCO concluye calificaci\u00f3n de elecciones por Sistemas Normativos Ind\u00edgenas de Oaxaca; se proyectan 29 Comisionados por elecciones truncas","author":"ariadna","date":"enero 1, 2026","format":false,"excerpt":"#Redacci\u00f3nOaxaca #Oaxaca Jaime GUERRERO El Consejo General del Instituto Estatal Electoral y de Participaci\u00f3n Ciudadana de Oaxaca (IEEPCO) cerr\u00f3 la calificaci\u00f3n de los comicios de concejal\u00edas de los municipios que se rigen por Sistemas Normativos Ind\u00edgenas, correspondientes al ciclo electoral 2025, con un balance que incluye elecciones no validadas, procesos\u2026","rel":"","context":"En &quot;Agenda Pol\u00edtica&quot;","block_context":{"text":"Agenda Pol\u00edtica","link":"https:\/\/redaccionoaxaca.com\/index.php\/category\/agenda-politica\/"},"img":{"alt_text":"","src":"https:\/\/i0.wp.com\/redaccionoaxaca.com\/wp-content\/uploads\/2026\/01\/images-6.jpeg?fit=783%2C392&ssl=1&resize=350%2C200","width":350,"height":200,"srcset":"https:\/\/i0.wp.com\/redaccionoaxaca.com\/wp-content\/uploads\/2026\/01\/images-6.jpeg?fit=783%2C392&ssl=1&resize=350%2C200 1x, https:\/\/i0.wp.com\/redaccionoaxaca.com\/wp-content\/uploads\/2026\/01\/images-6.jpeg?fit=783%2C392&ssl=1&resize=525%2C300 1.5x, https:\/\/i0.wp.com\/redaccionoaxaca.com\/wp-content\/uploads\/2026\/01\/images-6.jpeg?fit=783%2C392&ssl=1&resize=700%2C400 2x"},"classes":[]},{"id":39187,"url":"https:\/\/redaccionoaxaca.com\/index.php\/2025\/11\/20\/tension-presupuestal-ieepco-solicita-569-12-mdp-para-2026-pero-gobernador-solo-ofrece-412-90-millones-ople-pide-186-mdp-para-revocacion-de-mandato-y-jara-solo-propone-99-mdp\/","url_meta":{"origin":39827,"position":3},"title":"Tensi\u00f3n presupuestal: IEEPCO solicita 569.12 mdp para 2026, pero gobernador solo ofrece 412.90 millones; OPLE pide 186 mdp para revocaci\u00f3n de mandato y Jara solo propone 99 mdp","author":"ariadna","date":"noviembre 20, 2025","format":false,"excerpt":"#Redacci\u00f3nOaxaca #Oaxaca Jaime GUERRERO El Instituto Estatal Electoral y de Participaci\u00f3n Ciudadana de Oaxaca (IEEPCO) aprob\u00f3 un anteproyecto de presupuesto para el ejercicio fiscal 2026 por un total de 569 millones 122 mil 393 pesos con 73 centavos, cantidad que incluye recursos para organizar una eventual revocaci\u00f3n de mandato del\u2026","rel":"","context":"En &quot;Agenda Pol\u00edtica&quot;","block_context":{"text":"Agenda Pol\u00edtica","link":"https:\/\/redaccionoaxaca.com\/index.php\/category\/agenda-politica\/"},"img":{"alt_text":"","src":"https:\/\/i0.wp.com\/redaccionoaxaca.com\/wp-content\/uploads\/2025\/11\/28-20.jpg?fit=1000%2C600&ssl=1&resize=350%2C200","width":350,"height":200,"srcset":"https:\/\/i0.wp.com\/redaccionoaxaca.com\/wp-content\/uploads\/2025\/11\/28-20.jpg?fit=1000%2C600&ssl=1&resize=350%2C200 1x, https:\/\/i0.wp.com\/redaccionoaxaca.com\/wp-content\/uploads\/2025\/11\/28-20.jpg?fit=1000%2C600&ssl=1&resize=525%2C300 1.5x, https:\/\/i0.wp.com\/redaccionoaxaca.com\/wp-content\/uploads\/2025\/11\/28-20.jpg?fit=1000%2C600&ssl=1&resize=700%2C400 2x"},"classes":[]},{"id":38665,"url":"https:\/\/redaccionoaxaca.com\/index.php\/2025\/10\/11\/ieepco-aprueba-lineamientos-para-la-revocacion-de-mandato-de-gobernador-de-oaxaca\/","url_meta":{"origin":39827,"position":4},"title":"IEEPCO aprueba lineamientos para la Revocaci\u00f3n de Mandato de Gobernador de Oaxaca","author":"ariadna","date":"octubre 11, 2025","format":false,"excerpt":"#Redacci\u00f3nOaxaca #Oaxaca Jaime GUERRERO En Sesi\u00f3n Extraordinaria Urgente, el Consejo General del Instituto Estatal Electoral y de Participaci\u00f3n Ciudadana de Oaxaca (IEEPCO) aprob\u00f3 este viernes los lineamientos y formatos para el proceso de Revocaci\u00f3n de Mandato de la persona titular de la Gubernatura del Estado, correspondiente al periodo constitucional 2022-2028.\u2026","rel":"","context":"En &quot;Agenda Pol\u00edtica&quot;","block_context":{"text":"Agenda Pol\u00edtica","link":"https:\/\/redaccionoaxaca.com\/index.php\/category\/agenda-politica\/"},"img":{"alt_text":"","src":"","width":0,"height":0},"classes":[]},{"id":9866,"url":"https:\/\/redaccionoaxaca.com\/index.php\/2020\/01\/02\/solo-404-elecciones-de-sistemas-normativos-fueron-avaladas-por-el-ieepco-6-se-anularon-y-3-municipios-estan-en-desacato-por-disputas\/","url_meta":{"origin":39827,"position":5},"title":"Solo 404 elecciones de Sistemas Normativos fueron avaladas por el IEEPCO; 6 se anularon y 3 municipios est\u00e1n en desacato por disputas.","author":"ariadna","date":"enero 2, 2020","format":false,"excerpt":"#Redacci\u00f3nOaxaca #Oaxaca Jaime GUERRERO Finalizados los procesos electorales en municipios que se rigen por los Sistemas Normativos Internos, tambi\u00e9n conocidos como de Usos y Costumbres, el Instituto Estatal Electoral y de Participaci\u00f3n Ciudadana de Oaxaca (IEEPCO), calific\u00f3 410 asambleas electivas de las cuales valid\u00f3 404 asambleas comunitarias y c\u00f3mo no\u2026","rel":"","context":"Entrada similar ","block_context":{"text":"Entrada similar ","link":""},"img":{"alt_text":"","src":"","width":0,"height":0},"classes":[]}],"_links":{"self":[{"href":"https:\/\/redaccionoaxaca.com\/index.php\/wp-json\/wp\/v2\/posts\/39827","targetHints":{"allow":["GET"]}}],"collection":[{"href":"https:\/\/redaccionoaxaca.com\/index.php\/wp-json\/wp\/v2\/posts"}],"about":[{"href":"https:\/\/redaccionoaxaca.com\/index.php\/wp-json\/wp\/v2\/types\/post"}],"author":[{"embeddable":true,"href":"https:\/\/redaccionoaxaca.com\/index.php\/wp-json\/wp\/v2\/users\/9"}],"replies":[{"embeddable":true,"href":"https:\/\/redaccionoaxaca.com\/index.php\/wp-json\/wp\/v2\/comments?post=39827"}],"version-history":[{"count":1,"href":"https:\/\/redaccionoaxaca.com\/index.php\/wp-json\/wp\/v2\/posts\/39827\/revisions"}],"predecessor-version":[{"id":39829,"href":"https:\/\/redaccionoaxaca.com\/index.php\/wp-json\/wp\/v2\/posts\/39827\/revisions\/39829"}],"wp:featuredmedia":[{"embeddable":true,"href":"https:\/\/redaccionoaxaca.com\/index.php\/wp-json\/wp\/v2\/media\/39828"}],"wp:attachment":[{"href":"https:\/\/redaccionoaxaca.com\/index.php\/wp-json\/wp\/v2\/media?parent=39827"}],"wp:term":[{"taxonomy":"category","embeddable":true,"href":"https:\/\/redaccionoaxaca.com\/index.php\/wp-json\/wp\/v2\/categories?post=39827"},{"taxonomy":"post_tag","embeddable":true,"href":"https:\/\/redaccionoaxaca.com\/index.php\/wp-json\/wp\/v2\/tags?post=39827"}],"curies":[{"name":"wp","href":"https:\/\/api.w.org\/{rel}","templated":true}]}}