{"id":40314,"date":"2026-02-02T18:18:24","date_gmt":"2026-02-03T00:18:24","guid":{"rendered":"https:\/\/redaccionoaxaca.com\/?p=40314"},"modified":"2026-02-02T18:18:24","modified_gmt":"2026-02-03T00:18:24","slug":"steuabjo-mantiene-huelga-en-30-planteles-de-oaxaca-reclama-aumento-salario-minimo-de-9-mil-582-47-mensual","status":"publish","type":"post","link":"https:\/\/redaccionoaxaca.com\/index.php\/2026\/02\/02\/steuabjo-mantiene-huelga-en-30-planteles-de-oaxaca-reclama-aumento-salario-minimo-de-9-mil-582-47-mensual\/","title":{"rendered":"STEUABJO mantiene huelga en 30 planteles de Oaxaca, reclama aumento salario m\u00ednimo de 9 mil 582.47 mensual"},"content":{"rendered":"<p><strong>#Redacci\u00f3nOaxaca<\/strong><\/p>\n<p><strong>#Oaxaca<\/strong><\/p>\n<p><strong>Jaime GUERRERO<\/strong><\/p>\n<p style=\"text-align: justify;\">El Sindicato de Trabajadores y Empleados de la Universidad Aut\u00f3noma \u201cBenito Ju\u00e1rez\u201d de Oaxaca (STEUABJO) ratific\u00f3 este lunes que continuar\u00e1 con la huelga estallada a medianoche del domingo en una treintena de planteles distribuidos en todo el estado, hasta que las autoridades universitarias equiparen los salarios de sus 2 mil agremiados con el salario m\u00ednimo federal vigente para 2026, fijado en 9 mil 582.47 pesos mensuales o 315.04 pesos diarios.<\/p>\n<p style=\"text-align: justify;\">Representantes sindicales informaron que aguardan la resoluci\u00f3n del Juzgado Laboral con sede en Oaxaca sobre la legalidad del estallamiento, decisi\u00f3n que podr\u00eda emitirse en las pr\u00f3ximas horas.<\/p>\n<p style=\"text-align: justify;\">El plazo para que la universidad interponga recursos de impugnaci\u00f3n vence a las 0:00 horas del martes.<\/p>\n<p style=\"text-align: justify;\">Seg\u00fan informaci\u00f3n del sindicato, \u00fanicamente 55 de sus 2 mil agremiados perciben salarios que igualan o superan el m\u00ednimo vigente.<\/p>\n<p style=\"text-align: justify;\">Adem\u00e1s de la nivelaci\u00f3n salarial, demandan un incremento de 4 por ciento correspondiente a la negociaci\u00f3n anual de su contrato colectivo.<\/p>\n<p style=\"text-align: justify;\">Los representantes laborales se\u00f1alaron que las autoridades federales deben participar en las negociaciones, ya que los recursos p\u00fablicos destinados a la universidad fueron reducidos en lugar de incrementarse para atender las necesidades salariales de la instituci\u00f3n.<\/p>\n<p style=\"text-align: justify;\">Los planteles afectados se ubican en las regiones de Valles Centrales, Costa, Istmo de Tehuantepec y Mixteca.<\/p>\n<p style=\"text-align: justify;\">Hasta el momento est\u00e1n en impasse las pl\u00e1ticas con administraci\u00f3n universitaria y con el Gobierno del Estado para establecer mesas de di\u00e1logo.<\/p>\n<p style=\"text-align: justify;\">\u201cConsideramos que es lo que est\u00e1n esperando, que determine la autoridad laboral la legalidad o ilegalidad de la huelga. Sujetarse a lo que diga la autoridad nos meter\u00eda en una din\u00e1mica m\u00e1s compleja porque ellos tienen el derecho a impugnar y nosotros tambi\u00e9n nos meter\u00edamos en esa din\u00e1mica y aplazar\u00eda m\u00e1s una mesa de negociaci\u00f3n\u201d, explicaron integrantes del comit\u00e9 de huelga, quienes aseguraron haber cumplido con toda la normativa para desplegar las banderas rojinegras.<\/p>\n<p style=\"text-align: justify;\">La movilizaci\u00f3n impacta directamente tr\u00e1mites administrativos como el pago y proceso de reinscripciones de cara al inicio del pr\u00f3ximo semestre, programado para el 16 de febrero.<\/p>\n<p style=\"text-align: justify;\">Tambi\u00e9n quedan suspendidos los procesos de regularizaci\u00f3n para estudiantes que concluyeron 2025 con materias pendientes.<\/p>\n<p style=\"text-align: justify;\">\u201cAhorita est\u00e1n en el periodo intersemestral, en tema de regularizaci\u00f3n de los alumnos que tienen alg\u00fan adeudo de alguna materia, estamos en ese periodo\u201d, precisaron los dirigentes sindicales.<\/p>\n<p style=\"text-align: justify;\">Los trabajadores advirtieron que, de no instalarse mesas de negociaci\u00f3n a la brevedad o resolverse su pliego petitorio, el conflicto podr\u00eda impedir el arranque de actividades en las aulas para el siguiente ciclo escolar.<\/p>\n","protected":false},"excerpt":{"rendered":"<p>#Redacci\u00f3nOaxaca #Oaxaca Jaime GUERRERO El Sindicato de Trabajadores y Empleados de la Universidad Aut\u00f3noma \u201cBenito Ju\u00e1rez\u201d de Oaxaca (STEUABJO) ratific\u00f3 este lunes que continuar\u00e1 con la huelga estallada a medianoche del domingo en una treintena de planteles distribuidos en todo el estado, hasta que las autoridades universitarias equiparen los salarios de sus 2 mil agremiados [&hellip;]<\/p>\n","protected":false},"author":9,"featured_media":40315,"comment_status":"open","ping_status":"open","sticky":false,"template":"","format":"standard","meta":{"jetpack_post_was_ever_published":false,"_jetpack_newsletter_access":"","_jetpack_dont_email_post_to_subs":false,"_jetpack_newsletter_tier_id":0,"_jetpack_memberships_contains_paywalled_content":false,"_jetpack_memberships_contains_paid_content":false,"footnotes":"","jetpack_publicize_message":"","jetpack_publicize_feature_enabled":true,"jetpack_social_post_already_shared":true,"jetpack_social_options":{"image_generator_settings":{"template":"highway","default_image_id":0,"font":"","enabled":false},"version":2}},"categories":[4,7,5],"tags":[],"class_list":{"0":"post-40314","1":"post","2":"type-post","3":"status-publish","4":"format-standard","5":"has-post-thumbnail","7":"category-agenda-politica","8":"category-al-cierre","9":"category-imagen"},"jetpack_publicize_connections":[],"jetpack_featured_media_url":"https:\/\/i0.wp.com\/redaccionoaxaca.com\/wp-content\/uploads\/2026\/02\/images-24.jpeg?fit=640%2C480&ssl=1","jetpack_sharing_enabled":true,"jetpack_shortlink":"https:\/\/wp.me\/p9Ynjw-aue","jetpack-related-posts":[{"id":30310,"url":"https:\/\/redaccionoaxaca.com\/index.php\/2024\/02\/01\/steuabjo-prorroga-huelga-y-brinda-respiro-de-15-dias\/","url_meta":{"origin":40314,"position":0},"title":"STEUABJO Prorroga Huelga y Brinda Respiro de 15 D\u00edas","author":"ariadna","date":"febrero 1, 2024","format":false,"excerpt":"#Redacci\u00f3nOaxaca #Oaxaca Citlalli L\u00f3pez\u00a0 El Sindicato de Trabajadores y Empleados de la Universidad Aut\u00f3noma Benito Ju\u00e1rez de Oaxaca (STEUABJO) anunci\u00f3 la pr\u00f3rroga de 15 d\u00edas para el estallamiento de la huelga programada para el 1 de febrero. En una rueda de prensa matutina, los miembros del comit\u00e9 directivo, encabezados por\u2026","rel":"","context":"En &quot;Mesa de Redacci\u00f3n&quot;","block_context":{"text":"Mesa de Redacci\u00f3n","link":"https:\/\/redaccionoaxaca.com\/index.php\/category\/mesa-de-redaccion\/"},"img":{"alt_text":"","src":"","width":0,"height":0},"classes":[]},{"id":39274,"url":"https:\/\/redaccionoaxaca.com\/index.php\/2025\/11\/28\/steuabjo-emplaza-a-huelga-a-la-uabjo-exige-100-de-aumento-salarial-y-acusa-al-gobierno-estatal-de-abandono\/","url_meta":{"origin":40314,"position":1},"title":"STEUABJO emplaza a huelga a la UABJO; exige 100% de aumento salarial y acusa al gobierno estatal de abandono","author":"ariadna","date":"noviembre 28, 2025","format":false,"excerpt":"#Redacci\u00f3nOaxaca #Oaxaca Jaime GUERRERO La secretaria general del Sindicato de Trabajadores y Empleados de la Universidad Aut\u00f3noma Benito Ju\u00e1rez de Oaxaca (STEUABJO), Eulalia Cristina Gonz\u00e1lez Ramos, anunci\u00f3 este jueves el emplazamiento a huelga contra la m\u00e1xima casa de estudios por violaciones al contrato colectivo de trabajo y la exigencia de\u2026","rel":"","context":"En &quot;Agenda Pol\u00edtica&quot;","block_context":{"text":"Agenda Pol\u00edtica","link":"https:\/\/redaccionoaxaca.com\/index.php\/category\/agenda-politica\/"},"img":{"alt_text":"","src":"https:\/\/i0.wp.com\/redaccionoaxaca.com\/wp-content\/uploads\/2025\/11\/IMG-20251128-WA0067.jpg?fit=1200%2C900&ssl=1&resize=350%2C200","width":350,"height":200,"srcset":"https:\/\/i0.wp.com\/redaccionoaxaca.com\/wp-content\/uploads\/2025\/11\/IMG-20251128-WA0067.jpg?fit=1200%2C900&ssl=1&resize=350%2C200 1x, https:\/\/i0.wp.com\/redaccionoaxaca.com\/wp-content\/uploads\/2025\/11\/IMG-20251128-WA0067.jpg?fit=1200%2C900&ssl=1&resize=525%2C300 1.5x, https:\/\/i0.wp.com\/redaccionoaxaca.com\/wp-content\/uploads\/2025\/11\/IMG-20251128-WA0067.jpg?fit=1200%2C900&ssl=1&resize=700%2C400 2x, https:\/\/i0.wp.com\/redaccionoaxaca.com\/wp-content\/uploads\/2025\/11\/IMG-20251128-WA0067.jpg?fit=1200%2C900&ssl=1&resize=1050%2C600 3x"},"classes":[]},{"id":25262,"url":"https:\/\/redaccionoaxaca.com\/index.php\/2022\/04\/26\/con-bloqueo-steuabjo-demanda-reapertura-de-la-jlca-y-al-rector-poner-gente-capaz-en-la-negociacion\/","url_meta":{"origin":40314,"position":2},"title":"Con bloqueo STEUABJO demanda reapertura de la JLCA y al rector poner gente capaz en la negociaci\u00f3n.","author":"ariadna","date":"abril 26, 2022","format":false,"excerpt":"#Redacci\u00f3nOaxaca #Oaxaca Citlalli L\u00f3pez Vel\u00e1zquez Con un bloqueo en Boulevard Eduardo Vasconcelos integrantes del Sindicato de trabajadores y empleados de la Universidad Aut\u00f3noma Benito Ju\u00e1rez de Oaxaca (#STEUABJO) demandaron a la Junta Local al de Conciliaci\u00f3n y Arbitraje (JLCA), reanudar las actividades en esta instancia para continuar con las negociaciones\u2026","rel":"","context":"En &quot;Imagen&quot;","block_context":{"text":"Imagen","link":"https:\/\/redaccionoaxaca.com\/index.php\/category\/imagen\/"},"img":{"alt_text":"","src":"","width":0,"height":0},"classes":[]},{"id":40421,"url":"https:\/\/redaccionoaxaca.com\/index.php\/2026\/02\/09\/concluye-huelga-del-steuabjo-este-martes-reanudan-actividades-en-la-uabjo\/","url_meta":{"origin":40314,"position":3},"title":"Concluye huelga del STEUABJO; este martes reanudan actividades en la UABJO","author":"ariadna","date":"febrero 9, 2026","format":false,"excerpt":"#Redacci\u00f3nOaxaca #Oaxaca El Sindicato de Trabajadores y Empleados de la Universidad Aut\u00f3noma \u201cBenito Ju\u00e1rez\u201d de Oaxaca (STEUABJO) acord\u00f3 levantar la huelga que mantuvo paralizadas las actividades acad\u00e9micas y administrativas de la m\u00e1xima casa de estudios durante una semana, afectando a m\u00e1s de 25 mil estudiantes. La decisi\u00f3n fue tomada la\u2026","rel":"","context":"En &quot;Agenda Pol\u00edtica&quot;","block_context":{"text":"Agenda Pol\u00edtica","link":"https:\/\/redaccionoaxaca.com\/index.php\/category\/agenda-politica\/"},"img":{"alt_text":"","src":"https:\/\/i0.wp.com\/redaccionoaxaca.com\/wp-content\/uploads\/2026\/02\/FB_IMG_1770677132867.jpg?fit=1200%2C696&ssl=1&resize=350%2C200","width":350,"height":200,"srcset":"https:\/\/i0.wp.com\/redaccionoaxaca.com\/wp-content\/uploads\/2026\/02\/FB_IMG_1770677132867.jpg?fit=1200%2C696&ssl=1&resize=350%2C200 1x, https:\/\/i0.wp.com\/redaccionoaxaca.com\/wp-content\/uploads\/2026\/02\/FB_IMG_1770677132867.jpg?fit=1200%2C696&ssl=1&resize=525%2C300 1.5x, https:\/\/i0.wp.com\/redaccionoaxaca.com\/wp-content\/uploads\/2026\/02\/FB_IMG_1770677132867.jpg?fit=1200%2C696&ssl=1&resize=700%2C400 2x, https:\/\/i0.wp.com\/redaccionoaxaca.com\/wp-content\/uploads\/2026\/02\/FB_IMG_1770677132867.jpg?fit=1200%2C696&ssl=1&resize=1050%2C600 3x"},"classes":[]},{"id":20973,"url":"https:\/\/redaccionoaxaca.com\/index.php\/2021\/09\/20\/reactiva-steuabjo-bloqueo-en-demanda-de-12-mdp-advierte-con-protestas-diarias\/","url_meta":{"origin":40314,"position":4},"title":"Reactiva STEUABJO bloqueo en demanda de 12 mdp; advierte con protestas diarias.","author":"ariadna","date":"septiembre 20, 2021","format":false,"excerpt":"#Redacci\u00f3nOaxaca #Oaxaca Citlalli L\u00f3pez Vel\u00e1zquez Integrantes del Sindicato de Trabajadores y Empleados de la Universidad Benito Ju\u00e1rez de Oaxaca (#STEUABJO), reactivaron sus movilizaciones este lunes para insistir en el pago de 12 millones de pesos correspondientes al programa de Calidad y Eficiencia adeudado por el Gobierno del Estado. Los manifestantes\u2026","rel":"","context":"En &quot;Al Cierre&quot;","block_context":{"text":"Al Cierre","link":"https:\/\/redaccionoaxaca.com\/index.php\/category\/al-cierre\/"},"img":{"alt_text":"","src":"https:\/\/i0.wp.com\/redaccionoaxaca.com\/wp-content\/uploads\/2021\/09\/IMG-20210920-WA0075-300x169.jpg?resize=350%2C200&ssl=1","width":350,"height":200},"classes":[]},{"id":23377,"url":"https:\/\/redaccionoaxaca.com\/index.php\/2022\/01\/10\/advierte-steuabjo-con-estallamiento-a-huelga-para-el-1-de-febrero\/","url_meta":{"origin":40314,"position":5},"title":"Advierte STEUABJO con estallamiento a huelga para el 1 de febrero.","author":"ariadna","date":"enero 10, 2022","format":false,"excerpt":"#Redacci\u00f3nOaxaca #Oaxaca Citlalli L\u00f3pez Vel\u00e1zquez EL Sindicato de Trabajadores y Empleados de la Universidad Aut\u00f3noma Benito Ju\u00e1rez de Oaxaca (#STEUABJO), advirti\u00f3 con estallamiento a huelga en la m\u00e1xima casa de estudios a partir del 1 de febrero. Por lo pronto este d\u00eda realizan un paro de actividades de 12 horas.\u2026","rel":"","context":"En &quot;Imagen&quot;","block_context":{"text":"Imagen","link":"https:\/\/redaccionoaxaca.com\/index.php\/category\/imagen\/"},"img":{"alt_text":"","src":"","width":0,"height":0},"classes":[]}],"_links":{"self":[{"href":"https:\/\/redaccionoaxaca.com\/index.php\/wp-json\/wp\/v2\/posts\/40314","targetHints":{"allow":["GET"]}}],"collection":[{"href":"https:\/\/redaccionoaxaca.com\/index.php\/wp-json\/wp\/v2\/posts"}],"about":[{"href":"https:\/\/redaccionoaxaca.com\/index.php\/wp-json\/wp\/v2\/types\/post"}],"author":[{"embeddable":true,"href":"https:\/\/redaccionoaxaca.com\/index.php\/wp-json\/wp\/v2\/users\/9"}],"replies":[{"embeddable":true,"href":"https:\/\/redaccionoaxaca.com\/index.php\/wp-json\/wp\/v2\/comments?post=40314"}],"version-history":[{"count":1,"href":"https:\/\/redaccionoaxaca.com\/index.php\/wp-json\/wp\/v2\/posts\/40314\/revisions"}],"predecessor-version":[{"id":40316,"href":"https:\/\/redaccionoaxaca.com\/index.php\/wp-json\/wp\/v2\/posts\/40314\/revisions\/40316"}],"wp:featuredmedia":[{"embeddable":true,"href":"https:\/\/redaccionoaxaca.com\/index.php\/wp-json\/wp\/v2\/media\/40315"}],"wp:attachment":[{"href":"https:\/\/redaccionoaxaca.com\/index.php\/wp-json\/wp\/v2\/media?parent=40314"}],"wp:term":[{"taxonomy":"category","embeddable":true,"href":"https:\/\/redaccionoaxaca.com\/index.php\/wp-json\/wp\/v2\/categories?post=40314"},{"taxonomy":"post_tag","embeddable":true,"href":"https:\/\/redaccionoaxaca.com\/index.php\/wp-json\/wp\/v2\/tags?post=40314"}],"curies":[{"name":"wp","href":"https:\/\/api.w.org\/{rel}","templated":true}]}}