{"id":40874,"date":"2026-03-08T16:02:08","date_gmt":"2026-03-08T22:02:08","guid":{"rendered":"https:\/\/redaccionoaxaca.com\/?p=40874"},"modified":"2026-03-08T16:02:08","modified_gmt":"2026-03-08T22:02:08","slug":"cabildo-de-oaxaca-de-juarez-entrega-la-distincion-ciudadana-mujer-oaxaquena-2026-arcelia-yaniz-rosas","status":"publish","type":"post","link":"https:\/\/redaccionoaxaca.com\/index.php\/2026\/03\/08\/cabildo-de-oaxaca-de-juarez-entrega-la-distincion-ciudadana-mujer-oaxaquena-2026-arcelia-yaniz-rosas\/","title":{"rendered":"Cabildo de Oaxaca de Ju\u00e1rez entrega la distinci\u00f3n ciudadana \u201cMujer Oaxaque\u00f1a 2026, Arcelia Ya\u00f1iz Rosas\u201d"},"content":{"rendered":"<p><strong>#Redacci\u00f3nOaxaca<\/strong><\/p>\n<p style=\"text-align: justify;\"><strong>#Oaxaca<\/strong><\/p>\n<p>* <em>En sesi\u00f3n solemne de Cabildo, el Ayuntamiento honra trayectorias que han contribuido al desarrollo social, cultural y cient\u00edfico de la capital<\/em><\/p>\n<p style=\"text-align: justify;\">Oaxaca de Ju\u00e1rez, Oax., 8 de marzo de 2026.\u2014 En el marco del D\u00eda Internacional de la Mujer, el Honorable Cabildo de Oaxaca de Ju\u00e1rez celebr\u00f3 una Sesi\u00f3n Solemne en la que se entreg\u00f3 la distinci\u00f3n ciudadana \u201cMujer Oaxaque\u00f1a 2026, Arcelia Ya\u00f1iz Rosas\u201d a mujeres cuya trayectoria ha dejado huella en distintos \u00e1mbitos de la vida p\u00fablica y social de la capital.<\/p>\n<p><img data-recalc-dims=\"1\" loading=\"lazy\" decoding=\"async\" data-attachment-id=\"40877\" data-permalink=\"https:\/\/redaccionoaxaca.com\/index.php\/2026\/03\/08\/cabildo-de-oaxaca-de-juarez-entrega-la-distincion-ciudadana-mujer-oaxaquena-2026-arcelia-yaniz-rosas\/img-20260308-wa0066\/\" data-orig-file=\"https:\/\/i0.wp.com\/redaccionoaxaca.com\/wp-content\/uploads\/2026\/03\/IMG-20260308-WA0066.jpg?fit=1280%2C736&amp;ssl=1\" data-orig-size=\"1280,736\" data-comments-opened=\"1\" data-image-meta=\"{&quot;aperture&quot;:&quot;0&quot;,&quot;credit&quot;:&quot;&quot;,&quot;camera&quot;:&quot;&quot;,&quot;caption&quot;:&quot;&quot;,&quot;created_timestamp&quot;:&quot;0&quot;,&quot;copyright&quot;:&quot;&quot;,&quot;focal_length&quot;:&quot;0&quot;,&quot;iso&quot;:&quot;0&quot;,&quot;shutter_speed&quot;:&quot;0&quot;,&quot;title&quot;:&quot;&quot;,&quot;orientation&quot;:&quot;0&quot;}\" data-image-title=\"IMG-20260308-WA0066\" data-image-description=\"\" data-image-caption=\"\" data-large-file=\"https:\/\/i0.wp.com\/redaccionoaxaca.com\/wp-content\/uploads\/2026\/03\/IMG-20260308-WA0066.jpg?fit=696%2C400&amp;ssl=1\" class=\"size-medium wp-image-40877 aligncenter\" src=\"https:\/\/i0.wp.com\/redaccionoaxaca.com\/wp-content\/uploads\/2026\/03\/IMG-20260308-WA0066.jpg?resize=300%2C173&#038;ssl=1\" alt=\"\" width=\"300\" height=\"173\" srcset=\"https:\/\/i0.wp.com\/redaccionoaxaca.com\/wp-content\/uploads\/2026\/03\/IMG-20260308-WA0066.jpg?resize=300%2C173&amp;ssl=1 300w, https:\/\/i0.wp.com\/redaccionoaxaca.com\/wp-content\/uploads\/2026\/03\/IMG-20260308-WA0066.jpg?resize=1024%2C589&amp;ssl=1 1024w, https:\/\/i0.wp.com\/redaccionoaxaca.com\/wp-content\/uploads\/2026\/03\/IMG-20260308-WA0066.jpg?resize=768%2C442&amp;ssl=1 768w, https:\/\/i0.wp.com\/redaccionoaxaca.com\/wp-content\/uploads\/2026\/03\/IMG-20260308-WA0066.jpg?resize=730%2C420&amp;ssl=1 730w, https:\/\/i0.wp.com\/redaccionoaxaca.com\/wp-content\/uploads\/2026\/03\/IMG-20260308-WA0066.jpg?resize=696%2C400&amp;ssl=1 696w, https:\/\/i0.wp.com\/redaccionoaxaca.com\/wp-content\/uploads\/2026\/03\/IMG-20260308-WA0066.jpg?resize=1068%2C614&amp;ssl=1 1068w, https:\/\/i0.wp.com\/redaccionoaxaca.com\/wp-content\/uploads\/2026\/03\/IMG-20260308-WA0066.jpg?w=1280&amp;ssl=1 1280w\" sizes=\"auto, (max-width: 300px) 100vw, 300px\" \/><\/p>\n<p style=\"text-align: justify;\">La ceremonia fue encabezada por el presidente municipal Ray Chagoya, acompa\u00f1ado por integrantes del Cabildo y representantes de los poderes del Estado. Durante el acto tambi\u00e9n se rindi\u00f3 homenaje a la periodista Arcelia Ya\u00f1iz Rosas, pionera del periodismo en Oaxaca, cuyo legado da nombre a esta distinci\u00f3n.<\/p>\n<p style=\"text-align: left;\"><img data-recalc-dims=\"1\" loading=\"lazy\" decoding=\"async\" data-attachment-id=\"40878\" data-permalink=\"https:\/\/redaccionoaxaca.com\/index.php\/2026\/03\/08\/cabildo-de-oaxaca-de-juarez-entrega-la-distincion-ciudadana-mujer-oaxaquena-2026-arcelia-yaniz-rosas\/img-20260308-wa0060\/\" data-orig-file=\"https:\/\/i0.wp.com\/redaccionoaxaca.com\/wp-content\/uploads\/2026\/03\/IMG-20260308-WA0060.jpg?fit=1280%2C854&amp;ssl=1\" data-orig-size=\"1280,854\" data-comments-opened=\"1\" data-image-meta=\"{&quot;aperture&quot;:&quot;0&quot;,&quot;credit&quot;:&quot;&quot;,&quot;camera&quot;:&quot;&quot;,&quot;caption&quot;:&quot;&quot;,&quot;created_timestamp&quot;:&quot;0&quot;,&quot;copyright&quot;:&quot;&quot;,&quot;focal_length&quot;:&quot;0&quot;,&quot;iso&quot;:&quot;0&quot;,&quot;shutter_speed&quot;:&quot;0&quot;,&quot;title&quot;:&quot;&quot;,&quot;orientation&quot;:&quot;0&quot;}\" data-image-title=\"IMG-20260308-WA0060\" data-image-description=\"\" data-image-caption=\"\" data-large-file=\"https:\/\/i0.wp.com\/redaccionoaxaca.com\/wp-content\/uploads\/2026\/03\/IMG-20260308-WA0060.jpg?fit=696%2C464&amp;ssl=1\" class=\"size-medium wp-image-40878 aligncenter\" src=\"https:\/\/i0.wp.com\/redaccionoaxaca.com\/wp-content\/uploads\/2026\/03\/IMG-20260308-WA0060.jpg?resize=300%2C200&#038;ssl=1\" alt=\"\" width=\"300\" height=\"200\" srcset=\"https:\/\/i0.wp.com\/redaccionoaxaca.com\/wp-content\/uploads\/2026\/03\/IMG-20260308-WA0060.jpg?resize=300%2C200&amp;ssl=1 300w, https:\/\/i0.wp.com\/redaccionoaxaca.com\/wp-content\/uploads\/2026\/03\/IMG-20260308-WA0060.jpg?resize=1024%2C683&amp;ssl=1 1024w, https:\/\/i0.wp.com\/redaccionoaxaca.com\/wp-content\/uploads\/2026\/03\/IMG-20260308-WA0060.jpg?resize=768%2C512&amp;ssl=1 768w, https:\/\/i0.wp.com\/redaccionoaxaca.com\/wp-content\/uploads\/2026\/03\/IMG-20260308-WA0060.jpg?resize=630%2C420&amp;ssl=1 630w, https:\/\/i0.wp.com\/redaccionoaxaca.com\/wp-content\/uploads\/2026\/03\/IMG-20260308-WA0060.jpg?resize=696%2C464&amp;ssl=1 696w, https:\/\/i0.wp.com\/redaccionoaxaca.com\/wp-content\/uploads\/2026\/03\/IMG-20260308-WA0060.jpg?resize=1068%2C713&amp;ssl=1 1068w, https:\/\/i0.wp.com\/redaccionoaxaca.com\/wp-content\/uploads\/2026\/03\/IMG-20260308-WA0060.jpg?w=1280&amp;ssl=1 1280w\" sizes=\"auto, (max-width: 300px) 100vw, 300px\" \/><\/p>\n<p style=\"text-align: justify;\">En esta edici\u00f3n, el reconocimiento fue otorgado a mujeres que destacan en campos como la ciencia, el activismo social, la cultura, el periodismo, la gastronom\u00eda, el dise\u00f1o y la preservaci\u00f3n de las tradiciones oaxaque\u00f1as.<\/p>\n<p><img data-recalc-dims=\"1\" loading=\"lazy\" decoding=\"async\" data-attachment-id=\"40876\" data-permalink=\"https:\/\/redaccionoaxaca.com\/index.php\/2026\/03\/08\/cabildo-de-oaxaca-de-juarez-entrega-la-distincion-ciudadana-mujer-oaxaquena-2026-arcelia-yaniz-rosas\/img-20260308-wa0065\/\" data-orig-file=\"https:\/\/i0.wp.com\/redaccionoaxaca.com\/wp-content\/uploads\/2026\/03\/IMG-20260308-WA0065.jpg?fit=1280%2C854&amp;ssl=1\" data-orig-size=\"1280,854\" data-comments-opened=\"1\" data-image-meta=\"{&quot;aperture&quot;:&quot;0&quot;,&quot;credit&quot;:&quot;&quot;,&quot;camera&quot;:&quot;&quot;,&quot;caption&quot;:&quot;&quot;,&quot;created_timestamp&quot;:&quot;0&quot;,&quot;copyright&quot;:&quot;&quot;,&quot;focal_length&quot;:&quot;0&quot;,&quot;iso&quot;:&quot;0&quot;,&quot;shutter_speed&quot;:&quot;0&quot;,&quot;title&quot;:&quot;&quot;,&quot;orientation&quot;:&quot;0&quot;}\" data-image-title=\"IMG-20260308-WA0065\" data-image-description=\"\" data-image-caption=\"\" data-large-file=\"https:\/\/i0.wp.com\/redaccionoaxaca.com\/wp-content\/uploads\/2026\/03\/IMG-20260308-WA0065.jpg?fit=696%2C464&amp;ssl=1\" class=\"size-medium wp-image-40876 aligncenter\" src=\"https:\/\/i0.wp.com\/redaccionoaxaca.com\/wp-content\/uploads\/2026\/03\/IMG-20260308-WA0065.jpg?resize=300%2C200&#038;ssl=1\" alt=\"\" width=\"300\" height=\"200\" srcset=\"https:\/\/i0.wp.com\/redaccionoaxaca.com\/wp-content\/uploads\/2026\/03\/IMG-20260308-WA0065.jpg?resize=300%2C200&amp;ssl=1 300w, https:\/\/i0.wp.com\/redaccionoaxaca.com\/wp-content\/uploads\/2026\/03\/IMG-20260308-WA0065.jpg?resize=1024%2C683&amp;ssl=1 1024w, https:\/\/i0.wp.com\/redaccionoaxaca.com\/wp-content\/uploads\/2026\/03\/IMG-20260308-WA0065.jpg?resize=768%2C512&amp;ssl=1 768w, https:\/\/i0.wp.com\/redaccionoaxaca.com\/wp-content\/uploads\/2026\/03\/IMG-20260308-WA0065.jpg?resize=630%2C420&amp;ssl=1 630w, https:\/\/i0.wp.com\/redaccionoaxaca.com\/wp-content\/uploads\/2026\/03\/IMG-20260308-WA0065.jpg?resize=696%2C464&amp;ssl=1 696w, https:\/\/i0.wp.com\/redaccionoaxaca.com\/wp-content\/uploads\/2026\/03\/IMG-20260308-WA0065.jpg?resize=1068%2C713&amp;ssl=1 1068w, https:\/\/i0.wp.com\/redaccionoaxaca.com\/wp-content\/uploads\/2026\/03\/IMG-20260308-WA0065.jpg?w=1280&amp;ssl=1 1280w\" sizes=\"auto, (max-width: 300px) 100vw, 300px\" \/><\/p>\n<p style=\"text-align: justify;\">Las galardonadas fueron: Rosa Bertha Sim\u00f3n S\u00e1nchez; Mar\u00eda Esther Soto Garc\u00eda; Andrea Selene L\u00f3pez D\u00edaz; Dulce Carolina L\u00f3pez Eslava; Danivia Calder\u00f3n Mart\u00ednez; Lupita Thomas; Mar\u00eda Benjamina Juana Fern\u00e1ndez Pichardo; Georgina Meneses Garc\u00eda \u201cGeo Meneses\u201d; Celia Flori\u00e1n; Nadya de la Cruz Padilla Mart\u00ednez, Judith Geraldina Arriaga Herrera y Guadalupe D\u00edaz Carranza.<\/p>\n<p style=\"text-align: justify;\">Durante la sesi\u00f3n, el presidente municipal destac\u00f3 que las trayectorias de las homenajeadas representan el talento, la capacidad y la participaci\u00f3n de las mujeres en la construcci\u00f3n de una ciudad m\u00e1s justa e incluyente.<\/p>\n<p style=\"text-align: justify;\">La distinci\u00f3n \u201cMujer Oaxaque\u00f1a 2026, Arcelia Ya\u00f1iz Rosas\u201d busca reconocer a mujeres que, con su trabajo y compromiso, contribuyen al desarrollo de Oaxaca de Ju\u00e1rez y se convierten en referente para nuevas generaciones.<\/p>\n<p><img data-recalc-dims=\"1\" loading=\"lazy\" decoding=\"async\" data-attachment-id=\"40875\" data-permalink=\"https:\/\/redaccionoaxaca.com\/index.php\/2026\/03\/08\/cabildo-de-oaxaca-de-juarez-entrega-la-distincion-ciudadana-mujer-oaxaquena-2026-arcelia-yaniz-rosas\/inshot_20260308_155950086\/\" data-orig-file=\"https:\/\/i0.wp.com\/redaccionoaxaca.com\/wp-content\/uploads\/2026\/03\/InShot_20260308_155950086.jpg?fit=1920%2C1920&amp;ssl=1\" data-orig-size=\"1920,1920\" data-comments-opened=\"1\" data-image-meta=\"{&quot;aperture&quot;:&quot;0&quot;,&quot;credit&quot;:&quot;&quot;,&quot;camera&quot;:&quot;&quot;,&quot;caption&quot;:&quot;&quot;,&quot;created_timestamp&quot;:&quot;0&quot;,&quot;copyright&quot;:&quot;&quot;,&quot;focal_length&quot;:&quot;0&quot;,&quot;iso&quot;:&quot;0&quot;,&quot;shutter_speed&quot;:&quot;0&quot;,&quot;title&quot;:&quot;&quot;,&quot;orientation&quot;:&quot;0&quot;}\" data-image-title=\"InShot_20260308_155950086\" data-image-description=\"\" data-image-caption=\"\" data-large-file=\"https:\/\/i0.wp.com\/redaccionoaxaca.com\/wp-content\/uploads\/2026\/03\/InShot_20260308_155950086.jpg?fit=696%2C696&amp;ssl=1\" class=\"size-medium wp-image-40875 aligncenter\" src=\"https:\/\/i0.wp.com\/redaccionoaxaca.com\/wp-content\/uploads\/2026\/03\/InShot_20260308_155950086.jpg?resize=300%2C300&#038;ssl=1\" alt=\"\" width=\"300\" height=\"300\" srcset=\"https:\/\/i0.wp.com\/redaccionoaxaca.com\/wp-content\/uploads\/2026\/03\/InShot_20260308_155950086.jpg?resize=300%2C300&amp;ssl=1 300w, https:\/\/i0.wp.com\/redaccionoaxaca.com\/wp-content\/uploads\/2026\/03\/InShot_20260308_155950086.jpg?resize=1024%2C1024&amp;ssl=1 1024w, https:\/\/i0.wp.com\/redaccionoaxaca.com\/wp-content\/uploads\/2026\/03\/InShot_20260308_155950086.jpg?resize=150%2C150&amp;ssl=1 150w, https:\/\/i0.wp.com\/redaccionoaxaca.com\/wp-content\/uploads\/2026\/03\/InShot_20260308_155950086.jpg?resize=768%2C768&amp;ssl=1 768w, https:\/\/i0.wp.com\/redaccionoaxaca.com\/wp-content\/uploads\/2026\/03\/InShot_20260308_155950086.jpg?resize=1536%2C1536&amp;ssl=1 1536w, https:\/\/i0.wp.com\/redaccionoaxaca.com\/wp-content\/uploads\/2026\/03\/InShot_20260308_155950086.jpg?resize=420%2C420&amp;ssl=1 420w, https:\/\/i0.wp.com\/redaccionoaxaca.com\/wp-content\/uploads\/2026\/03\/InShot_20260308_155950086.jpg?resize=696%2C696&amp;ssl=1 696w, https:\/\/i0.wp.com\/redaccionoaxaca.com\/wp-content\/uploads\/2026\/03\/InShot_20260308_155950086.jpg?resize=1068%2C1068&amp;ssl=1 1068w, https:\/\/i0.wp.com\/redaccionoaxaca.com\/wp-content\/uploads\/2026\/03\/InShot_20260308_155950086.jpg?w=1920&amp;ssl=1 1920w, https:\/\/i0.wp.com\/redaccionoaxaca.com\/wp-content\/uploads\/2026\/03\/InShot_20260308_155950086.jpg?w=1392&amp;ssl=1 1392w\" sizes=\"auto, (max-width: 300px) 100vw, 300px\" \/><\/p>\n","protected":false},"excerpt":{"rendered":"<p>#Redacci\u00f3nOaxaca #Oaxaca * En sesi\u00f3n solemne de Cabildo, el Ayuntamiento honra trayectorias que han contribuido al desarrollo social, cultural y cient\u00edfico de la capital Oaxaca de Ju\u00e1rez, Oax., 8 de marzo de 2026.\u2014 En el marco del D\u00eda Internacional de la Mujer, el Honorable Cabildo de Oaxaca de Ju\u00e1rez celebr\u00f3 una Sesi\u00f3n Solemne en la [&hellip;]<\/p>\n","protected":false},"author":9,"featured_media":40877,"comment_status":"open","ping_status":"open","sticky":false,"template":"","format":"standard","meta":{"jetpack_post_was_ever_published":false,"_jetpack_newsletter_access":"","_jetpack_dont_email_post_to_subs":false,"_jetpack_newsletter_tier_id":0,"_jetpack_memberships_contains_paywalled_content":false,"_jetpack_memberships_contains_paid_content":false,"footnotes":"","jetpack_publicize_message":"","jetpack_publicize_feature_enabled":true,"jetpack_social_post_already_shared":true,"jetpack_social_options":{"image_generator_settings":{"template":"highway","default_image_id":0,"font":"","enabled":false},"version":2}},"categories":[4,7,5,6],"tags":[],"class_list":{"0":"post-40874","1":"post","2":"type-post","3":"status-publish","4":"format-standard","5":"has-post-thumbnail","7":"category-agenda-politica","8":"category-al-cierre","9":"category-imagen","10":"category-tendencias"},"jetpack_publicize_connections":[],"jetpack_featured_media_url":"https:\/\/i0.wp.com\/redaccionoaxaca.com\/wp-content\/uploads\/2026\/03\/IMG-20260308-WA0066.jpg?fit=1280%2C736&ssl=1","jetpack_sharing_enabled":true,"jetpack_shortlink":"https:\/\/wp.me\/p9Ynjw-aDg","jetpack-related-posts":[{"id":40783,"url":"https:\/\/redaccionoaxaca.com\/index.php\/2026\/03\/03\/doce-historias-que-transforman-oaxaca-de-juarez-seran-reconocidas-en-sesion-solemne-por-el-8m\/","url_meta":{"origin":40874,"position":0},"title":"Doce historias que transforman Oaxaca de Ju\u00e1rez ser\u00e1n reconocidas en sesi\u00f3n solemne por el 8M","author":"ariadna","date":"marzo 3, 2026","format":false,"excerpt":"#Redacci\u00f3nOaxaca #Oaxaca * Se entregar\u00e1 la Medalla \u201cArcelia Ya\u00f1iz\u201d a 12 mujeres destacadas de la capital Oaxaca de Ju\u00e1rez, Oax., 3 de marzo de 2026.\u2014 En sesi\u00f3n ordinaria, el Honorable Ayuntamiento de Oaxaca de Ju\u00e1rez aprob\u00f3 la realizaci\u00f3n de una sesi\u00f3n solemne con motivo del D\u00eda Internacional de la Mujer,\u2026","rel":"","context":"En &quot;Agenda Pol\u00edtica&quot;","block_context":{"text":"Agenda Pol\u00edtica","link":"https:\/\/redaccionoaxaca.com\/index.php\/category\/agenda-politica\/"},"img":{"alt_text":"","src":"https:\/\/i0.wp.com\/redaccionoaxaca.com\/wp-content\/uploads\/2026\/03\/IMG-20260303-WA0124.jpg?fit=704%2C469&ssl=1&resize=350%2C200","width":350,"height":200,"srcset":"https:\/\/i0.wp.com\/redaccionoaxaca.com\/wp-content\/uploads\/2026\/03\/IMG-20260303-WA0124.jpg?fit=704%2C469&ssl=1&resize=350%2C200 1x, https:\/\/i0.wp.com\/redaccionoaxaca.com\/wp-content\/uploads\/2026\/03\/IMG-20260303-WA0124.jpg?fit=704%2C469&ssl=1&resize=525%2C300 1.5x, https:\/\/i0.wp.com\/redaccionoaxaca.com\/wp-content\/uploads\/2026\/03\/IMG-20260303-WA0124.jpg?fit=704%2C469&ssl=1&resize=700%2C400 2x"},"classes":[]},{"id":39321,"url":"https:\/\/redaccionoaxaca.com\/index.php\/2025\/12\/03\/cabildo-de-oaxaca-de-juarez-aprueba-sesion-solemne-para-el-primer-informe-de-gobierno\/","url_meta":{"origin":40874,"position":1},"title":"Cabildo de Oaxaca de Ju\u00e1rez aprueba Sesi\u00f3n Solemne para el Primer Informe de Gobierno","author":"ariadna","date":"diciembre 3, 2025","format":false,"excerpt":"#Redacci\u00f3nOaxaca #Oaxaca * Edil Ray Chagoya encabeza trabajos; llaman a reforzar conciencia c\u00edvica y participaci\u00f3n vecinal Oaxaca de Ju\u00e1rez, Oax., 2 de diciembre de 2025.\u2013 En sesi\u00f3n ordinaria de Cabildo, presidida por el presidente municipal Ray Chagoya, se aprobaron diversos acuerdos orientados a fortalecer la transparencia institucional, la participaci\u00f3n ciudadana\u2026","rel":"","context":"En &quot;Agenda Pol\u00edtica&quot;","block_context":{"text":"Agenda Pol\u00edtica","link":"https:\/\/redaccionoaxaca.com\/index.php\/category\/agenda-politica\/"},"img":{"alt_text":"","src":"https:\/\/i0.wp.com\/redaccionoaxaca.com\/wp-content\/uploads\/2025\/12\/IMG-20251202-WA0088.jpg?fit=1200%2C799&ssl=1&resize=350%2C200","width":350,"height":200,"srcset":"https:\/\/i0.wp.com\/redaccionoaxaca.com\/wp-content\/uploads\/2025\/12\/IMG-20251202-WA0088.jpg?fit=1200%2C799&ssl=1&resize=350%2C200 1x, https:\/\/i0.wp.com\/redaccionoaxaca.com\/wp-content\/uploads\/2025\/12\/IMG-20251202-WA0088.jpg?fit=1200%2C799&ssl=1&resize=525%2C300 1.5x, https:\/\/i0.wp.com\/redaccionoaxaca.com\/wp-content\/uploads\/2025\/12\/IMG-20251202-WA0088.jpg?fit=1200%2C799&ssl=1&resize=700%2C400 2x, https:\/\/i0.wp.com\/redaccionoaxaca.com\/wp-content\/uploads\/2025\/12\/IMG-20251202-WA0088.jpg?fit=1200%2C799&ssl=1&resize=1050%2C600 3x"},"classes":[]},{"id":38897,"url":"https:\/\/redaccionoaxaca.com\/index.php\/2025\/10\/28\/cabildo-de-oaxaca-de-juarez-impulsa-acciones-para-una-ciudad-limpia-ordenada-y-segura\/","url_meta":{"origin":40874,"position":2},"title":"Cabildo de Oaxaca de Ju\u00e1rez impulsa acciones para una ciudad limpia, ordenada y segura","author":"ariadna","date":"octubre 28, 2025","format":false,"excerpt":"#Redacci\u00f3nOaxaca #Oaxaca * Aprueban reformas al Reglamento de Justicia C\u00edvica para fortalecer la convivencia vecinal y la cultura de la legalidad Oaxaca de Ju\u00e1rez, Oax., 28 de octubre de 2025.\u2013 Con energ\u00eda y compromiso, este d\u00eda se llev\u00f3 a cabo la Sesi\u00f3n Ordinaria de Cabildo del Honorable Ayuntamiento de Oaxaca\u2026","rel":"","context":"En &quot;Agenda Pol\u00edtica&quot;","block_context":{"text":"Agenda Pol\u00edtica","link":"https:\/\/redaccionoaxaca.com\/index.php\/category\/agenda-politica\/"},"img":{"alt_text":"","src":"https:\/\/i0.wp.com\/redaccionoaxaca.com\/wp-content\/uploads\/2025\/10\/IMG-20251028-WA0145-300x201.jpg?resize=350%2C200&ssl=1","width":350,"height":200},"classes":[]},{"id":40554,"url":"https:\/\/redaccionoaxaca.com\/index.php\/2026\/02\/17\/cabildo-fortalece-el-orden-del-centro-historico-y-avanza-en-una-politica-fiscal-de-inclusion\/","url_meta":{"origin":40874,"position":3},"title":"Cabildo fortalece el orden del Centro Hist\u00f3rico y avanza en una pol\u00edtica fiscal de inclusi\u00f3n","author":"ariadna","date":"febrero 17, 2026","format":false,"excerpt":"#Redacci\u00f3nOaxaca #Oaxaca - Aprueban una reforma a la Ley de Ingresos 2026, para reducir estrat\u00e9gicamente algunos impuestos - Se analiza propuesta para regular promotores tur\u00edsticos y la circulaci\u00f3n de pipas de agua y veh\u00edculos de gran tama\u00f1o. Oaxaca de Ju\u00e1rez, Oax., 17 de febrero de 2026.\u2013 En sesi\u00f3n de Cabildo,\u2026","rel":"","context":"En &quot;Agenda Pol\u00edtica&quot;","block_context":{"text":"Agenda Pol\u00edtica","link":"https:\/\/redaccionoaxaca.com\/index.php\/category\/agenda-politica\/"},"img":{"alt_text":"","src":"https:\/\/i0.wp.com\/redaccionoaxaca.com\/wp-content\/uploads\/2026\/02\/IMG-20260217-WA0129.jpg?fit=853%2C569&ssl=1&resize=350%2C200","width":350,"height":200,"srcset":"https:\/\/i0.wp.com\/redaccionoaxaca.com\/wp-content\/uploads\/2026\/02\/IMG-20260217-WA0129.jpg?fit=853%2C569&ssl=1&resize=350%2C200 1x, https:\/\/i0.wp.com\/redaccionoaxaca.com\/wp-content\/uploads\/2026\/02\/IMG-20260217-WA0129.jpg?fit=853%2C569&ssl=1&resize=525%2C300 1.5x, https:\/\/i0.wp.com\/redaccionoaxaca.com\/wp-content\/uploads\/2026\/02\/IMG-20260217-WA0129.jpg?fit=853%2C569&ssl=1&resize=700%2C400 2x"},"classes":[]},{"id":40703,"url":"https:\/\/redaccionoaxaca.com\/index.php\/2026\/02\/24\/cabildo-de-oaxaca-de-juarez-fortalece-gobernanza-municipal-con-aprobacion-de-dictamenes-y-agenda-de-interes-publico\/","url_meta":{"origin":40874,"position":4},"title":"Cabildo de Oaxaca de Ju\u00e1rez fortalece gobernanza municipal con aprobaci\u00f3n de dict\u00e1menes y agenda de inter\u00e9s p\u00fablico","author":"ariadna","date":"febrero 24, 2026","format":false,"excerpt":"#Redacci\u00f3nOaxaca #Oaxaca * Se rinde homenaje a las Fuerzas Armadas y se avanza en temas de bienestar animal y regulaci\u00f3n comercial Oaxaca de Ju\u00e1rez, Oax., 24 de febrero de 2026. En Sesi\u00f3n Ordinaria de Cabildo del Honorable Ayuntamiento de Oaxaca de Ju\u00e1rez, celebrada este martes, las y los concejales analizaron\u2026","rel":"","context":"En &quot;Agenda Pol\u00edtica&quot;","block_context":{"text":"Agenda Pol\u00edtica","link":"https:\/\/redaccionoaxaca.com\/index.php\/category\/agenda-politica\/"},"img":{"alt_text":"","src":"https:\/\/i0.wp.com\/redaccionoaxaca.com\/wp-content\/uploads\/2026\/02\/IMG-20260224-WA0160.jpg?fit=956%2C639&ssl=1&resize=350%2C200","width":350,"height":200,"srcset":"https:\/\/i0.wp.com\/redaccionoaxaca.com\/wp-content\/uploads\/2026\/02\/IMG-20260224-WA0160.jpg?fit=956%2C639&ssl=1&resize=350%2C200 1x, https:\/\/i0.wp.com\/redaccionoaxaca.com\/wp-content\/uploads\/2026\/02\/IMG-20260224-WA0160.jpg?fit=956%2C639&ssl=1&resize=525%2C300 1.5x, https:\/\/i0.wp.com\/redaccionoaxaca.com\/wp-content\/uploads\/2026\/02\/IMG-20260224-WA0160.jpg?fit=956%2C639&ssl=1&resize=700%2C400 2x"},"classes":[]},{"id":25252,"url":"https:\/\/redaccionoaxaca.com\/index.php\/2022\/04\/25\/celebra-oaxaca-sus-490-anos-con-el-reconocimiento-de-ciudadanos-y-ciudadanas-distinguidas-que-hacen-con-sus-aportes-y-principios-el-orgullo-de-la-verde-antequera\/","url_meta":{"origin":40874,"position":5},"title":"Celebra Oaxaca sus 490 a\u00f1os con el reconocimiento de ciudadanos y ciudadanas distinguidas que hacen con sus aportes y principios el orgullo de la verde Antequera.","author":"ariadna","date":"abril 25, 2022","format":"video","excerpt":"#Redacci\u00f3nOaxaca #Oaxaca Maira Ric\u00e1rdez En el marco de los 490 a\u00f1os de la elevaci\u00f3n de Oaxaca de Ju\u00e1rez a rango de ciudad, las actividades festivas iniciaron desde la semana pasada y este lunes se ensalzaron con las ma\u00f1anitas con chirim\u00eda a la verde Antequera en la explanada de la catedral\u2026","rel":"","context":"En &quot;Imagen&quot;","block_context":{"text":"Imagen","link":"https:\/\/redaccionoaxaca.com\/index.php\/category\/imagen\/"},"img":{"alt_text":"","src":"","width":0,"height":0},"classes":[]}],"_links":{"self":[{"href":"https:\/\/redaccionoaxaca.com\/index.php\/wp-json\/wp\/v2\/posts\/40874","targetHints":{"allow":["GET"]}}],"collection":[{"href":"https:\/\/redaccionoaxaca.com\/index.php\/wp-json\/wp\/v2\/posts"}],"about":[{"href":"https:\/\/redaccionoaxaca.com\/index.php\/wp-json\/wp\/v2\/types\/post"}],"author":[{"embeddable":true,"href":"https:\/\/redaccionoaxaca.com\/index.php\/wp-json\/wp\/v2\/users\/9"}],"replies":[{"embeddable":true,"href":"https:\/\/redaccionoaxaca.com\/index.php\/wp-json\/wp\/v2\/comments?post=40874"}],"version-history":[{"count":1,"href":"https:\/\/redaccionoaxaca.com\/index.php\/wp-json\/wp\/v2\/posts\/40874\/revisions"}],"predecessor-version":[{"id":40879,"href":"https:\/\/redaccionoaxaca.com\/index.php\/wp-json\/wp\/v2\/posts\/40874\/revisions\/40879"}],"wp:featuredmedia":[{"embeddable":true,"href":"https:\/\/redaccionoaxaca.com\/index.php\/wp-json\/wp\/v2\/media\/40877"}],"wp:attachment":[{"href":"https:\/\/redaccionoaxaca.com\/index.php\/wp-json\/wp\/v2\/media?parent=40874"}],"wp:term":[{"taxonomy":"category","embeddable":true,"href":"https:\/\/redaccionoaxaca.com\/index.php\/wp-json\/wp\/v2\/categories?post=40874"},{"taxonomy":"post_tag","embeddable":true,"href":"https:\/\/redaccionoaxaca.com\/index.php\/wp-json\/wp\/v2\/tags?post=40874"}],"curies":[{"name":"wp","href":"https:\/\/api.w.org\/{rel}","templated":true}]}}