{"id":40880,"date":"2026-03-08T21:11:36","date_gmt":"2026-03-09T03:11:36","guid":{"rendered":"https:\/\/redaccionoaxaca.com\/?p=40880"},"modified":"2026-03-08T21:11:36","modified_gmt":"2026-03-09T03:11:36","slug":"mujeres-vandalizan-oficinas-y-negocios-sobre-la-calzada-porfirio-diaz-durante-el-8m-en-oaxaca","status":"publish","type":"post","link":"https:\/\/redaccionoaxaca.com\/index.php\/2026\/03\/08\/mujeres-vandalizan-oficinas-y-negocios-sobre-la-calzada-porfirio-diaz-durante-el-8m-en-oaxaca\/","title":{"rendered":"Mujeres vandalizan oficinas y negocios sobre la Calzada Porfirio D\u00edaz durante el 8M en Oaxaca"},"content":{"rendered":"<p><strong>#Redacci\u00f3nOaxaca<\/strong><\/p>\n<p><strong>#Oaxaca<\/strong><\/p>\n<p><strong>#JaimeGUERRERO<\/strong><\/p>\n<p style=\"text-align: justify;\">Personas vestidas de negro vandalizaron oficinas p\u00fablicas y establecimientos comerciales a su paso por la Calzada Porfirio D\u00edaz durante la marcha del D\u00eda Internacional de la Mujer en la capital oaxaque\u00f1a.<\/p>\n<p style=\"text-align: justify;\">Los hechos se registraron este domingo en el tramo de esa arteria vial que concentra sucursales bancarias, instituciones de gobierno y negocios privados, uno de los corredores habituales de las movilizaciones feministas en la ciudad.<\/p>\n<p style=\"text-align: justify;\">La jornada de este a\u00f1o estuvo marcada desde su convocatoria por un ambiente de indignaci\u00f3n desde su inicio en la Fuente de las Ocho Regiones con destino al Z\u00f3calo Capitalino.<\/p>\n<p><img data-recalc-dims=\"1\" loading=\"lazy\" decoding=\"async\" data-attachment-id=\"40881\" data-permalink=\"https:\/\/redaccionoaxaca.com\/index.php\/2026\/03\/08\/mujeres-vandalizan-oficinas-y-negocios-sobre-la-calzada-porfirio-diaz-durante-el-8m-en-oaxaca\/img-20260308-wa0127\/\" data-orig-file=\"https:\/\/i0.wp.com\/redaccionoaxaca.com\/wp-content\/uploads\/2026\/03\/IMG-20260308-WA0127.jpg?fit=900%2C1600&amp;ssl=1\" data-orig-size=\"900,1600\" data-comments-opened=\"1\" data-image-meta=\"{&quot;aperture&quot;:&quot;0&quot;,&quot;credit&quot;:&quot;&quot;,&quot;camera&quot;:&quot;&quot;,&quot;caption&quot;:&quot;&quot;,&quot;created_timestamp&quot;:&quot;0&quot;,&quot;copyright&quot;:&quot;&quot;,&quot;focal_length&quot;:&quot;0&quot;,&quot;iso&quot;:&quot;0&quot;,&quot;shutter_speed&quot;:&quot;0&quot;,&quot;title&quot;:&quot;&quot;,&quot;orientation&quot;:&quot;0&quot;}\" data-image-title=\"IMG-20260308-WA0127\" data-image-description=\"\" data-image-caption=\"\" data-large-file=\"https:\/\/i0.wp.com\/redaccionoaxaca.com\/wp-content\/uploads\/2026\/03\/IMG-20260308-WA0127.jpg?fit=576%2C1024&amp;ssl=1\" class=\"size-medium wp-image-40881 aligncenter\" src=\"https:\/\/i0.wp.com\/redaccionoaxaca.com\/wp-content\/uploads\/2026\/03\/IMG-20260308-WA0127.jpg?resize=169%2C300&#038;ssl=1\" alt=\"\" width=\"169\" height=\"300\" srcset=\"https:\/\/i0.wp.com\/redaccionoaxaca.com\/wp-content\/uploads\/2026\/03\/IMG-20260308-WA0127.jpg?resize=169%2C300&amp;ssl=1 169w, https:\/\/i0.wp.com\/redaccionoaxaca.com\/wp-content\/uploads\/2026\/03\/IMG-20260308-WA0127.jpg?resize=576%2C1024&amp;ssl=1 576w, https:\/\/i0.wp.com\/redaccionoaxaca.com\/wp-content\/uploads\/2026\/03\/IMG-20260308-WA0127.jpg?resize=768%2C1365&amp;ssl=1 768w, https:\/\/i0.wp.com\/redaccionoaxaca.com\/wp-content\/uploads\/2026\/03\/IMG-20260308-WA0127.jpg?resize=864%2C1536&amp;ssl=1 864w, https:\/\/i0.wp.com\/redaccionoaxaca.com\/wp-content\/uploads\/2026\/03\/IMG-20260308-WA0127.jpg?resize=236%2C420&amp;ssl=1 236w, https:\/\/i0.wp.com\/redaccionoaxaca.com\/wp-content\/uploads\/2026\/03\/IMG-20260308-WA0127.jpg?resize=696%2C1237&amp;ssl=1 696w, https:\/\/i0.wp.com\/redaccionoaxaca.com\/wp-content\/uploads\/2026\/03\/IMG-20260308-WA0127.jpg?w=900&amp;ssl=1 900w\" sizes=\"auto, (max-width: 169px) 100vw, 169px\" \/><\/p>\n<p style=\"text-align: justify;\">La Secretar\u00eda de seguridad p\u00fablica del gobierno de Oaxaca dispuso de un operativo de acompa\u00f1amiento con elementos de la Policia exclusivamente mujeres.<\/p>\n<p style=\"text-align: justify;\">En el contorno de las calles se mantienen a distancia Elementos de las corporaciones policiacas.<\/p>\n<p style=\"text-align: justify;\">La movilizaci\u00f3n de esta domingo 8 de marzo del de 2026, puso especial \u00e9nfasis en la violencia feminicida, se\u00f1alando que los casos ocurridos en los primeros meses de 2026 no deben quedar impunes.<\/p>\n<p style=\"text-align: justify;\">Autoridades municipales y estatales hab\u00edan preparado operativos de seguridad y acompa\u00f1amiento para reducir riesgos de violencia.<\/p>\n<p style=\"text-align: justify;\">No es la primera vez que la Calzada Porfirio D\u00edaz se convert\u00eda en escenario de este tipo de actos durante el 8M.<\/p>\n<p style=\"text-align: justify;\">En ediciones anteriores, contingentes encabezados por el llamado bloque negro siguieron una ruta similar: partiendo de la Fuente de las Ocho Regiones con destino al Z\u00f3calo, dejando pintas, vidrios rotos y da\u00f1os en fachadas de bancos, dependencias y comercios a su paso.<\/p>\n<p style=\"text-align: justify;\">Las acciones son para protestar contra la impunidad en casos de feminicidio y violencia contra las mujeres.<\/p>\n<p><img data-recalc-dims=\"1\" loading=\"lazy\" decoding=\"async\" data-attachment-id=\"40882\" data-permalink=\"https:\/\/redaccionoaxaca.com\/index.php\/2026\/03\/08\/mujeres-vandalizan-oficinas-y-negocios-sobre-la-calzada-porfirio-diaz-durante-el-8m-en-oaxaca\/img-20260308-wa0115\/\" data-orig-file=\"https:\/\/i0.wp.com\/redaccionoaxaca.com\/wp-content\/uploads\/2026\/03\/IMG-20260308-WA0115.jpg?fit=1599%2C899&amp;ssl=1\" data-orig-size=\"1599,899\" data-comments-opened=\"1\" data-image-meta=\"{&quot;aperture&quot;:&quot;0&quot;,&quot;credit&quot;:&quot;&quot;,&quot;camera&quot;:&quot;&quot;,&quot;caption&quot;:&quot;&quot;,&quot;created_timestamp&quot;:&quot;0&quot;,&quot;copyright&quot;:&quot;&quot;,&quot;focal_length&quot;:&quot;0&quot;,&quot;iso&quot;:&quot;0&quot;,&quot;shutter_speed&quot;:&quot;0&quot;,&quot;title&quot;:&quot;&quot;,&quot;orientation&quot;:&quot;0&quot;}\" data-image-title=\"IMG-20260308-WA0115\" data-image-description=\"\" data-image-caption=\"\" data-large-file=\"https:\/\/i0.wp.com\/redaccionoaxaca.com\/wp-content\/uploads\/2026\/03\/IMG-20260308-WA0115.jpg?fit=696%2C392&amp;ssl=1\" class=\"size-medium wp-image-40882 aligncenter\" src=\"https:\/\/i0.wp.com\/redaccionoaxaca.com\/wp-content\/uploads\/2026\/03\/IMG-20260308-WA0115.jpg?resize=300%2C169&#038;ssl=1\" alt=\"\" width=\"300\" height=\"169\" srcset=\"https:\/\/i0.wp.com\/redaccionoaxaca.com\/wp-content\/uploads\/2026\/03\/IMG-20260308-WA0115.jpg?resize=300%2C169&amp;ssl=1 300w, https:\/\/i0.wp.com\/redaccionoaxaca.com\/wp-content\/uploads\/2026\/03\/IMG-20260308-WA0115.jpg?resize=1024%2C576&amp;ssl=1 1024w, https:\/\/i0.wp.com\/redaccionoaxaca.com\/wp-content\/uploads\/2026\/03\/IMG-20260308-WA0115.jpg?resize=768%2C432&amp;ssl=1 768w, https:\/\/i0.wp.com\/redaccionoaxaca.com\/wp-content\/uploads\/2026\/03\/IMG-20260308-WA0115.jpg?resize=1536%2C864&amp;ssl=1 1536w, https:\/\/i0.wp.com\/redaccionoaxaca.com\/wp-content\/uploads\/2026\/03\/IMG-20260308-WA0115.jpg?resize=747%2C420&amp;ssl=1 747w, https:\/\/i0.wp.com\/redaccionoaxaca.com\/wp-content\/uploads\/2026\/03\/IMG-20260308-WA0115.jpg?resize=696%2C391&amp;ssl=1 696w, https:\/\/i0.wp.com\/redaccionoaxaca.com\/wp-content\/uploads\/2026\/03\/IMG-20260308-WA0115.jpg?resize=1068%2C600&amp;ssl=1 1068w, https:\/\/i0.wp.com\/redaccionoaxaca.com\/wp-content\/uploads\/2026\/03\/IMG-20260308-WA0115.jpg?w=1599&amp;ssl=1 1599w, https:\/\/i0.wp.com\/redaccionoaxaca.com\/wp-content\/uploads\/2026\/03\/IMG-20260308-WA0115.jpg?w=1392&amp;ssl=1 1392w\" sizes=\"auto, (max-width: 300px) 100vw, 300px\" \/> <img data-recalc-dims=\"1\" loading=\"lazy\" decoding=\"async\" data-attachment-id=\"40883\" data-permalink=\"https:\/\/redaccionoaxaca.com\/index.php\/2026\/03\/08\/mujeres-vandalizan-oficinas-y-negocios-sobre-la-calzada-porfirio-diaz-durante-el-8m-en-oaxaca\/img-20260308-wa0110\/\" data-orig-file=\"https:\/\/i0.wp.com\/redaccionoaxaca.com\/wp-content\/uploads\/2026\/03\/IMG-20260308-WA0110.jpg?fit=1600%2C900&amp;ssl=1\" data-orig-size=\"1600,900\" data-comments-opened=\"1\" data-image-meta=\"{&quot;aperture&quot;:&quot;0&quot;,&quot;credit&quot;:&quot;&quot;,&quot;camera&quot;:&quot;&quot;,&quot;caption&quot;:&quot;&quot;,&quot;created_timestamp&quot;:&quot;0&quot;,&quot;copyright&quot;:&quot;&quot;,&quot;focal_length&quot;:&quot;0&quot;,&quot;iso&quot;:&quot;0&quot;,&quot;shutter_speed&quot;:&quot;0&quot;,&quot;title&quot;:&quot;&quot;,&quot;orientation&quot;:&quot;0&quot;}\" data-image-title=\"IMG-20260308-WA0110\" data-image-description=\"\" data-image-caption=\"\" data-large-file=\"https:\/\/i0.wp.com\/redaccionoaxaca.com\/wp-content\/uploads\/2026\/03\/IMG-20260308-WA0110.jpg?fit=696%2C392&amp;ssl=1\" class=\"size-medium wp-image-40883 aligncenter\" src=\"https:\/\/i0.wp.com\/redaccionoaxaca.com\/wp-content\/uploads\/2026\/03\/IMG-20260308-WA0110.jpg?resize=300%2C169&#038;ssl=1\" alt=\"\" width=\"300\" height=\"169\" srcset=\"https:\/\/i0.wp.com\/redaccionoaxaca.com\/wp-content\/uploads\/2026\/03\/IMG-20260308-WA0110.jpg?resize=300%2C169&amp;ssl=1 300w, https:\/\/i0.wp.com\/redaccionoaxaca.com\/wp-content\/uploads\/2026\/03\/IMG-20260308-WA0110.jpg?resize=1024%2C576&amp;ssl=1 1024w, https:\/\/i0.wp.com\/redaccionoaxaca.com\/wp-content\/uploads\/2026\/03\/IMG-20260308-WA0110.jpg?resize=768%2C432&amp;ssl=1 768w, https:\/\/i0.wp.com\/redaccionoaxaca.com\/wp-content\/uploads\/2026\/03\/IMG-20260308-WA0110.jpg?resize=1536%2C864&amp;ssl=1 1536w, https:\/\/i0.wp.com\/redaccionoaxaca.com\/wp-content\/uploads\/2026\/03\/IMG-20260308-WA0110.jpg?resize=747%2C420&amp;ssl=1 747w, https:\/\/i0.wp.com\/redaccionoaxaca.com\/wp-content\/uploads\/2026\/03\/IMG-20260308-WA0110.jpg?resize=696%2C392&amp;ssl=1 696w, https:\/\/i0.wp.com\/redaccionoaxaca.com\/wp-content\/uploads\/2026\/03\/IMG-20260308-WA0110.jpg?resize=1068%2C601&amp;ssl=1 1068w, https:\/\/i0.wp.com\/redaccionoaxaca.com\/wp-content\/uploads\/2026\/03\/IMG-20260308-WA0110.jpg?w=1600&amp;ssl=1 1600w, https:\/\/i0.wp.com\/redaccionoaxaca.com\/wp-content\/uploads\/2026\/03\/IMG-20260308-WA0110.jpg?w=1392&amp;ssl=1 1392w\" sizes=\"auto, (max-width: 300px) 100vw, 300px\" \/> <img data-recalc-dims=\"1\" loading=\"lazy\" decoding=\"async\" data-attachment-id=\"40884\" data-permalink=\"https:\/\/redaccionoaxaca.com\/index.php\/2026\/03\/08\/mujeres-vandalizan-oficinas-y-negocios-sobre-la-calzada-porfirio-diaz-durante-el-8m-en-oaxaca\/img-20260308-wa0107\/\" data-orig-file=\"https:\/\/i0.wp.com\/redaccionoaxaca.com\/wp-content\/uploads\/2026\/03\/IMG-20260308-WA0107.jpg?fit=1361%2C1600&amp;ssl=1\" data-orig-size=\"1361,1600\" data-comments-opened=\"1\" data-image-meta=\"{&quot;aperture&quot;:&quot;0&quot;,&quot;credit&quot;:&quot;&quot;,&quot;camera&quot;:&quot;&quot;,&quot;caption&quot;:&quot;&quot;,&quot;created_timestamp&quot;:&quot;0&quot;,&quot;copyright&quot;:&quot;&quot;,&quot;focal_length&quot;:&quot;0&quot;,&quot;iso&quot;:&quot;0&quot;,&quot;shutter_speed&quot;:&quot;0&quot;,&quot;title&quot;:&quot;&quot;,&quot;orientation&quot;:&quot;0&quot;}\" data-image-title=\"IMG-20260308-WA0107\" data-image-description=\"\" data-image-caption=\"\" data-large-file=\"https:\/\/i0.wp.com\/redaccionoaxaca.com\/wp-content\/uploads\/2026\/03\/IMG-20260308-WA0107.jpg?fit=696%2C818&amp;ssl=1\" class=\"size-medium wp-image-40884 aligncenter\" src=\"https:\/\/i0.wp.com\/redaccionoaxaca.com\/wp-content\/uploads\/2026\/03\/IMG-20260308-WA0107.jpg?resize=255%2C300&#038;ssl=1\" alt=\"\" width=\"255\" height=\"300\" srcset=\"https:\/\/i0.wp.com\/redaccionoaxaca.com\/wp-content\/uploads\/2026\/03\/IMG-20260308-WA0107.jpg?resize=255%2C300&amp;ssl=1 255w, https:\/\/i0.wp.com\/redaccionoaxaca.com\/wp-content\/uploads\/2026\/03\/IMG-20260308-WA0107.jpg?resize=871%2C1024&amp;ssl=1 871w, https:\/\/i0.wp.com\/redaccionoaxaca.com\/wp-content\/uploads\/2026\/03\/IMG-20260308-WA0107.jpg?resize=768%2C903&amp;ssl=1 768w, https:\/\/i0.wp.com\/redaccionoaxaca.com\/wp-content\/uploads\/2026\/03\/IMG-20260308-WA0107.jpg?resize=1307%2C1536&amp;ssl=1 1307w, https:\/\/i0.wp.com\/redaccionoaxaca.com\/wp-content\/uploads\/2026\/03\/IMG-20260308-WA0107.jpg?resize=357%2C420&amp;ssl=1 357w, https:\/\/i0.wp.com\/redaccionoaxaca.com\/wp-content\/uploads\/2026\/03\/IMG-20260308-WA0107.jpg?resize=696%2C818&amp;ssl=1 696w, https:\/\/i0.wp.com\/redaccionoaxaca.com\/wp-content\/uploads\/2026\/03\/IMG-20260308-WA0107.jpg?resize=1068%2C1256&amp;ssl=1 1068w, https:\/\/i0.wp.com\/redaccionoaxaca.com\/wp-content\/uploads\/2026\/03\/IMG-20260308-WA0107.jpg?w=1361&amp;ssl=1 1361w\" sizes=\"auto, (max-width: 255px) 100vw, 255px\" \/> <img data-recalc-dims=\"1\" loading=\"lazy\" decoding=\"async\" data-attachment-id=\"40885\" data-permalink=\"https:\/\/redaccionoaxaca.com\/index.php\/2026\/03\/08\/mujeres-vandalizan-oficinas-y-negocios-sobre-la-calzada-porfirio-diaz-durante-el-8m-en-oaxaca\/img-20260308-wa0108\/\" data-orig-file=\"https:\/\/i0.wp.com\/redaccionoaxaca.com\/wp-content\/uploads\/2026\/03\/IMG-20260308-WA0108.jpg?fit=1200%2C1600&amp;ssl=1\" data-orig-size=\"1200,1600\" data-comments-opened=\"1\" data-image-meta=\"{&quot;aperture&quot;:&quot;0&quot;,&quot;credit&quot;:&quot;&quot;,&quot;camera&quot;:&quot;&quot;,&quot;caption&quot;:&quot;&quot;,&quot;created_timestamp&quot;:&quot;0&quot;,&quot;copyright&quot;:&quot;&quot;,&quot;focal_length&quot;:&quot;0&quot;,&quot;iso&quot;:&quot;0&quot;,&quot;shutter_speed&quot;:&quot;0&quot;,&quot;title&quot;:&quot;&quot;,&quot;orientation&quot;:&quot;0&quot;}\" data-image-title=\"IMG-20260308-WA0108\" data-image-description=\"\" data-image-caption=\"\" data-large-file=\"https:\/\/i0.wp.com\/redaccionoaxaca.com\/wp-content\/uploads\/2026\/03\/IMG-20260308-WA0108.jpg?fit=696%2C928&amp;ssl=1\" class=\"size-medium wp-image-40885 aligncenter\" src=\"https:\/\/i0.wp.com\/redaccionoaxaca.com\/wp-content\/uploads\/2026\/03\/IMG-20260308-WA0108.jpg?resize=225%2C300&#038;ssl=1\" alt=\"\" width=\"225\" height=\"300\" srcset=\"https:\/\/i0.wp.com\/redaccionoaxaca.com\/wp-content\/uploads\/2026\/03\/IMG-20260308-WA0108.jpg?resize=225%2C300&amp;ssl=1 225w, https:\/\/i0.wp.com\/redaccionoaxaca.com\/wp-content\/uploads\/2026\/03\/IMG-20260308-WA0108.jpg?resize=768%2C1024&amp;ssl=1 768w, https:\/\/i0.wp.com\/redaccionoaxaca.com\/wp-content\/uploads\/2026\/03\/IMG-20260308-WA0108.jpg?resize=1152%2C1536&amp;ssl=1 1152w, https:\/\/i0.wp.com\/redaccionoaxaca.com\/wp-content\/uploads\/2026\/03\/IMG-20260308-WA0108.jpg?resize=315%2C420&amp;ssl=1 315w, https:\/\/i0.wp.com\/redaccionoaxaca.com\/wp-content\/uploads\/2026\/03\/IMG-20260308-WA0108.jpg?resize=696%2C928&amp;ssl=1 696w, https:\/\/i0.wp.com\/redaccionoaxaca.com\/wp-content\/uploads\/2026\/03\/IMG-20260308-WA0108.jpg?resize=1068%2C1424&amp;ssl=1 1068w, https:\/\/i0.wp.com\/redaccionoaxaca.com\/wp-content\/uploads\/2026\/03\/IMG-20260308-WA0108.jpg?w=1200&amp;ssl=1 1200w\" sizes=\"auto, (max-width: 225px) 100vw, 225px\" \/><\/p>\n","protected":false},"excerpt":{"rendered":"<p>#Redacci\u00f3nOaxaca #Oaxaca #JaimeGUERRERO Personas vestidas de negro vandalizaron oficinas p\u00fablicas y establecimientos comerciales a su paso por la Calzada Porfirio D\u00edaz durante la marcha del D\u00eda Internacional de la Mujer en la capital oaxaque\u00f1a. Los hechos se registraron este domingo en el tramo de esa arteria vial que concentra sucursales bancarias, instituciones de gobierno y [&hellip;]<\/p>\n","protected":false},"author":9,"featured_media":40886,"comment_status":"open","ping_status":"open","sticky":false,"template":"","format":"standard","meta":{"jetpack_post_was_ever_published":false,"_jetpack_newsletter_access":"","_jetpack_dont_email_post_to_subs":false,"_jetpack_newsletter_tier_id":0,"_jetpack_memberships_contains_paywalled_content":false,"_jetpack_memberships_contains_paid_content":false,"footnotes":"","jetpack_publicize_message":"","jetpack_publicize_feature_enabled":true,"jetpack_social_post_already_shared":true,"jetpack_social_options":{"image_generator_settings":{"template":"highway","default_image_id":0,"font":"","enabled":false},"version":2}},"categories":[5,3,6],"tags":[],"class_list":{"0":"post-40880","1":"post","2":"type-post","3":"status-publish","4":"format-standard","5":"has-post-thumbnail","7":"category-imagen","8":"category-mesa-de-redaccion","9":"category-tendencias"},"jetpack_publicize_connections":[],"jetpack_featured_media_url":"https:\/\/i0.wp.com\/redaccionoaxaca.com\/wp-content\/uploads\/2026\/03\/IMG-20260308-WA0126-scaled.jpg?fit=2560%2C2082&ssl=1","jetpack_sharing_enabled":true,"jetpack_shortlink":"https:\/\/wp.me\/p9Ynjw-aDm","jetpack-related-posts":[{"id":5494,"url":"https:\/\/redaccionoaxaca.com\/index.php\/2019\/02\/25\/lanza-imss-programa-piloto-para-dotar-de-seguridad-social-a-todas-las-trabajadoras-domesticas\/","url_meta":{"origin":40880,"position":0},"title":"Lanza IMSS programa piloto para dotar de seguridad social a todas las trabajadoras dom\u00e9sticas.","author":"jaime","date":"febrero 25, 2019","format":"video","excerpt":"*Se calcula que en todo el pa\u00eds unos 29 millones de mujeres empleadas en casa, no cuentan con seguro social. #Redacci\u00f3nOaxaca #Oaxaca Maira Ric\u00e1rdez A ra\u00edz del tema en boga de las trabajadoras dom\u00e9sticas por la popularidad de la pel\u00edcula \u201cRoma\u201d y el papel de una mujer empleada en labores\u2026","rel":"","context":"Entrada similar ","block_context":{"text":"Entrada similar ","link":""},"img":{"alt_text":"","src":"","width":0,"height":0},"classes":[]},{"id":14579,"url":"https:\/\/redaccionoaxaca.com\/index.php\/2020\/09\/28\/mareaverde-y-bloque-radical-de-feministas-vandalizan-dependencias-bancos-y-comercios-de-oaxaca\/","url_meta":{"origin":40880,"position":1},"title":"VIDEO: MareaVerde y bloque radical de feministas vandalizan dependencias, bancos y comercios de Oaxaca.","author":"ariadna","date":"septiembre 28, 2020","format":"video","excerpt":"#Redacci\u00f3nOaxaca #Oaxaca Jaime GUERRERO La organizaci\u00f3n Marea Verde y mujeres vandalizaron sedes de dependencias de gobiernodel estado, comercios y bancos durante su marcha de acci\u00f3n global para legalizar el aborto. Las feministas destrozaron y quemaron los accesos a la Secretar\u00eda de las Mujeres Oaxaque\u00f1as, sacaron muebles, computadoras y documentos que\u2026","rel":"","context":"En &quot;Agenda Pol\u00edtica&quot;","block_context":{"text":"Agenda Pol\u00edtica","link":"https:\/\/redaccionoaxaca.com\/index.php\/category\/agenda-politica\/"},"img":{"alt_text":"","src":"https:\/\/i0.wp.com\/redaccionoaxaca.com\/wp-content\/uploads\/2020\/09\/IMG-20200928-WA0229-300x225.jpg?resize=350%2C200","width":350,"height":200},"classes":[]},{"id":7355,"url":"https:\/\/redaccionoaxaca.com\/index.php\/2019\/06\/24\/surge-nuevo-sindicato-del-imss-con-50-miembros\/","url_meta":{"origin":40880,"position":2},"title":"Surge nuevo Sindicato del IMSS con 50 miembros","author":"denise","date":"junio 24, 2019","format":false,"excerpt":"#Redacci\u00f3nOaxaca #Oaxaca Un grupo minoritario de trabajadores del Instituto Mexicano del Seguro Social (IMSS) presentaron con una breve marcha que sali\u00f3 de la fuente de las 8 regiones y se detuvo ante las oficinas de su Sindicato sobre la Calzada Porfirio D\u00edaz, una nueva conformaci\u00f3n sindical denominada Sindicato Nacional Libre\u2026","rel":"","context":"En &quot;Agenda Pol\u00edtica&quot;","block_context":{"text":"Agenda Pol\u00edtica","link":"https:\/\/redaccionoaxaca.com\/index.php\/category\/agenda-politica\/"},"img":{"alt_text":"","src":"","width":0,"height":0},"classes":[]},{"id":36631,"url":"https:\/\/redaccionoaxaca.com\/index.php\/2025\/04\/23\/barrenderas-de-oaxaca-exigen-detener-a-acosador-sexual-del-centro-historico\/","url_meta":{"origin":40880,"position":3},"title":"Barrenderas de Oaxaca exigen detener a acosador sexual del centro hist\u00f3rico","author":"ariadna","date":"abril 23, 2025","format":false,"excerpt":"#Redacci\u00f3nOaxaca #Oaxaca Maira Ric\u00e1rdez Luna * Barrenderas de Oaxaca urgen la voluntad de instancias para aprehender a perturbado que las acosa sexualmente en el centro de Oaxaca en las madrugadas Mujeres barrenderas que solicitan el anonimato por temor a represalias de su mismo victimario, urgen la suma de voluntades policiales\u2026","rel":"","context":"En &quot;Al Cierre&quot;","block_context":{"text":"Al Cierre","link":"https:\/\/redaccionoaxaca.com\/index.php\/category\/al-cierre\/"},"img":{"alt_text":"","src":"","width":0,"height":0},"classes":[]},{"id":15871,"url":"https:\/\/redaccionoaxaca.com\/index.php\/2020\/12\/18\/brinda-policia-estatal-resguardo-durante-la-entrega-de-recursos-federales-bienestar\/","url_meta":{"origin":40880,"position":4},"title":"Brinda Polic\u00eda Estatal resguardo durante la entrega de recursos federales Bienestar.","author":"ariadna","date":"diciembre 18, 2020","format":false,"excerpt":"#Redacci\u00f3nOaxaca #Oaxaca La Polic\u00eda Estatal, adscrita a la Secretar\u00eda de Seguridad P\u00fablica de Oaxaca (SSPO), brinda resguardo permanente en las ocho regiones del Estado, durante la entrega de recursos econ\u00f3micos federales Bienestar, en sus diferentes modalidades. En coordinaci\u00f3n con la Polic\u00eda Municipal de San Antonio Tepetlapa, en la Costa oaxaque\u00f1a,\u2026","rel":"","context":"En &quot;Al Cierre&quot;","block_context":{"text":"Al Cierre","link":"https:\/\/redaccionoaxaca.com\/index.php\/category\/al-cierre\/"},"img":{"alt_text":"","src":"https:\/\/i0.wp.com\/redaccionoaxaca.com\/wp-content\/uploads\/2020\/12\/IMG-20201218-WA0102-300x225.jpg?resize=350%2C200","width":350,"height":200},"classes":[]},{"id":5456,"url":"https:\/\/redaccionoaxaca.com\/index.php\/2019\/02\/22\/fiscalia-abren-investigacion-vs-edil-y-habitantes-de-teojomulco-por-retencion-ilegal-de-personal-del-imss\/","url_meta":{"origin":40880,"position":5},"title":"Fiscal\u00eda abren investigaci\u00f3n vs Edil y habitantes de  Teojomulco por retenci\u00f3n ilegal de personal del IMSS.","author":"jaime","date":"febrero 22, 2019","format":false,"excerpt":"#Redacci\u00f3nOaxaca #Oaxaca Jaime GUERRERO El Fiscal General del Estado, Rub\u00e9n Vasconcelos M\u00e9ndez, inform\u00f3 que abrieron una carpeta de investigaci\u00f3n contra pobladores y autoridades de Santo Domingo Teojomulco, por la retenci\u00f3n ilegal de personal del Instituto Mexicano del Seguro Social (IMSS), el pasado mi\u00e9rcoles. El abogado del Estado, aclar\u00f3 que no\u2026","rel":"","context":"Entrada similar ","block_context":{"text":"Entrada similar ","link":""},"img":{"alt_text":"","src":"","width":0,"height":0},"classes":[]}],"_links":{"self":[{"href":"https:\/\/redaccionoaxaca.com\/index.php\/wp-json\/wp\/v2\/posts\/40880","targetHints":{"allow":["GET"]}}],"collection":[{"href":"https:\/\/redaccionoaxaca.com\/index.php\/wp-json\/wp\/v2\/posts"}],"about":[{"href":"https:\/\/redaccionoaxaca.com\/index.php\/wp-json\/wp\/v2\/types\/post"}],"author":[{"embeddable":true,"href":"https:\/\/redaccionoaxaca.com\/index.php\/wp-json\/wp\/v2\/users\/9"}],"replies":[{"embeddable":true,"href":"https:\/\/redaccionoaxaca.com\/index.php\/wp-json\/wp\/v2\/comments?post=40880"}],"version-history":[{"count":1,"href":"https:\/\/redaccionoaxaca.com\/index.php\/wp-json\/wp\/v2\/posts\/40880\/revisions"}],"predecessor-version":[{"id":40887,"href":"https:\/\/redaccionoaxaca.com\/index.php\/wp-json\/wp\/v2\/posts\/40880\/revisions\/40887"}],"wp:featuredmedia":[{"embeddable":true,"href":"https:\/\/redaccionoaxaca.com\/index.php\/wp-json\/wp\/v2\/media\/40886"}],"wp:attachment":[{"href":"https:\/\/redaccionoaxaca.com\/index.php\/wp-json\/wp\/v2\/media?parent=40880"}],"wp:term":[{"taxonomy":"category","embeddable":true,"href":"https:\/\/redaccionoaxaca.com\/index.php\/wp-json\/wp\/v2\/categories?post=40880"},{"taxonomy":"post_tag","embeddable":true,"href":"https:\/\/redaccionoaxaca.com\/index.php\/wp-json\/wp\/v2\/tags?post=40880"}],"curies":[{"name":"wp","href":"https:\/\/api.w.org\/{rel}","templated":true}]}}