{"id":40888,"date":"2026-03-08T22:24:00","date_gmt":"2026-03-09T04:24:00","guid":{"rendered":"https:\/\/redaccionoaxaca.com\/?p=40888"},"modified":"2026-03-08T22:24:00","modified_gmt":"2026-03-09T04:24:00","slug":"dos-personas-lesionadas-danos-a-comercios-y-tres-detenidos-tras-marcha-del-8m-en-oaxaca","status":"publish","type":"post","link":"https:\/\/redaccionoaxaca.com\/index.php\/2026\/03\/08\/dos-personas-lesionadas-danos-a-comercios-y-tres-detenidos-tras-marcha-del-8m-en-oaxaca\/","title":{"rendered":"Dos personas lesionadas, da\u00f1os a comercios y tres detenidos tras marcha del 8M en Oaxaca"},"content":{"rendered":"<p><strong>#Redacci\u00f3nOaxaca<\/strong><\/p>\n<p style=\"text-align: justify;\"><strong>#Oaxaca<\/strong><\/p>\n<p>Dos personas lesionadas, da\u00f1os materiales en comercios del Centro Hist\u00f3rico y tres personas detenidas fue el saldo que dej\u00f3 la marcha realizada la tarde de este domingo en la capital oaxaque\u00f1a, en el marco del D\u00eda Internacional de la Mujer (8M).<\/p>\n<p><img data-recalc-dims=\"1\" loading=\"lazy\" decoding=\"async\" data-attachment-id=\"40886\" data-permalink=\"https:\/\/redaccionoaxaca.com\/index.php\/2026\/03\/08\/mujeres-vandalizan-oficinas-y-negocios-sobre-la-calzada-porfirio-diaz-durante-el-8m-en-oaxaca\/img-20260308-wa0126\/\" data-orig-file=\"https:\/\/i0.wp.com\/redaccionoaxaca.com\/wp-content\/uploads\/2026\/03\/IMG-20260308-WA0126-scaled.jpg?fit=2560%2C2082&amp;ssl=1\" data-orig-size=\"2560,2082\" data-comments-opened=\"1\" data-image-meta=\"{&quot;aperture&quot;:&quot;0&quot;,&quot;credit&quot;:&quot;&quot;,&quot;camera&quot;:&quot;&quot;,&quot;caption&quot;:&quot;&quot;,&quot;created_timestamp&quot;:&quot;0&quot;,&quot;copyright&quot;:&quot;&quot;,&quot;focal_length&quot;:&quot;0&quot;,&quot;iso&quot;:&quot;0&quot;,&quot;shutter_speed&quot;:&quot;0&quot;,&quot;title&quot;:&quot;&quot;,&quot;orientation&quot;:&quot;1&quot;}\" data-image-title=\"IMG-20260308-WA0126\" data-image-description=\"\" data-image-caption=\"\" data-large-file=\"https:\/\/i0.wp.com\/redaccionoaxaca.com\/wp-content\/uploads\/2026\/03\/IMG-20260308-WA0126-scaled.jpg?fit=696%2C566&amp;ssl=1\" class=\"size-medium wp-image-40886 aligncenter\" src=\"https:\/\/i0.wp.com\/redaccionoaxaca.com\/wp-content\/uploads\/2026\/03\/IMG-20260308-WA0126.jpg?resize=300%2C244&#038;ssl=1\" alt=\"\" width=\"300\" height=\"244\" srcset=\"https:\/\/i0.wp.com\/redaccionoaxaca.com\/wp-content\/uploads\/2026\/03\/IMG-20260308-WA0126-scaled.jpg?resize=300%2C244&amp;ssl=1 300w, https:\/\/i0.wp.com\/redaccionoaxaca.com\/wp-content\/uploads\/2026\/03\/IMG-20260308-WA0126-scaled.jpg?resize=1024%2C833&amp;ssl=1 1024w, https:\/\/i0.wp.com\/redaccionoaxaca.com\/wp-content\/uploads\/2026\/03\/IMG-20260308-WA0126-scaled.jpg?resize=768%2C625&amp;ssl=1 768w, https:\/\/i0.wp.com\/redaccionoaxaca.com\/wp-content\/uploads\/2026\/03\/IMG-20260308-WA0126-scaled.jpg?resize=1536%2C1249&amp;ssl=1 1536w, https:\/\/i0.wp.com\/redaccionoaxaca.com\/wp-content\/uploads\/2026\/03\/IMG-20260308-WA0126-scaled.jpg?resize=2048%2C1666&amp;ssl=1 2048w, https:\/\/i0.wp.com\/redaccionoaxaca.com\/wp-content\/uploads\/2026\/03\/IMG-20260308-WA0126-scaled.jpg?resize=516%2C420&amp;ssl=1 516w, https:\/\/i0.wp.com\/redaccionoaxaca.com\/wp-content\/uploads\/2026\/03\/IMG-20260308-WA0126-scaled.jpg?resize=696%2C566&amp;ssl=1 696w, https:\/\/i0.wp.com\/redaccionoaxaca.com\/wp-content\/uploads\/2026\/03\/IMG-20260308-WA0126-scaled.jpg?resize=1068%2C869&amp;ssl=1 1068w, https:\/\/i0.wp.com\/redaccionoaxaca.com\/wp-content\/uploads\/2026\/03\/IMG-20260308-WA0126-scaled.jpg?w=1392&amp;ssl=1 1392w\" sizes=\"auto, (max-width: 300px) 100vw, 300px\" \/><\/p>\n<p style=\"text-align: justify;\">De acuerdo con reportes de las autoridades, param\u00e9dicos atendieron a dos personas durante la movilizaci\u00f3n: una present\u00f3 intoxicaci\u00f3n por di\u00f3xido de carbono y otra result\u00f3 golpeada por un objeto lanzado durante la manifestaci\u00f3n. Ambas fueron valoradas en el lugar y se reportan fuera de peligro.<\/p>\n<p style=\"text-align: justify;\">Durante el desarrollo de la marcha, en la que participaron aproximadamente 2 mil personas, tambi\u00e9n se registraron da\u00f1os materiales en diversos comercios del primer cuadro de la ciudad, principalmente por la quema de estructuras met\u00e1licas de protecci\u00f3n colocadas en establecimientos.<\/p>\n<p><img data-recalc-dims=\"1\" loading=\"lazy\" decoding=\"async\" data-attachment-id=\"40889\" data-permalink=\"https:\/\/redaccionoaxaca.com\/index.php\/2026\/03\/08\/dos-personas-lesionadas-danos-a-comercios-y-tres-detenidos-tras-marcha-del-8m-en-oaxaca\/img-20260308-wa0204\/\" data-orig-file=\"https:\/\/i0.wp.com\/redaccionoaxaca.com\/wp-content\/uploads\/2026\/03\/IMG-20260308-WA0204.jpg?fit=739%2C1017&amp;ssl=1\" data-orig-size=\"739,1017\" data-comments-opened=\"1\" data-image-meta=\"{&quot;aperture&quot;:&quot;0&quot;,&quot;credit&quot;:&quot;&quot;,&quot;camera&quot;:&quot;&quot;,&quot;caption&quot;:&quot;&quot;,&quot;created_timestamp&quot;:&quot;0&quot;,&quot;copyright&quot;:&quot;&quot;,&quot;focal_length&quot;:&quot;0&quot;,&quot;iso&quot;:&quot;0&quot;,&quot;shutter_speed&quot;:&quot;0&quot;,&quot;title&quot;:&quot;&quot;,&quot;orientation&quot;:&quot;0&quot;}\" data-image-title=\"IMG-20260308-WA0204\" data-image-description=\"\" data-image-caption=\"\" data-large-file=\"https:\/\/i0.wp.com\/redaccionoaxaca.com\/wp-content\/uploads\/2026\/03\/IMG-20260308-WA0204.jpg?fit=696%2C958&amp;ssl=1\" class=\"size-medium wp-image-40889 aligncenter\" src=\"https:\/\/i0.wp.com\/redaccionoaxaca.com\/wp-content\/uploads\/2026\/03\/IMG-20260308-WA0204.jpg?resize=218%2C300&#038;ssl=1\" alt=\"\" width=\"218\" height=\"300\" srcset=\"https:\/\/i0.wp.com\/redaccionoaxaca.com\/wp-content\/uploads\/2026\/03\/IMG-20260308-WA0204.jpg?resize=218%2C300&amp;ssl=1 218w, https:\/\/i0.wp.com\/redaccionoaxaca.com\/wp-content\/uploads\/2026\/03\/IMG-20260308-WA0204.jpg?resize=305%2C420&amp;ssl=1 305w, https:\/\/i0.wp.com\/redaccionoaxaca.com\/wp-content\/uploads\/2026\/03\/IMG-20260308-WA0204.jpg?resize=696%2C958&amp;ssl=1 696w, https:\/\/i0.wp.com\/redaccionoaxaca.com\/wp-content\/uploads\/2026\/03\/IMG-20260308-WA0204.jpg?w=739&amp;ssl=1 739w\" sizes=\"auto, (max-width: 218px) 100vw, 218px\" \/><\/p>\n<p style=\"text-align: justify;\">Al t\u00e9rmino de la movilizaci\u00f3n, autoridades informaron la detenci\u00f3n de tres personas, se\u00f1aladas como presuntas responsables de da\u00f1os a inmuebles y agresiones contra elementos de seguridad que resguardaban la protesta.<\/p>\n<p style=\"text-align: justify;\">En total, las movilizaciones por el 8M en Oaxaca reunieron a m\u00e1s de 8 mil personas en distintas regiones del estado. Seg\u00fan los reportes oficiales, las actividades realizadas en municipios del interior transcurrieron sin incidentes.<\/p>\n<p><img data-recalc-dims=\"1\" loading=\"lazy\" decoding=\"async\" data-attachment-id=\"40890\" data-permalink=\"https:\/\/redaccionoaxaca.com\/index.php\/2026\/03\/08\/dos-personas-lesionadas-danos-a-comercios-y-tres-detenidos-tras-marcha-del-8m-en-oaxaca\/fb_img_1773026455997\/\" data-orig-file=\"https:\/\/i0.wp.com\/redaccionoaxaca.com\/wp-content\/uploads\/2026\/03\/FB_IMG_1773026455997.jpg?fit=1280%2C853&amp;ssl=1\" data-orig-size=\"1280,853\" data-comments-opened=\"1\" data-image-meta=\"{&quot;aperture&quot;:&quot;0&quot;,&quot;credit&quot;:&quot;&quot;,&quot;camera&quot;:&quot;&quot;,&quot;caption&quot;:&quot;&quot;,&quot;created_timestamp&quot;:&quot;0&quot;,&quot;copyright&quot;:&quot;&quot;,&quot;focal_length&quot;:&quot;0&quot;,&quot;iso&quot;:&quot;0&quot;,&quot;shutter_speed&quot;:&quot;0&quot;,&quot;title&quot;:&quot;&quot;,&quot;orientation&quot;:&quot;0&quot;}\" data-image-title=\"FB_IMG_1773026455997\" data-image-description=\"\" data-image-caption=\"\" data-large-file=\"https:\/\/i0.wp.com\/redaccionoaxaca.com\/wp-content\/uploads\/2026\/03\/FB_IMG_1773026455997.jpg?fit=696%2C464&amp;ssl=1\" class=\"size-medium wp-image-40890 aligncenter\" src=\"https:\/\/i0.wp.com\/redaccionoaxaca.com\/wp-content\/uploads\/2026\/03\/FB_IMG_1773026455997.jpg?resize=300%2C200&#038;ssl=1\" alt=\"\" width=\"300\" height=\"200\" srcset=\"https:\/\/i0.wp.com\/redaccionoaxaca.com\/wp-content\/uploads\/2026\/03\/FB_IMG_1773026455997.jpg?resize=300%2C200&amp;ssl=1 300w, https:\/\/i0.wp.com\/redaccionoaxaca.com\/wp-content\/uploads\/2026\/03\/FB_IMG_1773026455997.jpg?resize=1024%2C682&amp;ssl=1 1024w, https:\/\/i0.wp.com\/redaccionoaxaca.com\/wp-content\/uploads\/2026\/03\/FB_IMG_1773026455997.jpg?resize=768%2C512&amp;ssl=1 768w, https:\/\/i0.wp.com\/redaccionoaxaca.com\/wp-content\/uploads\/2026\/03\/FB_IMG_1773026455997.jpg?resize=630%2C420&amp;ssl=1 630w, https:\/\/i0.wp.com\/redaccionoaxaca.com\/wp-content\/uploads\/2026\/03\/FB_IMG_1773026455997.jpg?resize=696%2C464&amp;ssl=1 696w, https:\/\/i0.wp.com\/redaccionoaxaca.com\/wp-content\/uploads\/2026\/03\/FB_IMG_1773026455997.jpg?resize=1068%2C712&amp;ssl=1 1068w, https:\/\/i0.wp.com\/redaccionoaxaca.com\/wp-content\/uploads\/2026\/03\/FB_IMG_1773026455997.jpg?w=1280&amp;ssl=1 1280w\" sizes=\"auto, (max-width: 300px) 100vw, 300px\" \/><\/p>\n","protected":false},"excerpt":{"rendered":"<p>#Redacci\u00f3nOaxaca #Oaxaca Dos personas lesionadas, da\u00f1os materiales en comercios del Centro Hist\u00f3rico y tres personas detenidas fue el saldo que dej\u00f3 la marcha realizada la tarde de este domingo en la capital oaxaque\u00f1a, en el marco del D\u00eda Internacional de la Mujer (8M). De acuerdo con reportes de las autoridades, param\u00e9dicos atendieron a dos personas [&hellip;]<\/p>\n","protected":false},"author":9,"featured_media":40890,"comment_status":"open","ping_status":"open","sticky":false,"template":"","format":"standard","meta":{"jetpack_post_was_ever_published":false,"_jetpack_newsletter_access":"","_jetpack_dont_email_post_to_subs":false,"_jetpack_newsletter_tier_id":0,"_jetpack_memberships_contains_paywalled_content":false,"_jetpack_memberships_contains_paid_content":false,"footnotes":"","jetpack_publicize_message":"","jetpack_publicize_feature_enabled":true,"jetpack_social_post_already_shared":true,"jetpack_social_options":{"image_generator_settings":{"template":"highway","default_image_id":0,"font":"","enabled":false},"version":2}},"categories":[7,5,3,6],"tags":[],"class_list":{"0":"post-40888","1":"post","2":"type-post","3":"status-publish","4":"format-standard","5":"has-post-thumbnail","7":"category-al-cierre","8":"category-imagen","9":"category-mesa-de-redaccion","10":"category-tendencias"},"jetpack_publicize_connections":[],"jetpack_featured_media_url":"https:\/\/i0.wp.com\/redaccionoaxaca.com\/wp-content\/uploads\/2026\/03\/FB_IMG_1773026455997.jpg?fit=1280%2C853&ssl=1","jetpack_sharing_enabled":true,"jetpack_shortlink":"https:\/\/wp.me\/p9Ynjw-aDu","jetpack-related-posts":[{"id":40880,"url":"https:\/\/redaccionoaxaca.com\/index.php\/2026\/03\/08\/mujeres-vandalizan-oficinas-y-negocios-sobre-la-calzada-porfirio-diaz-durante-el-8m-en-oaxaca\/","url_meta":{"origin":40888,"position":0},"title":"Mujeres vandalizan oficinas y negocios sobre la Calzada Porfirio D\u00edaz durante el 8M en Oaxaca","author":"ariadna","date":"marzo 8, 2026","format":false,"excerpt":"#Redacci\u00f3nOaxaca #Oaxaca #JaimeGUERRERO Personas vestidas de negro vandalizaron oficinas p\u00fablicas y establecimientos comerciales a su paso por la Calzada Porfirio D\u00edaz durante la marcha del D\u00eda Internacional de la Mujer en la capital oaxaque\u00f1a. Los hechos se registraron este domingo en el tramo de esa arteria vial que concentra sucursales\u2026","rel":"","context":"En &quot;Imagen&quot;","block_context":{"text":"Imagen","link":"https:\/\/redaccionoaxaca.com\/index.php\/category\/imagen\/"},"img":{"alt_text":"","src":"https:\/\/i0.wp.com\/redaccionoaxaca.com\/wp-content\/uploads\/2026\/03\/IMG-20260308-WA0126-scaled.jpg?fit=1200%2C976&ssl=1&resize=350%2C200","width":350,"height":200,"srcset":"https:\/\/i0.wp.com\/redaccionoaxaca.com\/wp-content\/uploads\/2026\/03\/IMG-20260308-WA0126-scaled.jpg?fit=1200%2C976&ssl=1&resize=350%2C200 1x, https:\/\/i0.wp.com\/redaccionoaxaca.com\/wp-content\/uploads\/2026\/03\/IMG-20260308-WA0126-scaled.jpg?fit=1200%2C976&ssl=1&resize=525%2C300 1.5x, https:\/\/i0.wp.com\/redaccionoaxaca.com\/wp-content\/uploads\/2026\/03\/IMG-20260308-WA0126-scaled.jpg?fit=1200%2C976&ssl=1&resize=700%2C400 2x, https:\/\/i0.wp.com\/redaccionoaxaca.com\/wp-content\/uploads\/2026\/03\/IMG-20260308-WA0126-scaled.jpg?fit=1200%2C976&ssl=1&resize=1050%2C600 3x"},"classes":[]},{"id":19112,"url":"https:\/\/redaccionoaxaca.com\/index.php\/2021\/05\/21\/coparmex-exige-aplicar-la-ley-por-violencia-de-normalistas-y-reclama-resarcir-danos-ocasiona-dos-por-vandalismo\/","url_meta":{"origin":40888,"position":1},"title":"Coparmex exige aplicar la ley por violencia de normalistas y reclama resarcir da\u00f1os ocasiona dos por vandalismo.","author":"ariadna","date":"mayo 21, 2021","format":false,"excerpt":"#Redacci\u00f3nOaxaca #Oaxaca Jaime GUERRERO La Confederaci\u00f3n Patronal de la Rep\u00fablica M\u00e9xico (Coparmex), demand\u00f3 la aplicaci\u00f3n de la ley a los actos de violencia y vandalismo que realizaron normalistas a comercios, oficinas de gobierno y a comunicadores, durante su marcha de este jueves. A trav\u00e9s de un posicionamiento, ese organismo patronal,\u2026","rel":"","context":"En &quot;Agenda Pol\u00edtica&quot;","block_context":{"text":"Agenda Pol\u00edtica","link":"https:\/\/redaccionoaxaca.com\/index.php\/category\/agenda-politica\/"},"img":{"alt_text":"","src":"https:\/\/i0.wp.com\/redaccionoaxaca.com\/wp-content\/uploads\/2021\/05\/IMG-20210520-WA0258-233x300.jpg?resize=350%2C200","width":350,"height":200},"classes":[]},{"id":33494,"url":"https:\/\/redaccionoaxaca.com\/index.php\/2024\/09\/21\/identifica-fiscalia-a-responsables-de-actos-vandalicos-cometidos-esta-tarde-en-la-capital-oaxaquena\/","url_meta":{"origin":40888,"position":2},"title":"Identifica Fiscal\u00eda a responsables de actos vand\u00e1licos cometidos esta tarde en la capital oaxaque\u00f1a","author":"ariadna","date":"septiembre 21, 2024","format":false,"excerpt":"#Redacci\u00f3nOaxaca #Oaxaca La Fiscal\u00eda General del Estado de Oaxaca ha identificado plenamente a 17 personas involucradas en los destrozos y actos de vandalismo ocurridos la tarde de este s\u00e1bado 21 de septiembre, en los que se reportaron agresiones a transe\u00fantes, y resultaron afectados alrededor de una docena de comercios. Entre\u2026","rel":"","context":"En &quot;Imagen&quot;","block_context":{"text":"Imagen","link":"https:\/\/redaccionoaxaca.com\/index.php\/category\/imagen\/"},"img":{"alt_text":"","src":"https:\/\/i0.wp.com\/redaccionoaxaca.com\/wp-content\/uploads\/2024\/09\/FB_IMG_1726960816348-300x88.jpg?resize=350%2C200&ssl=1","width":350,"height":200},"classes":[]},{"id":13074,"url":"https:\/\/redaccionoaxaca.com\/index.php\/2020\/06\/25\/escalan-danos-por-terremoto-en-oaxaca-van-10-muertos-5-mil-82-viviendas-afectadas-carreteras-escuelas-y-clinicas-en-117-municipios-siniestrados\/","url_meta":{"origin":40888,"position":3},"title":"Escalan da\u00f1os por terremoto en Oaxaca; van 10 muertos, 5 mil 82 viviendas  afectadas, carreteras, escuelas y cl\u00ednicas en 117 municipios siniestrados.","author":"ariadna","date":"junio 25, 2020","format":false,"excerpt":"#Redacci\u00f3nOaxaca #Oaxaca Jaime GUERRERO Diez personas muertas, 117 municipios siniestrados, con una poblaci\u00f3n de 382 mil 954 habitantes y afectaciones en 5 mil 82, viviendas, es el nuevo saldo que dej\u00f3 el terremoto del pasado martes de 7.5 en escala de Richter con epicentro en la Crucecita, Huatulco, inform\u00f3 el\u2026","rel":"","context":"En &quot;Agenda Pol\u00edtica&quot;","block_context":{"text":"Agenda Pol\u00edtica","link":"https:\/\/redaccionoaxaca.com\/index.php\/category\/agenda-politica\/"},"img":{"alt_text":"","src":"","width":0,"height":0},"classes":[]},{"id":30859,"url":"https:\/\/redaccionoaxaca.com\/index.php\/2024\/03\/12\/danos-a-inmuebles-historicos-no-generan-simpatia-con-la-sociedad-gobernador-de-oaxaca-a-mujeres-senala-que-guaruras-custodiaba-a-manifestantes-del-8m\/","url_meta":{"origin":40888,"position":4},"title":"Da\u00f1os a inmuebles hist\u00f3ricos no generan simpat\u00eda con la sociedad: Gobernador  de Oaxaca a mujeres; se\u00f1ala que \u201cguaruras\u201d custodiaba a manifestantes del 8M","author":"ariadna","date":"marzo 12, 2024","format":false,"excerpt":"#Redacci\u00f3nOaxaca #Oaxaca Jaime GUERRERO Tras advertir a mujeres, activistas y personas que marcharon el pasado 8 de marzo con motivo del D\u00eda Internacional de la Mujer que, el causar afectaciones y da\u00f1os a inmuebles hist\u00f3ricos y patrimonio cultural de la humanidad, no generan simpat\u00eda por parte de la sociedad, el\u2026","rel":"","context":"En &quot;Imagen&quot;","block_context":{"text":"Imagen","link":"https:\/\/redaccionoaxaca.com\/index.php\/category\/imagen\/"},"img":{"alt_text":"","src":"","width":0,"height":0},"classes":[]},{"id":39634,"url":"https:\/\/redaccionoaxaca.com\/index.php\/2025\/12\/28\/descarrilamiento-de-tren-interoceanico-deja-20-lesionados-en-nizanda-oaxaca\/","url_meta":{"origin":40888,"position":5},"title":"Descarrilamiento de tren Interoce\u00e1nico deja 20 lesionados en Nizanda, Oaxaca","author":"ariadna","date":"diciembre 28, 2025","format":false,"excerpt":"#Redacci\u00f3nOaxaca #Oaxaca Un accidente ferroviario se registr\u00f3 este domingo, 28 de diciembre,\u00a0 en el Ferrocarril del Istmo de Tehuantepec, a la altura de la comunidad de Nizanda, Oaxaca, donde la locomotora principal de un tren de pasajeros se descarril\u00f3, dejando al menos 20 personas lesionadas, inform\u00f3 la Secretar\u00eda de Marina\u2026","rel":"","context":"En &quot;Agenda Pol\u00edtica&quot;","block_context":{"text":"Agenda Pol\u00edtica","link":"https:\/\/redaccionoaxaca.com\/index.php\/category\/agenda-politica\/"},"img":{"alt_text":"","src":"https:\/\/i0.wp.com\/redaccionoaxaca.com\/wp-content\/uploads\/2025\/12\/FB_IMG_1766942291770.jpg?fit=1200%2C900&ssl=1&resize=350%2C200","width":350,"height":200,"srcset":"https:\/\/i0.wp.com\/redaccionoaxaca.com\/wp-content\/uploads\/2025\/12\/FB_IMG_1766942291770.jpg?fit=1200%2C900&ssl=1&resize=350%2C200 1x, https:\/\/i0.wp.com\/redaccionoaxaca.com\/wp-content\/uploads\/2025\/12\/FB_IMG_1766942291770.jpg?fit=1200%2C900&ssl=1&resize=525%2C300 1.5x, https:\/\/i0.wp.com\/redaccionoaxaca.com\/wp-content\/uploads\/2025\/12\/FB_IMG_1766942291770.jpg?fit=1200%2C900&ssl=1&resize=700%2C400 2x, https:\/\/i0.wp.com\/redaccionoaxaca.com\/wp-content\/uploads\/2025\/12\/FB_IMG_1766942291770.jpg?fit=1200%2C900&ssl=1&resize=1050%2C600 3x"},"classes":[]}],"_links":{"self":[{"href":"https:\/\/redaccionoaxaca.com\/index.php\/wp-json\/wp\/v2\/posts\/40888","targetHints":{"allow":["GET"]}}],"collection":[{"href":"https:\/\/redaccionoaxaca.com\/index.php\/wp-json\/wp\/v2\/posts"}],"about":[{"href":"https:\/\/redaccionoaxaca.com\/index.php\/wp-json\/wp\/v2\/types\/post"}],"author":[{"embeddable":true,"href":"https:\/\/redaccionoaxaca.com\/index.php\/wp-json\/wp\/v2\/users\/9"}],"replies":[{"embeddable":true,"href":"https:\/\/redaccionoaxaca.com\/index.php\/wp-json\/wp\/v2\/comments?post=40888"}],"version-history":[{"count":1,"href":"https:\/\/redaccionoaxaca.com\/index.php\/wp-json\/wp\/v2\/posts\/40888\/revisions"}],"predecessor-version":[{"id":40891,"href":"https:\/\/redaccionoaxaca.com\/index.php\/wp-json\/wp\/v2\/posts\/40888\/revisions\/40891"}],"wp:featuredmedia":[{"embeddable":true,"href":"https:\/\/redaccionoaxaca.com\/index.php\/wp-json\/wp\/v2\/media\/40890"}],"wp:attachment":[{"href":"https:\/\/redaccionoaxaca.com\/index.php\/wp-json\/wp\/v2\/media?parent=40888"}],"wp:term":[{"taxonomy":"category","embeddable":true,"href":"https:\/\/redaccionoaxaca.com\/index.php\/wp-json\/wp\/v2\/categories?post=40888"},{"taxonomy":"post_tag","embeddable":true,"href":"https:\/\/redaccionoaxaca.com\/index.php\/wp-json\/wp\/v2\/tags?post=40888"}],"curies":[{"name":"wp","href":"https:\/\/api.w.org\/{rel}","templated":true}]}}