{"id":40892,"date":"2026-03-09T08:05:15","date_gmt":"2026-03-09T14:05:15","guid":{"rendered":"https:\/\/redaccionoaxaca.com\/?p=40892"},"modified":"2026-03-09T08:05:15","modified_gmt":"2026-03-09T14:05:15","slug":"bloquean-comunidades-la-supercarretera-barranca-larga-ventanilla-capufe-reporta-cierre-total","status":"publish","type":"post","link":"https:\/\/redaccionoaxaca.com\/index.php\/2026\/03\/09\/bloquean-comunidades-la-supercarretera-barranca-larga-ventanilla-capufe-reporta-cierre-total\/","title":{"rendered":"Bloquean comunidades la supercarretera Barranca Larga\u2013Ventanilla; CAPUFE reporta cierre total"},"content":{"rendered":"<p><strong>#Redacci\u00f3nOaxaca<\/strong><\/p>\n<p><strong>#Oaxaca<\/strong><\/p>\n<p style=\"text-align: justify;\">La autopista Barranca Larga\u2013Ventanilla fue cerrada totalmente a la circulaci\u00f3n la ma\u00f1ana de este lunes, luego de que habitantes de 72 comunidades de Santa Mar\u00eda Colotepec iniciaran un bloqueo en protesta contra Caminos y Puentes Federales (CAPUFE).<\/p>\n<p style=\"text-align: justify;\">De acuerdo con el aviso emitido por CAPUFE, el cierre se registra a la altura de la Plaza de Cobro Ventanilla, donde manifestantes mantienen bloqueados ambos sentidos de la v\u00eda, lo que impide el paso de veh\u00edculos hacia la costa de Oaxaca y hacia la capital del estado.<\/p>\n<p><img data-recalc-dims=\"1\" loading=\"lazy\" decoding=\"async\" data-attachment-id=\"40893\" data-permalink=\"https:\/\/redaccionoaxaca.com\/index.php\/2026\/03\/09\/bloquean-comunidades-la-supercarretera-barranca-larga-ventanilla-capufe-reporta-cierre-total\/img-20260309-wa0012\/\" data-orig-file=\"https:\/\/i0.wp.com\/redaccionoaxaca.com\/wp-content\/uploads\/2026\/03\/IMG-20260309-WA0012.jpg?fit=720%2C540&amp;ssl=1\" data-orig-size=\"720,540\" data-comments-opened=\"1\" data-image-meta=\"{&quot;aperture&quot;:&quot;0&quot;,&quot;credit&quot;:&quot;&quot;,&quot;camera&quot;:&quot;&quot;,&quot;caption&quot;:&quot;&quot;,&quot;created_timestamp&quot;:&quot;0&quot;,&quot;copyright&quot;:&quot;&quot;,&quot;focal_length&quot;:&quot;0&quot;,&quot;iso&quot;:&quot;0&quot;,&quot;shutter_speed&quot;:&quot;0&quot;,&quot;title&quot;:&quot;&quot;,&quot;orientation&quot;:&quot;0&quot;}\" data-image-title=\"IMG-20260309-WA0012\" data-image-description=\"\" data-image-caption=\"\" data-large-file=\"https:\/\/i0.wp.com\/redaccionoaxaca.com\/wp-content\/uploads\/2026\/03\/IMG-20260309-WA0012.jpg?fit=696%2C522&amp;ssl=1\" class=\"size-medium wp-image-40893 aligncenter\" src=\"https:\/\/i0.wp.com\/redaccionoaxaca.com\/wp-content\/uploads\/2026\/03\/IMG-20260309-WA0012.jpg?resize=300%2C225&#038;ssl=1\" alt=\"\" width=\"300\" height=\"225\" srcset=\"https:\/\/i0.wp.com\/redaccionoaxaca.com\/wp-content\/uploads\/2026\/03\/IMG-20260309-WA0012.jpg?resize=300%2C225&amp;ssl=1 300w, https:\/\/i0.wp.com\/redaccionoaxaca.com\/wp-content\/uploads\/2026\/03\/IMG-20260309-WA0012.jpg?resize=560%2C420&amp;ssl=1 560w, https:\/\/i0.wp.com\/redaccionoaxaca.com\/wp-content\/uploads\/2026\/03\/IMG-20260309-WA0012.jpg?resize=80%2C60&amp;ssl=1 80w, https:\/\/i0.wp.com\/redaccionoaxaca.com\/wp-content\/uploads\/2026\/03\/IMG-20260309-WA0012.jpg?resize=696%2C522&amp;ssl=1 696w, https:\/\/i0.wp.com\/redaccionoaxaca.com\/wp-content\/uploads\/2026\/03\/IMG-20260309-WA0012.jpg?resize=265%2C198&amp;ssl=1 265w, https:\/\/i0.wp.com\/redaccionoaxaca.com\/wp-content\/uploads\/2026\/03\/IMG-20260309-WA0012.jpg?w=720&amp;ssl=1 720w\" sizes=\"auto, (max-width: 300px) 100vw, 300px\" \/><\/p>\n<p style=\"text-align: justify;\">Los inconformes se\u00f1alaron que la protesta se debe al incumplimiento de acuerdos por parte de CAPUFE, particularmente por la decisi\u00f3n de eliminar la validez de la carta de residencia que permit\u00eda a habitantes de municipios cercanos obtener beneficios en el peaje.<\/p>\n<p style=\"text-align: justify;\">Adem\u00e1s, denunciaron el mal estado de la supercarretera, as\u00ed como la falta de pavimentaci\u00f3n de los caminos laterales que conectan a las comunidades con esta v\u00eda federal.<\/p>\n<p style=\"text-align: justify;\">El bloqueo inici\u00f3 alrededor de las 7:00 de la ma\u00f1ana y se prev\u00e9 que contin\u00fae de manera indefinida hasta que autoridades federales atiendan sus demandas.<\/p>\n<p style=\"text-align: justify;\">Ante esta situaci\u00f3n, CAPUFE recomend\u00f3 a los automovilistas tomar precauciones y modificar sus planes de viaje entre la ciudad de Oaxaca y la regi\u00f3n de la Costa.<\/p>\n<p><img data-recalc-dims=\"1\" loading=\"lazy\" decoding=\"async\" data-attachment-id=\"40894\" data-permalink=\"https:\/\/redaccionoaxaca.com\/index.php\/2026\/03\/09\/bloquean-comunidades-la-supercarretera-barranca-larga-ventanilla-capufe-reporta-cierre-total\/screenshot_20260309_075641_x\/\" data-orig-file=\"https:\/\/i0.wp.com\/redaccionoaxaca.com\/wp-content\/uploads\/2026\/03\/Screenshot_20260309_075641_X-scaled.jpg?fit=2560%2C2178&amp;ssl=1\" data-orig-size=\"2560,2178\" data-comments-opened=\"1\" data-image-meta=\"{&quot;aperture&quot;:&quot;0&quot;,&quot;credit&quot;:&quot;&quot;,&quot;camera&quot;:&quot;&quot;,&quot;caption&quot;:&quot;&quot;,&quot;created_timestamp&quot;:&quot;0&quot;,&quot;copyright&quot;:&quot;&quot;,&quot;focal_length&quot;:&quot;0&quot;,&quot;iso&quot;:&quot;0&quot;,&quot;shutter_speed&quot;:&quot;0&quot;,&quot;title&quot;:&quot;&quot;,&quot;orientation&quot;:&quot;1&quot;}\" data-image-title=\"Screenshot_20260309_075641_X\" data-image-description=\"\" data-image-caption=\"\" data-large-file=\"https:\/\/i0.wp.com\/redaccionoaxaca.com\/wp-content\/uploads\/2026\/03\/Screenshot_20260309_075641_X-scaled.jpg?fit=696%2C592&amp;ssl=1\" class=\"size-medium wp-image-40894 aligncenter\" src=\"https:\/\/i0.wp.com\/redaccionoaxaca.com\/wp-content\/uploads\/2026\/03\/Screenshot_20260309_075641_X.jpg?resize=300%2C255&#038;ssl=1\" alt=\"\" width=\"300\" height=\"255\" srcset=\"https:\/\/i0.wp.com\/redaccionoaxaca.com\/wp-content\/uploads\/2026\/03\/Screenshot_20260309_075641_X-scaled.jpg?resize=300%2C255&amp;ssl=1 300w, https:\/\/i0.wp.com\/redaccionoaxaca.com\/wp-content\/uploads\/2026\/03\/Screenshot_20260309_075641_X-scaled.jpg?resize=1024%2C871&amp;ssl=1 1024w, https:\/\/i0.wp.com\/redaccionoaxaca.com\/wp-content\/uploads\/2026\/03\/Screenshot_20260309_075641_X-scaled.jpg?resize=768%2C654&amp;ssl=1 768w, https:\/\/i0.wp.com\/redaccionoaxaca.com\/wp-content\/uploads\/2026\/03\/Screenshot_20260309_075641_X-scaled.jpg?resize=1536%2C1307&amp;ssl=1 1536w, https:\/\/i0.wp.com\/redaccionoaxaca.com\/wp-content\/uploads\/2026\/03\/Screenshot_20260309_075641_X-scaled.jpg?resize=2048%2C1743&amp;ssl=1 2048w, https:\/\/i0.wp.com\/redaccionoaxaca.com\/wp-content\/uploads\/2026\/03\/Screenshot_20260309_075641_X-scaled.jpg?resize=494%2C420&amp;ssl=1 494w, https:\/\/i0.wp.com\/redaccionoaxaca.com\/wp-content\/uploads\/2026\/03\/Screenshot_20260309_075641_X-scaled.jpg?resize=696%2C592&amp;ssl=1 696w, https:\/\/i0.wp.com\/redaccionoaxaca.com\/wp-content\/uploads\/2026\/03\/Screenshot_20260309_075641_X-scaled.jpg?resize=1068%2C909&amp;ssl=1 1068w, https:\/\/i0.wp.com\/redaccionoaxaca.com\/wp-content\/uploads\/2026\/03\/Screenshot_20260309_075641_X-scaled.jpg?w=1392&amp;ssl=1 1392w\" sizes=\"auto, (max-width: 300px) 100vw, 300px\" \/><\/p>\n","protected":false},"excerpt":{"rendered":"<p>#Redacci\u00f3nOaxaca #Oaxaca La autopista Barranca Larga\u2013Ventanilla fue cerrada totalmente a la circulaci\u00f3n la ma\u00f1ana de este lunes, luego de que habitantes de 72 comunidades de Santa Mar\u00eda Colotepec iniciaran un bloqueo en protesta contra Caminos y Puentes Federales (CAPUFE). De acuerdo con el aviso emitido por CAPUFE, el cierre se registra a la altura de [&hellip;]<\/p>\n","protected":false},"author":9,"featured_media":40895,"comment_status":"open","ping_status":"open","sticky":false,"template":"","format":"standard","meta":{"jetpack_post_was_ever_published":false,"_jetpack_newsletter_access":"","_jetpack_dont_email_post_to_subs":false,"_jetpack_newsletter_tier_id":0,"_jetpack_memberships_contains_paywalled_content":false,"_jetpack_memberships_contains_paid_content":false,"footnotes":"","jetpack_publicize_message":"","jetpack_publicize_feature_enabled":true,"jetpack_social_post_already_shared":true,"jetpack_social_options":{"image_generator_settings":{"template":"highway","default_image_id":0,"font":"","enabled":false},"version":2}},"categories":[4,5,870,6],"tags":[],"class_list":{"0":"post-40892","1":"post","2":"type-post","3":"status-publish","4":"format-standard","5":"has-post-thumbnail","7":"category-agenda-politica","8":"category-imagen","9":"category-obras-publicas","10":"category-tendencias"},"jetpack_publicize_connections":[],"jetpack_featured_media_url":"https:\/\/i0.wp.com\/redaccionoaxaca.com\/wp-content\/uploads\/2026\/03\/InShot_20260309_080409714.jpg?fit=1861%2C932&ssl=1","jetpack_sharing_enabled":true,"jetpack_shortlink":"https:\/\/wp.me\/p9Ynjw-aDy","jetpack-related-posts":[{"id":36153,"url":"https:\/\/redaccionoaxaca.com\/index.php\/2025\/03\/19\/pobladores-de-coatlanes-oaxaca-se-apoderan-de-caseta-barranca-larga-ventanilla-y-liberan-paso-exigen-no-cobro\/","url_meta":{"origin":40892,"position":0},"title":"Pobladores de Coatlanes, Oaxaca se apoderan de caseta Barranca Larga-Ventanilla y liberan paso; exigen NO cobro","author":"ariadna","date":"marzo 19, 2025","format":false,"excerpt":"#Redacci\u00f3nOaxaca #Oaxaca Jaime GUERRERO Pobladores de cuatro municipios de zona de Coatl\u00e1n, Miahuatl\u00e1n se apoderan de casetas de Caminos y Puentes Federales (Capufe) para liberar el paso en autopista Barranca Larga-Ventanilla, #Oaxaca. Exigen que NO les cobren el peaje. Habitantes de San Vicente Coatl\u00e1n, San Pablo Coatl\u00e1n, San Jer\u00f3nimo Coatl\u00e1n\u2026","rel":"","context":"En &quot;Agenda Pol\u00edtica&quot;","block_context":{"text":"Agenda Pol\u00edtica","link":"https:\/\/redaccionoaxaca.com\/index.php\/category\/agenda-politica\/"},"img":{"alt_text":"","src":"","width":0,"height":0},"classes":[]},{"id":36650,"url":"https:\/\/redaccionoaxaca.com\/index.php\/2025\/04\/26\/congreso-exhorta-a-capufe-mantenimiento-ajuste-de-peaje-y-acelerar-registro-al-esquema-de-residentes-en-barranca-larga-ventanilla\/","url_meta":{"origin":40892,"position":1},"title":"Congreso exhorta a Capufe mantenimiento, ajuste de peaje y acelerar registro al esquema de residentes en Barranca Larga-Ventanilla","author":"ariadna","date":"abril 26, 2025","format":false,"excerpt":"#Redacci\u00f3nOaxaca #Oaxaca * Las diputadas promoventes consideraron importante mantener en buenas condiciones el sistema carretero de Oaxaca, pues es indispensable para la econom\u00eda, desarrollo y movilidad de la entidad San Raymundo Jalpan, Oax., a 26 de abril de 2025.- La LXVI Legislatura del Congreso de Oaxaca hizo un llamado a\u2026","rel":"","context":"En &quot;Agenda Pol\u00edtica&quot;","block_context":{"text":"Agenda Pol\u00edtica","link":"https:\/\/redaccionoaxaca.com\/index.php\/category\/agenda-politica\/"},"img":{"alt_text":"","src":"https:\/\/i0.wp.com\/redaccionoaxaca.com\/wp-content\/uploads\/2025\/04\/Screenshot_20250426_122745_Facebook-300x207.jpg?resize=350%2C200&ssl=1","width":350,"height":200},"classes":[]},{"id":41509,"url":"https:\/\/redaccionoaxaca.com\/index.php\/2026\/04\/13\/sict-arrancan-trabajos-en-autopista-barranca-larga-ventanilla-inversion-cercana-a-1-mil-216-millones-de-pesos\/","url_meta":{"origin":40892,"position":2},"title":"SICT arrancan trabajos en autopista Barranca Larga-Ventanilla; inversi\u00f3n cercana a 1 mil 216 millones de pesos","author":"ariadna","date":"abril 13, 2026","format":false,"excerpt":"#Redacci\u00f3nOaxaca #Oaxaca #JaimeGUERRERO La Secretar\u00eda de Infraestructura, Comunicaciones y Transportes (SICT) y Caminos y Puentes Federales (CAPUFE) iniciaron este lunes los trabajos de limpieza y mantenimiento en el tramo de San Sebasti\u00e1n Coatl\u00e1n hacia Ventanilla de la autopista Barranca Larga-Ventanilla, con presencia de elementos de la Guardia Nacional y la\u2026","rel":"","context":"En &quot;Mesa de Redacci\u00f3n&quot;","block_context":{"text":"Mesa de Redacci\u00f3n","link":"https:\/\/redaccionoaxaca.com\/index.php\/category\/mesa-de-redaccion\/"},"img":{"alt_text":"","src":"https:\/\/i0.wp.com\/redaccionoaxaca.com\/wp-content\/uploads\/2026\/04\/Screenshot_20260413_195133_WhatsApp-scaled.jpg?fit=1200%2C670&ssl=1&resize=350%2C200","width":350,"height":200,"srcset":"https:\/\/i0.wp.com\/redaccionoaxaca.com\/wp-content\/uploads\/2026\/04\/Screenshot_20260413_195133_WhatsApp-scaled.jpg?fit=1200%2C670&ssl=1&resize=350%2C200 1x, https:\/\/i0.wp.com\/redaccionoaxaca.com\/wp-content\/uploads\/2026\/04\/Screenshot_20260413_195133_WhatsApp-scaled.jpg?fit=1200%2C670&ssl=1&resize=525%2C300 1.5x, https:\/\/i0.wp.com\/redaccionoaxaca.com\/wp-content\/uploads\/2026\/04\/Screenshot_20260413_195133_WhatsApp-scaled.jpg?fit=1200%2C670&ssl=1&resize=700%2C400 2x, https:\/\/i0.wp.com\/redaccionoaxaca.com\/wp-content\/uploads\/2026\/04\/Screenshot_20260413_195133_WhatsApp-scaled.jpg?fit=1200%2C670&ssl=1&resize=1050%2C600 3x"},"classes":[]},{"id":40970,"url":"https:\/\/redaccionoaxaca.com\/index.php\/2026\/03\/13\/acuerdos-de-mantenimiento-y-pavimentacion-ponen-fin-al-bloqueo-de-cuatro-dias-en-la-autopista-barranca-larga-ventanilla\/","url_meta":{"origin":40892,"position":3},"title":"Acuerdos de mantenimiento y pavimentaci\u00f3n ponen fin al bloqueo de cuatro d\u00edas en la autopista Barranca Larga\u2013Ventanilla","author":"ariadna","date":"marzo 13, 2026","format":false,"excerpt":"#Redacci\u00f3nOaxaca #Oaxaca #JaimeGUERRERO La autopista Barranca Larga\u2013Ventanilla y la Plaza de Cobro Ventanilla quedaron liberadas este jueves luego de que el gobierno estatal, federal y representantes de Santa Mar\u00eda Colotepec alcanzaron acuerdos de mantenimiento y pavimentaci\u00f3n carretera. La mesa de di\u00e1logo encabezada por el Secretario de Gobierno, Jes\u00fas Romero L\u00f3pez\u2026","rel":"","context":"En &quot;Agenda Pol\u00edtica&quot;","block_context":{"text":"Agenda Pol\u00edtica","link":"https:\/\/redaccionoaxaca.com\/index.php\/category\/agenda-politica\/"},"img":{"alt_text":"","src":"https:\/\/i0.wp.com\/redaccionoaxaca.com\/wp-content\/uploads\/2026\/03\/IMG-20260312-WA0263.jpg?fit=1200%2C900&ssl=1&resize=350%2C200","width":350,"height":200,"srcset":"https:\/\/i0.wp.com\/redaccionoaxaca.com\/wp-content\/uploads\/2026\/03\/IMG-20260312-WA0263.jpg?fit=1200%2C900&ssl=1&resize=350%2C200 1x, https:\/\/i0.wp.com\/redaccionoaxaca.com\/wp-content\/uploads\/2026\/03\/IMG-20260312-WA0263.jpg?fit=1200%2C900&ssl=1&resize=525%2C300 1.5x, https:\/\/i0.wp.com\/redaccionoaxaca.com\/wp-content\/uploads\/2026\/03\/IMG-20260312-WA0263.jpg?fit=1200%2C900&ssl=1&resize=700%2C400 2x, https:\/\/i0.wp.com\/redaccionoaxaca.com\/wp-content\/uploads\/2026\/03\/IMG-20260312-WA0263.jpg?fit=1200%2C900&ssl=1&resize=1050%2C600 3x"},"classes":[]},{"id":36270,"url":"https:\/\/redaccionoaxaca.com\/index.php\/2025\/03\/25\/ante-mala-operatividad-piden-a-sict-regular-peaje-de-la-autopista-barranca-larga-ventanilla\/","url_meta":{"origin":40892,"position":4},"title":"Ante mala operatividad, piden a SICT, regular peaje de la autopista Barranca Larga-Ventanilla","author":"ariadna","date":"marzo 25, 2025","format":false,"excerpt":"#Redacci\u00f3nOaxaca #Oaxaca Jaime GUERRERO La diputada de Morena Elisa Zepeda Lagunas, pidi\u00f3 a la Secretar\u00eda de Infraestructura, Comunicaciones y Transportes del Gobierno de M\u00e9xico, para que, regule de manera adecuada el peaje de la autopista Barranca Larga-Ventanilla. Asimismo, acelere el registro al esquema de residentes y realice de manera oportuna\u2026","rel":"","context":"En &quot;Imagen&quot;","block_context":{"text":"Imagen","link":"https:\/\/redaccionoaxaca.com\/index.php\/category\/imagen\/"},"img":{"alt_text":"","src":"","width":0,"height":0},"classes":[]},{"id":41018,"url":"https:\/\/redaccionoaxaca.com\/index.php\/2026\/03\/16\/gobierno-presenta-5-denuncias-por-cobrar-ilegalmente-hasta-400-pesos-en-tomas-de-caseta-de-barranca-larga-ventanilla\/","url_meta":{"origin":40892,"position":5},"title":"Gobierno presenta 5 denuncias por cobrar ilegalmente hasta 400 pesos en tomas de caseta de Barranca Larga\u2013Ventanilla","author":"ariadna","date":"marzo 16, 2026","format":false,"excerpt":"#Redacci\u00f3nOaxaca #Oaxaca #JaimeGUERRERO El gobierno federal interpuso cinco denuncias penales contra integrantes de organizaciones sociales que bloquearon las casetas de la autopista Barranca Larga\u2013Ventanilla y cobraron a los automovilistas hasta 400 pesos por permitirles el paso \u2014por encima del costo oficial de peaje\u2014, inform\u00f3 el secretario de Gobierno, Jes\u00fas Romero\u2026","rel":"","context":"En &quot;Al Cierre&quot;","block_context":{"text":"Al Cierre","link":"https:\/\/redaccionoaxaca.com\/index.php\/category\/al-cierre\/"},"img":{"alt_text":"","src":"https:\/\/i0.wp.com\/redaccionoaxaca.com\/wp-content\/uploads\/2026\/03\/images-53.jpeg?fit=772%2C397&ssl=1&resize=350%2C200","width":350,"height":200,"srcset":"https:\/\/i0.wp.com\/redaccionoaxaca.com\/wp-content\/uploads\/2026\/03\/images-53.jpeg?fit=772%2C397&ssl=1&resize=350%2C200 1x, https:\/\/i0.wp.com\/redaccionoaxaca.com\/wp-content\/uploads\/2026\/03\/images-53.jpeg?fit=772%2C397&ssl=1&resize=525%2C300 1.5x, https:\/\/i0.wp.com\/redaccionoaxaca.com\/wp-content\/uploads\/2026\/03\/images-53.jpeg?fit=772%2C397&ssl=1&resize=700%2C400 2x"},"classes":[]}],"_links":{"self":[{"href":"https:\/\/redaccionoaxaca.com\/index.php\/wp-json\/wp\/v2\/posts\/40892","targetHints":{"allow":["GET"]}}],"collection":[{"href":"https:\/\/redaccionoaxaca.com\/index.php\/wp-json\/wp\/v2\/posts"}],"about":[{"href":"https:\/\/redaccionoaxaca.com\/index.php\/wp-json\/wp\/v2\/types\/post"}],"author":[{"embeddable":true,"href":"https:\/\/redaccionoaxaca.com\/index.php\/wp-json\/wp\/v2\/users\/9"}],"replies":[{"embeddable":true,"href":"https:\/\/redaccionoaxaca.com\/index.php\/wp-json\/wp\/v2\/comments?post=40892"}],"version-history":[{"count":1,"href":"https:\/\/redaccionoaxaca.com\/index.php\/wp-json\/wp\/v2\/posts\/40892\/revisions"}],"predecessor-version":[{"id":40896,"href":"https:\/\/redaccionoaxaca.com\/index.php\/wp-json\/wp\/v2\/posts\/40892\/revisions\/40896"}],"wp:featuredmedia":[{"embeddable":true,"href":"https:\/\/redaccionoaxaca.com\/index.php\/wp-json\/wp\/v2\/media\/40895"}],"wp:attachment":[{"href":"https:\/\/redaccionoaxaca.com\/index.php\/wp-json\/wp\/v2\/media?parent=40892"}],"wp:term":[{"taxonomy":"category","embeddable":true,"href":"https:\/\/redaccionoaxaca.com\/index.php\/wp-json\/wp\/v2\/categories?post=40892"},{"taxonomy":"post_tag","embeddable":true,"href":"https:\/\/redaccionoaxaca.com\/index.php\/wp-json\/wp\/v2\/tags?post=40892"}],"curies":[{"name":"wp","href":"https:\/\/api.w.org\/{rel}","templated":true}]}}