{"id":40897,"date":"2026-03-09T20:19:26","date_gmt":"2026-03-10T02:19:26","guid":{"rendered":"https:\/\/redaccionoaxaca.com\/?p=40897"},"modified":"2026-03-09T20:19:26","modified_gmt":"2026-03-10T02:19:26","slug":"familia-sarmiento-rechaza-presiones-para-ceder-terreno-del-instituto-luis-sarmiento-cuenta-con-resolucion-presidencial-de-1951-que-avala-la-legalidad-de-la-propiedad","status":"publish","type":"post","link":"https:\/\/redaccionoaxaca.com\/index.php\/2026\/03\/09\/familia-sarmiento-rechaza-presiones-para-ceder-terreno-del-instituto-luis-sarmiento-cuenta-con-resolucion-presidencial-de-1951-que-avala-la-legalidad-de-la-propiedad\/","title":{"rendered":"Familia Sarmiento rechaza presiones para ceder terreno del Instituto Luis Sarmiento; cuenta con resoluci\u00f3n presidencial de 1951 que avala la legalidad de la propiedad"},"content":{"rendered":"<p><strong>#Redacci\u00f3nOaxaca<\/strong><\/p>\n<p><strong>#Oaxaca<\/strong><\/p>\n<p><strong>#JaimeGUERRERO<\/strong><\/p>\n<p style=\"text-align: justify;\">Con una resoluci\u00f3n de tribunal agrario firmada por el presidente Miguel Alem\u00e1n Vald\u00e9s el 29 de marzo de 1951 y publicada en el Diario Oficial de la Federaci\u00f3n, la familia Sarmiento rechaz\u00f3 las demandas de vecinos de la colonia Volcanes que exigen la cesi\u00f3n de cinco metros del predio del Instituto Luis Sarmiento en Villa San Luis para la construcci\u00f3n de una banqueta sobre la calle Volc\u00e1n de Fuego, y desminti\u00f3 que el inmueble sea producto de una invasi\u00f3n.<\/p>\n<p style=\"text-align: justify;\">En un pronunciamiento, la familia advierte que los asentamientos irregulares establecidos a partir de 1975 en la acera opuesta a la barda perimetral del instituto \u201cno respetaron el alineamiento para agrandar sus predios, generando ellos mismos la problem\u00e1tica que hoy quieren corregir invadiendo otro predio\u201d.<\/p>\n<p style=\"text-align: justify;\">La barda perimetral de Villa San Luis tiene pleno respaldo legal desde aquella resoluci\u00f3n de hace m\u00e1s de siete d\u00e9cadas.<\/p>\n<p style=\"text-align: justify;\">Sin embargo, la estructura acumul\u00f3 da\u00f1os al ser afectada de manera dolosa con maquinaria pesada y por los sismos del 2 de agosto de 2025 \u2014magnitud 5.9 con epicentro en Tlacolula de Matamoros\u2014 y del 3 de diciembre del mismo a\u00f1o, de magnitud 5.2 con epicentro en La Crucecita, lo que motiv\u00f3 una indicaci\u00f3n de Protecci\u00f3n Civil para prevenir riesgos de desplome.<\/p>\n<p style=\"text-align: justify;\">Al iniciar los trabajos de nivelaci\u00f3n, grupos de vecinos y organizaciones sociales obstaculizaron las labores e incluso cortaron con navaja una lona colocada provisionalmente para proteger el per\u00edmetro.<\/p>\n<p style=\"text-align: justify;\">Villa San Luis es el remanente de la antigua Hacienda de San Luis Beltr\u00e1n, afectada por la reforma agraria para constituir diversas comunidades.<\/p>\n<p style=\"text-align: justify;\">La familia Sarmiento afirma haber donado en su momento m\u00faltiples superficies para la creaci\u00f3n de escuelas p\u00fablicas, mercados y parques en la ciudad.<\/p>\n<p style=\"text-align: justify;\">El instituto que hoy opera en el predio imparte, adem\u00e1s de materias de nivel cient\u00edfico, educaci\u00f3n ambiental y convivencia con animales de granja, un modelo pedag\u00f3gico con reconocimiento nacional e internacional.<\/p>\n<p style=\"text-align: justify;\">Sobre el origen del conflicto, el pronunciamiento es categ\u00f3rico: \u201cdesde el a\u00f1o 2001 un grupo de personas que inclusive muchos no corresponden a esta zona han intentado mediante amenazas inclusive p\u00fablicas, mediante difamaciones graves en redes sociales acusar que esos terrenos son producto de invasi\u00f3n, acusando que ellos han sido despojados de estos predios, recurriendo a actores pol\u00edticos y grupos pol\u00edticos que los han mal aconsejado y por todos los medios posibles que est\u00e1n fuera de la ley han intentado presionar para obtener su cometido.\u201d<\/p>\n<p style=\"text-align: justify;\">Respecto a la exigencia de cesi\u00f3n del terreno, la familia rechaza el planteamiento al recordar que donar implica \u201cliberalidad de transmitir gratuitamente algo que le pertenece\u201d, es decir, un acto voluntario y civilizado, \u201csiendo que lo \u00fanico que se ha recibido de los actores pol\u00edticos y de los pretendientes a esta gesti\u00f3n son mentiras, difamaciones y amenazas.\u201d<\/p>\n<p style=\"text-align: justify;\">La familia se\u00f1ala adem\u00e1s que el propio movimiento ha manifestado p\u00fablicamente contar con contactos dentro del Ayuntamiento de Oaxaca.<\/p>\n<p style=\"text-align: justify;\">No obstante, hace un llamado a las autoridades municipales al \u201ccorrecto manejo de la institucionalidad, al respeto a las garant\u00edas constitucionales, el respeto a la propiedad privada y al di\u00e1logo sereno y favorable para la sociedad\u201d, e invita a los vecinos inconformes \u201ca la civilidad y el di\u00e1logo.\u201c<\/p>\n<p><img data-recalc-dims=\"1\" loading=\"lazy\" decoding=\"async\" data-attachment-id=\"40898\" data-permalink=\"https:\/\/redaccionoaxaca.com\/index.php\/2026\/03\/09\/familia-sarmiento-rechaza-presiones-para-ceder-terreno-del-instituto-luis-sarmiento-cuenta-con-resolucion-presidencial-de-1951-que-avala-la-legalidad-de-la-propiedad\/img-20260309-wa0295\/\" data-orig-file=\"https:\/\/i0.wp.com\/redaccionoaxaca.com\/wp-content\/uploads\/2026\/03\/IMG-20260309-WA0295.jpg?fit=1258%2C1600&amp;ssl=1\" data-orig-size=\"1258,1600\" data-comments-opened=\"1\" data-image-meta=\"{&quot;aperture&quot;:&quot;0&quot;,&quot;credit&quot;:&quot;&quot;,&quot;camera&quot;:&quot;&quot;,&quot;caption&quot;:&quot;&quot;,&quot;created_timestamp&quot;:&quot;0&quot;,&quot;copyright&quot;:&quot;&quot;,&quot;focal_length&quot;:&quot;0&quot;,&quot;iso&quot;:&quot;0&quot;,&quot;shutter_speed&quot;:&quot;0&quot;,&quot;title&quot;:&quot;&quot;,&quot;orientation&quot;:&quot;0&quot;}\" data-image-title=\"IMG-20260309-WA0295\" data-image-description=\"\" data-image-caption=\"\" data-large-file=\"https:\/\/i0.wp.com\/redaccionoaxaca.com\/wp-content\/uploads\/2026\/03\/IMG-20260309-WA0295.jpg?fit=696%2C885&amp;ssl=1\" class=\"size-medium wp-image-40898 aligncenter\" src=\"https:\/\/i0.wp.com\/redaccionoaxaca.com\/wp-content\/uploads\/2026\/03\/IMG-20260309-WA0295.jpg?resize=236%2C300&#038;ssl=1\" alt=\"\" width=\"236\" height=\"300\" srcset=\"https:\/\/i0.wp.com\/redaccionoaxaca.com\/wp-content\/uploads\/2026\/03\/IMG-20260309-WA0295.jpg?resize=236%2C300&amp;ssl=1 236w, https:\/\/i0.wp.com\/redaccionoaxaca.com\/wp-content\/uploads\/2026\/03\/IMG-20260309-WA0295.jpg?resize=805%2C1024&amp;ssl=1 805w, https:\/\/i0.wp.com\/redaccionoaxaca.com\/wp-content\/uploads\/2026\/03\/IMG-20260309-WA0295.jpg?resize=768%2C977&amp;ssl=1 768w, https:\/\/i0.wp.com\/redaccionoaxaca.com\/wp-content\/uploads\/2026\/03\/IMG-20260309-WA0295.jpg?resize=1208%2C1536&amp;ssl=1 1208w, https:\/\/i0.wp.com\/redaccionoaxaca.com\/wp-content\/uploads\/2026\/03\/IMG-20260309-WA0295.jpg?resize=330%2C420&amp;ssl=1 330w, https:\/\/i0.wp.com\/redaccionoaxaca.com\/wp-content\/uploads\/2026\/03\/IMG-20260309-WA0295.jpg?resize=696%2C885&amp;ssl=1 696w, https:\/\/i0.wp.com\/redaccionoaxaca.com\/wp-content\/uploads\/2026\/03\/IMG-20260309-WA0295.jpg?resize=1068%2C1358&amp;ssl=1 1068w, https:\/\/i0.wp.com\/redaccionoaxaca.com\/wp-content\/uploads\/2026\/03\/IMG-20260309-WA0295.jpg?w=1258&amp;ssl=1 1258w\" sizes=\"auto, (max-width: 236px) 100vw, 236px\" \/> <img data-recalc-dims=\"1\" loading=\"lazy\" decoding=\"async\" data-attachment-id=\"40899\" data-permalink=\"https:\/\/redaccionoaxaca.com\/index.php\/2026\/03\/09\/familia-sarmiento-rechaza-presiones-para-ceder-terreno-del-instituto-luis-sarmiento-cuenta-con-resolucion-presidencial-de-1951-que-avala-la-legalidad-de-la-propiedad\/img-20260309-wa0303\/\" data-orig-file=\"https:\/\/i0.wp.com\/redaccionoaxaca.com\/wp-content\/uploads\/2026\/03\/IMG-20260309-WA0303.jpg?fit=1254%2C1600&amp;ssl=1\" data-orig-size=\"1254,1600\" data-comments-opened=\"1\" data-image-meta=\"{&quot;aperture&quot;:&quot;0&quot;,&quot;credit&quot;:&quot;&quot;,&quot;camera&quot;:&quot;&quot;,&quot;caption&quot;:&quot;&quot;,&quot;created_timestamp&quot;:&quot;0&quot;,&quot;copyright&quot;:&quot;&quot;,&quot;focal_length&quot;:&quot;0&quot;,&quot;iso&quot;:&quot;0&quot;,&quot;shutter_speed&quot;:&quot;0&quot;,&quot;title&quot;:&quot;&quot;,&quot;orientation&quot;:&quot;0&quot;}\" data-image-title=\"IMG-20260309-WA0303\" data-image-description=\"\" data-image-caption=\"\" data-large-file=\"https:\/\/i0.wp.com\/redaccionoaxaca.com\/wp-content\/uploads\/2026\/03\/IMG-20260309-WA0303.jpg?fit=696%2C888&amp;ssl=1\" class=\"size-medium wp-image-40899 aligncenter\" src=\"https:\/\/i0.wp.com\/redaccionoaxaca.com\/wp-content\/uploads\/2026\/03\/IMG-20260309-WA0303.jpg?resize=235%2C300&#038;ssl=1\" alt=\"\" width=\"235\" height=\"300\" srcset=\"https:\/\/i0.wp.com\/redaccionoaxaca.com\/wp-content\/uploads\/2026\/03\/IMG-20260309-WA0303.jpg?resize=235%2C300&amp;ssl=1 235w, https:\/\/i0.wp.com\/redaccionoaxaca.com\/wp-content\/uploads\/2026\/03\/IMG-20260309-WA0303.jpg?resize=803%2C1024&amp;ssl=1 803w, https:\/\/i0.wp.com\/redaccionoaxaca.com\/wp-content\/uploads\/2026\/03\/IMG-20260309-WA0303.jpg?resize=768%2C980&amp;ssl=1 768w, https:\/\/i0.wp.com\/redaccionoaxaca.com\/wp-content\/uploads\/2026\/03\/IMG-20260309-WA0303.jpg?resize=1204%2C1536&amp;ssl=1 1204w, https:\/\/i0.wp.com\/redaccionoaxaca.com\/wp-content\/uploads\/2026\/03\/IMG-20260309-WA0303.jpg?resize=329%2C420&amp;ssl=1 329w, https:\/\/i0.wp.com\/redaccionoaxaca.com\/wp-content\/uploads\/2026\/03\/IMG-20260309-WA0303.jpg?resize=696%2C888&amp;ssl=1 696w, https:\/\/i0.wp.com\/redaccionoaxaca.com\/wp-content\/uploads\/2026\/03\/IMG-20260309-WA0303.jpg?resize=1068%2C1363&amp;ssl=1 1068w, https:\/\/i0.wp.com\/redaccionoaxaca.com\/wp-content\/uploads\/2026\/03\/IMG-20260309-WA0303.jpg?w=1254&amp;ssl=1 1254w\" sizes=\"auto, (max-width: 235px) 100vw, 235px\" \/> <img data-recalc-dims=\"1\" loading=\"lazy\" decoding=\"async\" data-attachment-id=\"40900\" data-permalink=\"https:\/\/redaccionoaxaca.com\/index.php\/2026\/03\/09\/familia-sarmiento-rechaza-presiones-para-ceder-terreno-del-instituto-luis-sarmiento-cuenta-con-resolucion-presidencial-de-1951-que-avala-la-legalidad-de-la-propiedad\/img-20260309-wa0302\/\" data-orig-file=\"https:\/\/i0.wp.com\/redaccionoaxaca.com\/wp-content\/uploads\/2026\/03\/IMG-20260309-WA0302.jpg?fit=1142%2C1600&amp;ssl=1\" data-orig-size=\"1142,1600\" data-comments-opened=\"1\" data-image-meta=\"{&quot;aperture&quot;:&quot;0&quot;,&quot;credit&quot;:&quot;&quot;,&quot;camera&quot;:&quot;&quot;,&quot;caption&quot;:&quot;&quot;,&quot;created_timestamp&quot;:&quot;0&quot;,&quot;copyright&quot;:&quot;&quot;,&quot;focal_length&quot;:&quot;0&quot;,&quot;iso&quot;:&quot;0&quot;,&quot;shutter_speed&quot;:&quot;0&quot;,&quot;title&quot;:&quot;&quot;,&quot;orientation&quot;:&quot;0&quot;}\" data-image-title=\"IMG-20260309-WA0302\" data-image-description=\"\" data-image-caption=\"\" data-large-file=\"https:\/\/i0.wp.com\/redaccionoaxaca.com\/wp-content\/uploads\/2026\/03\/IMG-20260309-WA0302.jpg?fit=696%2C975&amp;ssl=1\" class=\"size-medium wp-image-40900 aligncenter\" src=\"https:\/\/i0.wp.com\/redaccionoaxaca.com\/wp-content\/uploads\/2026\/03\/IMG-20260309-WA0302.jpg?resize=214%2C300&#038;ssl=1\" alt=\"\" width=\"214\" height=\"300\" srcset=\"https:\/\/i0.wp.com\/redaccionoaxaca.com\/wp-content\/uploads\/2026\/03\/IMG-20260309-WA0302.jpg?resize=214%2C300&amp;ssl=1 214w, https:\/\/i0.wp.com\/redaccionoaxaca.com\/wp-content\/uploads\/2026\/03\/IMG-20260309-WA0302.jpg?resize=731%2C1024&amp;ssl=1 731w, https:\/\/i0.wp.com\/redaccionoaxaca.com\/wp-content\/uploads\/2026\/03\/IMG-20260309-WA0302.jpg?resize=768%2C1076&amp;ssl=1 768w, https:\/\/i0.wp.com\/redaccionoaxaca.com\/wp-content\/uploads\/2026\/03\/IMG-20260309-WA0302.jpg?resize=1096%2C1536&amp;ssl=1 1096w, https:\/\/i0.wp.com\/redaccionoaxaca.com\/wp-content\/uploads\/2026\/03\/IMG-20260309-WA0302.jpg?resize=300%2C420&amp;ssl=1 300w, https:\/\/i0.wp.com\/redaccionoaxaca.com\/wp-content\/uploads\/2026\/03\/IMG-20260309-WA0302.jpg?resize=696%2C975&amp;ssl=1 696w, https:\/\/i0.wp.com\/redaccionoaxaca.com\/wp-content\/uploads\/2026\/03\/IMG-20260309-WA0302.jpg?resize=1068%2C1496&amp;ssl=1 1068w, https:\/\/i0.wp.com\/redaccionoaxaca.com\/wp-content\/uploads\/2026\/03\/IMG-20260309-WA0302.jpg?w=1142&amp;ssl=1 1142w\" sizes=\"auto, (max-width: 214px) 100vw, 214px\" \/> <img data-recalc-dims=\"1\" loading=\"lazy\" decoding=\"async\" data-attachment-id=\"40901\" data-permalink=\"https:\/\/redaccionoaxaca.com\/index.php\/2026\/03\/09\/familia-sarmiento-rechaza-presiones-para-ceder-terreno-del-instituto-luis-sarmiento-cuenta-con-resolucion-presidencial-de-1951-que-avala-la-legalidad-de-la-propiedad\/img-20260309-wa0304\/\" data-orig-file=\"https:\/\/i0.wp.com\/redaccionoaxaca.com\/wp-content\/uploads\/2026\/03\/IMG-20260309-WA0304.jpg?fit=1172%2C1600&amp;ssl=1\" data-orig-size=\"1172,1600\" data-comments-opened=\"1\" data-image-meta=\"{&quot;aperture&quot;:&quot;0&quot;,&quot;credit&quot;:&quot;&quot;,&quot;camera&quot;:&quot;&quot;,&quot;caption&quot;:&quot;&quot;,&quot;created_timestamp&quot;:&quot;0&quot;,&quot;copyright&quot;:&quot;&quot;,&quot;focal_length&quot;:&quot;0&quot;,&quot;iso&quot;:&quot;0&quot;,&quot;shutter_speed&quot;:&quot;0&quot;,&quot;title&quot;:&quot;&quot;,&quot;orientation&quot;:&quot;0&quot;}\" data-image-title=\"IMG-20260309-WA0304\" data-image-description=\"\" data-image-caption=\"\" data-large-file=\"https:\/\/i0.wp.com\/redaccionoaxaca.com\/wp-content\/uploads\/2026\/03\/IMG-20260309-WA0304.jpg?fit=696%2C950&amp;ssl=1\" class=\"size-medium wp-image-40901 aligncenter\" src=\"https:\/\/i0.wp.com\/redaccionoaxaca.com\/wp-content\/uploads\/2026\/03\/IMG-20260309-WA0304.jpg?resize=220%2C300&#038;ssl=1\" alt=\"\" width=\"220\" height=\"300\" srcset=\"https:\/\/i0.wp.com\/redaccionoaxaca.com\/wp-content\/uploads\/2026\/03\/IMG-20260309-WA0304.jpg?resize=220%2C300&amp;ssl=1 220w, https:\/\/i0.wp.com\/redaccionoaxaca.com\/wp-content\/uploads\/2026\/03\/IMG-20260309-WA0304.jpg?resize=750%2C1024&amp;ssl=1 750w, https:\/\/i0.wp.com\/redaccionoaxaca.com\/wp-content\/uploads\/2026\/03\/IMG-20260309-WA0304.jpg?resize=768%2C1048&amp;ssl=1 768w, https:\/\/i0.wp.com\/redaccionoaxaca.com\/wp-content\/uploads\/2026\/03\/IMG-20260309-WA0304.jpg?resize=1125%2C1536&amp;ssl=1 1125w, https:\/\/i0.wp.com\/redaccionoaxaca.com\/wp-content\/uploads\/2026\/03\/IMG-20260309-WA0304.jpg?resize=308%2C420&amp;ssl=1 308w, https:\/\/i0.wp.com\/redaccionoaxaca.com\/wp-content\/uploads\/2026\/03\/IMG-20260309-WA0304.jpg?resize=696%2C950&amp;ssl=1 696w, https:\/\/i0.wp.com\/redaccionoaxaca.com\/wp-content\/uploads\/2026\/03\/IMG-20260309-WA0304.jpg?resize=1068%2C1458&amp;ssl=1 1068w, https:\/\/i0.wp.com\/redaccionoaxaca.com\/wp-content\/uploads\/2026\/03\/IMG-20260309-WA0304.jpg?w=1172&amp;ssl=1 1172w\" sizes=\"auto, (max-width: 220px) 100vw, 220px\" \/><\/p>\n","protected":false},"excerpt":{"rendered":"<p>#Redacci\u00f3nOaxaca #Oaxaca #JaimeGUERRERO Con una resoluci\u00f3n de tribunal agrario firmada por el presidente Miguel Alem\u00e1n Vald\u00e9s el 29 de marzo de 1951 y publicada en el Diario Oficial de la Federaci\u00f3n, la familia Sarmiento rechaz\u00f3 las demandas de vecinos de la colonia Volcanes que exigen la cesi\u00f3n de cinco metros del predio del Instituto Luis [&hellip;]<\/p>\n","protected":false},"author":9,"featured_media":40898,"comment_status":"open","ping_status":"open","sticky":false,"template":"","format":"standard","meta":{"jetpack_post_was_ever_published":false,"_jetpack_newsletter_access":"","_jetpack_dont_email_post_to_subs":false,"_jetpack_newsletter_tier_id":0,"_jetpack_memberships_contains_paywalled_content":false,"_jetpack_memberships_contains_paid_content":false,"footnotes":"","jetpack_publicize_message":"","jetpack_publicize_feature_enabled":true,"jetpack_social_post_already_shared":true,"jetpack_social_options":{"image_generator_settings":{"template":"highway","default_image_id":0,"font":"","enabled":false},"version":2}},"categories":[4,7,6],"tags":[],"class_list":{"0":"post-40897","1":"post","2":"type-post","3":"status-publish","4":"format-standard","5":"has-post-thumbnail","7":"category-agenda-politica","8":"category-al-cierre","9":"category-tendencias"},"jetpack_publicize_connections":[],"jetpack_featured_media_url":"https:\/\/i0.wp.com\/redaccionoaxaca.com\/wp-content\/uploads\/2026\/03\/IMG-20260309-WA0295.jpg?fit=1258%2C1600&ssl=1","jetpack_sharing_enabled":true,"jetpack_shortlink":"https:\/\/wp.me\/p9Ynjw-aDD","jetpack-related-posts":[{"id":13207,"url":"https:\/\/redaccionoaxaca.com\/index.php\/2020\/07\/02\/video-artesanas-de-pinotepa-claman-atencion-de-aripo-y-secretaria-de-pueblos-indigenas-y-afromexicanos-defraudador-les-arrebato-casi-medio-mdp-en-mercancia\/","url_meta":{"origin":40897,"position":0},"title":"VIDEO: Artesanas de Pinotepa claman atenci\u00f3n de ARIPO y Secretar\u00eda de Pueblos Ind\u00edgenas y Afromexicanos, defraudador les arrebat\u00f3 casi medio mdp en mercanc\u00eda.","author":"ariadna","date":"julio 2, 2020","format":"video","excerpt":"#Redacci\u00f3nOaxaca #Oaxaca Maira Ric\u00e1rdez El fraude de Maduro Noel S\u00e1nchez Sarmiento, promotor de la Fundaci\u00f3n de las Culturas Oaxaca con sede en Huajuapan de Le\u00f3n regi\u00f3n Mixteca pudo perpetrarse ante la necesidad de mujeres y hombres dedicados a la artesan\u00eda, de lograr ventas; por lo costoso de los insumos y\u2026","rel":"","context":"En &quot;Agenda Pol\u00edtica&quot;","block_context":{"text":"Agenda Pol\u00edtica","link":"https:\/\/redaccionoaxaca.com\/index.php\/category\/agenda-politica\/"},"img":{"alt_text":"","src":"","width":0,"height":0},"classes":[]},{"id":31160,"url":"https:\/\/redaccionoaxaca.com\/index.php\/2024\/04\/08\/designa-gobernador-de-oaxaca-a-anahi-sarmiento-perez-como-titular-de-la-secretaria-de-las-mujeres\/","url_meta":{"origin":40897,"position":1},"title":"Designa Gobernador de Oaxaca a Anah\u00ed Sarmiento P\u00e9rez como titular de la Secretar\u00eda de las Mujeres","author":"ariadna","date":"abril 8, 2024","format":false,"excerpt":"#Redacci\u00f3nOaxaca #Oaxaca \u2022 La nueva funcionaria es activista, feminista con estudios en sociolog\u00eda rural Oaxaca de Ju\u00e1rez, Oax. 8 de abril de 2024.- De conformidad con el art\u00edculo 79 de la Constituci\u00f3n Pol\u00edtica del Estado Libre y Soberano de Oaxaca, el Gobernador Salom\u00f3n Jara Cruz design\u00f3 como titular de la\u2026","rel":"","context":"En &quot;Agenda Pol\u00edtica&quot;","block_context":{"text":"Agenda Pol\u00edtica","link":"https:\/\/redaccionoaxaca.com\/index.php\/category\/agenda-politica\/"},"img":{"alt_text":"","src":"","width":0,"height":0},"classes":[]},{"id":13167,"url":"https:\/\/redaccionoaxaca.com\/index.php\/2020\/06\/30\/crecen-denuncias-contra-individuo-que-ofrecia-expo-venta-artesanal-en-texas-y-tramite-de-visa-a-mujeres-artesanas-solicitan-apoyo-a-la-pdta-del-dif-ivette-moran\/","url_meta":{"origin":40897,"position":2},"title":"Crecen denuncias contra individuo que ofrec\u00eda expo venta artesanal en Texas y tr\u00e1mite de Visa a mujeres artesanas; solicitan apoyo a la Pdta. del DIF, Ivette Moran.","author":"ariadna","date":"junio 30, 2020","format":false,"excerpt":"#Redacci\u00f3nOaxaca #Oaxaca Maira Ric\u00e1rdez La denuncia de fraude cometida por quien se hac\u00eda llamar, \u201cmaestro\u201d Mauro Noel S\u00e1nchez Sarmiento, y que se presentaba como Presidente de la \u201cFundaci\u00f3n de las Culturas Oaxaca\u201d, sigue creciendo en diversas partes del Estado, a partir de la denuncia hecha por Francisca P\u00e9rez Bautista, ex\u2026","rel":"","context":"En &quot;Imagen&quot;","block_context":{"text":"Imagen","link":"https:\/\/redaccionoaxaca.com\/index.php\/category\/imagen\/"},"img":{"alt_text":"","src":"","width":0,"height":0},"classes":[]},{"id":36730,"url":"https:\/\/redaccionoaxaca.com\/index.php\/2025\/05\/06\/realiza-ieepo-suspension-del-colegio-francoise-dolto-brinda-apoyo-a-madres-y-padres-de-familia\/","url_meta":{"origin":40897,"position":3},"title":"Realiza IEEPO suspensi\u00f3n del Colegio Francoise Dolto; brinda apoyo a madres y padres de familia","author":"ariadna","date":"mayo 6, 2025","format":false,"excerpt":"#Redacci\u00f3nOaxaca #Oaxaca \u2022\u00a0 Se expedir\u00e1 la documentaci\u00f3n oficial necesaria, incluyendo boletas, constancias y certificados, para que el alumnado pueda ingresar a otros planteles Oaxaca de Ju\u00e1rez, Oax. 6 de mayo de 2025.- Como parte de las acciones para salvaguardar los derechos y el bienestar de escolares, el Instituto Estatal de\u2026","rel":"","context":"En &quot;Imagen&quot;","block_context":{"text":"Imagen","link":"https:\/\/redaccionoaxaca.com\/index.php\/category\/imagen\/"},"img":{"alt_text":"","src":"","width":0,"height":0},"classes":[]},{"id":13144,"url":"https:\/\/redaccionoaxaca.com\/index.php\/2020\/06\/29\/asesta-pareja-fraude-millonario-contra-artesanas-y-artesanos-oaxaquenos-firmaban-como-fundacion-de-las-culturas-oaxaca\/","url_meta":{"origin":40897,"position":4},"title":"Asesta pareja fraude millonario contra artesanas y artesanos Oaxaque\u00f1os, firmaban como Fundaci\u00f3n de las Culturas Oaxaca.","author":"ariadna","date":"junio 29, 2020","format":false,"excerpt":"#Redacci\u00f3nOaxaca #Oaxaca Maira Ric\u00e1rdez Decenas de artesanos Oaxaque\u00f1os claman por la intervenci\u00f3n de la autoridad gubernamental para reforzar la denuncia penal que ya iniciaron contra una pareja de defraudadores en detrimento de quienes viven de la elaboraci\u00f3n de artesan\u00edas en las regiones de nuestro Estado; la pareja de quienes se\u2026","rel":"","context":"En &quot;Al Cierre&quot;","block_context":{"text":"Al Cierre","link":"https:\/\/redaccionoaxaca.com\/index.php\/category\/al-cierre\/"},"img":{"alt_text":"","src":"https:\/\/i0.wp.com\/redaccionoaxaca.com\/wp-content\/uploads\/2020\/06\/IMG-20200629-WA0053-225x300.jpg?resize=350%2C200","width":350,"height":200},"classes":[]},{"id":26110,"url":"https:\/\/redaccionoaxaca.com\/index.php\/2022\/06\/14\/bloqueado-el-basurero-de-oaxaca-de-juarez-este-martes\/","url_meta":{"origin":40897,"position":5},"title":"Bloqueado el basurero de Oaxaca de Ju\u00e1rez este martes","author":"ariadna","date":"junio 14, 2022","format":false,"excerpt":"#Redacci\u00f3nOaxaca #Oaxaca #MairaRic\u00e1rdezLuna *Antes de las 9 de la ma\u00f1ana se abre mesa entre inconformes y la Secretar\u00eda General de Gobierno del Estado de Oaxaca La ma\u00f1ana de este martes amaneci\u00f3 tomado el basurero de #OaxacaDeJu\u00e1rez por habitantes de la Col. Renacimiento, denuncian incumplimiento de CEA El bloqueo inicio desde\u2026","rel":"","context":"En &quot;Al Cierre&quot;","block_context":{"text":"Al Cierre","link":"https:\/\/redaccionoaxaca.com\/index.php\/category\/al-cierre\/"},"img":{"alt_text":"","src":"","width":0,"height":0},"classes":[]}],"_links":{"self":[{"href":"https:\/\/redaccionoaxaca.com\/index.php\/wp-json\/wp\/v2\/posts\/40897","targetHints":{"allow":["GET"]}}],"collection":[{"href":"https:\/\/redaccionoaxaca.com\/index.php\/wp-json\/wp\/v2\/posts"}],"about":[{"href":"https:\/\/redaccionoaxaca.com\/index.php\/wp-json\/wp\/v2\/types\/post"}],"author":[{"embeddable":true,"href":"https:\/\/redaccionoaxaca.com\/index.php\/wp-json\/wp\/v2\/users\/9"}],"replies":[{"embeddable":true,"href":"https:\/\/redaccionoaxaca.com\/index.php\/wp-json\/wp\/v2\/comments?post=40897"}],"version-history":[{"count":1,"href":"https:\/\/redaccionoaxaca.com\/index.php\/wp-json\/wp\/v2\/posts\/40897\/revisions"}],"predecessor-version":[{"id":40902,"href":"https:\/\/redaccionoaxaca.com\/index.php\/wp-json\/wp\/v2\/posts\/40897\/revisions\/40902"}],"wp:featuredmedia":[{"embeddable":true,"href":"https:\/\/redaccionoaxaca.com\/index.php\/wp-json\/wp\/v2\/media\/40898"}],"wp:attachment":[{"href":"https:\/\/redaccionoaxaca.com\/index.php\/wp-json\/wp\/v2\/media?parent=40897"}],"wp:term":[{"taxonomy":"category","embeddable":true,"href":"https:\/\/redaccionoaxaca.com\/index.php\/wp-json\/wp\/v2\/categories?post=40897"},{"taxonomy":"post_tag","embeddable":true,"href":"https:\/\/redaccionoaxaca.com\/index.php\/wp-json\/wp\/v2\/tags?post=40897"}],"curies":[{"name":"wp","href":"https:\/\/api.w.org\/{rel}","templated":true}]}}