{"id":40905,"date":"2026-03-09T20:34:11","date_gmt":"2026-03-10T02:34:11","guid":{"rendered":"https:\/\/redaccionoaxaca.com\/?p=40905"},"modified":"2026-03-09T20:34:11","modified_gmt":"2026-03-10T02:34:11","slug":"promueve-congreso-local-acciones-para-fortalecer-la-justicia-con-perspectiva-de-genero","status":"publish","type":"post","link":"https:\/\/redaccionoaxaca.com\/index.php\/2026\/03\/09\/promueve-congreso-local-acciones-para-fortalecer-la-justicia-con-perspectiva-de-genero\/","title":{"rendered":"Promueve Congreso local acciones para fortalecer la justicia con perspectiva de g\u00e9nero"},"content":{"rendered":"<p><strong>#Redacci\u00f3nOaxaca<\/strong><\/p>\n<p><strong>#Oaxaca<\/strong><\/p>\n<p style=\"text-align: justify;\">* <em>Servidoras y servidores p\u00fablicos conocieron el protocolo del Poder Legislativo para prevenir y atender la violencia de g\u00e9nero<\/em><\/p>\n<p style=\"text-align: justify;\">San Raymundo Jalpan, Oax., a 09 de marzo de 2026.- En el marco del D\u00eda Internacional de la Mujer, el Congreso del Estado, a trav\u00e9s del Comit\u00e9 de \u00c9tica, realiz\u00f3 el foro \u201cHacia una justicia real: La perspectiva de g\u00e9nero como eje transformador\u201d, el cual cont\u00f3 con la participaci\u00f3n de las diputadas Antonia Natividad D\u00edaz Jim\u00e9nez, Eva Diego Cruz y Melina Hern\u00e1ndez Sosa, as\u00ed como de la titular del \u00d3rgano Interno de Control (OIC), Maricela Guerrero Arango.<\/p>\n<p style=\"text-align: justify;\">Al inaugurar este evento, la legisladora D\u00edaz Jim\u00e9nez destac\u00f3 que los avances en materia de justicia con perspectiva de g\u00e9nero han contribuido a fortalecer la participaci\u00f3n de las mujeres en la vida p\u00fablica y pol\u00edtica. No obstante, advirti\u00f3 que a\u00fan persisten retos estructurales y culturales que es necesario superar para consolidar su liderazgo y presencia en los espacios de decisi\u00f3n, con el prop\u00f3sito de alcanzar una igualdad sustantiva.<\/p>\n<p><img data-recalc-dims=\"1\" loading=\"lazy\" decoding=\"async\" data-attachment-id=\"40907\" data-permalink=\"https:\/\/redaccionoaxaca.com\/index.php\/2026\/03\/09\/promueve-congreso-local-acciones-para-fortalecer-la-justicia-con-perspectiva-de-genero\/screenshot_20260309_203055_facebook\/\" data-orig-file=\"https:\/\/i0.wp.com\/redaccionoaxaca.com\/wp-content\/uploads\/2026\/03\/Screenshot_20260309_203055_Facebook-scaled.jpg?fit=2560%2C1742&amp;ssl=1\" data-orig-size=\"2560,1742\" data-comments-opened=\"1\" data-image-meta=\"{&quot;aperture&quot;:&quot;0&quot;,&quot;credit&quot;:&quot;&quot;,&quot;camera&quot;:&quot;&quot;,&quot;caption&quot;:&quot;&quot;,&quot;created_timestamp&quot;:&quot;0&quot;,&quot;copyright&quot;:&quot;&quot;,&quot;focal_length&quot;:&quot;0&quot;,&quot;iso&quot;:&quot;0&quot;,&quot;shutter_speed&quot;:&quot;0&quot;,&quot;title&quot;:&quot;&quot;,&quot;orientation&quot;:&quot;1&quot;}\" data-image-title=\"Screenshot_20260309_203055_Facebook\" data-image-description=\"\" data-image-caption=\"\" data-large-file=\"https:\/\/i0.wp.com\/redaccionoaxaca.com\/wp-content\/uploads\/2026\/03\/Screenshot_20260309_203055_Facebook-scaled.jpg?fit=696%2C474&amp;ssl=1\" class=\"size-medium wp-image-40907 aligncenter\" src=\"https:\/\/i0.wp.com\/redaccionoaxaca.com\/wp-content\/uploads\/2026\/03\/Screenshot_20260309_203055_Facebook.jpg?resize=300%2C204&#038;ssl=1\" alt=\"\" width=\"300\" height=\"204\" srcset=\"https:\/\/i0.wp.com\/redaccionoaxaca.com\/wp-content\/uploads\/2026\/03\/Screenshot_20260309_203055_Facebook-scaled.jpg?resize=300%2C204&amp;ssl=1 300w, https:\/\/i0.wp.com\/redaccionoaxaca.com\/wp-content\/uploads\/2026\/03\/Screenshot_20260309_203055_Facebook-scaled.jpg?resize=1024%2C697&amp;ssl=1 1024w, https:\/\/i0.wp.com\/redaccionoaxaca.com\/wp-content\/uploads\/2026\/03\/Screenshot_20260309_203055_Facebook-scaled.jpg?resize=768%2C523&amp;ssl=1 768w, https:\/\/i0.wp.com\/redaccionoaxaca.com\/wp-content\/uploads\/2026\/03\/Screenshot_20260309_203055_Facebook-scaled.jpg?resize=1536%2C1045&amp;ssl=1 1536w, https:\/\/i0.wp.com\/redaccionoaxaca.com\/wp-content\/uploads\/2026\/03\/Screenshot_20260309_203055_Facebook-scaled.jpg?resize=2048%2C1394&amp;ssl=1 2048w, https:\/\/i0.wp.com\/redaccionoaxaca.com\/wp-content\/uploads\/2026\/03\/Screenshot_20260309_203055_Facebook-scaled.jpg?resize=617%2C420&amp;ssl=1 617w, https:\/\/i0.wp.com\/redaccionoaxaca.com\/wp-content\/uploads\/2026\/03\/Screenshot_20260309_203055_Facebook-scaled.jpg?resize=696%2C474&amp;ssl=1 696w, https:\/\/i0.wp.com\/redaccionoaxaca.com\/wp-content\/uploads\/2026\/03\/Screenshot_20260309_203055_Facebook-scaled.jpg?resize=1068%2C727&amp;ssl=1 1068w, https:\/\/i0.wp.com\/redaccionoaxaca.com\/wp-content\/uploads\/2026\/03\/Screenshot_20260309_203055_Facebook-scaled.jpg?w=1392&amp;ssl=1 1392w\" sizes=\"auto, (max-width: 300px) 100vw, 300px\" \/><\/p>\n<p>&nbsp;<\/p>\n<p style=\"text-align: justify;\">Asimismo, subray\u00f3 que la violencia de g\u00e9nero contra las mujeres debe erradicarse mediante la participaci\u00f3n activa de la sociedad. En ese sentido, hizo un llamado a promover, desde los distintos \u00e1mbitos de la vida cotidiana, la educaci\u00f3n y la sensibilizaci\u00f3n que permitan construir una sociedad m\u00e1s justa e incluyente.<\/p>\n<p style=\"text-align: justify;\">La especialista Beatriz Adriana Salazar Rivas, al presentar las ponencias \u201cAcceso a la justicia con perspectiva de g\u00e9nero en el \u00e1mbito laboral\u201d y \u201cProtocolo para prevenir, atender, sancionar y erradicar la violencia contra las mujeres por raz\u00f3n de g\u00e9nero en el Poder Legislativo\u201d, destac\u00f3 la importancia de incorporar la perspectiva de g\u00e9nero en la valoraci\u00f3n de pruebas y en la resoluci\u00f3n de conflictos laborales.<\/p>\n<p style=\"text-align: justify;\">A lo largo del foro, explic\u00f3 el concepto de interseccionalidad, subrayando la necesidad de reconocer las condiciones particulares que enfrentan diversos grupos, entre ellos mujeres ind\u00edgenas, trabajadoras embarazadas, personal eventual y personas contratadas por honorarios.<\/p>\n<p style=\"text-align: justify;\">Adem\u00e1s, dio a conocer el protocolo institucional para prevenir y atender la violencia de g\u00e9nero en el Poder Legislativo, el cual establece lineamientos orientados a garantizar un entorno laboral con pleno respeto a los derechos humanos. Se\u00f1al\u00f3 que este instrumento representa un avance relevante para la protecci\u00f3n de los derechos de las mujeres, al contemplar procedimientos claros para la atenci\u00f3n y seguimiento de posibles casos dentro de la instituci\u00f3n.<\/p>\n<p style=\"text-align: justify;\">Las y los trabajadores del Poder Legislativo participaron en una sesi\u00f3n de preguntas y respuestas, en la que compartieron reflexiones e inquietudes sobre los temas abordados, coincidiendo en la importancia de promover este tipo de espacios para fortalecer una cultura de igualdad sustantiva.<\/p>\n<p><img data-recalc-dims=\"1\" loading=\"lazy\" decoding=\"async\" data-attachment-id=\"40906\" data-permalink=\"https:\/\/redaccionoaxaca.com\/index.php\/2026\/03\/09\/promueve-congreso-local-acciones-para-fortalecer-la-justicia-con-perspectiva-de-genero\/screenshot_20260309_203100_facebook\/\" data-orig-file=\"https:\/\/i0.wp.com\/redaccionoaxaca.com\/wp-content\/uploads\/2026\/03\/Screenshot_20260309_203100_Facebook.jpg?fit=1080%2C1412&amp;ssl=1\" data-orig-size=\"1080,1412\" data-comments-opened=\"1\" data-image-meta=\"{&quot;aperture&quot;:&quot;0&quot;,&quot;credit&quot;:&quot;&quot;,&quot;camera&quot;:&quot;&quot;,&quot;caption&quot;:&quot;&quot;,&quot;created_timestamp&quot;:&quot;0&quot;,&quot;copyright&quot;:&quot;&quot;,&quot;focal_length&quot;:&quot;0&quot;,&quot;iso&quot;:&quot;0&quot;,&quot;shutter_speed&quot;:&quot;0&quot;,&quot;title&quot;:&quot;&quot;,&quot;orientation&quot;:&quot;1&quot;}\" data-image-title=\"Screenshot_20260309_203100_Facebook\" data-image-description=\"\" data-image-caption=\"\" data-large-file=\"https:\/\/i0.wp.com\/redaccionoaxaca.com\/wp-content\/uploads\/2026\/03\/Screenshot_20260309_203100_Facebook.jpg?fit=696%2C910&amp;ssl=1\" class=\"size-medium wp-image-40906 aligncenter\" src=\"https:\/\/i0.wp.com\/redaccionoaxaca.com\/wp-content\/uploads\/2026\/03\/Screenshot_20260309_203100_Facebook.jpg?resize=229%2C300&#038;ssl=1\" alt=\"\" width=\"229\" height=\"300\" srcset=\"https:\/\/i0.wp.com\/redaccionoaxaca.com\/wp-content\/uploads\/2026\/03\/Screenshot_20260309_203100_Facebook.jpg?resize=229%2C300&amp;ssl=1 229w, https:\/\/i0.wp.com\/redaccionoaxaca.com\/wp-content\/uploads\/2026\/03\/Screenshot_20260309_203100_Facebook.jpg?resize=783%2C1024&amp;ssl=1 783w, https:\/\/i0.wp.com\/redaccionoaxaca.com\/wp-content\/uploads\/2026\/03\/Screenshot_20260309_203100_Facebook.jpg?resize=768%2C1004&amp;ssl=1 768w, https:\/\/i0.wp.com\/redaccionoaxaca.com\/wp-content\/uploads\/2026\/03\/Screenshot_20260309_203100_Facebook.jpg?resize=321%2C420&amp;ssl=1 321w, https:\/\/i0.wp.com\/redaccionoaxaca.com\/wp-content\/uploads\/2026\/03\/Screenshot_20260309_203100_Facebook.jpg?resize=696%2C910&amp;ssl=1 696w, https:\/\/i0.wp.com\/redaccionoaxaca.com\/wp-content\/uploads\/2026\/03\/Screenshot_20260309_203100_Facebook.jpg?resize=1068%2C1396&amp;ssl=1 1068w, https:\/\/i0.wp.com\/redaccionoaxaca.com\/wp-content\/uploads\/2026\/03\/Screenshot_20260309_203100_Facebook.jpg?w=1080&amp;ssl=1 1080w\" sizes=\"auto, (max-width: 229px) 100vw, 229px\" \/><\/p>\n","protected":false},"excerpt":{"rendered":"<p>#Redacci\u00f3nOaxaca #Oaxaca * Servidoras y servidores p\u00fablicos conocieron el protocolo del Poder Legislativo para prevenir y atender la violencia de g\u00e9nero San Raymundo Jalpan, Oax., a 09 de marzo de 2026.- En el marco del D\u00eda Internacional de la Mujer, el Congreso del Estado, a trav\u00e9s del Comit\u00e9 de \u00c9tica, realiz\u00f3 el foro \u201cHacia una [&hellip;]<\/p>\n","protected":false},"author":9,"featured_media":40907,"comment_status":"open","ping_status":"open","sticky":false,"template":"","format":"standard","meta":{"jetpack_post_was_ever_published":false,"_jetpack_newsletter_access":"","_jetpack_dont_email_post_to_subs":false,"_jetpack_newsletter_tier_id":0,"_jetpack_memberships_contains_paywalled_content":false,"_jetpack_memberships_contains_paid_content":false,"footnotes":"","jetpack_publicize_message":"","jetpack_publicize_feature_enabled":true,"jetpack_social_post_already_shared":true,"jetpack_social_options":{"image_generator_settings":{"template":"highway","default_image_id":0,"font":"","enabled":false},"version":2}},"categories":[4,7,5],"tags":[],"class_list":{"0":"post-40905","1":"post","2":"type-post","3":"status-publish","4":"format-standard","5":"has-post-thumbnail","7":"category-agenda-politica","8":"category-al-cierre","9":"category-imagen"},"jetpack_publicize_connections":[],"jetpack_featured_media_url":"https:\/\/i0.wp.com\/redaccionoaxaca.com\/wp-content\/uploads\/2026\/03\/Screenshot_20260309_203055_Facebook-scaled.jpg?fit=2560%2C1742&ssl=1","jetpack_sharing_enabled":true,"jetpack_shortlink":"https:\/\/wp.me\/p9Ynjw-aDL","jetpack-related-posts":[{"id":29299,"url":"https:\/\/redaccionoaxaca.com\/index.php\/2023\/09\/15\/reciben-juezas-y-jueces-del-pjeo-taller-sobre-protocolo-para-juzgar-con-perspectiva\/","url_meta":{"origin":40905,"position":0},"title":"Reciben juezas y jueces del PJEO taller sobre protocolo para juzgar con perspectiva","author":"ariadna","date":"septiembre 15, 2023","format":false,"excerpt":"#Redacci\u00f3nOaxaca #Oaxaca El Poder Judicial del Estado de Oaxaca, a trav\u00e9s de la Escuela Judicial, imparti\u00f3 el Taller para la Implementaci\u00f3n del Protocolo para Juzgar con Perspectiva, con el objetivo de orientar la actuaci\u00f3n de las y los jueces, acabar con estereotipos que provocan la discriminaci\u00f3n en la impartici\u00f3n de\u2026","rel":"","context":"En &quot;Imagen&quot;","block_context":{"text":"Imagen","link":"https:\/\/redaccionoaxaca.com\/index.php\/category\/imagen\/"},"img":{"alt_text":"","src":"","width":0,"height":0},"classes":[]},{"id":31047,"url":"https:\/\/redaccionoaxaca.com\/index.php\/2024\/03\/27\/reconoce-poder-judicial-de-campeche-sinergia-con-oaxaca-por-la-perspectiva-de-genero\/","url_meta":{"origin":40905,"position":1},"title":"Reconoce Poder Judicial de Campeche sinergia con Oaxaca por la perspectiva de g\u00e9nero","author":"ariadna","date":"marzo 27, 2024","format":false,"excerpt":"#Redacci\u00f3nOaxaca #Oaxaca La titular del Poder Judicial del Estado de Campeche, magistrada Virginia Leticia Lizama Centuri\u00f3n, reconoci\u00f3 la apertura de su hom\u00f3loga en Oaxaca, magistrada Berenice Ram\u00edrez Jim\u00e9nez, para establecer sinergias a favor de la perspectiva de g\u00e9nero y el derecho a la identidad de ni\u00f1as, ni\u00f1os y adolescentes. En\u2026","rel":"","context":"En &quot;Agenda Pol\u00edtica&quot;","block_context":{"text":"Agenda Pol\u00edtica","link":"https:\/\/redaccionoaxaca.com\/index.php\/category\/agenda-politica\/"},"img":{"alt_text":"","src":"","width":0,"height":0},"classes":[]},{"id":27741,"url":"https:\/\/redaccionoaxaca.com\/index.php\/2022\/09\/07\/poder-judicial-realiza-curso-perspectiva-de-genero-en-la-imparticion-de-justicia\/","url_meta":{"origin":40905,"position":2},"title":"Poder Judicial realiza curso \u201cPerspectiva de G\u00e9nero en la impartici\u00f3n de Justicia&#8221;","author":"ariadna","date":"septiembre 7, 2022","format":false,"excerpt":"#Redacci\u00f3nOaxaca #Oaxaca Con el objetivo de que las y los servidores p\u00fablicos judiciales cuenten con las herramientas necesarias para desarrollar su labor con apego a los principios de igualdad de g\u00e9nero y no discriminaci\u00f3n en todos los \u00e1mbitos, el Poder Judicial del Estado lleva a cabo el curso \u201cLa Perspectiva\u2026","rel":"","context":"En &quot;Agenda Pol\u00edtica&quot;","block_context":{"text":"Agenda Pol\u00edtica","link":"https:\/\/redaccionoaxaca.com\/index.php\/category\/agenda-politica\/"},"img":{"alt_text":"","src":"","width":0,"height":0},"classes":[]},{"id":36321,"url":"https:\/\/redaccionoaxaca.com\/index.php\/2025\/03\/31\/realiza-poder-legislativo-congreso-de-la-mujer-oaxaquena-2025\/","url_meta":{"origin":40905,"position":3},"title":"Realiza Poder Legislativo Congreso de la Mujer Oaxaque\u00f1a 2025","author":"ariadna","date":"marzo 31, 2025","format":false,"excerpt":"#Redacci\u00f3nOaxaca #Oaxaca * Participaron 42 mujeres mayores de 18 a\u00f1os de las ocho regiones del estado, quienes presentaron iniciativas en materia de igualdad de g\u00e9nero, movilidad segura, interculturalidad, entre otros temas * Esta actividad se lleva a cabo de conformidad con el decreto 545 aprobado en el 2019 por la\u2026","rel":"","context":"En &quot;Agenda Pol\u00edtica&quot;","block_context":{"text":"Agenda Pol\u00edtica","link":"https:\/\/redaccionoaxaca.com\/index.php\/category\/agenda-politica\/"},"img":{"alt_text":"","src":"https:\/\/i0.wp.com\/redaccionoaxaca.com\/wp-content\/uploads\/2025\/03\/Screenshot_20250331_193714_Facebook-300x207.jpg?resize=350%2C200&ssl=1","width":350,"height":200},"classes":[]},{"id":21854,"url":"https:\/\/redaccionoaxaca.com\/index.php\/2021\/10\/26\/llaman-a-reforzar-radiodifusion-con-perspectiva-comunitaria-feminista\/","url_meta":{"origin":40905,"position":4},"title":"Llaman a reforzar radiodifusi\u00f3n con perspectiva comunitaria feminista.","author":"ariadna","date":"octubre 26, 2021","format":false,"excerpt":"#Redacci\u00f3nOaxaca #Oaxaca Comunicado \u00b7 En el Congreso de Oaxaca, se lleva a cabo el conversatorio en materia de g\u00e9nero con expertas radialistas. San Raymundo Jalpan, Oax. 26 de octubre 2021.- En el marco del D\u00eda Internacional para la Eliminaci\u00f3n de la Violencia Contra la Mujer, en el Congreso de Oaxaca\u2026","rel":"","context":"En &quot;Agenda Pol\u00edtica&quot;","block_context":{"text":"Agenda Pol\u00edtica","link":"https:\/\/redaccionoaxaca.com\/index.php\/category\/agenda-politica\/"},"img":{"alt_text":"","src":"https:\/\/i0.wp.com\/redaccionoaxaca.com\/wp-content\/uploads\/2021\/10\/FOTO-1-Diputado-Saul-Ruben-Diaz-Bautista-300x225.jpg?resize=350%2C200&ssl=1","width":350,"height":200},"classes":[]},{"id":33186,"url":"https:\/\/redaccionoaxaca.com\/index.php\/2024\/09\/03\/va-poder-judicial-de-oaxaca-por-mas-politicas-publicas-para-la-igualdad-de-genero\/","url_meta":{"origin":40905,"position":5},"title":"Va Poder Judicial de Oaxaca por m\u00e1s  pol\u00edticas p\u00fablicas para la igualdad de g\u00e9nero","author":"ariadna","date":"septiembre 3, 2024","format":false,"excerpt":"#Redacci\u00f3nOaxaca #Oaxaca En los lazos de colaboraci\u00f3n institucionales, el Comit\u00e9 de Seguimiento, Evaluaci\u00f3n y Rendici\u00f3n de Cuentas del \u201cPacto Nacional por la Justicia de G\u00e9nero\u201d, que integran cinco \u00f3rganos de impartici\u00f3n de justicia y como invitadas permanentes instituciones en materia de seguridad p\u00fablica, llev\u00f3 a cabo una Sesi\u00f3n Extraordinaria con\u2026","rel":"","context":"En &quot;Agenda Pol\u00edtica&quot;","block_context":{"text":"Agenda Pol\u00edtica","link":"https:\/\/redaccionoaxaca.com\/index.php\/category\/agenda-politica\/"},"img":{"alt_text":"","src":"","width":0,"height":0},"classes":[]}],"_links":{"self":[{"href":"https:\/\/redaccionoaxaca.com\/index.php\/wp-json\/wp\/v2\/posts\/40905","targetHints":{"allow":["GET"]}}],"collection":[{"href":"https:\/\/redaccionoaxaca.com\/index.php\/wp-json\/wp\/v2\/posts"}],"about":[{"href":"https:\/\/redaccionoaxaca.com\/index.php\/wp-json\/wp\/v2\/types\/post"}],"author":[{"embeddable":true,"href":"https:\/\/redaccionoaxaca.com\/index.php\/wp-json\/wp\/v2\/users\/9"}],"replies":[{"embeddable":true,"href":"https:\/\/redaccionoaxaca.com\/index.php\/wp-json\/wp\/v2\/comments?post=40905"}],"version-history":[{"count":1,"href":"https:\/\/redaccionoaxaca.com\/index.php\/wp-json\/wp\/v2\/posts\/40905\/revisions"}],"predecessor-version":[{"id":40908,"href":"https:\/\/redaccionoaxaca.com\/index.php\/wp-json\/wp\/v2\/posts\/40905\/revisions\/40908"}],"wp:featuredmedia":[{"embeddable":true,"href":"https:\/\/redaccionoaxaca.com\/index.php\/wp-json\/wp\/v2\/media\/40907"}],"wp:attachment":[{"href":"https:\/\/redaccionoaxaca.com\/index.php\/wp-json\/wp\/v2\/media?parent=40905"}],"wp:term":[{"taxonomy":"category","embeddable":true,"href":"https:\/\/redaccionoaxaca.com\/index.php\/wp-json\/wp\/v2\/categories?post=40905"},{"taxonomy":"post_tag","embeddable":true,"href":"https:\/\/redaccionoaxaca.com\/index.php\/wp-json\/wp\/v2\/tags?post=40905"}],"curies":[{"name":"wp","href":"https:\/\/api.w.org\/{rel}","templated":true}]}}