{"id":40909,"date":"2026-03-10T14:43:50","date_gmt":"2026-03-10T20:43:50","guid":{"rendered":"https:\/\/redaccionoaxaca.com\/?p=40909"},"modified":"2026-03-10T14:43:50","modified_gmt":"2026-03-10T20:43:50","slug":"abre-oaxaca-de-juarez-consulta-publica-para-definir-el-futuro-urbano-de-la-capital","status":"publish","type":"post","link":"https:\/\/redaccionoaxaca.com\/index.php\/2026\/03\/10\/abre-oaxaca-de-juarez-consulta-publica-para-definir-el-futuro-urbano-de-la-capital\/","title":{"rendered":"Abre Oaxaca de Ju\u00e1rez consulta p\u00fablica para definir el futuro urbano de la capital"},"content":{"rendered":"<p><strong>#Redacci\u00f3nOaxaca<\/strong><\/p>\n<p style=\"text-align: justify;\"><strong>#Oaxaca<\/strong><\/p>\n<p>* <em>La ciudadan\u00eda podr\u00e1 revisar el documento y participar en audiencias p\u00fablicas del 11 de marzo al 10 de abril para aportar propuestas sobre el crecimiento y ordenamiento de la capital.<\/em><\/p>\n<p style=\"text-align: justify;\">Oaxaca de Ju\u00e1rez, Oax., 10 de marzo de 2026. El Municipio de Oaxaca de Ju\u00e1rez, a trav\u00e9s de la Secretar\u00eda de Obras P\u00fablicas y Desarrollo Urbano, convoca a la ciudadan\u00eda a participar en la Consulta P\u00fablica del Anteproyecto del Programa Municipal de Desarrollo Urbano (PMDU), un proceso abierto que permitir\u00e1 integrar propuestas y opiniones para definir el rumbo del desarrollo urbano de la capital.<\/p>\n<p style=\"text-align: justify;\">La consulta se llevar\u00e1 a cabo del 11 de marzo al 10 de abril de 2026, periodo durante el cual las y los habitantes del municipio podr\u00e1n conocer el anteproyecto y presentar observaciones que contribuyan a construir una ciudad m\u00e1s ordenada, sostenible y con visi\u00f3n de futuro.<\/p>\n<p style=\"text-align: justify;\">El documento podr\u00e1 consultarse de manera presencial en las oficinas de la Secretar\u00eda de Obras P\u00fablicas y Desarrollo Urbano, ubicadas en calle Murgu\u00eda 800, colonia Centro, en un horario de 09:30 a 14:30 horas, de lunes a viernes y en d\u00edas h\u00e1biles.<\/p>\n<p style=\"text-align: justify;\">Asimismo, estar\u00e1 disponible en formato digital a trav\u00e9s del micrositio de transparencia del municipio, donde tambi\u00e9n podr\u00e1 descargarse el anteproyecto o acceder mediante el c\u00f3digo QR difundido en la convocatoria oficial.<\/p>\n<p style=\"text-align: justify;\">Como parte de este proceso participativo, se realizar\u00e1n dos audiencias p\u00fablicas en el Sal\u00f3n ex presidentes del Palacio Municipal, ubicado en Calle Morelos 108, Centro, en las siguientes fechas:<br \/>\n\u2022 Primera audiencia p\u00fablica: 21 de marzo de 2026, a las 11:00 horas.<br \/>\n\u2022 Segunda audiencia p\u00fablica: 10 de abril de 2026, a las 13:00 horas.<\/p>\n<p style=\"text-align: justify;\">El Gobierno Municipal de Oaxaca de Ju\u00e1rez reiter\u00f3 la invitaci\u00f3n a ciudadan\u00eda, organizaciones, instituciones, c\u00e1maras, colegios, asociaciones y a todas las personas interesadas a participar en este ejercicio de consulta, que permitir\u00e1 fortalecer la planeaci\u00f3n urbana y orientar el crecimiento de la ciudad con una visi\u00f3n integral.<\/p>\n<p style=\"text-align: justify;\">Con este proceso, el Ayuntamiento reafirma su compromiso de impulsar una planeaci\u00f3n urbana participativa, donde las propuestas de vecinas y vecinos contribuyan a definir el futuro de Oaxaca de Ju\u00e1rez.<\/p>\n<p><img data-recalc-dims=\"1\" loading=\"lazy\" decoding=\"async\" data-attachment-id=\"40910\" data-permalink=\"https:\/\/redaccionoaxaca.com\/index.php\/2026\/03\/10\/abre-oaxaca-de-juarez-consulta-publica-para-definir-el-futuro-urbano-de-la-capital\/img-20260310-wa0063\/\" data-orig-file=\"https:\/\/i0.wp.com\/redaccionoaxaca.com\/wp-content\/uploads\/2026\/03\/IMG-20260310-WA0063.jpg?fit=1024%2C1280&amp;ssl=1\" data-orig-size=\"1024,1280\" data-comments-opened=\"1\" data-image-meta=\"{&quot;aperture&quot;:&quot;0&quot;,&quot;credit&quot;:&quot;&quot;,&quot;camera&quot;:&quot;&quot;,&quot;caption&quot;:&quot;&quot;,&quot;created_timestamp&quot;:&quot;0&quot;,&quot;copyright&quot;:&quot;&quot;,&quot;focal_length&quot;:&quot;0&quot;,&quot;iso&quot;:&quot;0&quot;,&quot;shutter_speed&quot;:&quot;0&quot;,&quot;title&quot;:&quot;&quot;,&quot;orientation&quot;:&quot;0&quot;}\" data-image-title=\"IMG-20260310-WA0063\" data-image-description=\"\" data-image-caption=\"\" data-large-file=\"https:\/\/i0.wp.com\/redaccionoaxaca.com\/wp-content\/uploads\/2026\/03\/IMG-20260310-WA0063.jpg?fit=696%2C870&amp;ssl=1\" class=\"size-medium wp-image-40910 aligncenter\" src=\"https:\/\/i0.wp.com\/redaccionoaxaca.com\/wp-content\/uploads\/2026\/03\/IMG-20260310-WA0063.jpg?resize=240%2C300&#038;ssl=1\" alt=\"\" width=\"240\" height=\"300\" srcset=\"https:\/\/i0.wp.com\/redaccionoaxaca.com\/wp-content\/uploads\/2026\/03\/IMG-20260310-WA0063.jpg?resize=240%2C300&amp;ssl=1 240w, https:\/\/i0.wp.com\/redaccionoaxaca.com\/wp-content\/uploads\/2026\/03\/IMG-20260310-WA0063.jpg?resize=819%2C1024&amp;ssl=1 819w, https:\/\/i0.wp.com\/redaccionoaxaca.com\/wp-content\/uploads\/2026\/03\/IMG-20260310-WA0063.jpg?resize=768%2C960&amp;ssl=1 768w, https:\/\/i0.wp.com\/redaccionoaxaca.com\/wp-content\/uploads\/2026\/03\/IMG-20260310-WA0063.jpg?resize=336%2C420&amp;ssl=1 336w, https:\/\/i0.wp.com\/redaccionoaxaca.com\/wp-content\/uploads\/2026\/03\/IMG-20260310-WA0063.jpg?resize=696%2C870&amp;ssl=1 696w, https:\/\/i0.wp.com\/redaccionoaxaca.com\/wp-content\/uploads\/2026\/03\/IMG-20260310-WA0063.jpg?w=1024&amp;ssl=1 1024w\" sizes=\"auto, (max-width: 240px) 100vw, 240px\" \/><\/p>\n","protected":false},"excerpt":{"rendered":"<p>#Redacci\u00f3nOaxaca #Oaxaca * La ciudadan\u00eda podr\u00e1 revisar el documento y participar en audiencias p\u00fablicas del 11 de marzo al 10 de abril para aportar propuestas sobre el crecimiento y ordenamiento de la capital. Oaxaca de Ju\u00e1rez, Oax., 10 de marzo de 2026. El Municipio de Oaxaca de Ju\u00e1rez, a trav\u00e9s de la Secretar\u00eda de Obras [&hellip;]<\/p>\n","protected":false},"author":9,"featured_media":40910,"comment_status":"open","ping_status":"open","sticky":false,"template":"","format":"standard","meta":{"jetpack_post_was_ever_published":false,"_jetpack_newsletter_access":"","_jetpack_dont_email_post_to_subs":false,"_jetpack_newsletter_tier_id":0,"_jetpack_memberships_contains_paywalled_content":false,"_jetpack_memberships_contains_paid_content":false,"footnotes":"","jetpack_publicize_message":"","jetpack_publicize_feature_enabled":true,"jetpack_social_post_already_shared":true,"jetpack_social_options":{"image_generator_settings":{"template":"highway","default_image_id":0,"font":"","enabled":false},"version":2}},"categories":[4,5,6],"tags":[],"class_list":{"0":"post-40909","1":"post","2":"type-post","3":"status-publish","4":"format-standard","5":"has-post-thumbnail","7":"category-agenda-politica","8":"category-imagen","9":"category-tendencias"},"jetpack_publicize_connections":[],"jetpack_featured_media_url":"https:\/\/i0.wp.com\/redaccionoaxaca.com\/wp-content\/uploads\/2026\/03\/IMG-20260310-WA0063.jpg?fit=1024%2C1280&ssl=1","jetpack_sharing_enabled":true,"jetpack_shortlink":"https:\/\/wp.me\/p9Ynjw-aDP","jetpack-related-posts":[{"id":39699,"url":"https:\/\/redaccionoaxaca.com\/index.php\/2026\/01\/02\/inicia-en-oaxaca-de-juarez-el-pago-del-impuesto-predial-con-descuentos-durante-enero\/","url_meta":{"origin":40909,"position":0},"title":"Inicia en Oaxaca de Ju\u00e1rez el pago del impuesto predial con descuentos durante enero","author":"ariadna","date":"enero 2, 2026","format":false,"excerpt":"#Redacci\u00f3nOaxaca #Oaxaca * Desde las primeras horas del a\u00f1o, vecinas y vecinos comenzaron a cumplir, aprovechando el beneficio del 15% de descuento Oaxaca de Ju\u00e1rez, Oax., 2 de enero de 2026. El Municipio de Oaxaca de Ju\u00e1rez informa a las vecinas y vecinos que ya inici\u00f3 el periodo de pago\u2026","rel":"","context":"En &quot;Al Cierre&quot;","block_context":{"text":"Al Cierre","link":"https:\/\/redaccionoaxaca.com\/index.php\/category\/al-cierre\/"},"img":{"alt_text":"","src":"https:\/\/i0.wp.com\/redaccionoaxaca.com\/wp-content\/uploads\/2026\/01\/IMG-20260102-WA0062.jpg?fit=1200%2C1200&ssl=1&resize=350%2C200","width":350,"height":200,"srcset":"https:\/\/i0.wp.com\/redaccionoaxaca.com\/wp-content\/uploads\/2026\/01\/IMG-20260102-WA0062.jpg?fit=1200%2C1200&ssl=1&resize=350%2C200 1x, https:\/\/i0.wp.com\/redaccionoaxaca.com\/wp-content\/uploads\/2026\/01\/IMG-20260102-WA0062.jpg?fit=1200%2C1200&ssl=1&resize=525%2C300 1.5x, https:\/\/i0.wp.com\/redaccionoaxaca.com\/wp-content\/uploads\/2026\/01\/IMG-20260102-WA0062.jpg?fit=1200%2C1200&ssl=1&resize=700%2C400 2x, https:\/\/i0.wp.com\/redaccionoaxaca.com\/wp-content\/uploads\/2026\/01\/IMG-20260102-WA0062.jpg?fit=1200%2C1200&ssl=1&resize=1050%2C600 3x"},"classes":[]},{"id":37785,"url":"https:\/\/redaccionoaxaca.com\/index.php\/2025\/08\/11\/municipio-refuerza-limpieza-y-mantenimiento-de-alcantarillado-en-oaxaca-de-juarez\/","url_meta":{"origin":40909,"position":1},"title":"Municipio refuerza limpieza y mantenimiento de alcantarillado en Oaxaca de Ju\u00e1rez","author":"ariadna","date":"agosto 11, 2025","format":false,"excerpt":"#Redacci\u00f3nOaxaca #Oaxaca * Acciones del programa \u201cDestape al Drenaje\u201d y del Plan Lluvia Segura mejoran servicios y previenen inundaciones Oaxaca de Ju\u00e1rez, Oax., 11 de agosto de 2025.\u2013 El Ayuntamiento de Oaxaca de Ju\u00e1rez, a trav\u00e9s de la Secretar\u00eda de Obras P\u00fablicas y Desarrollo Urbano, realiz\u00f3 trabajos de limpieza y\u2026","rel":"","context":"En &quot;Imagen&quot;","block_context":{"text":"Imagen","link":"https:\/\/redaccionoaxaca.com\/index.php\/category\/imagen\/"},"img":{"alt_text":"","src":"https:\/\/i0.wp.com\/redaccionoaxaca.com\/wp-content\/uploads\/2025\/08\/IMG-20250811-WA0326.jpg?fit=1200%2C800&ssl=1&resize=350%2C200","width":350,"height":200,"srcset":"https:\/\/i0.wp.com\/redaccionoaxaca.com\/wp-content\/uploads\/2025\/08\/IMG-20250811-WA0326.jpg?fit=1200%2C800&ssl=1&resize=350%2C200 1x, https:\/\/i0.wp.com\/redaccionoaxaca.com\/wp-content\/uploads\/2025\/08\/IMG-20250811-WA0326.jpg?fit=1200%2C800&ssl=1&resize=525%2C300 1.5x, https:\/\/i0.wp.com\/redaccionoaxaca.com\/wp-content\/uploads\/2025\/08\/IMG-20250811-WA0326.jpg?fit=1200%2C800&ssl=1&resize=700%2C400 2x, https:\/\/i0.wp.com\/redaccionoaxaca.com\/wp-content\/uploads\/2025\/08\/IMG-20250811-WA0326.jpg?fit=1200%2C800&ssl=1&resize=1050%2C600 3x"},"classes":[]},{"id":39803,"url":"https:\/\/redaccionoaxaca.com\/index.php\/2026\/01\/08\/continua-el-pago-del-impuesto-predial-con-descuentos-durante-enero-en-el-municipio-de-oaxaca\/","url_meta":{"origin":40909,"position":2},"title":"Contin\u00faa el pago del impuesto predial con descuentos durante enero en el Municipio de Oaxaca","author":"ariadna","date":"enero 8, 2026","format":false,"excerpt":"#Redacci\u00f3nOaxaca #Oaxaca * Desde las primeras horas del a\u00f1o, vecinas y vecinos comenzaron a cumplir, aprovechando el beneficio del 15% de descuento Oaxaca de Ju\u00e1rez, Oax., 2 de enero de 2026. El Municipio de Oaxaca de Ju\u00e1rez informa a las vecinas y vecinos que ya inici\u00f3 el periodo de pago\u2026","rel":"","context":"En &quot;Imagen&quot;","block_context":{"text":"Imagen","link":"https:\/\/redaccionoaxaca.com\/index.php\/category\/imagen\/"},"img":{"alt_text":"","src":"https:\/\/i0.wp.com\/redaccionoaxaca.com\/wp-content\/uploads\/2026\/01\/IMG-20260102-WA00631.jpg?fit=1200%2C900&ssl=1&resize=350%2C200","width":350,"height":200,"srcset":"https:\/\/i0.wp.com\/redaccionoaxaca.com\/wp-content\/uploads\/2026\/01\/IMG-20260102-WA00631.jpg?fit=1200%2C900&ssl=1&resize=350%2C200 1x, https:\/\/i0.wp.com\/redaccionoaxaca.com\/wp-content\/uploads\/2026\/01\/IMG-20260102-WA00631.jpg?fit=1200%2C900&ssl=1&resize=525%2C300 1.5x, https:\/\/i0.wp.com\/redaccionoaxaca.com\/wp-content\/uploads\/2026\/01\/IMG-20260102-WA00631.jpg?fit=1200%2C900&ssl=1&resize=700%2C400 2x, https:\/\/i0.wp.com\/redaccionoaxaca.com\/wp-content\/uploads\/2026\/01\/IMG-20260102-WA00631.jpg?fit=1200%2C900&ssl=1&resize=1050%2C600 3x"},"classes":[]},{"id":37486,"url":"https:\/\/redaccionoaxaca.com\/index.php\/2025\/07\/22\/municipio-de-oaxaca-de-juarez-aprueba-nuevo-reglamento-de-participacion-vecinal\/","url_meta":{"origin":40909,"position":3},"title":"Municipio de Oaxaca de Ju\u00e1rez aprueba nuevo Reglamento de Participaci\u00f3n Vecinal","author":"ariadna","date":"julio 22, 2025","format":false,"excerpt":"#Redacci\u00f3nOaxaca #Oaxaca \u2022 Avanza la actualizaci\u00f3n normativa y se refuerzan acciones para una ciudad limpia y segura durante la Guelaguetza Oaxaca de Ju\u00e1rez, Oax., 22 de julio de 2025.- En sesi\u00f3n ordinaria de Cabildo, el Ayuntamiento de Oaxaca de Ju\u00e1rez aprob\u00f3 con 15 votos a favor y uno en contra\u2026","rel":"","context":"En &quot;Agenda Pol\u00edtica&quot;","block_context":{"text":"Agenda Pol\u00edtica","link":"https:\/\/redaccionoaxaca.com\/index.php\/category\/agenda-politica\/"},"img":{"alt_text":"","src":"https:\/\/i0.wp.com\/redaccionoaxaca.com\/wp-content\/uploads\/2025\/07\/IMG-20250722-WA0229.jpg?fit=1200%2C802&ssl=1&resize=350%2C200","width":350,"height":200,"srcset":"https:\/\/i0.wp.com\/redaccionoaxaca.com\/wp-content\/uploads\/2025\/07\/IMG-20250722-WA0229.jpg?fit=1200%2C802&ssl=1&resize=350%2C200 1x, https:\/\/i0.wp.com\/redaccionoaxaca.com\/wp-content\/uploads\/2025\/07\/IMG-20250722-WA0229.jpg?fit=1200%2C802&ssl=1&resize=525%2C300 1.5x, https:\/\/i0.wp.com\/redaccionoaxaca.com\/wp-content\/uploads\/2025\/07\/IMG-20250722-WA0229.jpg?fit=1200%2C802&ssl=1&resize=700%2C400 2x, https:\/\/i0.wp.com\/redaccionoaxaca.com\/wp-content\/uploads\/2025\/07\/IMG-20250722-WA0229.jpg?fit=1200%2C802&ssl=1&resize=1050%2C600 3x"},"classes":[]},{"id":40473,"url":"https:\/\/redaccionoaxaca.com\/index.php\/2026\/02\/11\/gestion-permanente-y-coordinacion-con-el-estado-y-la-federacion-impulsan-obras-estrategicas-en-oaxaca-de-juarez\/","url_meta":{"origin":40909,"position":4},"title":"Gesti\u00f3n permanente y coordinaci\u00f3n con el Estado y la Federaci\u00f3n impulsan obras estrat\u00e9gicas en Oaxaca de Ju\u00e1rez","author":"ariadna","date":"febrero 11, 2026","format":false,"excerpt":"#Redacci\u00f3nOaxaca #Oaxaca * El presidente Ray Chagoya reafirma que no hay aumento de impuestos en la Ley de Ingresos 2026 y anuncia avances en infraestructura, ordenamiento urbano y proyectos comunitarios. Oaxaca de Ju\u00e1rez, Oax., 11 de febrero de 2026.\u2013 En conferencia de prensa, el presidente municipal Ray Chagoya inform\u00f3 sobre\u2026","rel":"","context":"En &quot;Agenda Pol\u00edtica&quot;","block_context":{"text":"Agenda Pol\u00edtica","link":"https:\/\/redaccionoaxaca.com\/index.php\/category\/agenda-politica\/"},"img":{"alt_text":"","src":"https:\/\/i0.wp.com\/redaccionoaxaca.com\/wp-content\/uploads\/2026\/02\/IMG-20260211-WA0179.jpg?fit=720%2C405&ssl=1&resize=350%2C200","width":350,"height":200,"srcset":"https:\/\/i0.wp.com\/redaccionoaxaca.com\/wp-content\/uploads\/2026\/02\/IMG-20260211-WA0179.jpg?fit=720%2C405&ssl=1&resize=350%2C200 1x, https:\/\/i0.wp.com\/redaccionoaxaca.com\/wp-content\/uploads\/2026\/02\/IMG-20260211-WA0179.jpg?fit=720%2C405&ssl=1&resize=525%2C300 1.5x, https:\/\/i0.wp.com\/redaccionoaxaca.com\/wp-content\/uploads\/2026\/02\/IMG-20260211-WA0179.jpg?fit=720%2C405&ssl=1&resize=700%2C400 2x"},"classes":[]},{"id":40283,"url":"https:\/\/redaccionoaxaca.com\/index.php\/2026\/01\/31\/inauguran-ruta-de-la-cantera-para-fortalecer-el-arte-y-la-identidad-en-el-centro-historico\/","url_meta":{"origin":40909,"position":5},"title":"Inauguran Ruta de la Cantera para fortalecer el arte y la identidad en el Centro Hist\u00f3rico","author":"ariadna","date":"enero 31, 2026","format":false,"excerpt":"#Redacci\u00f3nOaxaca #Oaxaca * El presidente municipal Ray Chagoya encabez\u00f3 este proyecto cultural que integra el espacio p\u00fablico con expresiones art\u00edsticas Oaxaca de Ju\u00e1rez, Oax., 31 de enero de 2026.\u2013 El presidente municipal de Oaxaca de Ju\u00e1rez, Ray Chagoya, encabez\u00f3 la inauguraci\u00f3n de la Ruta de la Cantera, un proyecto cultural\u2026","rel":"","context":"En &quot;Al Cierre&quot;","block_context":{"text":"Al Cierre","link":"https:\/\/redaccionoaxaca.com\/index.php\/category\/al-cierre\/"},"img":{"alt_text":"","src":"https:\/\/i0.wp.com\/redaccionoaxaca.com\/wp-content\/uploads\/2026\/01\/IMG-20260131-WA0035.jpg?fit=856%2C573&ssl=1&resize=350%2C200","width":350,"height":200,"srcset":"https:\/\/i0.wp.com\/redaccionoaxaca.com\/wp-content\/uploads\/2026\/01\/IMG-20260131-WA0035.jpg?fit=856%2C573&ssl=1&resize=350%2C200 1x, https:\/\/i0.wp.com\/redaccionoaxaca.com\/wp-content\/uploads\/2026\/01\/IMG-20260131-WA0035.jpg?fit=856%2C573&ssl=1&resize=525%2C300 1.5x, https:\/\/i0.wp.com\/redaccionoaxaca.com\/wp-content\/uploads\/2026\/01\/IMG-20260131-WA0035.jpg?fit=856%2C573&ssl=1&resize=700%2C400 2x"},"classes":[]}],"_links":{"self":[{"href":"https:\/\/redaccionoaxaca.com\/index.php\/wp-json\/wp\/v2\/posts\/40909","targetHints":{"allow":["GET"]}}],"collection":[{"href":"https:\/\/redaccionoaxaca.com\/index.php\/wp-json\/wp\/v2\/posts"}],"about":[{"href":"https:\/\/redaccionoaxaca.com\/index.php\/wp-json\/wp\/v2\/types\/post"}],"author":[{"embeddable":true,"href":"https:\/\/redaccionoaxaca.com\/index.php\/wp-json\/wp\/v2\/users\/9"}],"replies":[{"embeddable":true,"href":"https:\/\/redaccionoaxaca.com\/index.php\/wp-json\/wp\/v2\/comments?post=40909"}],"version-history":[{"count":1,"href":"https:\/\/redaccionoaxaca.com\/index.php\/wp-json\/wp\/v2\/posts\/40909\/revisions"}],"predecessor-version":[{"id":40911,"href":"https:\/\/redaccionoaxaca.com\/index.php\/wp-json\/wp\/v2\/posts\/40909\/revisions\/40911"}],"wp:featuredmedia":[{"embeddable":true,"href":"https:\/\/redaccionoaxaca.com\/index.php\/wp-json\/wp\/v2\/media\/40910"}],"wp:attachment":[{"href":"https:\/\/redaccionoaxaca.com\/index.php\/wp-json\/wp\/v2\/media?parent=40909"}],"wp:term":[{"taxonomy":"category","embeddable":true,"href":"https:\/\/redaccionoaxaca.com\/index.php\/wp-json\/wp\/v2\/categories?post=40909"},{"taxonomy":"post_tag","embeddable":true,"href":"https:\/\/redaccionoaxaca.com\/index.php\/wp-json\/wp\/v2\/tags?post=40909"}],"curies":[{"name":"wp","href":"https:\/\/api.w.org\/{rel}","templated":true}]}}