{"id":40917,"date":"2026-03-10T21:39:29","date_gmt":"2026-03-11T03:39:29","guid":{"rendered":"https:\/\/redaccionoaxaca.com\/?p=40917"},"modified":"2026-03-10T21:39:29","modified_gmt":"2026-03-11T03:39:29","slug":"colectivos-buscadores-documentan-obstaculos-en-juzgados-de-oaxaca-para-declarar-desaparecidas-a-personas-congreso-urge-a-corregir","status":"publish","type":"post","link":"https:\/\/redaccionoaxaca.com\/index.php\/2026\/03\/10\/colectivos-buscadores-documentan-obstaculos-en-juzgados-de-oaxaca-para-declarar-desaparecidas-a-personas-congreso-urge-a-corregir\/","title":{"rendered":"Colectivos buscadores documentan obst\u00e1culos en juzgados de Oaxaca para declarar desaparecidas a personas; Congreso urge a corregir"},"content":{"rendered":"<p><strong>#Redacci\u00f3nOaxaca<\/strong><\/p>\n<p><strong>#Oaxaca<\/strong><\/p>\n<p><strong>#JaimeGUERRERO<\/strong><\/p>\n<p style=\"text-align: justify;\">Con respaldo en denuncias de colectivos de personas buscadoras, el pleno del Congreso de Oaxaca aprob\u00f3 con 29 votos a favor un punto de acuerdo para que el Poder Judicial del estado corrija las pr\u00e1cticas de sus juzgados de primera instancia, se\u00f1alados de frenar declaratorias de ausencia por desaparici\u00f3n y revictimizar a las familias.<\/p>\n<p style=\"text-align: justify;\">La resoluci\u00f3n exhorta a la Comisi\u00f3n Estatal de B\u00fasqueda y a la Defensor\u00eda de los Derechos Humanos del Pueblo de Oaxaca a coordinar con el Poder Judicial del Estado la actualizaci\u00f3n de criterios convencionales en materia de derechos humanos, con el fin de sensibilizar a los juzgados de primera instancia y eliminar las barreras burocr\u00e1ticas que enfrentan los familiares al solicitar la declaratoria de ausencia por desaparici\u00f3n.<\/p>\n<p style=\"text-align: justify;\">La iniciativa fue presentada por la diputada del Partido del Trabajo (PT), Irma Pineda Santiago, quien desde la tribuna del Congreso local expuso las denuncias reiteradas de colectivos de personas buscadoras contra los propios titulares de esos juzgados, a quienes se\u00f1al\u00f3 de frenar el inicio de los procedimientos y revictimizar a quienes buscan a sus seres queridos.<\/p>\n<p style=\"text-align: justify;\">\u201cLa desaparici\u00f3n de personas en Oaxaca duele. En verdad que, quien no ha estado en una situaci\u00f3n como esta y no ha tenido que reportar la ausencia de una persona no podr\u00eda empatizar con el lastimoso mundo burocr\u00e1tico\u201d, dijo la legisladora.<\/p>\n<p style=\"text-align: justify;\">Pineda Santiago se\u00f1al\u00f3 que, si bien el art\u00edculo 15 de la Ley para la Declaraci\u00f3n Especial de Ausencia por Desaparici\u00f3n de Personas del Estado replica el procedimiento federal al encomendar a los Juzgados de Primera Instancia la tramitaci\u00f3n de las solicitudes, en la pr\u00e1ctica esos \u00f3rganos incumplen su mandato: su propio personal \u2014incluidos sus titulares\u2014 obstaculiza el inicio del procedimiento o revictimiza a los familiares.<\/p>\n<p style=\"text-align: justify;\">Desde la tribuna, la legisladora del PT record\u00f3 que el art\u00edculo 1\u00b0 de la Constituci\u00f3n Pol\u00edtica de los Estados Unidos Mexicanos obliga a todas las autoridades, en el \u00e1mbito de sus competencias, a promover, respetar, proteger y garantizar los derechos humanos, mandato que, a su juicio, los juzgados oaxaque\u00f1os incumplen sistem\u00e1ticamente en este tipo de tr\u00e1mites.<\/p>\n<p style=\"text-align: justify;\">Entre las barreras institucionales que Pineda Santiago document\u00f3 ante el pleno figuran: procedimientos excesivamente burocr\u00e1ticos, requisitos probatorios innecesarios, falta de coordinaci\u00f3n entre autoridades, largos plazos judiciales y criterios dispares entre juzgados.<\/p>\n<p style=\"text-align: justify;\">Estas condiciones, advirti\u00f3, obligan a las familias a comparecer ante m\u00faltiples instancias, presentar documentaci\u00f3n que ya consta en expedientes de investigaci\u00f3n y enfrentar procesos que pueden prolongarse por a\u00f1os.<\/p>\n<p style=\"text-align: justify;\">Para revertir ese panorama, la diputada propuso simplificar el procedimiento estatal mediante tres ejes: eliminar formalismos excesivos, reducir los plazos procesales en atenci\u00f3n al principio de celeridad, y establecer el reconocimiento autom\u00e1tico de la informaci\u00f3n que ya obra en poder de las autoridades.<\/p>\n<p style=\"text-align: justify;\">Irma Pineda Santiago es diputada local por el Partido del Trabajo y ha presentado diversas iniciativas ante el Congreso de Oaxaca en materia de derechos de personas desaparecidas y de comunidades ind\u00edgenas.<\/p>\n","protected":false},"excerpt":{"rendered":"<p>#Redacci\u00f3nOaxaca #Oaxaca #JaimeGUERRERO Con respaldo en denuncias de colectivos de personas buscadoras, el pleno del Congreso de Oaxaca aprob\u00f3 con 29 votos a favor un punto de acuerdo para que el Poder Judicial del estado corrija las pr\u00e1cticas de sus juzgados de primera instancia, se\u00f1alados de frenar declaratorias de ausencia por desaparici\u00f3n y revictimizar a [&hellip;]<\/p>\n","protected":false},"author":9,"featured_media":40919,"comment_status":"open","ping_status":"open","sticky":false,"template":"","format":"standard","meta":{"jetpack_post_was_ever_published":false,"_jetpack_newsletter_access":"","_jetpack_dont_email_post_to_subs":false,"_jetpack_newsletter_tier_id":0,"_jetpack_memberships_contains_paywalled_content":false,"_jetpack_memberships_contains_paid_content":false,"footnotes":"","jetpack_publicize_message":"","jetpack_publicize_feature_enabled":true,"jetpack_social_post_already_shared":true,"jetpack_social_options":{"image_generator_settings":{"template":"highway","default_image_id":0,"font":"","enabled":false},"version":2}},"categories":[4,5,3,1],"tags":[],"class_list":{"0":"post-40917","1":"post","2":"type-post","3":"status-publish","4":"format-standard","5":"has-post-thumbnail","7":"category-agenda-politica","8":"category-imagen","9":"category-mesa-de-redaccion","10":"category-uncategorized"},"jetpack_publicize_connections":[],"jetpack_featured_media_url":"https:\/\/i0.wp.com\/redaccionoaxaca.com\/wp-content\/uploads\/2026\/03\/24-6.jpg?fit=1000%2C600&ssl=1","jetpack_sharing_enabled":true,"jetpack_shortlink":"https:\/\/wp.me\/p9Ynjw-aDX","jetpack-related-posts":[{"id":12354,"url":"https:\/\/redaccionoaxaca.com\/index.php\/2020\/05\/18\/firman-asilegal-y-poder-judicial-de-oaxaca-convenio-de-colaboracion\/","url_meta":{"origin":40917,"position":0},"title":"Firman As\u00edLEGAL Y Poder Judicial de Oaxaca convenio de colaboraci\u00f3n.","author":"ariadna","date":"mayo 18, 2020","format":false,"excerpt":"#Redacci\u00f3nOaxaca #Oaxaca El titular del Poder Judicial del Estado, Magistrado Eduardo Pinacho S\u00e1nchez y el Director General de Asistencia Legal por los Derechos Humanos A.C \u201cAsiLEGAL\u201d, Jos\u00e9 Luis Guti\u00e9rrez, realizaron la firma virtual y simb\u00f3lica de un convenio marco de colaboraci\u00f3n, con el objetivo de fortalecer los servicios de administraci\u00f3n\u2026","rel":"","context":"En &quot;Agenda Pol\u00edtica&quot;","block_context":{"text":"Agenda Pol\u00edtica","link":"https:\/\/redaccionoaxaca.com\/index.php\/category\/agenda-politica\/"},"img":{"alt_text":"","src":"","width":0,"height":0},"classes":[]},{"id":28598,"url":"https:\/\/redaccionoaxaca.com\/index.php\/2023\/03\/27\/realiza-poder-judicial-del-estado-mas-de-130-mil-notificaciones-electronicas\/","url_meta":{"origin":40917,"position":1},"title":"Realiza Poder Judicial del Estado m\u00e1s de 130 mil notificaciones electr\u00f3nicas","author":"ariadna","date":"marzo 27, 2023","format":false,"excerpt":"#Redacci\u00f3nOaxaca #Oaxaca El titular del Poder Judicial del Estado, magistrado Eduardo Pinacho S\u00e1nchez inform\u00f3 que a partir de la implementaci\u00f3n de sistemas tecnol\u00f3gicos, a la fecha la instituci\u00f3n ha logrado generar m\u00e1s de 130 mil de notificaciones electr\u00f3nicas correspondientes a diferentes juzgados en el estado, as\u00ed como un importante n\u00famero\u2026","rel":"","context":"En &quot;Agenda Pol\u00edtica&quot;","block_context":{"text":"Agenda Pol\u00edtica","link":"https:\/\/redaccionoaxaca.com\/index.php\/category\/agenda-politica\/"},"img":{"alt_text":"","src":"","width":0,"height":0},"classes":[]},{"id":32148,"url":"https:\/\/redaccionoaxaca.com\/index.php\/2024\/06\/12\/cumple-magistrada-berenice-jimenez-con-espacio-digno-para-juzgados-mixtos-en-puerto-escondido\/","url_meta":{"origin":40917,"position":2},"title":"Cumple magistrada Berenice Jim\u00e9nez con espacio digno para juzgados mixtos en Puerto Escondido","author":"ariadna","date":"junio 12, 2024","format":false,"excerpt":"#Redacci\u00f3nOaxaca #Oaxaca La titular del Poder Judicial del Estado, magistrada Berenice Ram\u00edrez Jim\u00e9nez inaugur\u00f3 las nuevas instalaciones de los Juzgados Primero y Segundo Mixtos de Primera Instancia de Puerto Escondido, como parte de la redignificaci\u00f3n de la infraestructura judicial. En atenci\u00f3n puntual a una solicitud que le plante\u00f3 el personal\u2026","rel":"","context":"En &quot;Agenda Pol\u00edtica&quot;","block_context":{"text":"Agenda Pol\u00edtica","link":"https:\/\/redaccionoaxaca.com\/index.php\/category\/agenda-politica\/"},"img":{"alt_text":"","src":"https:\/\/i0.wp.com\/redaccionoaxaca.com\/wp-content\/uploads\/2024\/06\/FB_IMG_1718218447797-300x179.jpg?resize=350%2C200&ssl=1","width":350,"height":200},"classes":[]},{"id":29963,"url":"https:\/\/redaccionoaxaca.com\/index.php\/2023\/12\/20\/atiende-poder-judicial-de-oaxaca-1173-solicitudes-de-interpretes-traductores\/","url_meta":{"origin":40917,"position":3},"title":"Atiende Poder Judicial de Oaxaca 1,173 solicitudes de int\u00e9rpretes-traductores","author":"ariadna","date":"diciembre 20, 2023","format":false,"excerpt":"#Redacci\u00f3nOaxaca #Oaxaca El Poder Judicial del Estado, a trav\u00e9s de la Direcci\u00f3n de Periciales, recibi\u00f3 durante este a\u00f1o un total de 1,173 solicitudes de int\u00e9rpretes-traductores en lenguas ind\u00edgenas, a las cuales se dio atenci\u00f3n en apoyo tanto a v\u00edctimas como a imputados involucrados en procesos judiciales y con las que\u2026","rel":"","context":"En &quot;Agenda Pol\u00edtica&quot;","block_context":{"text":"Agenda Pol\u00edtica","link":"https:\/\/redaccionoaxaca.com\/index.php\/category\/agenda-politica\/"},"img":{"alt_text":"","src":"","width":0,"height":0},"classes":[]},{"id":32394,"url":"https:\/\/redaccionoaxaca.com\/index.php\/2024\/06\/25\/arranca-poder-judicial-del-estado-ferias-del-dia-naranja-para-la-atencion-directa-de-mujeres-y-prevenir-la-violencia\/","url_meta":{"origin":40917,"position":4},"title":"Arranca Poder Judicial del Estado Ferias del D\u00eda Naranja para la atenci\u00f3n directa de mujeres y prevenir la violencia","author":"ariadna","date":"junio 25, 2024","format":false,"excerpt":"#Redacci\u00f3nOaxaca #Oaxaca Con la premisa de aportar en la construcci\u00f3n de una sociedad m\u00e1s igualitaria, en el marco del D\u00eda Naranja \u2013 que se conmemora el 25 de cada mes-, la titular del Poder Judicial del Estado, magistrada Berenice Ram\u00edrez Jim\u00e9nez inaugur\u00f3 en la sede de los Juzgados Civiles y\u2026","rel":"","context":"En &quot;Al Cierre&quot;","block_context":{"text":"Al Cierre","link":"https:\/\/redaccionoaxaca.com\/index.php\/category\/al-cierre\/"},"img":{"alt_text":"","src":"https:\/\/i0.wp.com\/redaccionoaxaca.com\/wp-content\/uploads\/2024\/06\/FB_IMG_1719369011039-300x200.jpg?resize=350%2C200&ssl=1","width":350,"height":200},"classes":[]},{"id":20525,"url":"https:\/\/redaccionoaxaca.com\/index.php\/2021\/09\/01\/gobernador-de-oaxaca-y-titular-del-poder-judicial-revisan-implementacion-del-sistema-de-justicia-laboral\/","url_meta":{"origin":40917,"position":5},"title":"Gobernador de Oaxaca y titular del Poder Judicial revisan implementaci\u00f3n del Sistema de Justicia Laboral.","author":"ariadna","date":"septiembre 1, 2021","format":false,"excerpt":"#Redacci\u00f3nOaxaca #Oaxaca Ante los retos que lleva consigo la implementaci\u00f3n del nuevo Sistema de Justicia Laboral, el gobernador del Estado, maestro Alejandro Murat Hinojosa y el titular del Poder Judicial, magistrado Eduardo Pinacho S\u00e1nchez, se reunieron con el objetivo de revisar en conjunto temas relacionados para su entrada en vigor\u2026","rel":"","context":"En &quot;Imagen&quot;","block_context":{"text":"Imagen","link":"https:\/\/redaccionoaxaca.com\/index.php\/category\/imagen\/"},"img":{"alt_text":"","src":"https:\/\/i0.wp.com\/redaccionoaxaca.com\/wp-content\/uploads\/2021\/09\/IMG-20210901-WA0008-300x225.jpg?resize=350%2C200&ssl=1","width":350,"height":200},"classes":[]}],"_links":{"self":[{"href":"https:\/\/redaccionoaxaca.com\/index.php\/wp-json\/wp\/v2\/posts\/40917","targetHints":{"allow":["GET"]}}],"collection":[{"href":"https:\/\/redaccionoaxaca.com\/index.php\/wp-json\/wp\/v2\/posts"}],"about":[{"href":"https:\/\/redaccionoaxaca.com\/index.php\/wp-json\/wp\/v2\/types\/post"}],"author":[{"embeddable":true,"href":"https:\/\/redaccionoaxaca.com\/index.php\/wp-json\/wp\/v2\/users\/9"}],"replies":[{"embeddable":true,"href":"https:\/\/redaccionoaxaca.com\/index.php\/wp-json\/wp\/v2\/comments?post=40917"}],"version-history":[{"count":1,"href":"https:\/\/redaccionoaxaca.com\/index.php\/wp-json\/wp\/v2\/posts\/40917\/revisions"}],"predecessor-version":[{"id":40920,"href":"https:\/\/redaccionoaxaca.com\/index.php\/wp-json\/wp\/v2\/posts\/40917\/revisions\/40920"}],"wp:featuredmedia":[{"embeddable":true,"href":"https:\/\/redaccionoaxaca.com\/index.php\/wp-json\/wp\/v2\/media\/40919"}],"wp:attachment":[{"href":"https:\/\/redaccionoaxaca.com\/index.php\/wp-json\/wp\/v2\/media?parent=40917"}],"wp:term":[{"taxonomy":"category","embeddable":true,"href":"https:\/\/redaccionoaxaca.com\/index.php\/wp-json\/wp\/v2\/categories?post=40917"},{"taxonomy":"post_tag","embeddable":true,"href":"https:\/\/redaccionoaxaca.com\/index.php\/wp-json\/wp\/v2\/tags?post=40917"}],"curies":[{"name":"wp","href":"https:\/\/api.w.org\/{rel}","templated":true}]}}