{"id":40921,"date":"2026-03-10T21:56:23","date_gmt":"2026-03-11T03:56:23","guid":{"rendered":"https:\/\/redaccionoaxaca.com\/?p=40921"},"modified":"2026-03-10T21:56:23","modified_gmt":"2026-03-11T03:56:23","slug":"pobladores-de-colotepec-mantienen-bloqueo-en-la-supercarretera-a-la-costa-exigen-llegada-de-maquinaria","status":"publish","type":"post","link":"https:\/\/redaccionoaxaca.com\/index.php\/2026\/03\/10\/pobladores-de-colotepec-mantienen-bloqueo-en-la-supercarretera-a-la-costa-exigen-llegada-de-maquinaria\/","title":{"rendered":"Pobladores de Colotepec mantienen bloqueo en la supercarretera a la Costa; exigen llegada de maquinaria"},"content":{"rendered":"<p><strong>#Redacci\u00f3nOaxaca<\/strong><\/p>\n<p><strong>#Oaxaca<\/strong><\/p>\n<p style=\"text-align: justify;\">La noche de este martes, pobladores de Santa Mar\u00eda Colotepec mantienen cerrado el paso en la supercarretera hacia la Costa de Oaxaca, al asegurar que no permitir\u00e1n la circulaci\u00f3n vehicular hasta que autoridades env\u00eden maquinaria para realizar trabajos en la zona.<\/p>\n<p style=\"text-align: justify;\">De acuerdo con habitantes que participan en la protesta, alrededor de las 20:00 horas reiteraron que el bloqueo continuar\u00e1 de manera indefinida mientras no haya una respuesta concreta a sus demandas.<\/p>\n<p style=\"text-align: justify;\">Con esta acci\u00f3n, la vialidad cumple ya dos d\u00edas consecutivos bloqueada, lo que ha afectado a automovilistas y transportistas que buscan trasladarse entre la capital del estado y la regi\u00f3n de la Costa.<\/p>\n<p style=\"text-align: justify;\">Los manifestantes se\u00f1alaron que la medida de presi\u00f3n se mantendr\u00e1 durante la noche y advirtieron que el paso podr\u00eda reanudarse \u00fanicamente cuando comiencen los trabajos con maquinaria en el tramo se\u00f1alado.<\/p>\n<p><img data-recalc-dims=\"1\" loading=\"lazy\" decoding=\"async\" data-attachment-id=\"40922\" data-permalink=\"https:\/\/redaccionoaxaca.com\/index.php\/2026\/03\/10\/pobladores-de-colotepec-mantienen-bloqueo-en-la-supercarretera-a-la-costa-exigen-llegada-de-maquinaria\/img-20260310-wa0237\/\" data-orig-file=\"https:\/\/i0.wp.com\/redaccionoaxaca.com\/wp-content\/uploads\/2026\/03\/IMG-20260310-WA0237.jpg?fit=968%2C545&amp;ssl=1\" data-orig-size=\"968,545\" data-comments-opened=\"1\" data-image-meta=\"{&quot;aperture&quot;:&quot;0&quot;,&quot;credit&quot;:&quot;&quot;,&quot;camera&quot;:&quot;&quot;,&quot;caption&quot;:&quot;&quot;,&quot;created_timestamp&quot;:&quot;0&quot;,&quot;copyright&quot;:&quot;&quot;,&quot;focal_length&quot;:&quot;0&quot;,&quot;iso&quot;:&quot;0&quot;,&quot;shutter_speed&quot;:&quot;0&quot;,&quot;title&quot;:&quot;&quot;,&quot;orientation&quot;:&quot;0&quot;}\" data-image-title=\"IMG-20260310-WA0237\" data-image-description=\"\" data-image-caption=\"\" data-large-file=\"https:\/\/i0.wp.com\/redaccionoaxaca.com\/wp-content\/uploads\/2026\/03\/IMG-20260310-WA0237.jpg?fit=696%2C392&amp;ssl=1\" class=\"size-medium wp-image-40922 aligncenter\" src=\"https:\/\/i0.wp.com\/redaccionoaxaca.com\/wp-content\/uploads\/2026\/03\/IMG-20260310-WA0237.jpg?resize=300%2C169&#038;ssl=1\" alt=\"\" width=\"300\" height=\"169\" srcset=\"https:\/\/i0.wp.com\/redaccionoaxaca.com\/wp-content\/uploads\/2026\/03\/IMG-20260310-WA0237.jpg?resize=300%2C169&amp;ssl=1 300w, https:\/\/i0.wp.com\/redaccionoaxaca.com\/wp-content\/uploads\/2026\/03\/IMG-20260310-WA0237.jpg?resize=768%2C432&amp;ssl=1 768w, https:\/\/i0.wp.com\/redaccionoaxaca.com\/wp-content\/uploads\/2026\/03\/IMG-20260310-WA0237.jpg?resize=746%2C420&amp;ssl=1 746w, https:\/\/i0.wp.com\/redaccionoaxaca.com\/wp-content\/uploads\/2026\/03\/IMG-20260310-WA0237.jpg?resize=696%2C392&amp;ssl=1 696w, https:\/\/i0.wp.com\/redaccionoaxaca.com\/wp-content\/uploads\/2026\/03\/IMG-20260310-WA0237.jpg?w=968&amp;ssl=1 968w\" sizes=\"auto, (max-width: 300px) 100vw, 300px\" \/><\/p>\n","protected":false},"excerpt":{"rendered":"<p>#Redacci\u00f3nOaxaca #Oaxaca La noche de este martes, pobladores de Santa Mar\u00eda Colotepec mantienen cerrado el paso en la supercarretera hacia la Costa de Oaxaca, al asegurar que no permitir\u00e1n la circulaci\u00f3n vehicular hasta que autoridades env\u00eden maquinaria para realizar trabajos en la zona. De acuerdo con habitantes que participan en la protesta, alrededor de las [&hellip;]<\/p>\n","protected":false},"author":9,"featured_media":40922,"comment_status":"open","ping_status":"open","sticky":false,"template":"","format":"standard","meta":{"jetpack_post_was_ever_published":false,"_jetpack_newsletter_access":"","_jetpack_dont_email_post_to_subs":false,"_jetpack_newsletter_tier_id":0,"_jetpack_memberships_contains_paywalled_content":false,"_jetpack_memberships_contains_paid_content":false,"footnotes":"","jetpack_publicize_message":"","jetpack_publicize_feature_enabled":true,"jetpack_social_post_already_shared":true,"jetpack_social_options":{"image_generator_settings":{"template":"highway","default_image_id":0,"font":"","enabled":false},"version":2}},"categories":[7,5,6],"tags":[],"class_list":{"0":"post-40921","1":"post","2":"type-post","3":"status-publish","4":"format-standard","5":"has-post-thumbnail","7":"category-al-cierre","8":"category-imagen","9":"category-tendencias"},"jetpack_publicize_connections":[],"jetpack_featured_media_url":"https:\/\/i0.wp.com\/redaccionoaxaca.com\/wp-content\/uploads\/2026\/03\/IMG-20260310-WA0237.jpg?fit=968%2C545&ssl=1","jetpack_sharing_enabled":true,"jetpack_shortlink":"https:\/\/wp.me\/p9Ynjw-aE1","jetpack-related-posts":[{"id":40892,"url":"https:\/\/redaccionoaxaca.com\/index.php\/2026\/03\/09\/bloquean-comunidades-la-supercarretera-barranca-larga-ventanilla-capufe-reporta-cierre-total\/","url_meta":{"origin":40921,"position":0},"title":"Bloquean comunidades la supercarretera Barranca Larga\u2013Ventanilla; CAPUFE reporta cierre total","author":"ariadna","date":"marzo 9, 2026","format":false,"excerpt":"#Redacci\u00f3nOaxaca #Oaxaca La autopista Barranca Larga\u2013Ventanilla fue cerrada totalmente a la circulaci\u00f3n la ma\u00f1ana de este lunes, luego de que habitantes de 72 comunidades de Santa Mar\u00eda Colotepec iniciaran un bloqueo en protesta contra Caminos y Puentes Federales (CAPUFE). De acuerdo con el aviso emitido por CAPUFE, el cierre se\u2026","rel":"","context":"En &quot;Agenda Pol\u00edtica&quot;","block_context":{"text":"Agenda Pol\u00edtica","link":"https:\/\/redaccionoaxaca.com\/index.php\/category\/agenda-politica\/"},"img":{"alt_text":"","src":"https:\/\/i0.wp.com\/redaccionoaxaca.com\/wp-content\/uploads\/2026\/03\/InShot_20260309_080409714.jpg?fit=1200%2C601&ssl=1&resize=350%2C200","width":350,"height":200,"srcset":"https:\/\/i0.wp.com\/redaccionoaxaca.com\/wp-content\/uploads\/2026\/03\/InShot_20260309_080409714.jpg?fit=1200%2C601&ssl=1&resize=350%2C200 1x, https:\/\/i0.wp.com\/redaccionoaxaca.com\/wp-content\/uploads\/2026\/03\/InShot_20260309_080409714.jpg?fit=1200%2C601&ssl=1&resize=525%2C300 1.5x, https:\/\/i0.wp.com\/redaccionoaxaca.com\/wp-content\/uploads\/2026\/03\/InShot_20260309_080409714.jpg?fit=1200%2C601&ssl=1&resize=700%2C400 2x, https:\/\/i0.wp.com\/redaccionoaxaca.com\/wp-content\/uploads\/2026\/03\/InShot_20260309_080409714.jpg?fit=1200%2C601&ssl=1&resize=1050%2C600 3x"},"classes":[]},{"id":40924,"url":"https:\/\/redaccionoaxaca.com\/index.php\/2026\/03\/11\/fgr-abre-carpeta-de-investigacion-contra-autoridades-de-colotepec-por-retencion-de-funcionarios-federales-y-bloqueo-de-autopista-pese-a-repuestas\/","url_meta":{"origin":40921,"position":1},"title":"FGR abre carpeta de investigaci\u00f3n contra autoridades de Colotepec por retenci\u00f3n de funcionarios federales y bloqueo de autopista, pese a repuestas","author":"ariadna","date":"marzo 11, 2026","format":false,"excerpt":"#Redacci\u00f3nOaxaca #Oaxaca #JaimeGUERRERO El presidente municipal de Santa Mar\u00eda Colotepec, Rom\u00e1n Valencia Ramos, y el presidente del Comisariado de Bienes Comunales, Jos\u00e9 Garc\u00eda Salinas, junto con pobladores, retienen desde este martes al delegado de la Secretar\u00eda de Infraestructura, Comunicaciones y Transportes (SICT) en Oaxaca y a la representante de Caminos\u2026","rel":"","context":"En &quot;Agenda Pol\u00edtica&quot;","block_context":{"text":"Agenda Pol\u00edtica","link":"https:\/\/redaccionoaxaca.com\/index.php\/category\/agenda-politica\/"},"img":{"alt_text":"","src":"https:\/\/i0.wp.com\/redaccionoaxaca.com\/wp-content\/uploads\/2026\/03\/Screenshot_20260311_090031_WhatsApp-scaled.jpg?fit=1200%2C645&ssl=1&resize=350%2C200","width":350,"height":200,"srcset":"https:\/\/i0.wp.com\/redaccionoaxaca.com\/wp-content\/uploads\/2026\/03\/Screenshot_20260311_090031_WhatsApp-scaled.jpg?fit=1200%2C645&ssl=1&resize=350%2C200 1x, https:\/\/i0.wp.com\/redaccionoaxaca.com\/wp-content\/uploads\/2026\/03\/Screenshot_20260311_090031_WhatsApp-scaled.jpg?fit=1200%2C645&ssl=1&resize=525%2C300 1.5x, https:\/\/i0.wp.com\/redaccionoaxaca.com\/wp-content\/uploads\/2026\/03\/Screenshot_20260311_090031_WhatsApp-scaled.jpg?fit=1200%2C645&ssl=1&resize=700%2C400 2x, https:\/\/i0.wp.com\/redaccionoaxaca.com\/wp-content\/uploads\/2026\/03\/Screenshot_20260311_090031_WhatsApp-scaled.jpg?fit=1200%2C645&ssl=1&resize=1050%2C600 3x"},"classes":[]},{"id":18588,"url":"https:\/\/redaccionoaxaca.com\/index.php\/2021\/04\/27\/alejandro-murat-llego-esta-tarde-al-punto-del-bloqueo-que-mantienen-las-autoridades-municipales-y-agrarias-de-santa-maria-colotepec-en-puerto-escondido\/","url_meta":{"origin":40921,"position":2},"title":"Alejandro Murat, lleg\u00f3 esta tarde al punto del bloqueo que mantienen las autoridades municipales  y agrarias de Santa Mar\u00eda Colotepec en Puerto Escondido","author":"denise","date":"abril 27, 2021","format":false,"excerpt":"#AlMomento #Redacci\u00f3nOaxaca El gobernador de Oaxaca, Alejandro Murat, lleg\u00f3 esta tarde al punto del bloqueo que mantienen las autoridades municipales y agrarias de Santa Mar\u00eda Colotepec en Puerto Escondido. El mandatario estatal habl\u00f3 ayer por tel\u00e9fono con el presidente Carmelo Cruz y como lo ofreci\u00f3, esta tarde lleg\u00f3 y encabeza\u2026","rel":"","context":"Entrada similar ","block_context":{"text":"Entrada similar ","link":""},"img":{"alt_text":"","src":"https:\/\/i0.wp.com\/redaccionoaxaca.com\/wp-content\/uploads\/2021\/04\/WhatsApp-Image-2021-04-27-at-18.28.58-3-300x170.jpeg?resize=350%2C200","width":350,"height":200},"classes":[]},{"id":353,"url":"https:\/\/redaccionoaxaca.com\/index.php\/2018\/06\/14\/pobladores-de-san-jose-obrero-paso-ancho-mantienen-bloqueada-la-carretera-que-conduce-a-la-costa-oaxaquena\/","url_meta":{"origin":40921,"position":3},"title":"Pobladores de San Jos\u00e9 Obrero Paso Ancho, mantienen bloqueada la carretera que conduce a la costa oaxaque\u00f1a.","author":"gaby","date":"junio 14, 2018","format":false,"excerpt":"#Redacci\u00f3nOaxaca #Oaxaca Alrededor de 150 personas de la comunidad, San Jos\u00e9 Obrero Paso Ancho, Sola de Vega mantienen bloqueada la carretera de la Sierra Sur que comunica con la Costa de Oaxaca, ya que exigen mayor seguridad en dicha comunidad derivado del conflicto agrario que mantienen con San Vicente Coatl\u00e1n.\u2026","rel":"","context":"Entrada similar ","block_context":{"text":"Entrada similar ","link":""},"img":{"alt_text":"","src":"https:\/\/i0.wp.com\/redaccionoaxaca.com\/wp-content\/uploads\/2018\/06\/WhatsApp-Image-2018-06-14-at-6.55.04-PM-1.jpeg?resize=350%2C200","width":350,"height":200},"classes":[]},{"id":40970,"url":"https:\/\/redaccionoaxaca.com\/index.php\/2026\/03\/13\/acuerdos-de-mantenimiento-y-pavimentacion-ponen-fin-al-bloqueo-de-cuatro-dias-en-la-autopista-barranca-larga-ventanilla\/","url_meta":{"origin":40921,"position":4},"title":"Acuerdos de mantenimiento y pavimentaci\u00f3n ponen fin al bloqueo de cuatro d\u00edas en la autopista Barranca Larga\u2013Ventanilla","author":"ariadna","date":"marzo 13, 2026","format":false,"excerpt":"#Redacci\u00f3nOaxaca #Oaxaca #JaimeGUERRERO La autopista Barranca Larga\u2013Ventanilla y la Plaza de Cobro Ventanilla quedaron liberadas este jueves luego de que el gobierno estatal, federal y representantes de Santa Mar\u00eda Colotepec alcanzaron acuerdos de mantenimiento y pavimentaci\u00f3n carretera. La mesa de di\u00e1logo encabezada por el Secretario de Gobierno, Jes\u00fas Romero L\u00f3pez\u2026","rel":"","context":"En &quot;Agenda Pol\u00edtica&quot;","block_context":{"text":"Agenda Pol\u00edtica","link":"https:\/\/redaccionoaxaca.com\/index.php\/category\/agenda-politica\/"},"img":{"alt_text":"","src":"https:\/\/i0.wp.com\/redaccionoaxaca.com\/wp-content\/uploads\/2026\/03\/IMG-20260312-WA0263.jpg?fit=1200%2C900&ssl=1&resize=350%2C200","width":350,"height":200,"srcset":"https:\/\/i0.wp.com\/redaccionoaxaca.com\/wp-content\/uploads\/2026\/03\/IMG-20260312-WA0263.jpg?fit=1200%2C900&ssl=1&resize=350%2C200 1x, https:\/\/i0.wp.com\/redaccionoaxaca.com\/wp-content\/uploads\/2026\/03\/IMG-20260312-WA0263.jpg?fit=1200%2C900&ssl=1&resize=525%2C300 1.5x, https:\/\/i0.wp.com\/redaccionoaxaca.com\/wp-content\/uploads\/2026\/03\/IMG-20260312-WA0263.jpg?fit=1200%2C900&ssl=1&resize=700%2C400 2x, https:\/\/i0.wp.com\/redaccionoaxaca.com\/wp-content\/uploads\/2026\/03\/IMG-20260312-WA0263.jpg?fit=1200%2C900&ssl=1&resize=1050%2C600 3x"},"classes":[]},{"id":18607,"url":"https:\/\/redaccionoaxaca.com\/index.php\/2021\/04\/27\/termino-el-bloqueo-de-colotepec-murat-propone-la-paz-definitiva\/","url_meta":{"origin":40921,"position":5},"title":"TERMIN\u00d3 EL BLOQUEO DE COLOTEPEC;  MURAT PROPONE LA PAZ DEFINITIVA","author":"denise","date":"abril 27, 2021","format":"video","excerpt":"#Redacci\u00f3nOaxaca *Con informaci\u00f3n y videos de Reyna Ru\u00edz. Al t\u00e9rmino de la reuni\u00f3n de trabajo que dur\u00f3 apenas una hora, el gobernador de Oaxaca, Alejandro Murat y las autoridades municipales y agrarias de Santa Mar\u00eda Colotepec acordaron que se retirara el bloqueo de carretera y la b\u00fasqueda de un acuerdo\u2026","rel":"","context":"Entrada similar ","block_context":{"text":"Entrada similar ","link":""},"img":{"alt_text":"","src":"","width":0,"height":0},"classes":[]}],"_links":{"self":[{"href":"https:\/\/redaccionoaxaca.com\/index.php\/wp-json\/wp\/v2\/posts\/40921","targetHints":{"allow":["GET"]}}],"collection":[{"href":"https:\/\/redaccionoaxaca.com\/index.php\/wp-json\/wp\/v2\/posts"}],"about":[{"href":"https:\/\/redaccionoaxaca.com\/index.php\/wp-json\/wp\/v2\/types\/post"}],"author":[{"embeddable":true,"href":"https:\/\/redaccionoaxaca.com\/index.php\/wp-json\/wp\/v2\/users\/9"}],"replies":[{"embeddable":true,"href":"https:\/\/redaccionoaxaca.com\/index.php\/wp-json\/wp\/v2\/comments?post=40921"}],"version-history":[{"count":1,"href":"https:\/\/redaccionoaxaca.com\/index.php\/wp-json\/wp\/v2\/posts\/40921\/revisions"}],"predecessor-version":[{"id":40923,"href":"https:\/\/redaccionoaxaca.com\/index.php\/wp-json\/wp\/v2\/posts\/40921\/revisions\/40923"}],"wp:featuredmedia":[{"embeddable":true,"href":"https:\/\/redaccionoaxaca.com\/index.php\/wp-json\/wp\/v2\/media\/40922"}],"wp:attachment":[{"href":"https:\/\/redaccionoaxaca.com\/index.php\/wp-json\/wp\/v2\/media?parent=40921"}],"wp:term":[{"taxonomy":"category","embeddable":true,"href":"https:\/\/redaccionoaxaca.com\/index.php\/wp-json\/wp\/v2\/categories?post=40921"},{"taxonomy":"post_tag","embeddable":true,"href":"https:\/\/redaccionoaxaca.com\/index.php\/wp-json\/wp\/v2\/tags?post=40921"}],"curies":[{"name":"wp","href":"https:\/\/api.w.org\/{rel}","templated":true}]}}