{"id":40924,"date":"2026-03-11T09:04:37","date_gmt":"2026-03-11T15:04:37","guid":{"rendered":"https:\/\/redaccionoaxaca.com\/?p=40924"},"modified":"2026-03-11T09:04:37","modified_gmt":"2026-03-11T15:04:37","slug":"fgr-abre-carpeta-de-investigacion-contra-autoridades-de-colotepec-por-retencion-de-funcionarios-federales-y-bloqueo-de-autopista-pese-a-repuestas","status":"publish","type":"post","link":"https:\/\/redaccionoaxaca.com\/index.php\/2026\/03\/11\/fgr-abre-carpeta-de-investigacion-contra-autoridades-de-colotepec-por-retencion-de-funcionarios-federales-y-bloqueo-de-autopista-pese-a-repuestas\/","title":{"rendered":"FGR abre carpeta de investigaci\u00f3n contra autoridades de Colotepec por retenci\u00f3n de funcionarios federales y bloqueo de autopista, pese a repuestas"},"content":{"rendered":"<p><strong>#Redacci\u00f3nOaxaca<\/strong><\/p>\n<p><strong>#Oaxaca<\/strong><\/p>\n<p><strong>#JaimeGUERRERO<\/strong><\/p>\n<p style=\"text-align: justify;\">El presidente municipal de Santa Mar\u00eda Colotepec, Rom\u00e1n Valencia Ramos, y el presidente del Comisariado de Bienes Comunales, Jos\u00e9 Garc\u00eda Salinas, junto con pobladores, retienen desde este martes al delegado de la Secretar\u00eda de Infraestructura, Comunicaciones y Transportes (SICT) en Oaxaca y a la representante de Caminos y Puentes Federales (CAPUFE) en la regi\u00f3n, mientras mantienen bloqueada la autopista Barranca Larga-Ventanilla.<\/p>\n<p style=\"text-align: justify;\">La medida de presi\u00f3n, capricho y chantaje es para exigir el inicio inmediato de la construcci\u00f3n de cerca de 19 kil\u00f3metros de caminos artesanales, con un costo superior a los 100 millones de pesos, confirmaron autoridades federales.<\/p>\n<p style=\"text-align: justify;\">Por lo pronto, la Fiscal\u00eda General de la Rep\u00fablica (FGR) ya integr\u00f3 carpeta de investigaci\u00f3n en su contra; se identifican al menos cinco delitos configurados.<\/p>\n<p style=\"text-align: justify;\">Ambas autoridades condicionan la liberaci\u00f3n de los funcionarios a que las m\u00e1quinas inicien trabajos este mi\u00e9rcoles.<\/p>\n<p style=\"text-align: justify;\">A los retenidos se les niega acceso a agua y alimentos. Pese a que la SICT ya firm\u00f3 un acuerdo de compromisos con las comunidades, Valencia Ramos y Garc\u00eda Salinas rechazan cualquier negociaci\u00f3n que no garantice de forma inmediata y material el arranque de obras.<\/p>\n<p style=\"text-align: justify;\">Entre los delitos que se configuran figura el bloqueo a v\u00edas generales de comunicaci\u00f3n, tipificado en el art\u00edculo 533 de la Ley de V\u00edas Generales de Comunicaci\u00f3n, que establece penas de tres meses a siete a\u00f1os de prisi\u00f3n y multas de 100 a 500 Unidades de Medida y Actualizaci\u00f3n (UMAs).<\/p>\n<p style=\"text-align: justify;\">Los compromisos firmados<\/p>\n<p style=\"text-align: justify;\">El acuerdo suscrito por Gilberto Hern\u00e1ndez Morales, director general del Centro SICT Oaxaca, plantea seis compromisos: pavimentaci\u00f3n con carpeta asf\u00e1ltica de 850 metros entre Tecomate y Piedras Negras.<\/p>\n<p style=\"text-align: justify;\">La construcci\u00f3n de tres kil\u00f3metros de camino artesanal entre Piedras Negras y Ventanilla, con continuidad en a\u00f1os posteriores hasta completar los 18.4 kil\u00f3metros restantes.<\/p>\n<p style=\"text-align: justify;\">Tambi\u00e9n la habilitaci\u00f3n de pasos ganaderos entre El Camalote y Los Figueroa sobre la autopista; mantenimiento de la v\u00eda; estudio y proyecto de un puente de 12 metros sobre el arroyo Piedras NegrasD<\/p>\n<p style=\"text-align: justify;\">Asimismo, una mesa de di\u00e1logo en un plazo de dos a tres semanas. El documento tiene como destinatarios en copia al subsecretario de Infraestructuras Juan Carlos Fuentes Orrala y a las direcciones generales de Carreteras y de Carreteras Rurales y Artesanales, en Ciudad de M\u00e9xico.<\/p>\n<p style=\"text-align: justify;\">El bloqueo fue acordado en asamblea general con la participaci\u00f3n de delegados municipales, el gobierno municipal y el Comisariado de Bienes Comunales, ante el incumplimiento de diversos compromisos contra\u00eddos durante la construcci\u00f3n de la autopista.<\/p>\n<p style=\"text-align: justify;\">Entre las demandas que han hecho medi\u00e1ticas esta la negativa de CAPUFE a aceptar cartas de residencia expedidas por los municipios donde atraviesa la v\u00eda, el deterioro de la supercarretera y la falta de pavimentaci\u00f3n de los caminos laterales que conectan con las comunidades aleda\u00f1as.<\/p>\n<p style=\"text-align: justify;\">Otro punto de inconformidad es el compromiso que, seg\u00fan los manifestantes, hizo el entonces presidente Andr\u00e9s Manuel L\u00f3pez Obrador hace dos a\u00f1os, de permitir a los habitantes de las comunidades cercanas transitar por la autopista sin pagar peaje mediante cartas de residencia, acuerdo que aseguran no se ha cumplido.<\/p>\n<p style=\"text-align: justify;\">La autopista Oaxaca-Costa, en su tramo Barranca Larga-Ventanilla, tiene una longitud de 104.3 kil\u00f3metros y atraviesa municipios como Ejutla de Crespo, Miahuatl\u00e1n de Porfirio D\u00edaz, San Vicente Coatl\u00e1n, San Pablo Coatl\u00e1n, San Sebasti\u00e1n Coatl\u00e1n y Santa Mar\u00eda Colotepec, entre otras comunidades.<\/p>\n<p style=\"text-align: justify;\">La obra fue dise\u00f1ada para reducir el tiempo de traslado entre la capital oaxaque\u00f1a y los destinos tur\u00edsticos de Bah\u00edas de Huatulco y Puerto Escondido de seis horas a dos y media.<\/p>\n<p style=\"text-align: justify;\">Con el bloqueo activo, ese trayecto vuelve a presentar retrasos de hasta seis horas por el uso de rutas alternas.<\/p>\n<p style=\"text-align: justify;\">La administraci\u00f3n estatal inform\u00f3 que ha coadyuvado en la instalaci\u00f3n de mesas de di\u00e1logo con la SICT y CAPUFE, y que el gobierno federal ya autoriz\u00f3 la construcci\u00f3n de un entronque en San Sebasti\u00e1n Coatl\u00e1n con un valor de 350 millones de pesos, actualmente en proceso de licitaci\u00f3n.<\/p>\n<p style=\"text-align: justify;\">No obstante, ese avance no ha sido suficiente para distender el conflicto en Santa Mar\u00eda Colotepec.<\/p>\n<div style=\"width: 696px;\" class=\"wp-video\"><video class=\"wp-video-shortcode\" id=\"video-40924-1\" width=\"696\" height=\"1036\" preload=\"metadata\" controls=\"controls\"><source type=\"video\/mp4\" src=\"https:\/\/redaccionoaxaca.com\/wp-content\/uploads\/2026\/03\/InShot_20260311_084623380.mp4?_=1\" \/><a href=\"https:\/\/redaccionoaxaca.com\/wp-content\/uploads\/2026\/03\/InShot_20260311_084623380.mp4\">https:\/\/redaccionoaxaca.com\/wp-content\/uploads\/2026\/03\/InShot_20260311_084623380.mp4<\/a><\/video><\/div>\n","protected":false},"excerpt":{"rendered":"<p>#Redacci\u00f3nOaxaca #Oaxaca #JaimeGUERRERO El presidente municipal de Santa Mar\u00eda Colotepec, Rom\u00e1n Valencia Ramos, y el presidente del Comisariado de Bienes Comunales, Jos\u00e9 Garc\u00eda Salinas, junto con pobladores, retienen desde este martes al delegado de la Secretar\u00eda de Infraestructura, Comunicaciones y Transportes (SICT) en Oaxaca y a la representante de Caminos y Puentes Federales (CAPUFE) en [&hellip;]<\/p>\n","protected":false},"author":9,"featured_media":40926,"comment_status":"open","ping_status":"open","sticky":false,"template":"","format":"standard","meta":{"jetpack_post_was_ever_published":false,"_jetpack_newsletter_access":"","_jetpack_dont_email_post_to_subs":false,"_jetpack_newsletter_tier_id":0,"_jetpack_memberships_contains_paywalled_content":false,"_jetpack_memberships_contains_paid_content":false,"footnotes":"","jetpack_publicize_message":"","jetpack_publicize_feature_enabled":true,"jetpack_social_post_already_shared":true,"jetpack_social_options":{"image_generator_settings":{"template":"highway","default_image_id":0,"font":"","enabled":false},"version":2}},"categories":[4,3,6],"tags":[],"class_list":{"0":"post-40924","1":"post","2":"type-post","3":"status-publish","4":"format-standard","5":"has-post-thumbnail","7":"category-agenda-politica","8":"category-mesa-de-redaccion","9":"category-tendencias"},"jetpack_publicize_connections":[],"jetpack_featured_media_url":"https:\/\/i0.wp.com\/redaccionoaxaca.com\/wp-content\/uploads\/2026\/03\/Screenshot_20260311_090031_WhatsApp-scaled.jpg?fit=2560%2C1375&ssl=1","jetpack_sharing_enabled":true,"jetpack_shortlink":"https:\/\/wp.me\/p9Ynjw-aE4","jetpack-related-posts":[{"id":40970,"url":"https:\/\/redaccionoaxaca.com\/index.php\/2026\/03\/13\/acuerdos-de-mantenimiento-y-pavimentacion-ponen-fin-al-bloqueo-de-cuatro-dias-en-la-autopista-barranca-larga-ventanilla\/","url_meta":{"origin":40924,"position":0},"title":"Acuerdos de mantenimiento y pavimentaci\u00f3n ponen fin al bloqueo de cuatro d\u00edas en la autopista Barranca Larga\u2013Ventanilla","author":"ariadna","date":"marzo 13, 2026","format":false,"excerpt":"#Redacci\u00f3nOaxaca #Oaxaca #JaimeGUERRERO La autopista Barranca Larga\u2013Ventanilla y la Plaza de Cobro Ventanilla quedaron liberadas este jueves luego de que el gobierno estatal, federal y representantes de Santa Mar\u00eda Colotepec alcanzaron acuerdos de mantenimiento y pavimentaci\u00f3n carretera. La mesa de di\u00e1logo encabezada por el Secretario de Gobierno, Jes\u00fas Romero L\u00f3pez\u2026","rel":"","context":"En &quot;Agenda Pol\u00edtica&quot;","block_context":{"text":"Agenda Pol\u00edtica","link":"https:\/\/redaccionoaxaca.com\/index.php\/category\/agenda-politica\/"},"img":{"alt_text":"","src":"https:\/\/i0.wp.com\/redaccionoaxaca.com\/wp-content\/uploads\/2026\/03\/IMG-20260312-WA0263.jpg?fit=1200%2C900&ssl=1&resize=350%2C200","width":350,"height":200,"srcset":"https:\/\/i0.wp.com\/redaccionoaxaca.com\/wp-content\/uploads\/2026\/03\/IMG-20260312-WA0263.jpg?fit=1200%2C900&ssl=1&resize=350%2C200 1x, https:\/\/i0.wp.com\/redaccionoaxaca.com\/wp-content\/uploads\/2026\/03\/IMG-20260312-WA0263.jpg?fit=1200%2C900&ssl=1&resize=525%2C300 1.5x, https:\/\/i0.wp.com\/redaccionoaxaca.com\/wp-content\/uploads\/2026\/03\/IMG-20260312-WA0263.jpg?fit=1200%2C900&ssl=1&resize=700%2C400 2x, https:\/\/i0.wp.com\/redaccionoaxaca.com\/wp-content\/uploads\/2026\/03\/IMG-20260312-WA0263.jpg?fit=1200%2C900&ssl=1&resize=1050%2C600 3x"},"classes":[]},{"id":40892,"url":"https:\/\/redaccionoaxaca.com\/index.php\/2026\/03\/09\/bloquean-comunidades-la-supercarretera-barranca-larga-ventanilla-capufe-reporta-cierre-total\/","url_meta":{"origin":40924,"position":1},"title":"Bloquean comunidades la supercarretera Barranca Larga\u2013Ventanilla; CAPUFE reporta cierre total","author":"ariadna","date":"marzo 9, 2026","format":false,"excerpt":"#Redacci\u00f3nOaxaca #Oaxaca La autopista Barranca Larga\u2013Ventanilla fue cerrada totalmente a la circulaci\u00f3n la ma\u00f1ana de este lunes, luego de que habitantes de 72 comunidades de Santa Mar\u00eda Colotepec iniciaran un bloqueo en protesta contra Caminos y Puentes Federales (CAPUFE). De acuerdo con el aviso emitido por CAPUFE, el cierre se\u2026","rel":"","context":"En &quot;Agenda Pol\u00edtica&quot;","block_context":{"text":"Agenda Pol\u00edtica","link":"https:\/\/redaccionoaxaca.com\/index.php\/category\/agenda-politica\/"},"img":{"alt_text":"","src":"https:\/\/i0.wp.com\/redaccionoaxaca.com\/wp-content\/uploads\/2026\/03\/InShot_20260309_080409714.jpg?fit=1200%2C601&ssl=1&resize=350%2C200","width":350,"height":200,"srcset":"https:\/\/i0.wp.com\/redaccionoaxaca.com\/wp-content\/uploads\/2026\/03\/InShot_20260309_080409714.jpg?fit=1200%2C601&ssl=1&resize=350%2C200 1x, https:\/\/i0.wp.com\/redaccionoaxaca.com\/wp-content\/uploads\/2026\/03\/InShot_20260309_080409714.jpg?fit=1200%2C601&ssl=1&resize=525%2C300 1.5x, https:\/\/i0.wp.com\/redaccionoaxaca.com\/wp-content\/uploads\/2026\/03\/InShot_20260309_080409714.jpg?fit=1200%2C601&ssl=1&resize=700%2C400 2x, https:\/\/i0.wp.com\/redaccionoaxaca.com\/wp-content\/uploads\/2026\/03\/InShot_20260309_080409714.jpg?fit=1200%2C601&ssl=1&resize=1050%2C600 3x"},"classes":[]},{"id":40830,"url":"https:\/\/redaccionoaxaca.com\/index.php\/2026\/03\/04\/congreso-local-exhorta-a-diversas-autoridades-a-garantizar-el-transito-seguro-en-la-autopista-barranca-larga-ventanilla\/","url_meta":{"origin":40924,"position":2},"title":"Congreso local exhorta a diversas autoridades a garantizar el tr\u00e1nsito seguro en la autopista Barranca Larga\u2013Ventanilla","author":"ariadna","date":"marzo 4, 2026","format":false,"excerpt":"#Redacci\u00f3nOaxaca #Oaxaca * Se busca garantizar una movilidad eficiente y vialidades en \u00f3ptimas condiciones San Raymundo Jalpan, Oax., a 04 de marzo de 2026.- Con el objetivo de garantizar el tr\u00e1nsito seguro de conductores y pasajeros, en Sesi\u00f3n Ordinaria las y los diputados de la Comisi\u00f3n Permanente de Infraestructura y\u2026","rel":"","context":"En &quot;Agenda Pol\u00edtica&quot;","block_context":{"text":"Agenda Pol\u00edtica","link":"https:\/\/redaccionoaxaca.com\/index.php\/category\/agenda-politica\/"},"img":{"alt_text":"","src":"https:\/\/i0.wp.com\/redaccionoaxaca.com\/wp-content\/uploads\/2026\/03\/Screenshot_20260304_193047_Facebook-scaled.jpg?fit=1200%2C808&ssl=1&resize=350%2C200","width":350,"height":200,"srcset":"https:\/\/i0.wp.com\/redaccionoaxaca.com\/wp-content\/uploads\/2026\/03\/Screenshot_20260304_193047_Facebook-scaled.jpg?fit=1200%2C808&ssl=1&resize=350%2C200 1x, https:\/\/i0.wp.com\/redaccionoaxaca.com\/wp-content\/uploads\/2026\/03\/Screenshot_20260304_193047_Facebook-scaled.jpg?fit=1200%2C808&ssl=1&resize=525%2C300 1.5x, https:\/\/i0.wp.com\/redaccionoaxaca.com\/wp-content\/uploads\/2026\/03\/Screenshot_20260304_193047_Facebook-scaled.jpg?fit=1200%2C808&ssl=1&resize=700%2C400 2x, https:\/\/i0.wp.com\/redaccionoaxaca.com\/wp-content\/uploads\/2026\/03\/Screenshot_20260304_193047_Facebook-scaled.jpg?fit=1200%2C808&ssl=1&resize=1050%2C600 3x"},"classes":[]},{"id":41018,"url":"https:\/\/redaccionoaxaca.com\/index.php\/2026\/03\/16\/gobierno-presenta-5-denuncias-por-cobrar-ilegalmente-hasta-400-pesos-en-tomas-de-caseta-de-barranca-larga-ventanilla\/","url_meta":{"origin":40924,"position":3},"title":"Gobierno presenta 5 denuncias por cobrar ilegalmente hasta 400 pesos en tomas de caseta de Barranca Larga\u2013Ventanilla","author":"ariadna","date":"marzo 16, 2026","format":false,"excerpt":"#Redacci\u00f3nOaxaca #Oaxaca #JaimeGUERRERO El gobierno federal interpuso cinco denuncias penales contra integrantes de organizaciones sociales que bloquearon las casetas de la autopista Barranca Larga\u2013Ventanilla y cobraron a los automovilistas hasta 400 pesos por permitirles el paso \u2014por encima del costo oficial de peaje\u2014, inform\u00f3 el secretario de Gobierno, Jes\u00fas Romero\u2026","rel":"","context":"En &quot;Al Cierre&quot;","block_context":{"text":"Al Cierre","link":"https:\/\/redaccionoaxaca.com\/index.php\/category\/al-cierre\/"},"img":{"alt_text":"","src":"https:\/\/i0.wp.com\/redaccionoaxaca.com\/wp-content\/uploads\/2026\/03\/images-53.jpeg?fit=772%2C397&ssl=1&resize=350%2C200","width":350,"height":200,"srcset":"https:\/\/i0.wp.com\/redaccionoaxaca.com\/wp-content\/uploads\/2026\/03\/images-53.jpeg?fit=772%2C397&ssl=1&resize=350%2C200 1x, https:\/\/i0.wp.com\/redaccionoaxaca.com\/wp-content\/uploads\/2026\/03\/images-53.jpeg?fit=772%2C397&ssl=1&resize=525%2C300 1.5x, https:\/\/i0.wp.com\/redaccionoaxaca.com\/wp-content\/uploads\/2026\/03\/images-53.jpeg?fit=772%2C397&ssl=1&resize=700%2C400 2x"},"classes":[]},{"id":7948,"url":"https:\/\/redaccionoaxaca.com\/index.php\/2019\/08\/12\/la-segego-no-puede-cumplir-comprimisos-o-contener-las-protestas\/","url_meta":{"origin":40924,"position":4},"title":"LA SEGEGO NO PUEDE CUMPLIR COMPRIMISOS O CONTENER LAS PROTESTAS.","author":"humberto","date":"agosto 12, 2019","format":"video","excerpt":"#Redacci\u00f3nOaxaca #Oaxaca Los conflictos socio-pol\u00edtico- lim\u00edtrofes entre Juquila- Yaitepec y Colotepec - Mixtepec que atend\u00eda la Secretar\u00eda General de Gobierno se reactivaron en la regi\u00f3n de la Costa. M\u00e1s de 800 habitantes de #Yaitepec, armados con palos y machetes se apoderaron del paraje conocido como el \"Pedimento\" que forma parte\u2026","rel":"","context":"Entrada similar ","block_context":{"text":"Entrada similar ","link":""},"img":{"alt_text":"","src":"","width":0,"height":0},"classes":[]},{"id":28101,"url":"https:\/\/redaccionoaxaca.com\/index.php\/2022\/10\/03\/amlo-ofrecio-recursos-a-san-vicente-coatlan-y-sola-de-vega-para-dirimir-conflicto-agrario-y-culminar-autopista-a-la-costa\/","url_meta":{"origin":40924,"position":5},"title":"AMLO ofreci\u00f3 recursos a San Vicente Coatl\u00e1n y Sola de Vega  para dirimir conflicto agrario y culminar autopista a la Costa","author":"ariadna","date":"octubre 3, 2022","format":false,"excerpt":"#Redacci\u00f3nOaxaca #Oaxaca Jaime GUERRERO El Gobernador del Estado, Alejandro Murat Hinojosa, inform\u00f3 para concluir la autopista a la Costa, se mantiene el di\u00e1logo con San Vicente Coatl\u00e1n y Sola de Vega para dirimir el conflicto agrario entre ambas comunidades que mantiene varados algunos trabajos. Por lo pronto, el presidente, Andr\u00e9s\u2026","rel":"","context":"En &quot;Imagen&quot;","block_context":{"text":"Imagen","link":"https:\/\/redaccionoaxaca.com\/index.php\/category\/imagen\/"},"img":{"alt_text":"","src":"","width":0,"height":0},"classes":[]}],"_links":{"self":[{"href":"https:\/\/redaccionoaxaca.com\/index.php\/wp-json\/wp\/v2\/posts\/40924","targetHints":{"allow":["GET"]}}],"collection":[{"href":"https:\/\/redaccionoaxaca.com\/index.php\/wp-json\/wp\/v2\/posts"}],"about":[{"href":"https:\/\/redaccionoaxaca.com\/index.php\/wp-json\/wp\/v2\/types\/post"}],"author":[{"embeddable":true,"href":"https:\/\/redaccionoaxaca.com\/index.php\/wp-json\/wp\/v2\/users\/9"}],"replies":[{"embeddable":true,"href":"https:\/\/redaccionoaxaca.com\/index.php\/wp-json\/wp\/v2\/comments?post=40924"}],"version-history":[{"count":1,"href":"https:\/\/redaccionoaxaca.com\/index.php\/wp-json\/wp\/v2\/posts\/40924\/revisions"}],"predecessor-version":[{"id":40927,"href":"https:\/\/redaccionoaxaca.com\/index.php\/wp-json\/wp\/v2\/posts\/40924\/revisions\/40927"}],"wp:featuredmedia":[{"embeddable":true,"href":"https:\/\/redaccionoaxaca.com\/index.php\/wp-json\/wp\/v2\/media\/40926"}],"wp:attachment":[{"href":"https:\/\/redaccionoaxaca.com\/index.php\/wp-json\/wp\/v2\/media?parent=40924"}],"wp:term":[{"taxonomy":"category","embeddable":true,"href":"https:\/\/redaccionoaxaca.com\/index.php\/wp-json\/wp\/v2\/categories?post=40924"},{"taxonomy":"post_tag","embeddable":true,"href":"https:\/\/redaccionoaxaca.com\/index.php\/wp-json\/wp\/v2\/tags?post=40924"}],"curies":[{"name":"wp","href":"https:\/\/api.w.org\/{rel}","templated":true}]}}