{"id":40928,"date":"2026-03-11T13:45:36","date_gmt":"2026-03-11T19:45:36","guid":{"rendered":"https:\/\/redaccionoaxaca.com\/?p=40928"},"modified":"2026-03-11T13:45:50","modified_gmt":"2026-03-11T19:45:50","slug":"cuenta-oaxaca-de-juarez-con-un-dif-municipal-mas-capacitado-en-la-atencion-a-grupos-prioritarios","status":"publish","type":"post","link":"https:\/\/redaccionoaxaca.com\/index.php\/2026\/03\/11\/cuenta-oaxaca-de-juarez-con-un-dif-municipal-mas-capacitado-en-la-atencion-a-grupos-prioritarios\/","title":{"rendered":"Cuenta Oaxaca de Ju\u00e1rez con un DIF Municipal m\u00e1s capacitado en la atenci\u00f3n a grupos prioritarios"},"content":{"rendered":"<p><strong>#Redacci\u00f3nOaxaca<\/strong><\/p>\n<p><strong>#Oaxaca<\/strong><\/p>\n<p style=\"text-align: justify;\">Oaxaca de Ju\u00e1rez, Oax., 11 de marzo de 2026.- La presidenta honoraria del DIF Municipal de Oaxaca de Ju\u00e1rez, Gaby Garc\u00eda Fern\u00e1ndez del Campo particip\u00f3 en la capacitaci\u00f3n de Autoridades Municipales para la Atenci\u00f3n a Grupos Prioritarios, realizada en el Centro Cultural y de Convenciones de Oaxaca, en coordinaci\u00f3n con el DIF Estatal y el Gobierno del Estado.<\/p>\n<p><img data-recalc-dims=\"1\" loading=\"lazy\" decoding=\"async\" data-attachment-id=\"40930\" data-permalink=\"https:\/\/redaccionoaxaca.com\/index.php\/2026\/03\/11\/cuenta-oaxaca-de-juarez-con-un-dif-municipal-mas-capacitado-en-la-atencion-a-grupos-prioritarios\/img-20260310-wa0141\/\" data-orig-file=\"https:\/\/i0.wp.com\/redaccionoaxaca.com\/wp-content\/uploads\/2026\/03\/IMG-20260310-WA0141.jpg?fit=1280%2C854&amp;ssl=1\" data-orig-size=\"1280,854\" data-comments-opened=\"1\" data-image-meta=\"{&quot;aperture&quot;:&quot;0&quot;,&quot;credit&quot;:&quot;&quot;,&quot;camera&quot;:&quot;&quot;,&quot;caption&quot;:&quot;&quot;,&quot;created_timestamp&quot;:&quot;0&quot;,&quot;copyright&quot;:&quot;&quot;,&quot;focal_length&quot;:&quot;0&quot;,&quot;iso&quot;:&quot;0&quot;,&quot;shutter_speed&quot;:&quot;0&quot;,&quot;title&quot;:&quot;&quot;,&quot;orientation&quot;:&quot;0&quot;}\" data-image-title=\"IMG-20260310-WA0141\" data-image-description=\"\" data-image-caption=\"\" data-large-file=\"https:\/\/i0.wp.com\/redaccionoaxaca.com\/wp-content\/uploads\/2026\/03\/IMG-20260310-WA0141.jpg?fit=696%2C464&amp;ssl=1\" class=\"size-medium wp-image-40930 aligncenter\" src=\"https:\/\/i0.wp.com\/redaccionoaxaca.com\/wp-content\/uploads\/2026\/03\/IMG-20260310-WA0141.jpg?resize=300%2C200&#038;ssl=1\" alt=\"\" width=\"300\" height=\"200\" srcset=\"https:\/\/i0.wp.com\/redaccionoaxaca.com\/wp-content\/uploads\/2026\/03\/IMG-20260310-WA0141.jpg?resize=300%2C200&amp;ssl=1 300w, https:\/\/i0.wp.com\/redaccionoaxaca.com\/wp-content\/uploads\/2026\/03\/IMG-20260310-WA0141.jpg?resize=1024%2C683&amp;ssl=1 1024w, https:\/\/i0.wp.com\/redaccionoaxaca.com\/wp-content\/uploads\/2026\/03\/IMG-20260310-WA0141.jpg?resize=768%2C512&amp;ssl=1 768w, https:\/\/i0.wp.com\/redaccionoaxaca.com\/wp-content\/uploads\/2026\/03\/IMG-20260310-WA0141.jpg?resize=630%2C420&amp;ssl=1 630w, https:\/\/i0.wp.com\/redaccionoaxaca.com\/wp-content\/uploads\/2026\/03\/IMG-20260310-WA0141.jpg?resize=696%2C464&amp;ssl=1 696w, https:\/\/i0.wp.com\/redaccionoaxaca.com\/wp-content\/uploads\/2026\/03\/IMG-20260310-WA0141.jpg?resize=1068%2C713&amp;ssl=1 1068w, https:\/\/i0.wp.com\/redaccionoaxaca.com\/wp-content\/uploads\/2026\/03\/IMG-20260310-WA0141.jpg?w=1280&amp;ssl=1 1280w\" sizes=\"auto, (max-width: 300px) 100vw, 300px\" \/><\/p>\n<p style=\"text-align: justify;\">Durante esta jornada de formaci\u00f3n se compartieron herramientas, conocimientos y estrategias orientadas a fortalecer la atenci\u00f3n a personas en situaci\u00f3n de vulnerabilidad desde los gobiernos municipales.<\/p>\n<p style=\"text-align: justify;\">En la capacitaci\u00f3n participaron distintas \u00e1reas especializadas como asistencia alimentaria, desarrollo familiar y social, bienestar y delegaciones, as\u00ed como las procuradur\u00edas enfocadas en la defensa de los derechos de personas con discapacidad y de ni\u00f1as, ni\u00f1os y adolescentes.<\/p>\n<p style=\"text-align: justify;\">Con estas acciones, el DIF Municipal de Oaxaca de Ju\u00e1rez reafirma su compromiso de mantenerse en constante actualizaci\u00f3n para fortalecer las capacidades de su equipo de trabajo y brindar una atenci\u00f3n m\u00e1s humana, cercana y eficiente a la poblaci\u00f3n.<\/p>\n<p><img data-recalc-dims=\"1\" loading=\"lazy\" decoding=\"async\" data-attachment-id=\"40931\" data-permalink=\"https:\/\/redaccionoaxaca.com\/index.php\/2026\/03\/11\/cuenta-oaxaca-de-juarez-con-un-dif-municipal-mas-capacitado-en-la-atencion-a-grupos-prioritarios\/img-20260310-wa0142\/\" data-orig-file=\"https:\/\/i0.wp.com\/redaccionoaxaca.com\/wp-content\/uploads\/2026\/03\/IMG-20260310-WA0142.jpg?fit=1280%2C854&amp;ssl=1\" data-orig-size=\"1280,854\" data-comments-opened=\"1\" data-image-meta=\"{&quot;aperture&quot;:&quot;0&quot;,&quot;credit&quot;:&quot;&quot;,&quot;camera&quot;:&quot;&quot;,&quot;caption&quot;:&quot;&quot;,&quot;created_timestamp&quot;:&quot;0&quot;,&quot;copyright&quot;:&quot;&quot;,&quot;focal_length&quot;:&quot;0&quot;,&quot;iso&quot;:&quot;0&quot;,&quot;shutter_speed&quot;:&quot;0&quot;,&quot;title&quot;:&quot;&quot;,&quot;orientation&quot;:&quot;0&quot;}\" data-image-title=\"IMG-20260310-WA0142\" data-image-description=\"\" data-image-caption=\"\" data-large-file=\"https:\/\/i0.wp.com\/redaccionoaxaca.com\/wp-content\/uploads\/2026\/03\/IMG-20260310-WA0142.jpg?fit=696%2C464&amp;ssl=1\" class=\"size-medium wp-image-40931 aligncenter\" src=\"https:\/\/i0.wp.com\/redaccionoaxaca.com\/wp-content\/uploads\/2026\/03\/IMG-20260310-WA0142.jpg?resize=300%2C200&#038;ssl=1\" alt=\"\" width=\"300\" height=\"200\" srcset=\"https:\/\/i0.wp.com\/redaccionoaxaca.com\/wp-content\/uploads\/2026\/03\/IMG-20260310-WA0142.jpg?resize=300%2C200&amp;ssl=1 300w, https:\/\/i0.wp.com\/redaccionoaxaca.com\/wp-content\/uploads\/2026\/03\/IMG-20260310-WA0142.jpg?resize=1024%2C683&amp;ssl=1 1024w, https:\/\/i0.wp.com\/redaccionoaxaca.com\/wp-content\/uploads\/2026\/03\/IMG-20260310-WA0142.jpg?resize=768%2C512&amp;ssl=1 768w, https:\/\/i0.wp.com\/redaccionoaxaca.com\/wp-content\/uploads\/2026\/03\/IMG-20260310-WA0142.jpg?resize=630%2C420&amp;ssl=1 630w, https:\/\/i0.wp.com\/redaccionoaxaca.com\/wp-content\/uploads\/2026\/03\/IMG-20260310-WA0142.jpg?resize=696%2C464&amp;ssl=1 696w, https:\/\/i0.wp.com\/redaccionoaxaca.com\/wp-content\/uploads\/2026\/03\/IMG-20260310-WA0142.jpg?resize=1068%2C713&amp;ssl=1 1068w, https:\/\/i0.wp.com\/redaccionoaxaca.com\/wp-content\/uploads\/2026\/03\/IMG-20260310-WA0142.jpg?w=1280&amp;ssl=1 1280w\" sizes=\"auto, (max-width: 300px) 100vw, 300px\" \/><\/p>\n<p style=\"text-align: justify;\">De esta manera, el Gobierno Municipal de Oaxaca de Ju\u00e1rez refrenda que la preparaci\u00f3n continua es una herramienta clave para seguir construyendo una sociedad m\u00e1s justa, incluyente y con mayores oportunidades para todas y todos.<\/p>\n<p><img data-recalc-dims=\"1\" loading=\"lazy\" decoding=\"async\" data-attachment-id=\"40929\" data-permalink=\"https:\/\/redaccionoaxaca.com\/index.php\/2026\/03\/11\/cuenta-oaxaca-de-juarez-con-un-dif-municipal-mas-capacitado-en-la-atencion-a-grupos-prioritarios\/img-20260310-wa0139\/\" data-orig-file=\"https:\/\/i0.wp.com\/redaccionoaxaca.com\/wp-content\/uploads\/2026\/03\/IMG-20260310-WA0139.jpg?fit=1280%2C854&amp;ssl=1\" data-orig-size=\"1280,854\" data-comments-opened=\"1\" data-image-meta=\"{&quot;aperture&quot;:&quot;0&quot;,&quot;credit&quot;:&quot;&quot;,&quot;camera&quot;:&quot;&quot;,&quot;caption&quot;:&quot;&quot;,&quot;created_timestamp&quot;:&quot;0&quot;,&quot;copyright&quot;:&quot;&quot;,&quot;focal_length&quot;:&quot;0&quot;,&quot;iso&quot;:&quot;0&quot;,&quot;shutter_speed&quot;:&quot;0&quot;,&quot;title&quot;:&quot;&quot;,&quot;orientation&quot;:&quot;0&quot;}\" data-image-title=\"IMG-20260310-WA0139\" data-image-description=\"\" data-image-caption=\"\" data-large-file=\"https:\/\/i0.wp.com\/redaccionoaxaca.com\/wp-content\/uploads\/2026\/03\/IMG-20260310-WA0139.jpg?fit=696%2C464&amp;ssl=1\" class=\"size-medium wp-image-40929 aligncenter\" src=\"https:\/\/i0.wp.com\/redaccionoaxaca.com\/wp-content\/uploads\/2026\/03\/IMG-20260310-WA0139.jpg?resize=300%2C200&#038;ssl=1\" alt=\"\" width=\"300\" height=\"200\" srcset=\"https:\/\/i0.wp.com\/redaccionoaxaca.com\/wp-content\/uploads\/2026\/03\/IMG-20260310-WA0139.jpg?resize=300%2C200&amp;ssl=1 300w, https:\/\/i0.wp.com\/redaccionoaxaca.com\/wp-content\/uploads\/2026\/03\/IMG-20260310-WA0139.jpg?resize=1024%2C683&amp;ssl=1 1024w, https:\/\/i0.wp.com\/redaccionoaxaca.com\/wp-content\/uploads\/2026\/03\/IMG-20260310-WA0139.jpg?resize=768%2C512&amp;ssl=1 768w, https:\/\/i0.wp.com\/redaccionoaxaca.com\/wp-content\/uploads\/2026\/03\/IMG-20260310-WA0139.jpg?resize=630%2C420&amp;ssl=1 630w, https:\/\/i0.wp.com\/redaccionoaxaca.com\/wp-content\/uploads\/2026\/03\/IMG-20260310-WA0139.jpg?resize=696%2C464&amp;ssl=1 696w, https:\/\/i0.wp.com\/redaccionoaxaca.com\/wp-content\/uploads\/2026\/03\/IMG-20260310-WA0139.jpg?resize=1068%2C713&amp;ssl=1 1068w, https:\/\/i0.wp.com\/redaccionoaxaca.com\/wp-content\/uploads\/2026\/03\/IMG-20260310-WA0139.jpg?w=1280&amp;ssl=1 1280w\" sizes=\"auto, (max-width: 300px) 100vw, 300px\" \/><\/p>\n","protected":false},"excerpt":{"rendered":"<p>#Redacci\u00f3nOaxaca #Oaxaca Oaxaca de Ju\u00e1rez, Oax., 11 de marzo de 2026.- La presidenta honoraria del DIF Municipal de Oaxaca de Ju\u00e1rez, Gaby Garc\u00eda Fern\u00e1ndez del Campo particip\u00f3 en la capacitaci\u00f3n de Autoridades Municipales para la Atenci\u00f3n a Grupos Prioritarios, realizada en el Centro Cultural y de Convenciones de Oaxaca, en coordinaci\u00f3n con el DIF Estatal [&hellip;]<\/p>\n","protected":false},"author":9,"featured_media":40929,"comment_status":"open","ping_status":"open","sticky":false,"template":"","format":"standard","meta":{"jetpack_post_was_ever_published":false,"_jetpack_newsletter_access":"","_jetpack_dont_email_post_to_subs":false,"_jetpack_newsletter_tier_id":0,"_jetpack_memberships_contains_paywalled_content":false,"_jetpack_memberships_contains_paid_content":false,"footnotes":"","jetpack_publicize_message":"","jetpack_publicize_feature_enabled":true,"jetpack_social_post_already_shared":true,"jetpack_social_options":{"image_generator_settings":{"template":"highway","default_image_id":0,"font":"","enabled":false},"version":2}},"categories":[4,7,5],"tags":[],"class_list":{"0":"post-40928","1":"post","2":"type-post","3":"status-publish","4":"format-standard","5":"has-post-thumbnail","7":"category-agenda-politica","8":"category-al-cierre","9":"category-imagen"},"jetpack_publicize_connections":[],"jetpack_featured_media_url":"https:\/\/i0.wp.com\/redaccionoaxaca.com\/wp-content\/uploads\/2026\/03\/IMG-20260310-WA0139.jpg?fit=1280%2C854&ssl=1","jetpack_sharing_enabled":true,"jetpack_shortlink":"https:\/\/wp.me\/p9Ynjw-aE8","jetpack-related-posts":[{"id":39402,"url":"https:\/\/redaccionoaxaca.com\/index.php\/2025\/12\/08\/dif-municipal-entrega-cobijas-y-apoyos-de-maternidad-en-san-martin-mexicapam\/","url_meta":{"origin":40928,"position":0},"title":"DIF Municipal entrega cobijas y apoyos de maternidad en San Mart\u00edn Mexicapam","author":"ariadna","date":"diciembre 8, 2025","format":false,"excerpt":"#Redacci\u00f3nOaxaca #Oaxaca * Acciones cercanas para atender a los grupos prioritarios de Oaxaca de Ju\u00e1rez Oaxaca de Ju\u00e1rez, Oax. 8 de diciembre de 2025.- En el marco de la campa\u00f1a \u201cCobijando Corazones\u201d, y siguiendo la indicaci\u00f3n de la Presidenta Honoraria del DIF Municipal, Gabriela Garc\u00eda Fern\u00e1ndez del Campo, se realiz\u00f3\u2026","rel":"","context":"En &quot;Agenda Pol\u00edtica&quot;","block_context":{"text":"Agenda Pol\u00edtica","link":"https:\/\/redaccionoaxaca.com\/index.php\/category\/agenda-politica\/"},"img":{"alt_text":"","src":"https:\/\/i0.wp.com\/redaccionoaxaca.com\/wp-content\/uploads\/2025\/12\/IMG-20251208-WA0177.jpg?fit=1200%2C800&ssl=1&resize=350%2C200","width":350,"height":200,"srcset":"https:\/\/i0.wp.com\/redaccionoaxaca.com\/wp-content\/uploads\/2025\/12\/IMG-20251208-WA0177.jpg?fit=1200%2C800&ssl=1&resize=350%2C200 1x, https:\/\/i0.wp.com\/redaccionoaxaca.com\/wp-content\/uploads\/2025\/12\/IMG-20251208-WA0177.jpg?fit=1200%2C800&ssl=1&resize=525%2C300 1.5x, https:\/\/i0.wp.com\/redaccionoaxaca.com\/wp-content\/uploads\/2025\/12\/IMG-20251208-WA0177.jpg?fit=1200%2C800&ssl=1&resize=700%2C400 2x, https:\/\/i0.wp.com\/redaccionoaxaca.com\/wp-content\/uploads\/2025\/12\/IMG-20251208-WA0177.jpg?fit=1200%2C800&ssl=1&resize=1050%2C600 3x"},"classes":[]},{"id":39434,"url":"https:\/\/redaccionoaxaca.com\/index.php\/2025\/12\/10\/dif-municipal-de-oaxaca-de-juarez-lleva-cobijando-corazones-a-santa-rosa-panzacola\/","url_meta":{"origin":40928,"position":1},"title":"DIF Municipal de Oaxaca de Ju\u00e1rez lleva \u201cCobijando Corazones\u201d a Santa Rosa Panzacola","author":"ariadna","date":"diciembre 10, 2025","format":false,"excerpt":"#Redacci\u00f3nOaxaca #Oaxaca * Acciones directas en territorio para proteger a las familias durante la temporada invernal Oaxaca de Ju\u00e1rez, Oax., 10 de diciembre de 2025.\u2013 El DIF Municipal de Oaxaca de Ju\u00e1rez contin\u00faa trabajando de manera cercana a la ciudadan\u00eda con la entrega de apoyos del programa \u201cCobijando Corazones\u201d, una\u2026","rel":"","context":"En &quot;Agenda Pol\u00edtica&quot;","block_context":{"text":"Agenda Pol\u00edtica","link":"https:\/\/redaccionoaxaca.com\/index.php\/category\/agenda-politica\/"},"img":{"alt_text":"","src":"https:\/\/i0.wp.com\/redaccionoaxaca.com\/wp-content\/uploads\/2025\/12\/IMG-20251210-WA0141.jpg?fit=1200%2C801&ssl=1&resize=350%2C200","width":350,"height":200,"srcset":"https:\/\/i0.wp.com\/redaccionoaxaca.com\/wp-content\/uploads\/2025\/12\/IMG-20251210-WA0141.jpg?fit=1200%2C801&ssl=1&resize=350%2C200 1x, https:\/\/i0.wp.com\/redaccionoaxaca.com\/wp-content\/uploads\/2025\/12\/IMG-20251210-WA0141.jpg?fit=1200%2C801&ssl=1&resize=525%2C300 1.5x, https:\/\/i0.wp.com\/redaccionoaxaca.com\/wp-content\/uploads\/2025\/12\/IMG-20251210-WA0141.jpg?fit=1200%2C801&ssl=1&resize=700%2C400 2x, https:\/\/i0.wp.com\/redaccionoaxaca.com\/wp-content\/uploads\/2025\/12\/IMG-20251210-WA0141.jpg?fit=1200%2C801&ssl=1&resize=1050%2C600 3x"},"classes":[]},{"id":38998,"url":"https:\/\/redaccionoaxaca.com\/index.php\/2025\/11\/05\/dialogos-vecinales-consolida-un-gobierno-que-atiende-escucha-y-transforma-oaxaca-de-juarez\/","url_meta":{"origin":40928,"position":2},"title":"Di\u00e1logos Vecinales consolida un gobierno que atiende, escucha y transforma Oaxaca de Ju\u00e1rez","author":"ariadna","date":"noviembre 5, 2025","format":false,"excerpt":"#Redacci\u00f3nOaxaca #Oaxaca * El presidente municipal Ray Chagoya encabez\u00f3 la jornada n\u00famero 20 de este eje prioritario de gobierno. Oaxaca de Ju\u00e1rez, Oax., 5 de noviembre de 2025.-El presidente municipal Ray Chagoya encabez\u00f3 el Di\u00e1logo Vecinal n\u00famero 20, una jornada de atenci\u00f3n directa que refrenda el compromiso de acercar los\u2026","rel":"","context":"En &quot;Agenda Pol\u00edtica&quot;","block_context":{"text":"Agenda Pol\u00edtica","link":"https:\/\/redaccionoaxaca.com\/index.php\/category\/agenda-politica\/"},"img":{"alt_text":"","src":"https:\/\/i0.wp.com\/redaccionoaxaca.com\/wp-content\/uploads\/2025\/11\/IMG-20251105-WA0156.jpg?fit=1200%2C803&ssl=1&resize=350%2C200","width":350,"height":200,"srcset":"https:\/\/i0.wp.com\/redaccionoaxaca.com\/wp-content\/uploads\/2025\/11\/IMG-20251105-WA0156.jpg?fit=1200%2C803&ssl=1&resize=350%2C200 1x, https:\/\/i0.wp.com\/redaccionoaxaca.com\/wp-content\/uploads\/2025\/11\/IMG-20251105-WA0156.jpg?fit=1200%2C803&ssl=1&resize=525%2C300 1.5x, https:\/\/i0.wp.com\/redaccionoaxaca.com\/wp-content\/uploads\/2025\/11\/IMG-20251105-WA0156.jpg?fit=1200%2C803&ssl=1&resize=700%2C400 2x, https:\/\/i0.wp.com\/redaccionoaxaca.com\/wp-content\/uploads\/2025\/11\/IMG-20251105-WA0156.jpg?fit=1200%2C803&ssl=1&resize=1050%2C600 3x"},"classes":[]},{"id":41793,"url":"https:\/\/redaccionoaxaca.com\/index.php\/2026\/04\/28\/impulsara-nino-morales-que-modelo-oaxaqueno-de-atencion-al-autismo-se-replique-en-todo-el-pais\/","url_meta":{"origin":40928,"position":3},"title":"IMPULSAR\u00c1 NINO MORALES QUE MODELO OAXAQUE\u00d1O DE ATENCI\u00d3N AL AUTISMO SE REPLIQUE EN TODO EL PA\u00cdS","author":"ariadna","date":"abril 28, 2026","format":false,"excerpt":"#Redacci\u00f3nOaxaca #Oaxaca \u2022\u00a0 Fortalece la inclusi\u00f3n y el cumplimiento efectivo de derechos de quienes presentan Trastorno del Espectro Autista \u2022\u00a0 El Sistema DIF Oaxaca consolida una pol\u00edtica que coloca en el centro a los grupos prioritarios con inversi\u00f3n hist\u00f3rica El senador oaxaque\u00f1o Antonino Morales Toledo inform\u00f3 que presentar\u00e1 ante el\u2026","rel":"","context":"En &quot;Agenda Pol\u00edtica&quot;","block_context":{"text":"Agenda Pol\u00edtica","link":"https:\/\/redaccionoaxaca.com\/index.php\/category\/agenda-politica\/"},"img":{"alt_text":"","src":"https:\/\/i0.wp.com\/redaccionoaxaca.com\/wp-content\/uploads\/2026\/04\/IMG-20260428-WA0145-1-scaled.jpg?fit=1200%2C1047&ssl=1&resize=350%2C200","width":350,"height":200,"srcset":"https:\/\/i0.wp.com\/redaccionoaxaca.com\/wp-content\/uploads\/2026\/04\/IMG-20260428-WA0145-1-scaled.jpg?fit=1200%2C1047&ssl=1&resize=350%2C200 1x, https:\/\/i0.wp.com\/redaccionoaxaca.com\/wp-content\/uploads\/2026\/04\/IMG-20260428-WA0145-1-scaled.jpg?fit=1200%2C1047&ssl=1&resize=525%2C300 1.5x, https:\/\/i0.wp.com\/redaccionoaxaca.com\/wp-content\/uploads\/2026\/04\/IMG-20260428-WA0145-1-scaled.jpg?fit=1200%2C1047&ssl=1&resize=700%2C400 2x, https:\/\/i0.wp.com\/redaccionoaxaca.com\/wp-content\/uploads\/2026\/04\/IMG-20260428-WA0145-1-scaled.jpg?fit=1200%2C1047&ssl=1&resize=1050%2C600 3x"},"classes":[]},{"id":38411,"url":"https:\/\/redaccionoaxaca.com\/index.php\/2025\/09\/24\/con-17-dialogos-vecinales-oaxaca-de-juarez-consolida-un-gobierno-cercano-y-de-territorio\/","url_meta":{"origin":40928,"position":4},"title":"Con 17 di\u00e1logos vecinales, Oaxaca de Ju\u00e1rez consolida un gobierno cercano y de territorio","author":"ariadna","date":"septiembre 24, 2025","format":false,"excerpt":"#Redacci\u00f3nOaxaca #Oaxaca * M\u00e1s de 15 mil personas atendidas y 3 mil solicitudes recibidas desde el inicio de la administraci\u00f3n Oaxaca de Ju\u00e1rez, Oax., 24 de septiembre de 2025.\u2013 Con la realizaci\u00f3n con el Di\u00e1logo Vecinal n\u00famero 17 en las instalaciones del DIF Municipal, ubicadas en el Infonavit Primero de\u2026","rel":"","context":"En &quot;Agenda Pol\u00edtica&quot;","block_context":{"text":"Agenda Pol\u00edtica","link":"https:\/\/redaccionoaxaca.com\/index.php\/category\/agenda-politica\/"},"img":{"alt_text":"","src":"https:\/\/i0.wp.com\/redaccionoaxaca.com\/wp-content\/uploads\/2025\/09\/IMG-20250924-WA0214.jpg?fit=788%2C634&ssl=1&resize=350%2C200","width":350,"height":200,"srcset":"https:\/\/i0.wp.com\/redaccionoaxaca.com\/wp-content\/uploads\/2025\/09\/IMG-20250924-WA0214.jpg?fit=788%2C634&ssl=1&resize=350%2C200 1x, https:\/\/i0.wp.com\/redaccionoaxaca.com\/wp-content\/uploads\/2025\/09\/IMG-20250924-WA0214.jpg?fit=788%2C634&ssl=1&resize=525%2C300 1.5x, https:\/\/i0.wp.com\/redaccionoaxaca.com\/wp-content\/uploads\/2025\/09\/IMG-20250924-WA0214.jpg?fit=788%2C634&ssl=1&resize=700%2C400 2x"},"classes":[]},{"id":37145,"url":"https:\/\/redaccionoaxaca.com\/index.php\/2025\/06\/04\/arranca-en-territorio-el-primer-dialogo-vecinal-encabezado-por-el-presidente-municipal-ray-chagoya\/","url_meta":{"origin":40928,"position":5},"title":"Arranca en territorio el primer di\u00e1logo vecinal encabezado por el presidente municipal Ray Chagoya","author":"ariadna","date":"junio 4, 2025","format":false,"excerpt":"#Redacci\u00f3nOaxaca #Oaxaca - Fortalecen lazos de cercan\u00eda con vecinas y vecinos en Trinidad de Viguera Oaxaca de Ju\u00e1rez, Oax., 4 de junio de 2025.-Con el objetivo de construir un gobierno cada vez m\u00e1s cercano y sensible a las necesidades de su gente, el presidente municipal Ray Chagoya encabez\u00f3 el primer\u2026","rel":"","context":"En &quot;Agenda Pol\u00edtica&quot;","block_context":{"text":"Agenda Pol\u00edtica","link":"https:\/\/redaccionoaxaca.com\/index.php\/category\/agenda-politica\/"},"img":{"alt_text":"","src":"https:\/\/i0.wp.com\/redaccionoaxaca.com\/wp-content\/uploads\/2025\/06\/IMG-20250604-WA0247-300x200.jpg?resize=350%2C200&ssl=1","width":350,"height":200},"classes":[]}],"_links":{"self":[{"href":"https:\/\/redaccionoaxaca.com\/index.php\/wp-json\/wp\/v2\/posts\/40928","targetHints":{"allow":["GET"]}}],"collection":[{"href":"https:\/\/redaccionoaxaca.com\/index.php\/wp-json\/wp\/v2\/posts"}],"about":[{"href":"https:\/\/redaccionoaxaca.com\/index.php\/wp-json\/wp\/v2\/types\/post"}],"author":[{"embeddable":true,"href":"https:\/\/redaccionoaxaca.com\/index.php\/wp-json\/wp\/v2\/users\/9"}],"replies":[{"embeddable":true,"href":"https:\/\/redaccionoaxaca.com\/index.php\/wp-json\/wp\/v2\/comments?post=40928"}],"version-history":[{"count":2,"href":"https:\/\/redaccionoaxaca.com\/index.php\/wp-json\/wp\/v2\/posts\/40928\/revisions"}],"predecessor-version":[{"id":40933,"href":"https:\/\/redaccionoaxaca.com\/index.php\/wp-json\/wp\/v2\/posts\/40928\/revisions\/40933"}],"wp:featuredmedia":[{"embeddable":true,"href":"https:\/\/redaccionoaxaca.com\/index.php\/wp-json\/wp\/v2\/media\/40929"}],"wp:attachment":[{"href":"https:\/\/redaccionoaxaca.com\/index.php\/wp-json\/wp\/v2\/media?parent=40928"}],"wp:term":[{"taxonomy":"category","embeddable":true,"href":"https:\/\/redaccionoaxaca.com\/index.php\/wp-json\/wp\/v2\/categories?post=40928"},{"taxonomy":"post_tag","embeddable":true,"href":"https:\/\/redaccionoaxaca.com\/index.php\/wp-json\/wp\/v2\/tags?post=40928"}],"curies":[{"name":"wp","href":"https:\/\/api.w.org\/{rel}","templated":true}]}}