{"id":40934,"date":"2026-03-11T17:43:09","date_gmt":"2026-03-11T23:43:09","guid":{"rendered":"https:\/\/redaccionoaxaca.com\/?p=40934"},"modified":"2026-03-11T17:43:58","modified_gmt":"2026-03-11T23:43:58","slug":"denuncian-rodolfo-m-b-expresidente-municipal-de-pvem-por-violencia","status":"publish","type":"post","link":"https:\/\/redaccionoaxaca.com\/index.php\/2026\/03\/11\/denuncian-rodolfo-m-b-expresidente-municipal-de-pvem-por-violencia\/","title":{"rendered":"Denuncian Rodolfo M.B, expresidente municipal de PVEM por violencia"},"content":{"rendered":"<p><strong>#Redacci\u00f3nOaxaca<\/strong><\/p>\n<p><strong>#Oaxaca<\/strong><\/p>\n<p style=\"text-align: justify;\"><strong>Citlalli L\u00f3pez Vel\u00e1zquez<\/strong><\/p>\n<p style=\"text-align: justify;\">El expresidente del Comit\u00e9 Municipal de Oaxaca Ju\u00e1rez del Partido Verde Ecologista de M\u00e9xico (PVEM) Rodolfo M. B. fue denunciado ante la Fiscal\u00eda de Oaxaca por violencia de g\u00e9nero. \u201cEstuve a punto de ser una v\u00edctima de feminicidio\u201d, se\u00f1al\u00f3 su expareja Samantha A.E.<\/p>\n<p><img data-recalc-dims=\"1\" loading=\"lazy\" decoding=\"async\" data-attachment-id=\"40935\" data-permalink=\"https:\/\/redaccionoaxaca.com\/index.php\/2026\/03\/11\/denuncian-rodolfo-m-b-expresidente-municipal-de-pvem-por-violencia\/img-20260311-wa0068\/\" data-orig-file=\"https:\/\/i0.wp.com\/redaccionoaxaca.com\/wp-content\/uploads\/2026\/03\/IMG-20260311-WA0068.jpg?fit=1260%2C1260&amp;ssl=1\" data-orig-size=\"1260,1260\" data-comments-opened=\"1\" data-image-meta=\"{&quot;aperture&quot;:&quot;0&quot;,&quot;credit&quot;:&quot;&quot;,&quot;camera&quot;:&quot;&quot;,&quot;caption&quot;:&quot;&quot;,&quot;created_timestamp&quot;:&quot;0&quot;,&quot;copyright&quot;:&quot;&quot;,&quot;focal_length&quot;:&quot;0&quot;,&quot;iso&quot;:&quot;0&quot;,&quot;shutter_speed&quot;:&quot;0&quot;,&quot;title&quot;:&quot;&quot;,&quot;orientation&quot;:&quot;0&quot;}\" data-image-title=\"IMG-20260311-WA0068\" data-image-description=\"\" data-image-caption=\"\" data-large-file=\"https:\/\/i0.wp.com\/redaccionoaxaca.com\/wp-content\/uploads\/2026\/03\/IMG-20260311-WA0068.jpg?fit=696%2C696&amp;ssl=1\" class=\"alignnone size-medium wp-image-40935\" src=\"https:\/\/i0.wp.com\/redaccionoaxaca.com\/wp-content\/uploads\/2026\/03\/IMG-20260311-WA0068.jpg?resize=300%2C300&#038;ssl=1\" alt=\"\" width=\"300\" height=\"300\" srcset=\"https:\/\/i0.wp.com\/redaccionoaxaca.com\/wp-content\/uploads\/2026\/03\/IMG-20260311-WA0068.jpg?resize=300%2C300&amp;ssl=1 300w, https:\/\/i0.wp.com\/redaccionoaxaca.com\/wp-content\/uploads\/2026\/03\/IMG-20260311-WA0068.jpg?resize=1024%2C1024&amp;ssl=1 1024w, https:\/\/i0.wp.com\/redaccionoaxaca.com\/wp-content\/uploads\/2026\/03\/IMG-20260311-WA0068.jpg?resize=150%2C150&amp;ssl=1 150w, https:\/\/i0.wp.com\/redaccionoaxaca.com\/wp-content\/uploads\/2026\/03\/IMG-20260311-WA0068.jpg?resize=768%2C768&amp;ssl=1 768w, https:\/\/i0.wp.com\/redaccionoaxaca.com\/wp-content\/uploads\/2026\/03\/IMG-20260311-WA0068.jpg?resize=420%2C420&amp;ssl=1 420w, https:\/\/i0.wp.com\/redaccionoaxaca.com\/wp-content\/uploads\/2026\/03\/IMG-20260311-WA0068.jpg?resize=696%2C696&amp;ssl=1 696w, https:\/\/i0.wp.com\/redaccionoaxaca.com\/wp-content\/uploads\/2026\/03\/IMG-20260311-WA0068.jpg?resize=1068%2C1068&amp;ssl=1 1068w, https:\/\/i0.wp.com\/redaccionoaxaca.com\/wp-content\/uploads\/2026\/03\/IMG-20260311-WA0068.jpg?w=1260&amp;ssl=1 1260w\" sizes=\"auto, (max-width: 300px) 100vw, 300px\" \/><\/p>\n<p style=\"text-align: justify;\">Debido al riesgo fueron giradas \u00f3rdenes de protecci\u00f3n a favor de Samantha, quien hizo un llamado a las autoridades a garantizar justicia. A pesar de que su vida estuvo en riesgo el ministerio p\u00fablico consider\u00f3 que no hab\u00eda elementos para considerar feminicidio en grado de tentativa.<\/p>\n<p style=\"text-align: justify;\">La joven indic\u00f3 que la violencia reiterada en su contra se exacerb\u00f3 el pasado 6 de marzo fecha en la que Rodolfo le har\u00eda entrega de objetos personales dado que la relaci\u00f3n de pareja hab\u00eda concluido.<\/p>\n<p style=\"text-align: justify;\">\u201c\u00c9l lleg\u00f3 de una manera muy violenta a mi casa. Amenaz\u00f3 a mis pap\u00e1s. Para que mi mam\u00e1 no cerrar\u00e1 la puerta agarr\u00f3 una piedra grande y la coloc\u00f3 en la entrada. \u00c9l iba en compa\u00f1\u00eda de su hermano Miguel \u00c1ngel y la novia de \u00e9ste\u201d, relat\u00f3.<\/p>\n<p style=\"text-align: justify;\">La denunciante agreg\u00f3 que Miguel \u00c1ngel tambi\u00e9n fue part\u00edcipe de las agresiones f\u00edsicas en la que fue jaloneada, pateada en el piso y presionada en el cuello alentado por Rodolfo quien le gritaba que la matara.<\/p>\n<p style=\"text-align: justify;\">\u201cYo me asust\u00e9 mucho. No pens\u00e9 que me fueran a atacar de esa manera y menos en la calle a la vista de todo mundo. En ese momento tuve mucho miedo, no supe como defenderme. Yo s\u00f3lo le gritaba que me soltaran. Trataba de liberarme y salir de eso (\u2026) cuando pude liberarme y trat\u00e9 de correr Rodolfo me lanz\u00f3 un pu\u00f1etazo a la cara. NO s\u00e9 c\u00f3mo, pero lo esquiv\u00e9. Nadie me defendi\u00f3\u201d.<\/p>\n<p style=\"text-align: justify;\">Samantha de 21 a\u00f1os y Rodolfo de 33 fueron concubinos durante un a\u00f1o. A lo largo de la relaci\u00f3n hubo una serie de violencias tanto emocionales como f\u00edsicas, entre \u00e9stas distintos intentos de ahorcamiento, de acuerdo con el testimonio de Samantha.<\/p>\n<p style=\"text-align: justify;\">\u201cTend\u00eda mucho a empujarme, ahorcarme, lastimarme, me cacheteaba, era muy agresivo\u201d.<\/p>\n","protected":false},"excerpt":{"rendered":"<p>#Redacci\u00f3nOaxaca #Oaxaca Citlalli L\u00f3pez Vel\u00e1zquez El expresidente del Comit\u00e9 Municipal de Oaxaca Ju\u00e1rez del Partido Verde Ecologista de M\u00e9xico (PVEM) Rodolfo M. B. fue denunciado ante la Fiscal\u00eda de Oaxaca por violencia de g\u00e9nero. \u201cEstuve a punto de ser una v\u00edctima de feminicidio\u201d, se\u00f1al\u00f3 su expareja Samantha A.E. Debido al riesgo fueron giradas \u00f3rdenes de [&hellip;]<\/p>\n","protected":false},"author":9,"featured_media":40935,"comment_status":"open","ping_status":"open","sticky":false,"template":"","format":"standard","meta":{"jetpack_post_was_ever_published":false,"_jetpack_newsletter_access":"","_jetpack_dont_email_post_to_subs":false,"_jetpack_newsletter_tier_id":0,"_jetpack_memberships_contains_paywalled_content":false,"_jetpack_memberships_contains_paid_content":false,"footnotes":"","jetpack_publicize_message":"","jetpack_publicize_feature_enabled":true,"jetpack_social_post_already_shared":true,"jetpack_social_options":{"image_generator_settings":{"template":"highway","default_image_id":0,"font":"","enabled":false},"version":2}},"categories":[7,5,3,6],"tags":[],"class_list":{"0":"post-40934","1":"post","2":"type-post","3":"status-publish","4":"format-standard","5":"has-post-thumbnail","7":"category-al-cierre","8":"category-imagen","9":"category-mesa-de-redaccion","10":"category-tendencias"},"jetpack_publicize_connections":[],"jetpack_featured_media_url":"https:\/\/i0.wp.com\/redaccionoaxaca.com\/wp-content\/uploads\/2026\/03\/IMG-20260311-WA0068.jpg?fit=1260%2C1260&ssl=1","jetpack_sharing_enabled":true,"jetpack_shortlink":"https:\/\/wp.me\/p9Ynjw-aEe","jetpack-related-posts":[{"id":33133,"url":"https:\/\/redaccionoaxaca.com\/index.php\/2024\/08\/29\/congreso-exhorta-a-fiscalia-a-aplicar-protocolos-vs-violencia-feminicida-y-dar-con-responsables-de-triple-feminicidio-y-asesinatos-de-menores-en-oaxaca\/","url_meta":{"origin":40934,"position":0},"title":"Congreso exhorta a Fiscal\u00eda a aplicar protocolos vs violencia feminicida y dar  con responsables de triple feminicidio y asesinatos de menores en Oaxaca","author":"ariadna","date":"agosto 29, 2024","format":false,"excerpt":"#Redacci\u00f3nOaxaca #Oaxaca Jaime GUERRERO Con 28 votos a favor, el pleno del Congreso del Estado, exhort\u00f3 a la Fiscal\u00eda General del Estado, a investigar el triple feminicidio en la regi\u00f3n del Istmo de Tehuantepec y los que se han registrados en otras regiones, aplicando el protocolo correspondiente, para dar con\u2026","rel":"","context":"En &quot;Agenda Pol\u00edtica&quot;","block_context":{"text":"Agenda Pol\u00edtica","link":"https:\/\/redaccionoaxaca.com\/index.php\/category\/agenda-politica\/"},"img":{"alt_text":"","src":"","width":0,"height":0},"classes":[]},{"id":36235,"url":"https:\/\/redaccionoaxaca.com\/index.php\/2025\/03\/24\/temo-por-mi-vida-sobreviviente-de-intento-de-feminicidio\/","url_meta":{"origin":40934,"position":1},"title":"&#8220;Temo por mi vida&#8221;: sobreviviente de intento de feminicidio","author":"ariadna","date":"marzo 24, 2025","format":false,"excerpt":"#Redacci\u00f3nOaxaca #Oaxaca Citlalli L\u00f3pez Vel\u00e1zquez Guillermina, sobreviviente de un intento de feminicidio en 2011, denunci\u00f3 que el juez Rodolfo V\u00e1zquez Santiago, orden\u00f3 dejar en libertad a su agresor, A.C.J., a pesar de las pruebas presentadas en su contra. El juez argument\u00f3 que no hay pruebas suficientes para acreditar el delito\u2026","rel":"","context":"En &quot;Agenda Pol\u00edtica&quot;","block_context":{"text":"Agenda Pol\u00edtica","link":"https:\/\/redaccionoaxaca.com\/index.php\/category\/agenda-politica\/"},"img":{"alt_text":"","src":"https:\/\/i0.wp.com\/redaccionoaxaca.com\/wp-content\/uploads\/2025\/03\/IMG-20250324-WA0172-225x300.jpg?resize=350%2C200&ssl=1","width":350,"height":200},"classes":[]},{"id":39939,"url":"https:\/\/redaccionoaxaca.com\/index.php\/2026\/01\/14\/rosi-fue-asesinada-con-violencia-extrema-gesmujer-pide-investigar-feminicidio\/","url_meta":{"origin":40934,"position":2},"title":"Rosi, fue asesinada con violencia extrema; GESMujer pide investigar feminicidio","author":"ariadna","date":"enero 14, 2026","format":false,"excerpt":"#Redacci\u00f3nOaxaca #Oaxaca Citlalli L\u00f3pez Vel\u00e1zquez Rosi trabajaba en una tienda de ropa en el Centro Hist\u00f3rico de Oaxaca, la ma\u00f1ana de este mi\u00e9rcoles fue asesinada con extrema violencia en su centro de trabajo. La sa\u00f1a con la que le fue arrancada la vida exige que la investigaci\u00f3n se abra como\u2026","rel":"","context":"En &quot;Al Cierre&quot;","block_context":{"text":"Al Cierre","link":"https:\/\/redaccionoaxaca.com\/index.php\/category\/al-cierre\/"},"img":{"alt_text":"","src":"","width":0,"height":0},"classes":[]},{"id":8173,"url":"https:\/\/redaccionoaxaca.com\/index.php\/2019\/08\/27\/van-40-casos-de-violencia-politica-ha-aumentado-notablemente-y-sin-freno-en-oaxaca-advierte-diputada\/","url_meta":{"origin":40934,"position":3},"title":"Van 40 casos de violencia pol\u00edtica; ha aumentado notablemente y sin freno en Oaxaca; advierte diputada.","author":"ariadna","date":"agosto 27, 2019","format":false,"excerpt":"#Redacci\u00f3nOaxaca #Oaxaca Jaime GUERRERO De enero a agosto de 2019, van 40 casos de violencia pol\u00edtica y obstrucci\u00f3n de la participaci\u00f3n pol\u00edtica de las mujeres en la entidad. El n\u00famero supera lo registrado el a\u00f1o pasado cuando al cierre se reportaron 32. La diputada de Morena, Eliza Zepeda Lagunas, cit\u00f3\u2026","rel":"","context":"Entrada similar ","block_context":{"text":"Entrada similar ","link":""},"img":{"alt_text":"","src":"","width":0,"height":0},"classes":[]},{"id":34246,"url":"https:\/\/redaccionoaxaca.com\/index.php\/2024\/11\/04\/con-signos-de-extrema-violencia-hallan-cuerpo-sin-vida-de-enfermera-del-issste-en-oaxaca-detienen-a-su-companero-de-trabajo-por-feminicidio\/","url_meta":{"origin":40934,"position":4},"title":"Con signos de extrema violencia, hallan cuerpo sin vida de enfermera del ISSSTE en Oaxaca; detienen a su compa\u00f1ero de trabajo por feminicidio","author":"ariadna","date":"noviembre 4, 2024","format":false,"excerpt":"#Redacci\u00f3nOaxaca #Oaxaca Jaime GUERRERO Con signos de extrema violencia, hallan sin vida y en estado de descomposici\u00f3n a Judith Vianney Toledo Santos, enfermera del hospital del ISSSTE de la capital de #Oaxaca, desaparecida desde el pasado 22 de octubre. Judith Santos Mendoza, madre de Judith Vianney, exigi\u00f3 la pena m\u00e1xima\u2026","rel":"","context":"En &quot;Imagen&quot;","block_context":{"text":"Imagen","link":"https:\/\/redaccionoaxaca.com\/index.php\/category\/imagen\/"},"img":{"alt_text":"","src":"","width":0,"height":0},"classes":[]},{"id":2354,"url":"https:\/\/redaccionoaxaca.com\/index.php\/2018\/09\/03\/reparacion-del-dano-a-hijos-de-victima-de-feminicidio-exigen-ongs\/","url_meta":{"origin":40934,"position":5},"title":"Reparaci\u00f3n del da\u00f1o a hijos de v\u00edctima de feminicidio, exigen ONG\u2019S.","author":"jaime","date":"septiembre 3, 2018","format":false,"excerpt":"#Redacci\u00f3nOaxaca #Oaxaca Jaime GUERRERO Colectivos feministas de Oaxaca exigieron justicia para Camelia Manuel Cruz, asesinada el pasado 10 de agosto en la comunidad de Jaltepec de Candayoc, a mano de su esposo Reuel Ronquillo Andr\u00e9s. De la misma manera demandaron la intervenci\u00f3n del gobierno del estado para brindar\u00a0atenci\u00f3n a los\u2026","rel":"","context":"En &quot;Agenda Pol\u00edtica&quot;","block_context":{"text":"Agenda Pol\u00edtica","link":"https:\/\/redaccionoaxaca.com\/index.php\/category\/agenda-politica\/"},"img":{"alt_text":"","src":"","width":0,"height":0},"classes":[]}],"_links":{"self":[{"href":"https:\/\/redaccionoaxaca.com\/index.php\/wp-json\/wp\/v2\/posts\/40934","targetHints":{"allow":["GET"]}}],"collection":[{"href":"https:\/\/redaccionoaxaca.com\/index.php\/wp-json\/wp\/v2\/posts"}],"about":[{"href":"https:\/\/redaccionoaxaca.com\/index.php\/wp-json\/wp\/v2\/types\/post"}],"author":[{"embeddable":true,"href":"https:\/\/redaccionoaxaca.com\/index.php\/wp-json\/wp\/v2\/users\/9"}],"replies":[{"embeddable":true,"href":"https:\/\/redaccionoaxaca.com\/index.php\/wp-json\/wp\/v2\/comments?post=40934"}],"version-history":[{"count":2,"href":"https:\/\/redaccionoaxaca.com\/index.php\/wp-json\/wp\/v2\/posts\/40934\/revisions"}],"predecessor-version":[{"id":40937,"href":"https:\/\/redaccionoaxaca.com\/index.php\/wp-json\/wp\/v2\/posts\/40934\/revisions\/40937"}],"wp:featuredmedia":[{"embeddable":true,"href":"https:\/\/redaccionoaxaca.com\/index.php\/wp-json\/wp\/v2\/media\/40935"}],"wp:attachment":[{"href":"https:\/\/redaccionoaxaca.com\/index.php\/wp-json\/wp\/v2\/media?parent=40934"}],"wp:term":[{"taxonomy":"category","embeddable":true,"href":"https:\/\/redaccionoaxaca.com\/index.php\/wp-json\/wp\/v2\/categories?post=40934"},{"taxonomy":"post_tag","embeddable":true,"href":"https:\/\/redaccionoaxaca.com\/index.php\/wp-json\/wp\/v2\/tags?post=40934"}],"curies":[{"name":"wp","href":"https:\/\/api.w.org\/{rel}","templated":true}]}}