{"id":40938,"date":"2026-03-11T18:40:50","date_gmt":"2026-03-12T00:40:50","guid":{"rendered":"https:\/\/redaccionoaxaca.com\/?p=40938"},"modified":"2026-03-11T18:40:50","modified_gmt":"2026-03-12T00:40:50","slug":"apoyados-de-la-oposicion-pt-y-pvem-desechan-reforma-electoral-de-sheinbaum-morena-anuncia-plan-b-bolanos-cacho-fue-la-unica-abstencion","status":"publish","type":"post","link":"https:\/\/redaccionoaxaca.com\/index.php\/2026\/03\/11\/apoyados-de-la-oposicion-pt-y-pvem-desechan-reforma-electoral-de-sheinbaum-morena-anuncia-plan-b-bolanos-cacho-fue-la-unica-abstencion\/","title":{"rendered":"Apoyados de la oposici\u00f3n, PT y PVEM desechan reforma electoral de Sheinbaum; Morena anuncia \u201cPlan B\u201d; Bola\u00f1os Cacho fue la \u00fanica  abstenci\u00f3n"},"content":{"rendered":"<p><strong>#Redacci\u00f3nOaxaca<\/strong><\/p>\n<p><strong>#Oaxaca<\/strong><\/p>\n<p><strong>#JaimeGUERRERO<\/strong><\/p>\n<p style=\"text-align: justify;\">La C\u00e1mara de Diputados desech\u00f3 este mi\u00e9rcoles la reforma electoral de la presidenta Claudia Sheinbaum al no alcanzar la mayor\u00eda calificada requerida para modificar la Constituci\u00f3n. Con 259 votos a favor, 234 en contra y una abstenci\u00f3n, la iniciativa qued\u00f3 lejos de los 334 sufragios necesarios. La presidenta de la Mesa Directiva, Kenia L\u00f3pez Rabad\u00e1n, declar\u00f3 desechado el dictamen.<\/p>\n<p style=\"text-align: justify;\">Por primera vez desde la llegada de la alianza Morena-PT-PVEM a la presidencia de la rep\u00fablica, los aliados del partido guinda rechazaron una propuesta de enmienda constitucional.<\/p>\n<p style=\"text-align: justify;\">El Partido del Trabajo vot\u00f3 mayoritariamente en contra \u201447 de sus 49 legisladores\u2014 y el PVEM lo hizo de forma dividida: la mayor parte de su bancada se sum\u00f3 al rechazo, aunque una decena de diputados que llegaron bajo las siglas de Morena en 2024 respaldaron el dictamen.<\/p>\n<p style=\"text-align: justify;\">Ra\u00fal Bola\u00f1os Cacho, vicepresidente de la Mesa Directiva por el Verde, fue la \u00fanica abstenci\u00f3n registrada en el tablero.<\/p>\n<p style=\"text-align: justify;\">Desde la tribuna, el coordinador de Morena, Ricardo Monreal, defendi\u00f3 la iniciativa presidencial y anticip\u00f3 lo que vendr\u00eda tras el resultado.<\/p>\n<p style=\"text-align: justify;\">\u201cUna vez que se vote y una vez que se rechace, comenzaremos a construir el Plan B de la reforma electoral, porque no desmayemos, no vamos a rendirnos, no vamos a claudicar\u201d, dijo, acompa\u00f1ado por legisladores de su bancada.<\/p>\n<p style=\"text-align: justify;\">Monreal asegur\u00f3 que las ideas nacidas del pueblo \u201cse terminan convirtiendo en ley tarde o temprano\u201d y que la historia sabr\u00e1 \u201cqui\u00e9n estuvo del lado de la democracia\u201d.<\/p>\n<p style=\"text-align: justify;\">Cerr\u00f3 su posicionamiento con un respaldo expl\u00edcito a Sheinbaum: \u201cestamos del lado del pueblo, estamos del lado de M\u00e9xico y estamos con la presidenta Claudia Sheinbaum Pardo\u201d.<\/p>\n<p style=\"text-align: justify;\">El legislador tambi\u00e9n dirigi\u00f3 un mensaje a los aliados: \u201cA nuestros aliados, que hoy pueden caminar por veredas distintas, les expresamos nuestro respeto. Las coyunturas legislativas pasan, porque los procesos pol\u00edticos permanecen.\u201d<\/p>\n<p style=\"text-align: justify;\">La oposici\u00f3n, por su parte, cuestion\u00f3 el fondo de la propuesta. El priista Rub\u00e9n Moreira Valdez llam\u00f3 al dictamen \u201cla ley Maduro\u201d y argument\u00f3 que con la f\u00f3rmula propuesta Morena obtendr\u00eda el 67% de los esca\u00f1os con apenas el 47% de los votos.<\/p>\n<p style=\"text-align: justify;\">El petista Reginaldo Sandoval reafirm\u00f3 el respaldo de su partido a la presidenta, pero explic\u00f3 que rechazaban el dictamen porque el nuevo esquema plurinominal pone en riesgo la paridad de g\u00e9nero y distorsiona la representaci\u00f3n de los estados con menor padr\u00f3n electoral.<\/p>\n<p style=\"text-align: justify;\">Carlos Puente, del PVEM, argument\u00f3 que la propuesta altera la asignaci\u00f3n de representaci\u00f3n por circunscripci\u00f3n y debilita a los partidos.<\/p>\n<p style=\"text-align: justify;\">Con la reforma desechada en San L\u00e1zaro, el esquema electoral para los comicios de 2027 permanece intacto: los 200 diputados de representaci\u00f3n proporcional seguir\u00e1n eligi\u00e9ndose mediante las listas de los partidos, los 32 senadores plurinominales no desaparecer\u00e1n, y el financiamiento p\u00fablico a los partidos no ser\u00e1 recortado en el 25% que contemplaba el dictamen.<\/p>\n<p style=\"text-align: justify;\">La iniciativa, presentada por Sheinbaum el 4 de marzo, buscaba reformar 14 art\u00edculos constitucionales.<\/p>\n<p style=\"text-align: justify;\">Entre sus puntos centrales figuraban la eliminaci\u00f3n de los 32 senadores plurinominales, la modificaci\u00f3n del mecanismo de elecci\u00f3n de los 200 diputados de representaci\u00f3n proporcional y una reducci\u00f3n del 25% en el financiamiento p\u00fablico a partidos pol\u00edticos y \u00f3rganos electorales.<\/p>\n<p style=\"text-align: justify;\">La presidenta Sheinbaum declin\u00f3 pronunciarse sobre el resultado y ratific\u00f3 su convicci\u00f3n de haber cumplido con la demanda ciudadana en torno a la modificaci\u00f3n del sistema electoral, se\u00f1alando que corresponder\u00e1 a la gente evaluar el desempe\u00f1o de los legisladores sobre esta reforma.<\/p>\n<p style=\"text-align: justify;\">Desde antes de la votaci\u00f3n, la mandataria hab\u00eda descartado hacer un llamado adicional a sus aliados: \u201cque cada quien decida\u201d, dijo.<\/p>\n<p style=\"text-align: justify;\">La pr\u00f3xima sesi\u00f3n ordinaria qued\u00f3 citada para el 18 de marzo. Morena trabajar\u00e1 mientras tanto en la construcci\u00f3n del llamado Plan B electoral, cuyo contenido a\u00fan no ha sido precisado.<\/p>\n","protected":false},"excerpt":{"rendered":"<p>#Redacci\u00f3nOaxaca #Oaxaca #JaimeGUERRERO La C\u00e1mara de Diputados desech\u00f3 este mi\u00e9rcoles la reforma electoral de la presidenta Claudia Sheinbaum al no alcanzar la mayor\u00eda calificada requerida para modificar la Constituci\u00f3n. Con 259 votos a favor, 234 en contra y una abstenci\u00f3n, la iniciativa qued\u00f3 lejos de los 334 sufragios necesarios. La presidenta de la Mesa Directiva, [&hellip;]<\/p>\n","protected":false},"author":9,"featured_media":40939,"comment_status":"open","ping_status":"open","sticky":false,"template":"","format":"standard","meta":{"jetpack_post_was_ever_published":false,"_jetpack_newsletter_access":"","_jetpack_dont_email_post_to_subs":false,"_jetpack_newsletter_tier_id":0,"_jetpack_memberships_contains_paywalled_content":false,"_jetpack_memberships_contains_paid_content":false,"footnotes":"","jetpack_publicize_message":"","jetpack_publicize_feature_enabled":true,"jetpack_social_post_already_shared":true,"jetpack_social_options":{"image_generator_settings":{"template":"highway","default_image_id":0,"font":"","enabled":false},"version":2}},"categories":[4,7,6],"tags":[],"class_list":{"0":"post-40938","1":"post","2":"type-post","3":"status-publish","4":"format-standard","5":"has-post-thumbnail","7":"category-agenda-politica","8":"category-al-cierre","9":"category-tendencias"},"jetpack_publicize_connections":[],"jetpack_featured_media_url":"https:\/\/i0.wp.com\/redaccionoaxaca.com\/wp-content\/uploads\/2026\/03\/images-44.jpeg?fit=725%2C423&ssl=1","jetpack_sharing_enabled":true,"jetpack_shortlink":"https:\/\/wp.me\/p9Ynjw-aEi","jetpack-related-posts":[{"id":40955,"url":"https:\/\/redaccionoaxaca.com\/index.php\/2026\/03\/12\/gobernador-de-oaxaca-lamenta-rechazo-a-reformaelectoral-de-sheinbaum-y-critica-a-partidos-aliados-por-votar-en-contra-es-una-mala-senal\/","url_meta":{"origin":40938,"position":0},"title":"Gobernador de Oaxaca lamenta rechazo a #ReformaElectoral de Sheinbaum y critica a partidos aliados por votar en contra; \u201ces una mala se\u00f1al\u201d","author":"ariadna","date":"marzo 12, 2026","format":"video","excerpt":"#Redacci\u00f3nOaxaca #Oaxaca #JaimeGUERRERO El Gobernador de Oaxaca lamenta rechazo a #ReformaElectoral de Sheinbaum y critica a partidos aliados por votar en contra; \u201ces una mala se\u00f1al\u201d gobernador de Oaxaca, Salom\u00f3n Jara Cruz, lament\u00f3 que el PT y el PVEM no respaldaran la iniciativa de reforma electoral de la presidenta Claudia\u2026","rel":"","context":"En &quot;Agenda Pol\u00edtica&quot;","block_context":{"text":"Agenda Pol\u00edtica","link":"https:\/\/redaccionoaxaca.com\/index.php\/category\/agenda-politica\/"},"img":{"alt_text":"","src":"https:\/\/i0.wp.com\/redaccionoaxaca.com\/wp-content\/uploads\/2026\/03\/Screenshot_20260312_131416_WhatsApp-scaled.jpg?fit=1200%2C631&ssl=1&resize=350%2C200","width":350,"height":200,"srcset":"https:\/\/i0.wp.com\/redaccionoaxaca.com\/wp-content\/uploads\/2026\/03\/Screenshot_20260312_131416_WhatsApp-scaled.jpg?fit=1200%2C631&ssl=1&resize=350%2C200 1x, https:\/\/i0.wp.com\/redaccionoaxaca.com\/wp-content\/uploads\/2026\/03\/Screenshot_20260312_131416_WhatsApp-scaled.jpg?fit=1200%2C631&ssl=1&resize=525%2C300 1.5x, https:\/\/i0.wp.com\/redaccionoaxaca.com\/wp-content\/uploads\/2026\/03\/Screenshot_20260312_131416_WhatsApp-scaled.jpg?fit=1200%2C631&ssl=1&resize=700%2C400 2x, https:\/\/i0.wp.com\/redaccionoaxaca.com\/wp-content\/uploads\/2026\/03\/Screenshot_20260312_131416_WhatsApp-scaled.jpg?fit=1200%2C631&ssl=1&resize=1050%2C600 3x"},"classes":[]},{"id":39998,"url":"https:\/\/redaccionoaxaca.com\/index.php\/2026\/01\/17\/pt-ratifica-alianza-con-morena-pvem-en-reforma-electoral-tras-reunion-con-gobernacion\/","url_meta":{"origin":40938,"position":1},"title":"PT ratifica alianza con Morena-PVEM en reforma electoral, tras reuni\u00f3n con Gobernaci\u00f3n","author":"ariadna","date":"enero 17, 2026","format":false,"excerpt":"#Redacci\u00f3nOaxaca #Oaxaca Jaime GUERRERO Tras reunirse anoche con la secretaria de Gobernaci\u00f3n, Rosa Icela Rodr\u00edguez, el senador Alberto Anaya, l\u00edder nacional del Partido del Trabajo (PT), acord\u00f3 \u201cconstruir juntos\u201d la propuesta de reforma electoral, impulsada por la Presidenta, Claudia Sheinbaum Pardo. Ayer, la advertencia de su bancada era que sin\u2026","rel":"","context":"En &quot;Agenda Pol\u00edtica&quot;","block_context":{"text":"Agenda Pol\u00edtica","link":"https:\/\/redaccionoaxaca.com\/index.php\/category\/agenda-politica\/"},"img":{"alt_text":"","src":"https:\/\/i0.wp.com\/redaccionoaxaca.com\/wp-content\/uploads\/2026\/01\/8a50cdf0d55f31344a6aa1147dcebfad.webp.jpg?fit=960%2C640&ssl=1&resize=350%2C200","width":350,"height":200,"srcset":"https:\/\/i0.wp.com\/redaccionoaxaca.com\/wp-content\/uploads\/2026\/01\/8a50cdf0d55f31344a6aa1147dcebfad.webp.jpg?fit=960%2C640&ssl=1&resize=350%2C200 1x, https:\/\/i0.wp.com\/redaccionoaxaca.com\/wp-content\/uploads\/2026\/01\/8a50cdf0d55f31344a6aa1147dcebfad.webp.jpg?fit=960%2C640&ssl=1&resize=525%2C300 1.5x, https:\/\/i0.wp.com\/redaccionoaxaca.com\/wp-content\/uploads\/2026\/01\/8a50cdf0d55f31344a6aa1147dcebfad.webp.jpg?fit=960%2C640&ssl=1&resize=700%2C400 2x"},"classes":[]},{"id":40997,"url":"https:\/\/redaccionoaxaca.com\/index.php\/2026\/03\/14\/tras-madrugada-de-negociaciones-bloque-oficialista-acuerda-impulsar-el-plan-b-de-sheinbaum\/","url_meta":{"origin":40938,"position":2},"title":"Tras madrugada de negociaciones, bloque oficialista acuerda impulsar el Plan B de Sheinbaum","author":"ariadna","date":"marzo 14, 2026","format":false,"excerpt":"#Redacci\u00f3nOaxaca #Oaxaca #JaimeGUERRERO La fracci\u00f3n de Morena en el Congreso amarr\u00f3 esta madrugada el apoyo del PT y PVEM para sacar adelante el Plan B electoral de la presidenta Claudia Sheinbaum, luego de una jornada de 12 horas de negociaciones encabezadas por la secretaria de Gobernaci\u00f3n, Rosa Icela Rodr\u00edguez. El\u2026","rel":"","context":"En &quot;Agenda Pol\u00edtica&quot;","block_context":{"text":"Agenda Pol\u00edtica","link":"https:\/\/redaccionoaxaca.com\/index.php\/category\/agenda-politica\/"},"img":{"alt_text":"","src":"https:\/\/i0.wp.com\/redaccionoaxaca.com\/wp-content\/uploads\/2026\/03\/sheinbaum-respaldo.webp?fit=850%2C480&ssl=1&resize=350%2C200","width":350,"height":200,"srcset":"https:\/\/i0.wp.com\/redaccionoaxaca.com\/wp-content\/uploads\/2026\/03\/sheinbaum-respaldo.webp?fit=850%2C480&ssl=1&resize=350%2C200 1x, https:\/\/i0.wp.com\/redaccionoaxaca.com\/wp-content\/uploads\/2026\/03\/sheinbaum-respaldo.webp?fit=850%2C480&ssl=1&resize=525%2C300 1.5x, https:\/\/i0.wp.com\/redaccionoaxaca.com\/wp-content\/uploads\/2026\/03\/sheinbaum-respaldo.webp?fit=850%2C480&ssl=1&resize=700%2C400 2x"},"classes":[]},{"id":41197,"url":"https:\/\/redaccionoaxaca.com\/index.php\/2026\/03\/27\/lonas-tunden-al-pt-como-partido-de-traidores-en-cruceros-de-la-capital-de-oaxaca\/","url_meta":{"origin":40938,"position":3},"title":"Lonas tunden al PT como \u201cPartido de Traidores\u201d en cruceros de la capital de Oaxaca","author":"ariadna","date":"marzo 27, 2026","format":false,"excerpt":"#Redacci\u00f3nOaxaca #Oaxaca #JaimeGUERRERO Lonas con la leyenda \u201c\u00daltima hora. El PT cambia de nombre. El partido 100% oportunista\u201d y el logotipo del Partido del Trabajo acompa\u00f1ado de las palabras \u201cPartido de Traidores\u201d aparecieron este viernes en el crucero del Monumento a la Madre y en el de Cinco Se\u00f1ores, al\u2026","rel":"","context":"En &quot;Agenda Pol\u00edtica&quot;","block_context":{"text":"Agenda Pol\u00edtica","link":"https:\/\/redaccionoaxaca.com\/index.php\/category\/agenda-politica\/"},"img":{"alt_text":"","src":"https:\/\/i0.wp.com\/redaccionoaxaca.com\/wp-content\/uploads\/2026\/03\/IMG-20260327-WA0098.jpg?fit=590%2C487&ssl=1&resize=350%2C200","width":350,"height":200,"srcset":"https:\/\/i0.wp.com\/redaccionoaxaca.com\/wp-content\/uploads\/2026\/03\/IMG-20260327-WA0098.jpg?fit=590%2C487&ssl=1&resize=350%2C200 1x, https:\/\/i0.wp.com\/redaccionoaxaca.com\/wp-content\/uploads\/2026\/03\/IMG-20260327-WA0098.jpg?fit=590%2C487&ssl=1&resize=525%2C300 1.5x"},"classes":[]},{"id":41411,"url":"https:\/\/redaccionoaxaca.com\/index.php\/2026\/04\/09\/madrugada-legislativa-oaxaca-aprueba-el-plan-b-electoral-y-morena-acusa-al-pt-de-traicionar-la-reforma-y-a-la-cuarta-transformacion\/","url_meta":{"origin":40938,"position":4},"title":"Madrugada legislativa: Oaxaca aprueba el Plan B electoral y Morena acusa al PT de traicionar la reforma y a la Cuarta Transformaci\u00f3n","author":"ariadna","date":"abril 9, 2026","format":false,"excerpt":"#Redacci\u00f3nOaxaca #Oaxaca #JaimeGUERRERO A las 3:00 de la ma\u00f1ana, en la sesi\u00f3n en que el Congreso de Oaxaca ratific\u00f3 el Plan B de la reforma electoral de la presidenta Claudia Sheinbaum, el legislador Benjam\u00edn Viveros Montalvos vincul\u00f3 al PT con el priismo hist\u00f3rico, lo acus\u00f3 de boicotear la revocaci\u00f3n de\u2026","rel":"","context":"En &quot;Agenda Pol\u00edtica&quot;","block_context":{"text":"Agenda Pol\u00edtica","link":"https:\/\/redaccionoaxaca.com\/index.php\/category\/agenda-politica\/"},"img":{"alt_text":"","src":"https:\/\/i0.wp.com\/redaccionoaxaca.com\/wp-content\/uploads\/2026\/04\/12-8-scaled.jpg?fit=1200%2C658&ssl=1&resize=350%2C200","width":350,"height":200,"srcset":"https:\/\/i0.wp.com\/redaccionoaxaca.com\/wp-content\/uploads\/2026\/04\/12-8-scaled.jpg?fit=1200%2C658&ssl=1&resize=350%2C200 1x, https:\/\/i0.wp.com\/redaccionoaxaca.com\/wp-content\/uploads\/2026\/04\/12-8-scaled.jpg?fit=1200%2C658&ssl=1&resize=525%2C300 1.5x, https:\/\/i0.wp.com\/redaccionoaxaca.com\/wp-content\/uploads\/2026\/04\/12-8-scaled.jpg?fit=1200%2C658&ssl=1&resize=700%2C400 2x, https:\/\/i0.wp.com\/redaccionoaxaca.com\/wp-content\/uploads\/2026\/04\/12-8-scaled.jpg?fit=1200%2C658&ssl=1&resize=1050%2C600 3x"},"classes":[]},{"id":41072,"url":"https:\/\/redaccionoaxaca.com\/index.php\/2026\/03\/18\/congreso-de-oaxaca-respalda-plan-b-de-la-reforma-electoral\/","url_meta":{"origin":40938,"position":5},"title":"Congreso de Oaxaca respalda Plan B de la Reforma Electoral","author":"ariadna","date":"marzo 18, 2026","format":false,"excerpt":"#Redacci\u00f3nOaxaca #Oaxaca * Las y los diputados coincidieron en la importancia de fortalecer la democracia a trav\u00e9s de la iniciativa de la Presidenta Claudia Sheinbaum Pardo San Raymundo Jalpan, Oax., a 18 de marzo de 2026.- En Sesi\u00f3n Ordinaria, las y los diputados de la LXVI Legislatura del Congreso del\u2026","rel":"","context":"En &quot;Agenda Pol\u00edtica&quot;","block_context":{"text":"Agenda Pol\u00edtica","link":"https:\/\/redaccionoaxaca.com\/index.php\/category\/agenda-politica\/"},"img":{"alt_text":"","src":"https:\/\/i0.wp.com\/redaccionoaxaca.com\/wp-content\/uploads\/2026\/03\/Screenshot_20260318_215938_Facebook-scaled.jpg?fit=1200%2C694&ssl=1&resize=350%2C200","width":350,"height":200,"srcset":"https:\/\/i0.wp.com\/redaccionoaxaca.com\/wp-content\/uploads\/2026\/03\/Screenshot_20260318_215938_Facebook-scaled.jpg?fit=1200%2C694&ssl=1&resize=350%2C200 1x, https:\/\/i0.wp.com\/redaccionoaxaca.com\/wp-content\/uploads\/2026\/03\/Screenshot_20260318_215938_Facebook-scaled.jpg?fit=1200%2C694&ssl=1&resize=525%2C300 1.5x, https:\/\/i0.wp.com\/redaccionoaxaca.com\/wp-content\/uploads\/2026\/03\/Screenshot_20260318_215938_Facebook-scaled.jpg?fit=1200%2C694&ssl=1&resize=700%2C400 2x, https:\/\/i0.wp.com\/redaccionoaxaca.com\/wp-content\/uploads\/2026\/03\/Screenshot_20260318_215938_Facebook-scaled.jpg?fit=1200%2C694&ssl=1&resize=1050%2C600 3x"},"classes":[]}],"_links":{"self":[{"href":"https:\/\/redaccionoaxaca.com\/index.php\/wp-json\/wp\/v2\/posts\/40938","targetHints":{"allow":["GET"]}}],"collection":[{"href":"https:\/\/redaccionoaxaca.com\/index.php\/wp-json\/wp\/v2\/posts"}],"about":[{"href":"https:\/\/redaccionoaxaca.com\/index.php\/wp-json\/wp\/v2\/types\/post"}],"author":[{"embeddable":true,"href":"https:\/\/redaccionoaxaca.com\/index.php\/wp-json\/wp\/v2\/users\/9"}],"replies":[{"embeddable":true,"href":"https:\/\/redaccionoaxaca.com\/index.php\/wp-json\/wp\/v2\/comments?post=40938"}],"version-history":[{"count":1,"href":"https:\/\/redaccionoaxaca.com\/index.php\/wp-json\/wp\/v2\/posts\/40938\/revisions"}],"predecessor-version":[{"id":40940,"href":"https:\/\/redaccionoaxaca.com\/index.php\/wp-json\/wp\/v2\/posts\/40938\/revisions\/40940"}],"wp:featuredmedia":[{"embeddable":true,"href":"https:\/\/redaccionoaxaca.com\/index.php\/wp-json\/wp\/v2\/media\/40939"}],"wp:attachment":[{"href":"https:\/\/redaccionoaxaca.com\/index.php\/wp-json\/wp\/v2\/media?parent=40938"}],"wp:term":[{"taxonomy":"category","embeddable":true,"href":"https:\/\/redaccionoaxaca.com\/index.php\/wp-json\/wp\/v2\/categories?post=40938"},{"taxonomy":"post_tag","embeddable":true,"href":"https:\/\/redaccionoaxaca.com\/index.php\/wp-json\/wp\/v2\/tags?post=40938"}],"curies":[{"name":"wp","href":"https:\/\/api.w.org\/{rel}","templated":true}]}}