{"id":40941,"date":"2026-03-12T08:36:11","date_gmt":"2026-03-12T14:36:11","guid":{"rendered":"https:\/\/redaccionoaxaca.com\/?p=40941"},"modified":"2026-03-12T08:36:11","modified_gmt":"2026-03-12T14:36:11","slug":"desde-el-congreso-urgen-al-fiscal-de-oaxaca-a-dejar-de-ver-la-justicia-con-lentes-politicos","status":"publish","type":"post","link":"https:\/\/redaccionoaxaca.com\/index.php\/2026\/03\/12\/desde-el-congreso-urgen-al-fiscal-de-oaxaca-a-dejar-de-ver-la-justicia-con-lentes-politicos\/","title":{"rendered":"Desde el Congreso, urgen al Fiscal de Oaxaca a dejar de ver la justicia con \u201clentes pol\u00edticos\u201d"},"content":{"rendered":"<p><strong>#Redacci\u00f3nOaxaca<\/strong><\/p>\n<p><strong>#Oaxaca<\/strong><\/p>\n<p><strong>#JaimeGUERRERO<\/strong><\/p>\n<p style=\"text-align: justify;\">Una diputada de Morena lanz\u00f3 una velada acusaci\u00f3n directa contra el Fiscal General del Estado, Bernardo Rodr\u00edguez Alamilla: que opera con criterios pol\u00edticos, que es c\u00f3mplice de la impunidad y que la justicia en Oaxaca no se procura por igual para todos, sino que queda reservada para los funcionarios del Estado y sus familias.<\/p>\n<p style=\"text-align: justify;\">\u201cDeje de ver la justicia con lentes pol\u00edticos, dejen de ser c\u00f3mplices de la impunidad. Si las v\u00edctimas siguen esperando respuestas, si las investigaciones siguen sin resultados y si la sociedad sigue sin conocer la verdad, es inevitable pensar en la complicidad de la instituci\u00f3n. Se\u00f1or Fiscal, atienda a todos los ciudadanos que es su responsabilidad, o acaso s\u00f3lo tendr\u00e1n seguridad y justicia los funcionarios del Estado y sus hijos\u201d, afirm\u00f3 Jimena Yamil Arroyo Ju\u00e1rez desde la tribuna legislativa.<\/p>\n<p style=\"text-align: justify;\">Para concretar esas exigencias, la legisladora present\u00f3 una proposici\u00f3n con punto de acuerdo por la que la Sexag\u00e9sima Sexta Legislatura del Congreso de Oaxaca exhorta a la Fiscal\u00eda a presentar un informe p\u00fablico de acceso abierto sobre el desempe\u00f1o institucional en la investigaci\u00f3n de delitos de violencia contra las mujeres.<\/p>\n<p style=\"text-align: justify;\">Asimismo a informar sobre los avances en la indagatoria del atentado contra el expresidente municipal de Mazatl\u00e1n Villa de Flores, en el que una persona perdi\u00f3 la vida y tres m\u00e1s resultaron lesionadas.<\/p>\n<p style=\"text-align: justify;\">La diputada fue directa al se\u00f1alar la opacidad de la instituci\u00f3n como un problema pol\u00edtico, no solo administrativo.<\/p>\n<p style=\"text-align: justify;\">\u201cEstamos se\u00f1alando la opacidad de la Fiscal\u00eda, la lentitud de su sistema que revictimiza y protege a los agresores\u201d, dijo.<\/p>\n<p style=\"text-align: justify;\">En su gui\u00f3n, cuestion\u00f3 sin rodeos: \u201c\u00bfLa falta de resultados en muchos casos se debe a limitaciones institucionales, o existen intereses que impiden que ciertas investigaciones lleguen hasta sus \u00faltimas consecuencias? \u00bfLas carpetas de investigaci\u00f3n no avanzan por falta de capacidades, o porque existen presiones que prefieren que algunos expedientes permanezcan en el silencio?\u201d.<\/p>\n<p style=\"text-align: justify;\">Arroyo Ju\u00e1rez plante\u00f3 adem\u00e1s una contradicci\u00f3n pol\u00edtica de fondo sobre el uso de los recursos p\u00fablicos destinados a la seguridad.<\/p>\n<p style=\"text-align: justify;\">\u201c\u00bfCu\u00e1ntos escoltas est\u00e1n destinados a la seguridad de funcionarios de alto nivel en este estado y cu\u00e1ntos millones se destinan a esto? Porque mientras algunos servidores p\u00fablicos cuentan con dispositivos completos de seguridad, hay mujeres v\u00edctimas de violencia, testigos clave y madres buscadoras que enfrentan riesgos reales sin ning\u00fan tipo de protecci\u00f3n institucional.\u201d<\/p>\n<p style=\"text-align: justify;\">Sobre el atentado en Mazatl\u00e1n Villa de Flores, cuya autor\u00eda y m\u00f3viles permanecen sin esclarecerse p\u00fablicamente, la legisladora advirti\u00f3 que cuando los casos de alto impacto no se esclarecen, lo que crece en la sociedad no es la confianza, es la sospecha.<\/p>\n<p style=\"text-align: justify;\">La diputada tambi\u00e9n puso en t\u00e9rminos pol\u00edticos la responsabilidad del Estado frente a las mujeres.<\/p>\n<p style=\"text-align: justify;\">\u201cEl estado nos est\u00e1 violentando cuando simula que nos protege: cuando los delitos no se esclarecen, cuando las investigaciones no avanzan, cuando las v\u00edctimas no reciben justicia. Lo que la sociedad percibe es algo profundamente peligroso: la impunidad.\u201d<\/p>\n<p style=\"text-align: justify;\">El punto de acuerdo fue presentado en el marco de la conmemoraci\u00f3n del D\u00eda Internacional de la Mujer y qued\u00f3 pendiente de votaci\u00f3n al cierre de esta edici\u00f3n.\u200b\u200b\u200b\u200b\u200b\u200b\u200b\u200b\u200b\u200b\u200b\u200b\u200b\u200b\u200b\u200b<\/p>\n<p style=\"text-align: justify;\">A este producto legislativo se sumaron la mayor\u00eda de las diputadas de las bancadas de Morena, PT, fuerza por Oaxaca y Verde ecologista.<\/p>\n","protected":false},"excerpt":{"rendered":"<p>#Redacci\u00f3nOaxaca #Oaxaca #JaimeGUERRERO Una diputada de Morena lanz\u00f3 una velada acusaci\u00f3n directa contra el Fiscal General del Estado, Bernardo Rodr\u00edguez Alamilla: que opera con criterios pol\u00edticos, que es c\u00f3mplice de la impunidad y que la justicia en Oaxaca no se procura por igual para todos, sino que queda reservada para los funcionarios del Estado y [&hellip;]<\/p>\n","protected":false},"author":9,"featured_media":40942,"comment_status":"open","ping_status":"open","sticky":false,"template":"","format":"standard","meta":{"jetpack_post_was_ever_published":false,"_jetpack_newsletter_access":"","_jetpack_dont_email_post_to_subs":false,"_jetpack_newsletter_tier_id":0,"_jetpack_memberships_contains_paywalled_content":false,"_jetpack_memberships_contains_paid_content":false,"footnotes":"","jetpack_publicize_message":"","jetpack_publicize_feature_enabled":true,"jetpack_social_post_already_shared":true,"jetpack_social_options":{"image_generator_settings":{"template":"highway","default_image_id":0,"font":"","enabled":false},"version":2}},"categories":[4,5,3],"tags":[],"class_list":{"0":"post-40941","1":"post","2":"type-post","3":"status-publish","4":"format-standard","5":"has-post-thumbnail","7":"category-agenda-politica","8":"category-imagen","9":"category-mesa-de-redaccion"},"jetpack_publicize_connections":[],"jetpack_featured_media_url":"https:\/\/i0.wp.com\/redaccionoaxaca.com\/wp-content\/uploads\/2026\/03\/21-4-600x360-1.jpg?fit=2400%2C1384&ssl=1","jetpack_sharing_enabled":true,"jetpack_shortlink":"https:\/\/wp.me\/p9Ynjw-aEl","jetpack-related-posts":[{"id":9778,"url":"https:\/\/redaccionoaxaca.com\/index.php\/2019\/12\/27\/inadmisible-utilizar-condiciones-de-inseguridad-con-fines-politicos-se-ponen-del-lado-del-crimen-dice-fiscal-a-salomon-jara\/","url_meta":{"origin":40941,"position":0},"title":"Inadmisible utilizar condiciones de inseguridad con fines pol\u00edticos; se ponen del lado del crimen, dice Fiscal a Salom\u00f3n Jara.","author":"ariadna","date":"diciembre 27, 2019","format":false,"excerpt":"#Redacci\u00f3nOaxaca #Oaxaca Jaime GUERRERO Al salir al paso de las cr\u00edticas en su contra, el Fiscal General del Estado, Rub\u00e9n Vasconcelos M\u00e9ndez, le envi\u00f3 un mensaje a la clase pol\u00edtica de la entidad. Les dijo que es inadmisible que en las condiciones de seguridad o inseguridad que tiene el pa\u00eds,\u2026","rel":"","context":"Entrada similar ","block_context":{"text":"Entrada similar ","link":""},"img":{"alt_text":"","src":"","width":0,"height":0},"classes":[]},{"id":14143,"url":"https:\/\/redaccionoaxaca.com\/index.php\/2020\/08\/27\/piden-a-fgr-atraer-caso-de-asesinato-de-23-militantes-y-simpatizantes-de-morena-en-oaxaca\/","url_meta":{"origin":40941,"position":1},"title":"Piden a FGR atraer caso de asesinato de  23 militantes y simpatizantes de Morena en Oaxaca.","author":"ariadna","date":"agosto 27, 2020","format":false,"excerpt":"#Redacci\u00f3nOaxaca #Oaxaca Jaime GUERRERO La bancada del Partido Movimiento de Regeneraci\u00f3n Nacional (Morena), pidi\u00f3 a la Fiscal\u00eda General de la Rep\u00fablica (FGR) atraer el caso de la ejecuci\u00f3n del l\u00edder del Frente Popular Revolucionario (FPR). Tom\u00e1s Mart\u00ednez Pinacho, as\u00ed como de otros 23 asesinatos contra militantes y simpatizantes de Morena\u2026","rel":"","context":"En &quot;Agenda Pol\u00edtica&quot;","block_context":{"text":"Agenda Pol\u00edtica","link":"https:\/\/redaccionoaxaca.com\/index.php\/category\/agenda-politica\/"},"img":{"alt_text":"","src":"","width":0,"height":0},"classes":[]},{"id":14894,"url":"https:\/\/redaccionoaxaca.com\/index.php\/2020\/10\/22\/en-el-dia-nacional-del-ministerio-publico-refrenda-alejandro-murat-compromiso-indeclinable-en-la-construccion-de-la-paz-y-seguridad\/","url_meta":{"origin":40941,"position":2},"title":"En el D\u00eda Nacional del Ministerio P\u00fablico Refrenda Alejandro Murat compromiso indeclinable  en la construcci\u00f3n de la paz y seguridad.","author":"ariadna","date":"octubre 22, 2020","format":false,"excerpt":"#Redacci\u00f3nOaxaca #Oaxaca \u00b7El gobernador Alejandro Murat y la secretaria de Gobernaci\u00f3n, Olga S\u00e1nchez Cordero, junto con el Fiscal General, Rub\u00e9n Vasconcelos M\u00e9ndez, entregaron reconocimientos a 39 Agentes del Ministerio P\u00fablico y a dos Unidades de Investigaci\u00f3n de Oaxaca Ciudad de M\u00e9xico. 22 de octubre de 2020.- En el marco del\u2026","rel":"","context":"En &quot;Agenda Pol\u00edtica&quot;","block_context":{"text":"Agenda Pol\u00edtica","link":"https:\/\/redaccionoaxaca.com\/index.php\/category\/agenda-politica\/"},"img":{"alt_text":"","src":"https:\/\/i0.wp.com\/redaccionoaxaca.com\/wp-content\/uploads\/2020\/10\/IMG-20201022-WA0144-300x200.jpg?resize=350%2C200","width":350,"height":200},"classes":[]},{"id":27545,"url":"https:\/\/redaccionoaxaca.com\/index.php\/2022\/08\/30\/con-temas-de-coyuntura-mediatica-morena-pt-pvem-pan-y-pup-reprocharon-impunidad-y-nulos-resultados-a-fiscal-de-oaxaca\/","url_meta":{"origin":40941,"position":3},"title":"Con temas de coyuntura medi\u00e1tica, Morena, PT, PVEM, PAN y PUP,  reprocharon impunidad y nulos resultados a Fiscal de Oaxaca","author":"ariadna","date":"agosto 30, 2022","format":false,"excerpt":"#Redacci\u00f3nOaxaca #Oaxaca\u00a0 Jaime GUERRERO Asumi\u00e9ndose como \u201cdefensores del pueblo\u201d con temas de coyuntura medi\u00e1tica, las y los diputados integrantes de la Comisi\u00f3n de Administraci\u00f3n y Procuraci\u00f3n de Justicia de la LXV Legislatura, reprocharon la impunidad y nulos resultados en la Fiscal\u00eda General del Estado ante la falta de procuraci\u00f3n de\u2026","rel":"","context":"En &quot;Agenda Pol\u00edtica&quot;","block_context":{"text":"Agenda Pol\u00edtica","link":"https:\/\/redaccionoaxaca.com\/index.php\/category\/agenda-politica\/"},"img":{"alt_text":"","src":"","width":0,"height":0},"classes":[]},{"id":12664,"url":"https:\/\/redaccionoaxaca.com\/index.php\/2020\/06\/03\/video-impunidad-dilacion-y-complicidades-envuelven-el-caso-de-maria-del-sol-cruz-jarquin-a-2-anos-del-terrible-asesinato\/","url_meta":{"origin":40941,"position":4},"title":"VIDEO: Impunidad, dilaci\u00f3n y complicidades envuelven el caso de Mar\u00eda del Sol Cruz Jarqu\u00edn a 2 a\u00f1os del asesinato.","author":"ariadna","date":"junio 3, 2020","format":false,"excerpt":"#Redacci\u00f3nOaxaca #Oaxaca Ariadna Mendoza *Entrevista con Soledad Jarqu\u00edn a dos a\u00f1os del asesinato de su hija, Mar\u00eda Del Sol Cruz Jarqu\u00edn. \u201cDilaci\u00f3n, impunidad y complicidades\u201d por parte de la Fiscal\u00eda General del Estado, es lo que envuelve el asesinato de Mar\u00eda del Sol Cruz Jarqu\u00edn a dos a\u00f1os de su\u2026","rel":"","context":"En &quot;Agenda Pol\u00edtica&quot;","block_context":{"text":"Agenda Pol\u00edtica","link":"https:\/\/redaccionoaxaca.com\/index.php\/category\/agenda-politica\/"},"img":{"alt_text":"","src":"https:\/\/i0.wp.com\/redaccionoaxaca.com\/wp-content\/uploads\/2020\/06\/sol-300x184.jpg?resize=350%2C200","width":350,"height":200},"classes":[]},{"id":17529,"url":"https:\/\/redaccionoaxaca.com\/index.php\/2021\/03\/16\/15-compiten-por-fiscalia-general-de-oaxaca-ex-defensor-de-dh-con-cue-el-recomendado\/","url_meta":{"origin":40941,"position":5},"title":"VIDEO: 15 compiten por Fiscal\u00eda General de Oaxaca,  ex defensor de DH con Cu\u00e9, el recomendado.","author":"ariadna","date":"marzo 16, 2021","format":"video","excerpt":"#Redacci\u00f3nOaxaca #Oaxaca Jaime GUERRERO Al seno de la Comisi\u00f3n de Administraci\u00f3n y Procuraci\u00f3n de Justicia de la LXIV Legislatura, se registraron 15 aspirantes a la titularidad de la Fiscal\u00eda General del Estado, entre los que destacan el ex titular de la Defensor\u00eda de los Derechos Humanos del Pueblo de Oaxaca\u2026","rel":"","context":"En &quot;Agenda Pol\u00edtica&quot;","block_context":{"text":"Agenda Pol\u00edtica","link":"https:\/\/redaccionoaxaca.com\/index.php\/category\/agenda-politica\/"},"img":{"alt_text":"","src":"","width":0,"height":0},"classes":[]}],"_links":{"self":[{"href":"https:\/\/redaccionoaxaca.com\/index.php\/wp-json\/wp\/v2\/posts\/40941","targetHints":{"allow":["GET"]}}],"collection":[{"href":"https:\/\/redaccionoaxaca.com\/index.php\/wp-json\/wp\/v2\/posts"}],"about":[{"href":"https:\/\/redaccionoaxaca.com\/index.php\/wp-json\/wp\/v2\/types\/post"}],"author":[{"embeddable":true,"href":"https:\/\/redaccionoaxaca.com\/index.php\/wp-json\/wp\/v2\/users\/9"}],"replies":[{"embeddable":true,"href":"https:\/\/redaccionoaxaca.com\/index.php\/wp-json\/wp\/v2\/comments?post=40941"}],"version-history":[{"count":1,"href":"https:\/\/redaccionoaxaca.com\/index.php\/wp-json\/wp\/v2\/posts\/40941\/revisions"}],"predecessor-version":[{"id":40943,"href":"https:\/\/redaccionoaxaca.com\/index.php\/wp-json\/wp\/v2\/posts\/40941\/revisions\/40943"}],"wp:featuredmedia":[{"embeddable":true,"href":"https:\/\/redaccionoaxaca.com\/index.php\/wp-json\/wp\/v2\/media\/40942"}],"wp:attachment":[{"href":"https:\/\/redaccionoaxaca.com\/index.php\/wp-json\/wp\/v2\/media?parent=40941"}],"wp:term":[{"taxonomy":"category","embeddable":true,"href":"https:\/\/redaccionoaxaca.com\/index.php\/wp-json\/wp\/v2\/categories?post=40941"},{"taxonomy":"post_tag","embeddable":true,"href":"https:\/\/redaccionoaxaca.com\/index.php\/wp-json\/wp\/v2\/tags?post=40941"}],"curies":[{"name":"wp","href":"https:\/\/api.w.org\/{rel}","templated":true}]}}