{"id":40944,"date":"2026-03-12T08:42:57","date_gmt":"2026-03-12T14:42:57","guid":{"rendered":"https:\/\/redaccionoaxaca.com\/?p=40944"},"modified":"2026-03-12T08:46:51","modified_gmt":"2026-03-12T14:46:51","slug":"tres-alumnas-de-secundaria-en-oaxaca-presentan-presunta-intoxicacion-por-gomitas-ieepo-y-fiscalia-abren-investigaciones","status":"publish","type":"post","link":"https:\/\/redaccionoaxaca.com\/index.php\/2026\/03\/12\/tres-alumnas-de-secundaria-en-oaxaca-presentan-presunta-intoxicacion-por-gomitas-ieepo-y-fiscalia-abren-investigaciones\/","title":{"rendered":"Tres alumnas de secundaria en Oaxaca presentan presunta intoxicaci\u00f3n por \u201cgomitas\u201d; IEEPO y Fiscal\u00eda abren investigaciones"},"content":{"rendered":"<p><strong>#Redacci\u00f3nOaxaca<\/strong><\/p>\n<p><strong>#Oaxaca <\/strong><\/p>\n<p><strong>#JaimeGUERRERO<\/strong><\/p>\n<p style=\"text-align: justify;\">El Instituto Estatal de Educaci\u00f3n P\u00fablica de Oaxaca (IEEPO) y la Fiscal\u00eda General del Estado (FGEO) activaron protocolos de seguimiento tras la presunta intoxicaci\u00f3n de tres estudiantes de la Escuela Secundaria T\u00e9cnica 139, ubicada en las inmediaciones del fraccionamiento El Rosario, ocurrida este martes.<\/p>\n<p style=\"text-align: justify;\">Personal de la Unidad de Educaci\u00f3n Secundaria y de la Direcci\u00f3n para la Atenci\u00f3n de los Derechos Humanos del IEEPO se traslad\u00f3 al plantel, donde entrevistaron al director de la instituci\u00f3n.<\/p>\n<p style=\"text-align: justify;\">El funcionario escolar inform\u00f3 que, ante la aparente intoxicaci\u00f3n de las menores, solicit\u00f3 la presencia de sus familiares y les pidi\u00f3 que las canalizaran con m\u00e9dicos para realizarles los ex\u00e1menes necesarios y determinar las causas del malestar.<\/p>\n<p style=\"text-align: justify;\">El director de la escuela aguarda a que los padres de las alumnas presenten los resultados de dichos estudios m\u00e9dicos.<\/p>\n<p style=\"text-align: justify;\">Por su parte, la FGEO inform\u00f3 que abri\u00f3 una carpeta de investigaci\u00f3n a ra\u00edz de los hechos difundidos en redes sociales, y se\u00f1al\u00f3 que estableci\u00f3 las primeras l\u00edneas de investigaci\u00f3n para construir una teor\u00eda del caso que permita determinar c\u00f3mo ocurrieron los hechos e identificar a los responsables.<\/p>\n<p style=\"text-align: justify;\">El IEEPO indic\u00f3 que dar\u00e1 acompa\u00f1amiento al caso y mantendr\u00e1 coordinaci\u00f3n con la direcci\u00f3n del plantel con el prop\u00f3sito de garantizar las condiciones necesarias para el desarrollo de la actividad educativa y salvaguardar los intereses del estudiantado.<\/p>\n","protected":false},"excerpt":{"rendered":"<p>#Redacci\u00f3nOaxaca #Oaxaca #JaimeGUERRERO El Instituto Estatal de Educaci\u00f3n P\u00fablica de Oaxaca (IEEPO) y la Fiscal\u00eda General del Estado (FGEO) activaron protocolos de seguimiento tras la presunta intoxicaci\u00f3n de tres estudiantes de la Escuela Secundaria T\u00e9cnica 139, ubicada en las inmediaciones del fraccionamiento El Rosario, ocurrida este martes. Personal de la Unidad de Educaci\u00f3n Secundaria y [&hellip;]<\/p>\n","protected":false},"author":9,"featured_media":40947,"comment_status":"open","ping_status":"open","sticky":false,"template":"","format":"standard","meta":{"jetpack_post_was_ever_published":false,"_jetpack_newsletter_access":"","_jetpack_dont_email_post_to_subs":false,"_jetpack_newsletter_tier_id":0,"_jetpack_memberships_contains_paywalled_content":false,"_jetpack_memberships_contains_paid_content":false,"footnotes":"","jetpack_publicize_message":"","jetpack_publicize_feature_enabled":true,"jetpack_social_post_already_shared":true,"jetpack_social_options":{"image_generator_settings":{"template":"highway","default_image_id":0,"font":"","enabled":false},"version":2}},"categories":[5,3,6],"tags":[],"class_list":{"0":"post-40944","1":"post","2":"type-post","3":"status-publish","4":"format-standard","5":"has-post-thumbnail","7":"category-imagen","8":"category-mesa-de-redaccion","9":"category-tendencias"},"jetpack_publicize_connections":[],"jetpack_featured_media_url":"https:\/\/i0.wp.com\/redaccionoaxaca.com\/wp-content\/uploads\/2026\/03\/FOTO5.jpg.webp?fit=800%2C550&ssl=1","jetpack_sharing_enabled":true,"jetpack_shortlink":"https:\/\/wp.me\/p9Ynjw-aEo","jetpack-related-posts":[{"id":19836,"url":"https:\/\/redaccionoaxaca.com\/index.php\/2021\/06\/14\/invita-ieepo-a-estudiantes-que-ingresaran-a-secundaria-consultar-convocatoria-nacional-de-becas\/","url_meta":{"origin":40944,"position":0},"title":"Invita IEEPO a estudiantes que ingresar\u00e1n a secundaria consultar Convocatoria Nacional de Becas.","author":"ariadna","date":"junio 14, 2021","format":false,"excerpt":"#Redacci\u00f3nOaxaca #Oaxaca La administraci\u00f3n del gobernador Alejandro Murat Hinojosa y el director general del IEEPO, Francisco \u00c1ngel Villarreal, respaldan estas iniciativas que contribuyen al inicio, permanencia y conclusi\u00f3n de estudios Oaxaca de Ju\u00e1rez, Oax. 14 de junio de 2021.- El Instituto Estatal de Educaci\u00f3n P\u00fablica de Oaxaca (IEEPO) invita a\u2026","rel":"","context":"En &quot;Al Cierre&quot;","block_context":{"text":"Al Cierre","link":"https:\/\/redaccionoaxaca.com\/index.php\/category\/al-cierre\/"},"img":{"alt_text":"","src":"","width":0,"height":0},"classes":[]},{"id":15819,"url":"https:\/\/redaccionoaxaca.com\/index.php\/2020\/12\/15\/entrega-ieepo-becas-elisa-acuna-en-apoyo-a-la-educacion-basica-de-madres-jovenes-y-embarazadas\/","url_meta":{"origin":40944,"position":1},"title":"Entrega IEEPO becas Elisa Acu\u00f1a en apoyo a la educaci\u00f3n b\u00e1sica de madres j\u00f3venes y embarazadas.","author":"ariadna","date":"diciembre 15, 2020","format":false,"excerpt":"#Redacci\u00f3nOaxaca #Oaxaca Con la representaci\u00f3n del gobernador Alejandro Murat Hinojosa, el director general del Instituto Estatal de Educaci\u00f3n P\u00fablica de Oaxaca (IEEPO), Francisco \u00c1ngel Villarreal, entreg\u00f3 recursos del Programa de Becas Elisa Acu\u00f1a en Apoyo a la Educaci\u00f3n B\u00e1sica de Madres J\u00f3venes y Embarazadas para 451 estudiantes que cursan sus\u2026","rel":"","context":"En &quot;Al Cierre&quot;","block_context":{"text":"Al Cierre","link":"https:\/\/redaccionoaxaca.com\/index.php\/category\/al-cierre\/"},"img":{"alt_text":"","src":"https:\/\/i0.wp.com\/redaccionoaxaca.com\/wp-content\/uploads\/2020\/12\/IMG-20201215-WA0090-300x186.jpg?resize=350%2C200","width":350,"height":200},"classes":[]},{"id":13634,"url":"https:\/\/redaccionoaxaca.com\/index.php\/2020\/07\/29\/amplia-ieepo-suspension-de-plazos-y-terminos-relacionados-con-tramites-administrativos\/","url_meta":{"origin":40944,"position":2},"title":"Amplia IEEPO suspensi\u00f3n de plazos y t\u00e9rminos  relacionados con tr\u00e1mites administrativos","author":"ariadna","date":"julio 29, 2020","format":false,"excerpt":"#Redacci\u00f3nOaxaca #Oaxaca Las actividades en aulas de educaci\u00f3n preescolar, primaria, secundaria, normal y dem\u00e1s para la formaci\u00f3n de maestros, quedan suspendidas hasta nuevo aviso Oaxaca de Ju\u00e1rez, Oax. 29 de julio de 2020.-\u00a0El Instituto Estatal de Educaci\u00f3n P\u00fablica de Oaxaca (IEEPO), estableci\u00f3 prorrogar la suspensi\u00f3n de plazos y t\u00e9rminos relacionados\u2026","rel":"","context":"En &quot;Mesa de Redacci\u00f3n&quot;","block_context":{"text":"Mesa de Redacci\u00f3n","link":"https:\/\/redaccionoaxaca.com\/index.php\/category\/mesa-de-redaccion\/"},"img":{"alt_text":"","src":"","width":0,"height":0},"classes":[]},{"id":20163,"url":"https:\/\/redaccionoaxaca.com\/index.php\/2021\/08\/18\/ieepo-distribuira-7-4-millones-de-libros-de-texto-gratuito-para-ciclo-escolar-21-22-con-contenidos-educacion-especial-y-rescate-de-lenguas-indigenas\/","url_meta":{"origin":40944,"position":3},"title":"IEEPO distribuir\u00e1 7.4 millones de libros de texto gratuito para ciclo escolar 21-22, con contenidos educaci\u00f3n especial y rescate de lenguas ind\u00edgenas.","author":"ariadna","date":"agosto 18, 2021","format":false,"excerpt":"#Redacci\u00f3nOaxaca #Oaxaca Jaime GUERRERO El Instituto Estatal de Educaci\u00f3n P\u00fablica de Oaxaca (#IEEPO) distribuir\u00e1 en la poblaci\u00f3n estudiantil de educaci\u00f3n b\u00e1sica 7 millones 469 mil libros de texto gratuitos para el ciclo escolar 2021-2022, los cuales incluyen contenidos para la educaci\u00f3n especial y rescate de lenguas ind\u00edgenas. Adem\u00e1s del ejemplar\u2026","rel":"","context":"En &quot;Al Cierre&quot;","block_context":{"text":"Al Cierre","link":"https:\/\/redaccionoaxaca.com\/index.php\/category\/al-cierre\/"},"img":{"alt_text":"","src":"","width":0,"height":0},"classes":[]},{"id":24541,"url":"https:\/\/redaccionoaxaca.com\/index.php\/2022\/03\/15\/salvaguarda-ieepo-derechos-de-la-ninez-del-centro-de-atencion-multiple-no-43\/","url_meta":{"origin":40944,"position":4},"title":"Salvaguarda IEEPO derechos de la ni\u00f1ez  del Centro de Atenci\u00f3n M\u00faltiple No. 43.","author":"ariadna","date":"marzo 15, 2022","format":false,"excerpt":"#Redacci\u00f3nOaxaca #Oaxaca El Instituto Estatal de Educaci\u00f3n P\u00fablica de Oaxaca (#IEEPO), entreg\u00f3 de manera formal las nuevas instalaciones del Centro de Atenci\u00f3n M\u00faltiple (#CAM) n\u00famero 43, ubicado en el municipio de Ocotl\u00e1n de Morelos, resultado del esfuerzo conjunto con la autoridad municipal, madres, padres de familia y el Sistema para\u2026","rel":"","context":"En &quot;Imagen&quot;","block_context":{"text":"Imagen","link":"https:\/\/redaccionoaxaca.com\/index.php\/category\/imagen\/"},"img":{"alt_text":"","src":"https:\/\/i0.wp.com\/redaccionoaxaca.com\/wp-content\/uploads\/2022\/03\/IMG-20220315-WA0091-300x200.jpg?resize=350%2C200&ssl=1","width":350,"height":200},"classes":[]},{"id":24992,"url":"https:\/\/redaccionoaxaca.com\/index.php\/2022\/04\/08\/inicia-el-11-de-abril-periodo-vacacional-de-primavera-en-educacion-basica-ieepo\/","url_meta":{"origin":40944,"position":5},"title":"Inicia el 11 de abril periodo vacacional de primavera en Educaci\u00f3n B\u00e1sica: IEEPO.","author":"ariadna","date":"abril 8, 2022","format":false,"excerpt":"#Redacci\u00f3nOaxaca #Oaxaca \u2022 El Instituto Estatal de Educaci\u00f3n P\u00fablica de Oaxaca informa que las actividades se reanudar\u00e1n el lunes 25 de este mes Oaxaca de Ju\u00e1rez, Oax. 8 de abril de 2022.- Conforme al calendario oficial de la Secretar\u00eda de Educaci\u00f3n P\u00fablica (#SEP) para el ciclo escolar 2021-2022, el periodo\u2026","rel":"","context":"En &quot;Imagen&quot;","block_context":{"text":"Imagen","link":"https:\/\/redaccionoaxaca.com\/index.php\/category\/imagen\/"},"img":{"alt_text":"","src":"","width":0,"height":0},"classes":[]}],"_links":{"self":[{"href":"https:\/\/redaccionoaxaca.com\/index.php\/wp-json\/wp\/v2\/posts\/40944","targetHints":{"allow":["GET"]}}],"collection":[{"href":"https:\/\/redaccionoaxaca.com\/index.php\/wp-json\/wp\/v2\/posts"}],"about":[{"href":"https:\/\/redaccionoaxaca.com\/index.php\/wp-json\/wp\/v2\/types\/post"}],"author":[{"embeddable":true,"href":"https:\/\/redaccionoaxaca.com\/index.php\/wp-json\/wp\/v2\/users\/9"}],"replies":[{"embeddable":true,"href":"https:\/\/redaccionoaxaca.com\/index.php\/wp-json\/wp\/v2\/comments?post=40944"}],"version-history":[{"count":1,"href":"https:\/\/redaccionoaxaca.com\/index.php\/wp-json\/wp\/v2\/posts\/40944\/revisions"}],"predecessor-version":[{"id":40946,"href":"https:\/\/redaccionoaxaca.com\/index.php\/wp-json\/wp\/v2\/posts\/40944\/revisions\/40946"}],"wp:featuredmedia":[{"embeddable":true,"href":"https:\/\/redaccionoaxaca.com\/index.php\/wp-json\/wp\/v2\/media\/40947"}],"wp:attachment":[{"href":"https:\/\/redaccionoaxaca.com\/index.php\/wp-json\/wp\/v2\/media?parent=40944"}],"wp:term":[{"taxonomy":"category","embeddable":true,"href":"https:\/\/redaccionoaxaca.com\/index.php\/wp-json\/wp\/v2\/categories?post=40944"},{"taxonomy":"post_tag","embeddable":true,"href":"https:\/\/redaccionoaxaca.com\/index.php\/wp-json\/wp\/v2\/tags?post=40944"}],"curies":[{"name":"wp","href":"https:\/\/api.w.org\/{rel}","templated":true}]}}