{"id":40949,"date":"2026-03-12T09:03:21","date_gmt":"2026-03-12T15:03:21","guid":{"rendered":"https:\/\/redaccionoaxaca.com\/?p=40949"},"modified":"2026-03-12T09:03:21","modified_gmt":"2026-03-12T15:03:21","slug":"por-tercer-dia-consecutivo-bloquean-habitantes-de-la-colonia-gonzalez-guardado-en-la-y-griega-de-zaachila-exigen-ser-reconocidos-como-agencia","status":"publish","type":"post","link":"https:\/\/redaccionoaxaca.com\/index.php\/2026\/03\/12\/por-tercer-dia-consecutivo-bloquean-habitantes-de-la-colonia-gonzalez-guardado-en-la-y-griega-de-zaachila-exigen-ser-reconocidos-como-agencia\/","title":{"rendered":"Por tercer d\u00eda consecutivo bloquean habitantes de la colonia Gonz\u00e1lez Guardado en la Y griega de Zaachila; exigen ser reconocidos como agencia"},"content":{"rendered":"<p><strong>#Redacci\u00f3nOaxaca<\/strong><\/p>\n<p><strong>#Oaxaca<\/strong><\/p>\n<p><strong>Ariadna Mendoza\u00a0<\/strong><\/p>\n<p style=\"text-align: justify;\">Por tercer d\u00eda consecutivo, habitantes de la colonia Guillermo Gonz\u00e1lez Guardado, en el municipio de Villa de Zaachila, mantienen un bloqueo en la zona conocida como la \u201cY griega\u201d, a la altura de la tienda Comex, para exigir al ayuntamiento que atienda su demanda de elevar la colonia al rango de agencia municipal.<\/p>\n<p><img data-recalc-dims=\"1\" loading=\"lazy\" decoding=\"async\" data-attachment-id=\"40950\" data-permalink=\"https:\/\/redaccionoaxaca.com\/index.php\/2026\/03\/12\/por-tercer-dia-consecutivo-bloquean-habitantes-de-la-colonia-gonzalez-guardado-en-la-y-griega-de-zaachila-exigen-ser-reconocidos-como-agencia\/img-20260312-wa0040\/\" data-orig-file=\"https:\/\/i0.wp.com\/redaccionoaxaca.com\/wp-content\/uploads\/2026\/03\/IMG-20260312-WA0040.jpg?fit=1600%2C1200&amp;ssl=1\" data-orig-size=\"1600,1200\" data-comments-opened=\"1\" data-image-meta=\"{&quot;aperture&quot;:&quot;0&quot;,&quot;credit&quot;:&quot;&quot;,&quot;camera&quot;:&quot;&quot;,&quot;caption&quot;:&quot;&quot;,&quot;created_timestamp&quot;:&quot;0&quot;,&quot;copyright&quot;:&quot;&quot;,&quot;focal_length&quot;:&quot;0&quot;,&quot;iso&quot;:&quot;0&quot;,&quot;shutter_speed&quot;:&quot;0&quot;,&quot;title&quot;:&quot;&quot;,&quot;orientation&quot;:&quot;0&quot;}\" data-image-title=\"IMG-20260312-WA0040\" data-image-description=\"\" data-image-caption=\"\" data-large-file=\"https:\/\/i0.wp.com\/redaccionoaxaca.com\/wp-content\/uploads\/2026\/03\/IMG-20260312-WA0040.jpg?fit=696%2C522&amp;ssl=1\" class=\"size-medium wp-image-40950 aligncenter\" src=\"https:\/\/i0.wp.com\/redaccionoaxaca.com\/wp-content\/uploads\/2026\/03\/IMG-20260312-WA0040.jpg?resize=300%2C225&#038;ssl=1\" alt=\"\" width=\"300\" height=\"225\" srcset=\"https:\/\/i0.wp.com\/redaccionoaxaca.com\/wp-content\/uploads\/2026\/03\/IMG-20260312-WA0040.jpg?resize=300%2C225&amp;ssl=1 300w, https:\/\/i0.wp.com\/redaccionoaxaca.com\/wp-content\/uploads\/2026\/03\/IMG-20260312-WA0040.jpg?resize=1024%2C768&amp;ssl=1 1024w, https:\/\/i0.wp.com\/redaccionoaxaca.com\/wp-content\/uploads\/2026\/03\/IMG-20260312-WA0040.jpg?resize=768%2C576&amp;ssl=1 768w, https:\/\/i0.wp.com\/redaccionoaxaca.com\/wp-content\/uploads\/2026\/03\/IMG-20260312-WA0040.jpg?resize=1536%2C1152&amp;ssl=1 1536w, https:\/\/i0.wp.com\/redaccionoaxaca.com\/wp-content\/uploads\/2026\/03\/IMG-20260312-WA0040.jpg?resize=560%2C420&amp;ssl=1 560w, https:\/\/i0.wp.com\/redaccionoaxaca.com\/wp-content\/uploads\/2026\/03\/IMG-20260312-WA0040.jpg?resize=80%2C60&amp;ssl=1 80w, https:\/\/i0.wp.com\/redaccionoaxaca.com\/wp-content\/uploads\/2026\/03\/IMG-20260312-WA0040.jpg?resize=696%2C522&amp;ssl=1 696w, https:\/\/i0.wp.com\/redaccionoaxaca.com\/wp-content\/uploads\/2026\/03\/IMG-20260312-WA0040.jpg?resize=1068%2C801&amp;ssl=1 1068w, https:\/\/i0.wp.com\/redaccionoaxaca.com\/wp-content\/uploads\/2026\/03\/IMG-20260312-WA0040.jpg?resize=265%2C198&amp;ssl=1 265w, https:\/\/i0.wp.com\/redaccionoaxaca.com\/wp-content\/uploads\/2026\/03\/IMG-20260312-WA0040.jpg?w=1600&amp;ssl=1 1600w, https:\/\/i0.wp.com\/redaccionoaxaca.com\/wp-content\/uploads\/2026\/03\/IMG-20260312-WA0040.jpg?w=1392&amp;ssl=1 1392w\" sizes=\"auto, (max-width: 300px) 100vw, 300px\" \/><\/p>\n<p style=\"text-align: justify;\">Desde temprana hora de este jueves, los pobladores volvieron a concentrarse en el punto para cerrar el paso vehicular, lo que ha generado afectaciones a la circulaci\u00f3n en esta importante v\u00eda de acceso hacia Zaachila y comunidades cercanas.<\/p>\n<p style=\"text-align: justify;\">Los manifestantes se\u00f1alan que la protesta surge ante la falta de respuesta de las autoridades municipales a su solicitud de realizar una sesi\u00f3n extraordinaria de cabildo, donde se discuta y apruebe el cambio de categor\u00eda administrativa de su colonia.<\/p>\n<p style=\"text-align: justify;\">De acuerdo con los vecinos, esta petici\u00f3n lleva tiempo plante\u00e1ndose; sin embargo, acusan que el ayuntamiento ha evitado abordar el tema, por lo que decidieron intensificar las movilizaciones como medida de presi\u00f3n.<\/p>\n<p style=\"text-align: justify;\">Ante el bloqueo, autoridades de Polic\u00eda Vial Estatal recomendaron a automovilistas tomar rutas alternas, mientras los inconformes advirtieron que mantendr\u00e1n la protesta hasta recibir una respuesta formal del municipio.<\/p>\n<p>&nbsp;<\/p>\n","protected":false},"excerpt":{"rendered":"<p>#Redacci\u00f3nOaxaca #Oaxaca Ariadna Mendoza\u00a0 Por tercer d\u00eda consecutivo, habitantes de la colonia Guillermo Gonz\u00e1lez Guardado, en el municipio de Villa de Zaachila, mantienen un bloqueo en la zona conocida como la \u201cY griega\u201d, a la altura de la tienda Comex, para exigir al ayuntamiento que atienda su demanda de elevar la colonia al rango de [&hellip;]<\/p>\n","protected":false},"author":9,"featured_media":40950,"comment_status":"open","ping_status":"open","sticky":false,"template":"","format":"standard","meta":{"jetpack_post_was_ever_published":false,"_jetpack_newsletter_access":"","_jetpack_dont_email_post_to_subs":false,"_jetpack_newsletter_tier_id":0,"_jetpack_memberships_contains_paywalled_content":false,"_jetpack_memberships_contains_paid_content":false,"footnotes":"","jetpack_publicize_message":"","jetpack_publicize_feature_enabled":true,"jetpack_social_post_already_shared":true,"jetpack_social_options":{"image_generator_settings":{"template":"highway","default_image_id":0,"font":"","enabled":false},"version":2}},"categories":[5,3,6],"tags":[],"class_list":{"0":"post-40949","1":"post","2":"type-post","3":"status-publish","4":"format-standard","5":"has-post-thumbnail","7":"category-imagen","8":"category-mesa-de-redaccion","9":"category-tendencias"},"jetpack_publicize_connections":[],"jetpack_featured_media_url":"https:\/\/i0.wp.com\/redaccionoaxaca.com\/wp-content\/uploads\/2026\/03\/IMG-20260312-WA0040.jpg?fit=1600%2C1200&ssl=1","jetpack_sharing_enabled":true,"jetpack_shortlink":"https:\/\/wp.me\/p9Ynjw-aEt","jetpack-related-posts":[{"id":29795,"url":"https:\/\/redaccionoaxaca.com\/index.php\/2023\/11\/27\/emite-ddhpo-alerta-temprana-por-contaminacion-provocada-por-basurero-municipal\/","url_meta":{"origin":40949,"position":0},"title":"Emite DDHPO alerta temprana por contaminaci\u00f3n provocada por basurero municipal","author":"ariadna","date":"noviembre 27, 2023","format":false,"excerpt":"#Redacci\u00f3nOaxaca #Oaxaca La Defensor\u00eda de los Derechos Humanos del Pueblo de Oaxaca (DDHPO) emiti\u00f3 una Alerta Temprana ante un foco de infecci\u00f3n y contaminaci\u00f3n en las corrientes de los r\u00edos, arroyos y pozos de agua, originado por los lixiviados (l\u00edquidos formados por los residuos) procedentes del basurero municipal, situaci\u00f3n que\u2026","rel":"","context":"En &quot;Al Cierre&quot;","block_context":{"text":"Al Cierre","link":"https:\/\/redaccionoaxaca.com\/index.php\/category\/al-cierre\/"},"img":{"alt_text":"","src":"","width":0,"height":0},"classes":[]},{"id":24535,"url":"https:\/\/redaccionoaxaca.com\/index.php\/2022\/03\/15\/mas-de-1mdp-mensuales-la-exigencia-de-la-agencia-vicente-guerrero-para-levantar-el-bloqueo-de-la-y-griega\/","url_meta":{"origin":40949,"position":1},"title":"M\u00e1s de 1mdp mensuales, la exigencia de la Agencia Vicente Guerrero para levantar el bloqueo de la Y Griega.","author":"ariadna","date":"marzo 15, 2022","format":false,"excerpt":"#Redacci\u00f3nOaxaca #Oaxaca Maira Ric\u00e1rdez *Los inconformes est\u00e1n dispuestos a liberar la v\u00eda tras la mesa de di\u00e1logo de este martes si el Mun\u00edcipe compromete al menos 350 mil mensuales El bloqueo que este martes cumpli\u00f3 6 d\u00edas activo en el crucero de la Y griega, podr\u00eda al fin alcanzar soluci\u00f3n,\u2026","rel":"","context":"En &quot;Imagen&quot;","block_context":{"text":"Imagen","link":"https:\/\/redaccionoaxaca.com\/index.php\/category\/imagen\/"},"img":{"alt_text":"","src":"","width":0,"height":0},"classes":[]},{"id":26750,"url":"https:\/\/redaccionoaxaca.com\/index.php\/2022\/07\/13\/encabeza-alcalde-de-zaachila-cierre-parcial-de-tiradero-exige-derechos-para-las-ahora-colonias-formadas-por-asentamientos-de-paracaidistas-que-fueron-asentando-sus-viviendas-sobre-terrenos-comprados\/","url_meta":{"origin":40949,"position":2},"title":"Encabeza Alcalde de Zaachila cierre parcial de tiradero, exige derechos para las ahora colonias formadas por asentamientos de paracaidistas que fueron asentando sus viviendas sobre terrenos comprados para erigir e tiradero","author":"ariadna","date":"julio 13, 2022","format":false,"excerpt":"#Redacci\u00f3nOaxaca #Oaxaca Maira Ric\u00e1rdez Mientras algunos lo acusan de ser el motor de la toma del basurero y encabezar la exigencia de dinero a 22 Municipios a cambio de permitirles tirar sus desechos, el Mun\u00edcipe de la Villa de Zaachila, Rigoberto Chac\u00f3n P\u00e9rez, se present\u00f3 al medio d\u00eda de este\u2026","rel":"","context":"En &quot;Imagen&quot;","block_context":{"text":"Imagen","link":"https:\/\/redaccionoaxaca.com\/index.php\/category\/imagen\/"},"img":{"alt_text":"","src":"","width":0,"height":0},"classes":[]},{"id":27965,"url":"https:\/\/redaccionoaxaca.com\/index.php\/2022\/09\/23\/confirma-neri-clausura-del-basurero-de-oaxaca-de-juarez\/","url_meta":{"origin":40949,"position":3},"title":"Confirma Neri clausura del basurero de Oaxaca de Ju\u00e1rez","author":"ariadna","date":"septiembre 23, 2022","format":"video","excerpt":"#Redacci\u00f3nOaxaca #Oaxaca Maira Ric\u00e1rdez Luna El presidente municipal de Oaxaca de Ju\u00e1rez, Francisco Mart\u00ednez Neri , confirm\u00f3 que ha sido clausurado el relleno sanitario de la Villa de Zaachila, lo que incrementa la tensi\u00f3n por el tema de la basura que genera diariamente la ciudad capital y sus trece agencias.\u2026","rel":"","context":"En &quot;Imagen&quot;","block_context":{"text":"Imagen","link":"https:\/\/redaccionoaxaca.com\/index.php\/category\/imagen\/"},"img":{"alt_text":"","src":"","width":0,"height":0},"classes":[]},{"id":3263,"url":"https:\/\/redaccionoaxaca.com\/index.php\/2018\/10\/15\/por-disputa-de-recursos-entre-alcaldesa-de-zaachila-y-agente-3-dias-de-bloqueo-y-sin-recoleccion-de-basura-en-20-municipios\/","url_meta":{"origin":40949,"position":4},"title":"Por disputa de recursos entre Alcaldesa de Zaachila y Agente,  3 d\u00edas de bloqueo y sin recolecci\u00f3n de basura en 20 municipios","author":"jaime","date":"octubre 15, 2018","format":false,"excerpt":"#Redacci\u00f3Oaxaca #Oaxaca Jaime GUERRERO Por la negativa de la Presidenta Municipal de la Villa de Zaachila, Maricela Mart\u00ednez Coronel, de entregarles recursos para su obras de infraestructura, por tercer d\u00eda consecutivo, pobladores de la agencia Vicente Guerrero, bloquean la carretera federal 175, que comunica a la regi\u00f3n Costa de Oaxaca\u2026","rel":"","context":"Entrada similar ","block_context":{"text":"Entrada similar ","link":""},"img":{"alt_text":"","src":"","width":0,"height":0},"classes":[]},{"id":28218,"url":"https:\/\/redaccionoaxaca.com\/index.php\/2022\/10\/10\/con-200-mdp-se-solucionaria-crisis-de-recoleccion-manejo-y-relleno-sanitario-en-la-capital-de-oaxaca\/","url_meta":{"origin":40949,"position":5},"title":"Con 200 mdp se solucionar\u00eda crisis de recolecci\u00f3n,  manejo y relleno sanitario en la capital de Oaxaca","author":"ariadna","date":"octubre 10, 2022","format":false,"excerpt":"#Redacci\u00f3nOaxaca #Oaxaca Jaime GUERRERO Cerca de 200 millones de pesos se requieren para dar soluci\u00f3n a la problem\u00e1tica de recolecci\u00f3n, manejo y relleno sanitario en el municipio de Oaxaca de Ju\u00e1rez derivado del cierre del tiradero municipal de Zaachila, en donde unos 25 ayuntamientos del Valle Central, depositan a cielo\u2026","rel":"","context":"En &quot;Imagen&quot;","block_context":{"text":"Imagen","link":"https:\/\/redaccionoaxaca.com\/index.php\/category\/imagen\/"},"img":{"alt_text":"","src":"","width":0,"height":0},"classes":[]}],"_links":{"self":[{"href":"https:\/\/redaccionoaxaca.com\/index.php\/wp-json\/wp\/v2\/posts\/40949","targetHints":{"allow":["GET"]}}],"collection":[{"href":"https:\/\/redaccionoaxaca.com\/index.php\/wp-json\/wp\/v2\/posts"}],"about":[{"href":"https:\/\/redaccionoaxaca.com\/index.php\/wp-json\/wp\/v2\/types\/post"}],"author":[{"embeddable":true,"href":"https:\/\/redaccionoaxaca.com\/index.php\/wp-json\/wp\/v2\/users\/9"}],"replies":[{"embeddable":true,"href":"https:\/\/redaccionoaxaca.com\/index.php\/wp-json\/wp\/v2\/comments?post=40949"}],"version-history":[{"count":1,"href":"https:\/\/redaccionoaxaca.com\/index.php\/wp-json\/wp\/v2\/posts\/40949\/revisions"}],"predecessor-version":[{"id":40951,"href":"https:\/\/redaccionoaxaca.com\/index.php\/wp-json\/wp\/v2\/posts\/40949\/revisions\/40951"}],"wp:featuredmedia":[{"embeddable":true,"href":"https:\/\/redaccionoaxaca.com\/index.php\/wp-json\/wp\/v2\/media\/40950"}],"wp:attachment":[{"href":"https:\/\/redaccionoaxaca.com\/index.php\/wp-json\/wp\/v2\/media?parent=40949"}],"wp:term":[{"taxonomy":"category","embeddable":true,"href":"https:\/\/redaccionoaxaca.com\/index.php\/wp-json\/wp\/v2\/categories?post=40949"},{"taxonomy":"post_tag","embeddable":true,"href":"https:\/\/redaccionoaxaca.com\/index.php\/wp-json\/wp\/v2\/tags?post=40949"}],"curies":[{"name":"wp","href":"https:\/\/api.w.org\/{rel}","templated":true}]}}