{"id":40952,"date":"2026-03-12T13:07:12","date_gmt":"2026-03-12T19:07:12","guid":{"rendered":"https:\/\/redaccionoaxaca.com\/?p=40952"},"modified":"2026-03-12T13:07:12","modified_gmt":"2026-03-12T19:07:12","slug":"compras-en-linea-grandes-almacenes-y-altos-costos-asfixian-a-comercios-tradicionales","status":"publish","type":"post","link":"https:\/\/redaccionoaxaca.com\/index.php\/2026\/03\/12\/compras-en-linea-grandes-almacenes-y-altos-costos-asfixian-a-comercios-tradicionales\/","title":{"rendered":"Compras en l\u00ednea, grandes almacenes y altos costos asfixian a comercios tradicionales"},"content":{"rendered":"<p><strong>#Redacci\u00f3nOaxaca<\/strong><\/p>\n<p><strong>#Oaxaca<\/strong><\/p>\n<p><strong>Citlalli L\u00f3pez Vel\u00e1zquez<\/strong><\/p>\n<p style=\"text-align: justify;\">El avance de las compras en l\u00ednea, la expansi\u00f3n de grandes almacenes y el incremento de costos operativos est\u00e1n reconfigurando el comercio tradicional, provocando el cierre de negocios que durante d\u00e9cadas formaron parte de la vida econ\u00f3mica y social de las ciudades.<\/p>\n<p style=\"text-align: justify;\">Esta semana, la tienda Infantiles Campanita, dedicada a la venta de ropa y con a\u00f1os de presencia en el Centro Hist\u00f3rico, anunci\u00f3 su cierre definitivo e inici\u00f3 un proceso de liquidaci\u00f3n de mercanc\u00eda, lo que reaviv\u00f3 la discusi\u00f3n sobre el futuro de los comercios familiares.<\/p>\n<p style=\"text-align: justify;\">El presidente de la C\u00e1mara Nacional de Comercio, Servicios y Turismo (Canaco-Servytur), Ernesto Guti\u00e9rrez Jim\u00e9nez, se\u00f1al\u00f3 que muchos establecimientos tradicionales no han logrado resistir los cambios en las formas de consumo ni las condiciones econ\u00f3micas actuales.<\/p>\n<p style=\"text-align: justify;\">\u201cLos nuevos almacenes cuentan con departamentos o \u00e1reas que se adaptan a la forma de vida actual y eso provoca que muchos negocios antiguos desaparezcan\u201d, explic\u00f3.<\/p>\n<p>A este escenario, a\u00f1adi\u00f3, se suman las cargas fiscales, la burocracia, el incremento en las rentas comerciales y los problemas de inseguridad, factores que presionan especialmente a peque\u00f1os y medianos negocios que por generaciones sostuvieron la actividad comercial en los centroshist\u00f3ricos.<\/p>\n<p><img data-recalc-dims=\"1\" loading=\"lazy\" decoding=\"async\" data-attachment-id=\"40953\" data-permalink=\"https:\/\/redaccionoaxaca.com\/index.php\/2026\/03\/12\/compras-en-linea-grandes-almacenes-y-altos-costos-asfixian-a-comercios-tradicionales\/img-20260312-wa0127\/\" data-orig-file=\"https:\/\/i0.wp.com\/redaccionoaxaca.com\/wp-content\/uploads\/2026\/03\/IMG-20260312-WA0127.jpg?fit=1080%2C1440&amp;ssl=1\" data-orig-size=\"1080,1440\" data-comments-opened=\"1\" data-image-meta=\"{&quot;aperture&quot;:&quot;0&quot;,&quot;credit&quot;:&quot;&quot;,&quot;camera&quot;:&quot;&quot;,&quot;caption&quot;:&quot;&quot;,&quot;created_timestamp&quot;:&quot;0&quot;,&quot;copyright&quot;:&quot;&quot;,&quot;focal_length&quot;:&quot;0&quot;,&quot;iso&quot;:&quot;0&quot;,&quot;shutter_speed&quot;:&quot;0&quot;,&quot;title&quot;:&quot;&quot;,&quot;orientation&quot;:&quot;0&quot;}\" data-image-title=\"IMG-20260312-WA0127\" data-image-description=\"\" data-image-caption=\"\" data-large-file=\"https:\/\/i0.wp.com\/redaccionoaxaca.com\/wp-content\/uploads\/2026\/03\/IMG-20260312-WA0127.jpg?fit=696%2C928&amp;ssl=1\" class=\"size-medium wp-image-40953 aligncenter\" src=\"https:\/\/i0.wp.com\/redaccionoaxaca.com\/wp-content\/uploads\/2026\/03\/IMG-20260312-WA0127.jpg?resize=225%2C300&#038;ssl=1\" alt=\"\" width=\"225\" height=\"300\" srcset=\"https:\/\/i0.wp.com\/redaccionoaxaca.com\/wp-content\/uploads\/2026\/03\/IMG-20260312-WA0127.jpg?resize=225%2C300&amp;ssl=1 225w, https:\/\/i0.wp.com\/redaccionoaxaca.com\/wp-content\/uploads\/2026\/03\/IMG-20260312-WA0127.jpg?resize=768%2C1024&amp;ssl=1 768w, https:\/\/i0.wp.com\/redaccionoaxaca.com\/wp-content\/uploads\/2026\/03\/IMG-20260312-WA0127.jpg?resize=315%2C420&amp;ssl=1 315w, https:\/\/i0.wp.com\/redaccionoaxaca.com\/wp-content\/uploads\/2026\/03\/IMG-20260312-WA0127.jpg?resize=696%2C928&amp;ssl=1 696w, https:\/\/i0.wp.com\/redaccionoaxaca.com\/wp-content\/uploads\/2026\/03\/IMG-20260312-WA0127.jpg?resize=1068%2C1424&amp;ssl=1 1068w, https:\/\/i0.wp.com\/redaccionoaxaca.com\/wp-content\/uploads\/2026\/03\/IMG-20260312-WA0127.jpg?w=1080&amp;ssl=1 1080w\" sizes=\"auto, (max-width: 225px) 100vw, 225px\" \/><\/p>\n","protected":false},"excerpt":{"rendered":"<p>#Redacci\u00f3nOaxaca #Oaxaca Citlalli L\u00f3pez Vel\u00e1zquez El avance de las compras en l\u00ednea, la expansi\u00f3n de grandes almacenes y el incremento de costos operativos est\u00e1n reconfigurando el comercio tradicional, provocando el cierre de negocios que durante d\u00e9cadas formaron parte de la vida econ\u00f3mica y social de las ciudades. Esta semana, la tienda Infantiles Campanita, dedicada a [&hellip;]<\/p>\n","protected":false},"author":9,"featured_media":40953,"comment_status":"open","ping_status":"open","sticky":false,"template":"","format":"standard","meta":{"jetpack_post_was_ever_published":false,"_jetpack_newsletter_access":"","_jetpack_dont_email_post_to_subs":false,"_jetpack_newsletter_tier_id":0,"_jetpack_memberships_contains_paywalled_content":false,"_jetpack_memberships_contains_paid_content":false,"footnotes":"","jetpack_publicize_message":"","jetpack_publicize_feature_enabled":true,"jetpack_social_post_already_shared":true,"jetpack_social_options":{"image_generator_settings":{"template":"highway","default_image_id":0,"font":"","enabled":false},"version":2}},"categories":[5,3,6],"tags":[],"class_list":{"0":"post-40952","1":"post","2":"type-post","3":"status-publish","4":"format-standard","5":"has-post-thumbnail","7":"category-imagen","8":"category-mesa-de-redaccion","9":"category-tendencias"},"jetpack_publicize_connections":[],"jetpack_featured_media_url":"https:\/\/i0.wp.com\/redaccionoaxaca.com\/wp-content\/uploads\/2026\/03\/IMG-20260312-WA0127.jpg?fit=1080%2C1440&ssl=1","jetpack_sharing_enabled":true,"jetpack_shortlink":"https:\/\/wp.me\/p9Ynjw-aEw","jetpack-related-posts":[{"id":11925,"url":"https:\/\/redaccionoaxaca.com\/index.php\/2020\/04\/21\/llama-confederacion-a-mantener-la-economia-circulante-de-oaxaca-a-partir-de-compras-a-mercados-tradicionales-oaxaquenos-y-no-supermercados\/","url_meta":{"origin":40952,"position":0},"title":"Llama Confederaci\u00f3n a mantener la econom\u00eda circulante de Oaxaca a partir de compras a mercados tradicionales Oaxaque\u00f1os y no supermercados.","author":"ariadna","date":"abril 21, 2020","format":false,"excerpt":"#Redacci\u00f3nOaxaca #Oaxaca Maira Ric\u00e1rdez La pandemia del Covid19 ha afectado la econom\u00eda de la mayor parte del mundo por la par\u00e1lisis comercial que garantizar la salud requiere; sin embargo los Mercados tradicionales de Oaxaca han buscado mantenerse por sus propias necesidades y a la vez las de los dem\u00e1s, de\u2026","rel":"","context":"En &quot;Mesa de Redacci\u00f3n&quot;","block_context":{"text":"Mesa de Redacci\u00f3n","link":"https:\/\/redaccionoaxaca.com\/index.php\/category\/mesa-de-redaccion\/"},"img":{"alt_text":"","src":"","width":0,"height":0},"classes":[]},{"id":6118,"url":"https:\/\/redaccionoaxaca.com\/index.php\/2019\/04\/02\/invitacion-a-cierre-por-procesion-del-silencio-es-voluntaria-afirma-edil-capitalino-y-desestima-violacion-al-estado-laico\/","url_meta":{"origin":40952,"position":1},"title":"Invitaci\u00f3n a cierre por \u201cProcesi\u00f3n del Silencio\u201d es voluntaria, afirma Edil capitalino y desestima violaci\u00f3n al Estado Laico","author":"denise","date":"abril 2, 2019","format":false,"excerpt":"#Redacci\u00f3nOaxaca Jaime GUERRERO El presidente municipal capitalino, Oswaldo Garcia Jarqu\u00edn, aclar\u00f3 que la invitaci\u00f3n a los comercios para participar en un cierre -durante el paso de la procesi\u00f3n del silencio, con motivo de las festejos de la Semana Santa en la capital- es voluntario. Entrevistado al respecto, el municipe desestim\u00f3\u2026","rel":"","context":"En &quot;Agenda Pol\u00edtica&quot;","block_context":{"text":"Agenda Pol\u00edtica","link":"https:\/\/redaccionoaxaca.com\/index.php\/category\/agenda-politica\/"},"img":{"alt_text":"","src":"","width":0,"height":0},"classes":[]},{"id":22190,"url":"https:\/\/redaccionoaxaca.com\/index.php\/2021\/11\/09\/condusef-lanza-recomendaciones-a-ciudadanos-oaxaquenos-ante-la-temporada-del-buen-fin-aconsejan-no-compremeter-ingresos-futuros\/","url_meta":{"origin":40952,"position":2},"title":"CONDUSEF lanza recomendaciones a ciudadanos oaxaque\u00f1os ante la temporada del Buen Fin; aconsejan no compremeter ingresos futuros.","author":"ariadna","date":"noviembre 9, 2021","format":false,"excerpt":"#Redacci\u00f3nOaxaca #Oaxaca Ariadna Mendoza A partir de este mi\u00e9rcoles 10 de noviembre y hasta el 16 del mismo, iniciar\u00e1 la d\u00e9cima primera edici\u00f3n del Buen Fin 2021, tal como lo habr\u00eda dado a conocer la Confederaci\u00f3n de C\u00e1maras Nacionales de Comercio, Servicios y Turismo (Concanaco-Servytur), y en \u00e9l se esperan\u2026","rel":"","context":"En &quot;Imagen&quot;","block_context":{"text":"Imagen","link":"https:\/\/redaccionoaxaca.com\/index.php\/category\/imagen\/"},"img":{"alt_text":"","src":"","width":0,"height":0},"classes":[]},{"id":6922,"url":"https:\/\/redaccionoaxaca.com\/index.php\/2019\/05\/23\/edil-capitalino-llama-a-ciudadania-a-no-comprar-a-ambulantes-y-anuncia-campana-para-comprar-en-mercados-tradicionales\/","url_meta":{"origin":40952,"position":3},"title":"Edil capitalino llama a ciudadan\u00eda a no comprar a ambulantes y anuncia campa\u00f1a para comprar en mercados tradicionales","author":"jaime","date":"mayo 23, 2019","format":false,"excerpt":"#Redacci\u00f3nOaxaca #Oaxaca Jaime GUERRERO El Presidente Municipal Capitalino, Oswaldo Garc\u00eda Jarqu\u00edn, llam\u00f3 a la ciudadan\u00eda a no comprar productos en la v\u00eda p\u00fablica y anunci\u00f3 que realizar\u00e1n una campa\u00f1a para comprar en comercios legales establecidos, en mercados tradicionales. El mun\u00edcipe, reconoci\u00f3 que el fen\u00f3meno del ambulantaje no es un tema\u2026","rel":"","context":"Entrada similar ","block_context":{"text":"Entrada similar ","link":""},"img":{"alt_text":"","src":"","width":0,"height":0},"classes":[]},{"id":25764,"url":"https:\/\/redaccionoaxaca.com\/index.php\/2022\/05\/24\/lanza-alerta-la-condusef-al-realizar-compras-durante-el-hot-sale\/","url_meta":{"origin":40952,"position":4},"title":"Lanza alerta la Condusef al realizar compras durante el Hot Sale","author":"ariadna","date":"mayo 24, 2022","format":false,"excerpt":"#Redacci\u00f3nOaxaca #Oaxaca Ariadna Mendoza Como cada a\u00f1o, en nuestro pa\u00eds se lleva a cabo una venta especial de temporada, denominada Hot Sale, organizado por la Asociaci\u00f3n Mexicana de Venta Online (AMVO), en donde miles de empresas lanzan diversas promociones y ofertas para realizar compras en l\u00ednea. La edici\u00f3n del Hot\u2026","rel":"","context":"En &quot;Imagen&quot;","block_context":{"text":"Imagen","link":"https:\/\/redaccionoaxaca.com\/index.php\/category\/imagen\/"},"img":{"alt_text":"","src":"","width":0,"height":0},"classes":[]},{"id":11263,"url":"https:\/\/redaccionoaxaca.com\/index.php\/2020\/03\/18\/comercios-en-pequeno-llaman-a-oaxaquenos-a-consumirles-y-hacer-circulos-de-economia-solidaria\/","url_meta":{"origin":40952,"position":5},"title":"Comercios en peque\u00f1o llaman a Oaxaque\u00f1os a consumirles y hacer c\u00edrculos de econom\u00eda solidaria.","author":"ariadna","date":"marzo 18, 2020","format":"video","excerpt":"#Redacci\u00f3nOaxaca #Oaxaca Maira Ric\u00e1rdez Peque\u00f1os y medianos espacios de venta de frutas y verduras en Oaxaca, convocan a la poblaci\u00f3n a hacer c\u00edrculos de econom\u00eda solidaria donde el capital no se quede solo en las grandes cadenas trasnacionales en este periodo de contingencia donde se recomienda comprar provisiones para mantenernos\u2026","rel":"","context":"Entrada similar ","block_context":{"text":"Entrada similar ","link":""},"img":{"alt_text":"","src":"","width":0,"height":0},"classes":[]}],"_links":{"self":[{"href":"https:\/\/redaccionoaxaca.com\/index.php\/wp-json\/wp\/v2\/posts\/40952","targetHints":{"allow":["GET"]}}],"collection":[{"href":"https:\/\/redaccionoaxaca.com\/index.php\/wp-json\/wp\/v2\/posts"}],"about":[{"href":"https:\/\/redaccionoaxaca.com\/index.php\/wp-json\/wp\/v2\/types\/post"}],"author":[{"embeddable":true,"href":"https:\/\/redaccionoaxaca.com\/index.php\/wp-json\/wp\/v2\/users\/9"}],"replies":[{"embeddable":true,"href":"https:\/\/redaccionoaxaca.com\/index.php\/wp-json\/wp\/v2\/comments?post=40952"}],"version-history":[{"count":1,"href":"https:\/\/redaccionoaxaca.com\/index.php\/wp-json\/wp\/v2\/posts\/40952\/revisions"}],"predecessor-version":[{"id":40954,"href":"https:\/\/redaccionoaxaca.com\/index.php\/wp-json\/wp\/v2\/posts\/40952\/revisions\/40954"}],"wp:featuredmedia":[{"embeddable":true,"href":"https:\/\/redaccionoaxaca.com\/index.php\/wp-json\/wp\/v2\/media\/40953"}],"wp:attachment":[{"href":"https:\/\/redaccionoaxaca.com\/index.php\/wp-json\/wp\/v2\/media?parent=40952"}],"wp:term":[{"taxonomy":"category","embeddable":true,"href":"https:\/\/redaccionoaxaca.com\/index.php\/wp-json\/wp\/v2\/categories?post=40952"},{"taxonomy":"post_tag","embeddable":true,"href":"https:\/\/redaccionoaxaca.com\/index.php\/wp-json\/wp\/v2\/tags?post=40952"}],"curies":[{"name":"wp","href":"https:\/\/api.w.org\/{rel}","templated":true}]}}