{"id":40955,"date":"2026-03-12T13:16:52","date_gmt":"2026-03-12T19:16:52","guid":{"rendered":"https:\/\/redaccionoaxaca.com\/?p=40955"},"modified":"2026-03-12T13:16:52","modified_gmt":"2026-03-12T19:16:52","slug":"gobernador-de-oaxaca-lamenta-rechazo-a-reformaelectoral-de-sheinbaum-y-critica-a-partidos-aliados-por-votar-en-contra-es-una-mala-senal","status":"publish","type":"post","link":"https:\/\/redaccionoaxaca.com\/index.php\/2026\/03\/12\/gobernador-de-oaxaca-lamenta-rechazo-a-reformaelectoral-de-sheinbaum-y-critica-a-partidos-aliados-por-votar-en-contra-es-una-mala-senal\/","title":{"rendered":"Gobernador de Oaxaca lamenta rechazo a #ReformaElectoral de Sheinbaum y critica a partidos aliados por votar en contra; \u201ces una mala se\u00f1al\u201d"},"content":{"rendered":"<p><strong>#Redacci\u00f3nOaxaca<\/strong><\/p>\n<p><strong>#Oaxaca<\/strong><\/p>\n<p><strong>#JaimeGUERRERO<\/strong><\/p>\n<p style=\"text-align: justify;\">El Gobernador de Oaxaca lamenta rechazo a #ReformaElectoral de Sheinbaum y critica a partidos aliados por votar en contra; \u201ces una mala se\u00f1al\u201d gobernador de Oaxaca, Salom\u00f3n Jara Cruz, lament\u00f3 que el PT y el PVEM no respaldaran la iniciativa de reforma electoral de la presidenta Claudia Sheinbaum, y consider\u00f3 que su voto en contra, aunque no representa una ruptura formal con el movimiento, s\u00ed constituye \u201cuna mala se\u00f1al\u201d.<\/p>\n<p style=\"text-align: justify;\">La C\u00e1mara de Diputados desech\u00f3 el mi\u00e9rcoles 11 de marzo la reforma electoral propuesta por Sheinbaum al no alcanzar la mayor\u00eda calificada requerida.<\/p>\n<p style=\"text-align: justify;\">La votaci\u00f3n arroj\u00f3 259 votos a favor, 234 en contra y una abstenci\u00f3n, lejos de los 334 necesarios para modificar la Constituci\u00f3n.<\/p>\n<p style=\"text-align: justify;\">Para sacar adelante la reforma, Morena necesitaba los votos del PT y del PVEM (334 en conjunto), quienes se manifestaron en contra argumentando que la propuesta afectar\u00eda a los partidos de menor tama\u00f1o y a la pluralidad en el Congreso.<\/p>\n<p style=\"text-align: justify;\">Jara Cruz defendi\u00f3 el contenido de la iniciativa presidencial, a la que describi\u00f3 como una propuesta adecuada a las necesidades del pa\u00eds.<\/p>\n<p style=\"text-align: justify;\">Mencion\u00f3 que buscaba reducir el gasto a los partidos pol\u00edticos y eliminar candidatos que no realizan campa\u00f1a. Adem\u00e1s, cit\u00f3 que entre el 83 y el 84 por ciento de la poblaci\u00f3n mexicana respaldaba la propuesta de Sheinbaum.<\/p>\n<p style=\"text-align: justify;\">El mandatario oaxaque\u00f1o cuestion\u00f3 el rechazo a los votos en contra del PRI, PAN, PVEM, Movimiento Ciudadano y el PT, y anunci\u00f3 que la ciudadan\u00eda \u201cseguramente va a tomar cartas en este asunto\u201d.<\/p>\n<p style=\"text-align: justify;\">Sobre si los diputados del PT y el PVEM podr\u00edan ser considerados traidores a la patria, Jara Cruz prefiri\u00f3 ubicar la traici\u00f3n en t\u00e9rminos pol\u00edticos y no patri\u00f3ticos: se\u00f1al\u00f3 que lo que fallaron fue al movimiento de transformaci\u00f3n que encabeza Andr\u00e9s Manuel L\u00f3pez Obrador.<\/p>\n<p style=\"text-align: justify;\">\u201cO somos obradoristas o no somos obradoristas. Estamos con la presidenta o no estamos con la presidenta\u201d, dijo.<\/p>\n<p style=\"text-align: justify;\">El gobernador tambi\u00e9n critic\u00f3 los intereses personales de legisladores que, a su juicio, buscan perpetuarse en el poder mediante redes familiares y de conocidos, lo que calific\u00f3 de incorrecto y necesario de cambiar.<\/p>\n<p style=\"text-align: justify;\">Tras la negativa, la presidenta Sheinbaum anunci\u00f3 este jueves un Plan B de reforma electoral centrado en recortar el gasto de los poderes legislativos estatales y las regidur\u00edas municipales, luego de que su iniciativa de reforma constitucional fue desechada en la C\u00e1mara de Diputados al no alcanzar la mayor\u00eda calificada requerida.<\/p>\n<div style=\"width: 696px;\" class=\"wp-video\"><video class=\"wp-video-shortcode\" id=\"video-40955-1\" width=\"696\" height=\"392\" preload=\"metadata\" controls=\"controls\"><source type=\"video\/mp4\" src=\"https:\/\/redaccionoaxaca.com\/wp-content\/uploads\/2026\/03\/VID-20260312-WA0151.mp4?_=1\" \/><a href=\"https:\/\/redaccionoaxaca.com\/wp-content\/uploads\/2026\/03\/VID-20260312-WA0151.mp4\">https:\/\/redaccionoaxaca.com\/wp-content\/uploads\/2026\/03\/VID-20260312-WA0151.mp4<\/a><\/video><\/div>\n","protected":false},"excerpt":{"rendered":"<p>#Redacci\u00f3nOaxaca #Oaxaca #JaimeGUERRERO El Gobernador de Oaxaca lamenta rechazo a #ReformaElectoral de Sheinbaum y critica a partidos aliados por votar en contra; \u201ces una mala se\u00f1al\u201d gobernador de Oaxaca, Salom\u00f3n Jara Cruz, lament\u00f3 que el PT y el PVEM no respaldaran la iniciativa de reforma electoral de la presidenta Claudia Sheinbaum, y consider\u00f3 que su [&hellip;]<\/p>\n","protected":false},"author":9,"featured_media":40957,"comment_status":"open","ping_status":"open","sticky":false,"template":"","format":"video","meta":{"jetpack_post_was_ever_published":false,"_jetpack_newsletter_access":"","_jetpack_dont_email_post_to_subs":false,"_jetpack_newsletter_tier_id":0,"_jetpack_memberships_contains_paywalled_content":false,"_jetpack_memberships_contains_paid_content":false,"footnotes":"","jetpack_publicize_message":"","jetpack_publicize_feature_enabled":true,"jetpack_social_post_already_shared":true,"jetpack_social_options":{"image_generator_settings":{"template":"highway","default_image_id":0,"font":"","enabled":false},"version":2}},"categories":[4,3,6],"tags":[],"class_list":{"0":"post-40955","1":"post","2":"type-post","3":"status-publish","4":"format-video","5":"has-post-thumbnail","7":"category-agenda-politica","8":"category-mesa-de-redaccion","9":"category-tendencias","10":"post_format-post-format-video"},"jetpack_publicize_connections":[],"jetpack_featured_media_url":"https:\/\/i0.wp.com\/redaccionoaxaca.com\/wp-content\/uploads\/2026\/03\/Screenshot_20260312_131416_WhatsApp-scaled.jpg?fit=2560%2C1346&ssl=1","jetpack_sharing_enabled":true,"jetpack_shortlink":"https:\/\/wp.me\/p9Ynjw-aEz","jetpack-related-posts":[{"id":40938,"url":"https:\/\/redaccionoaxaca.com\/index.php\/2026\/03\/11\/apoyados-de-la-oposicion-pt-y-pvem-desechan-reforma-electoral-de-sheinbaum-morena-anuncia-plan-b-bolanos-cacho-fue-la-unica-abstencion\/","url_meta":{"origin":40955,"position":0},"title":"Apoyados de la oposici\u00f3n, PT y PVEM desechan reforma electoral de Sheinbaum; Morena anuncia \u201cPlan B\u201d; Bola\u00f1os Cacho fue la \u00fanica  abstenci\u00f3n","author":"ariadna","date":"marzo 11, 2026","format":false,"excerpt":"#Redacci\u00f3nOaxaca #Oaxaca #JaimeGUERRERO La C\u00e1mara de Diputados desech\u00f3 este mi\u00e9rcoles la reforma electoral de la presidenta Claudia Sheinbaum al no alcanzar la mayor\u00eda calificada requerida para modificar la Constituci\u00f3n. Con 259 votos a favor, 234 en contra y una abstenci\u00f3n, la iniciativa qued\u00f3 lejos de los 334 sufragios necesarios. La\u2026","rel":"","context":"En &quot;Agenda Pol\u00edtica&quot;","block_context":{"text":"Agenda Pol\u00edtica","link":"https:\/\/redaccionoaxaca.com\/index.php\/category\/agenda-politica\/"},"img":{"alt_text":"","src":"https:\/\/i0.wp.com\/redaccionoaxaca.com\/wp-content\/uploads\/2026\/03\/images-44.jpeg?fit=725%2C423&ssl=1&resize=350%2C200","width":350,"height":200,"srcset":"https:\/\/i0.wp.com\/redaccionoaxaca.com\/wp-content\/uploads\/2026\/03\/images-44.jpeg?fit=725%2C423&ssl=1&resize=350%2C200 1x, https:\/\/i0.wp.com\/redaccionoaxaca.com\/wp-content\/uploads\/2026\/03\/images-44.jpeg?fit=725%2C423&ssl=1&resize=525%2C300 1.5x, https:\/\/i0.wp.com\/redaccionoaxaca.com\/wp-content\/uploads\/2026\/03\/images-44.jpeg?fit=725%2C423&ssl=1&resize=700%2C400 2x"},"classes":[]},{"id":29424,"url":"https:\/\/redaccionoaxaca.com\/index.php\/2023\/10\/03\/gobernador-de-oaxaca-descarta-interinato-ni-dejara-cargo-para-integrarse-a-gabinete-de-claudia-sheinbaum\/","url_meta":{"origin":40955,"position":1},"title":"Gobernador de Oaxaca descarta interinato, ni dejar\u00e1  cargo para integrarse a Gabinete de Claudia Sheinbaum","author":"ariadna","date":"octubre 3, 2023","format":false,"excerpt":"#Redacci\u00f3nOaxaca #Oaxaca Jaime GUERRERO El Gobernador, Salom\u00f3n Jara Cruz, sali\u00f3 al paso de las especulaciones y afirm\u00f3 que \u00e9l no se integrar\u00eda al eventual Gabinete Presidencial de Claudia Sheinbaum Pardo. Por el contrario, a mitad de su mandato, se someter\u00e1 a la figura de revocaci\u00f3n de mandato. A pregunta expresa\u2026","rel":"","context":"En &quot;Agenda Pol\u00edtica&quot;","block_context":{"text":"Agenda Pol\u00edtica","link":"https:\/\/redaccionoaxaca.com\/index.php\/category\/agenda-politica\/"},"img":{"alt_text":"","src":"","width":0,"height":0},"classes":[]},{"id":41350,"url":"https:\/\/redaccionoaxaca.com\/index.php\/2026\/04\/06\/gobernador-de-oaxaca-augura-extincion-del-pt-con-encuesta-que-da-a-morena-46-de-preferencias-para-2027\/","url_meta":{"origin":40955,"position":2},"title":"Gobernador de Oaxaca augura extinci\u00f3n del PT con encuesta que da a Morena 46% de preferencias para 2027","author":"ariadna","date":"abril 6, 2026","format":false,"excerpt":"#Redacci\u00f3nOaxaca #Oaxaca #JaimeGUERRERO El gobernador de Oaxaca, Salom\u00f3n Jara Cruz, pronostic\u00f3 que el Partido del Trabajo (PT) perder\u00e1 su registro de cara a las elecciones federales de 2027, al presentar datos de una encuesta que otorga a ese partido apenas el uno por ciento de las preferencias electorales. Al difundir\u2026","rel":"","context":"En &quot;Agenda Pol\u00edtica&quot;","block_context":{"text":"Agenda Pol\u00edtica","link":"https:\/\/redaccionoaxaca.com\/index.php\/category\/agenda-politica\/"},"img":{"alt_text":"","src":"https:\/\/i0.wp.com\/redaccionoaxaca.com\/wp-content\/uploads\/2026\/04\/images-19.jpeg?fit=640%2C360&ssl=1&resize=350%2C200","width":350,"height":200,"srcset":"https:\/\/i0.wp.com\/redaccionoaxaca.com\/wp-content\/uploads\/2026\/04\/images-19.jpeg?fit=640%2C360&ssl=1&resize=350%2C200 1x, https:\/\/i0.wp.com\/redaccionoaxaca.com\/wp-content\/uploads\/2026\/04\/images-19.jpeg?fit=640%2C360&ssl=1&resize=525%2C300 1.5x"},"classes":[]},{"id":40001,"url":"https:\/\/redaccionoaxaca.com\/index.php\/2026\/01\/17\/reforma-electoral-fortalecera-la-democracia-participativa-afirma-senador-nino-morales\/","url_meta":{"origin":40955,"position":3},"title":"Reforma electoral fortalecer\u00e1 la democracia participativa, afirma senador Nino Morales","author":"ariadna","date":"enero 17, 2026","format":false,"excerpt":"#Redacci\u00f3nOaxaca #Oaxaca Jaime GUERRERO El senador por Oaxaca, Antonino Morales Toledo, expres\u00f3 su respaldo total a la iniciativa de reforma electoral que impulsa la presidenta Claudia Sheinbaum Pardo, la cual tiene como objetivo devolver el poder al pueblo y terminar con los privilegios de una clase pol\u00edtica que convirti\u00f3 los\u2026","rel":"","context":"En &quot;Agenda Pol\u00edtica&quot;","block_context":{"text":"Agenda Pol\u00edtica","link":"https:\/\/redaccionoaxaca.com\/index.php\/category\/agenda-politica\/"},"img":{"alt_text":"","src":"https:\/\/i0.wp.com\/redaccionoaxaca.com\/wp-content\/uploads\/2026\/01\/images-17.jpeg?fit=715%2C429&ssl=1&resize=350%2C200","width":350,"height":200,"srcset":"https:\/\/i0.wp.com\/redaccionoaxaca.com\/wp-content\/uploads\/2026\/01\/images-17.jpeg?fit=715%2C429&ssl=1&resize=350%2C200 1x, https:\/\/i0.wp.com\/redaccionoaxaca.com\/wp-content\/uploads\/2026\/01\/images-17.jpeg?fit=715%2C429&ssl=1&resize=525%2C300 1.5x, https:\/\/i0.wp.com\/redaccionoaxaca.com\/wp-content\/uploads\/2026\/01\/images-17.jpeg?fit=715%2C429&ssl=1&resize=700%2C400 2x"},"classes":[]},{"id":40804,"url":"https:\/\/redaccionoaxaca.com\/index.php\/2026\/03\/03\/tania-caballero-la-4t-no-surgio-para-cuidar-posiciones-sino-para-ampliar-derechos-con-reforma-electoral\/","url_meta":{"origin":40955,"position":4},"title":"Tania Caballero: la 4T no surgi\u00f3 para cuidar posiciones sino para ampliar derechos con Reforma Electoral","author":"ariadna","date":"marzo 3, 2026","format":false,"excerpt":"#Redacci\u00f3nOaxaca #Oaxaca #JaimeGUERRERO \u201cLa Cuarta Transformaci\u00f3n no naci\u00f3 para administrar inercias. Naci\u00f3 para modificarlas. No surgi\u00f3 para cuidar posiciones, sino para ampliar derechos y cerrar espacios a los abusos del viejo r\u00e9gimen.\u201d As\u00ed lo afirm\u00f3 Tania Caballero Navarro, presidenta de la Junta de Coordinaci\u00f3n Pol\u00edtica (Jucopo) del Congreso de Oaxaca,\u2026","rel":"","context":"En &quot;Agenda Pol\u00edtica&quot;","block_context":{"text":"Agenda Pol\u00edtica","link":"https:\/\/redaccionoaxaca.com\/index.php\/category\/agenda-politica\/"},"img":{"alt_text":"","src":"https:\/\/i0.wp.com\/redaccionoaxaca.com\/wp-content\/uploads\/2026\/03\/FB_IMG_1772586335091.jpg?fit=1200%2C801&ssl=1&resize=350%2C200","width":350,"height":200,"srcset":"https:\/\/i0.wp.com\/redaccionoaxaca.com\/wp-content\/uploads\/2026\/03\/FB_IMG_1772586335091.jpg?fit=1200%2C801&ssl=1&resize=350%2C200 1x, https:\/\/i0.wp.com\/redaccionoaxaca.com\/wp-content\/uploads\/2026\/03\/FB_IMG_1772586335091.jpg?fit=1200%2C801&ssl=1&resize=525%2C300 1.5x, https:\/\/i0.wp.com\/redaccionoaxaca.com\/wp-content\/uploads\/2026\/03\/FB_IMG_1772586335091.jpg?fit=1200%2C801&ssl=1&resize=700%2C400 2x, https:\/\/i0.wp.com\/redaccionoaxaca.com\/wp-content\/uploads\/2026\/03\/FB_IMG_1772586335091.jpg?fit=1200%2C801&ssl=1&resize=1050%2C600 3x"},"classes":[]},{"id":30776,"url":"https:\/\/redaccionoaxaca.com\/index.php\/2024\/03\/06\/de-la-mano-del-gobernador-de-oaxaca-y-claudia-sheinbaum-ex-diputada-del-pri-es-candidata-a-diputada-federal-pluri-en-el-lugar-11-por-el-edomex\/","url_meta":{"origin":40955,"position":5},"title":"De la mano del Gobernador de Oaxaca y Claudia Sheinbaum, ex diputada  del PRI, es candidata a diputada federal pluri en el lugar 11 por el EdoMex","author":"ariadna","date":"marzo 6, 2024","format":false,"excerpt":"#Redacci\u00f3nOaxaca #Oaxaca Jaime GUERRERO Con el aval y apoyo de la candidata presidencial, Claudia Sheinbaum Pardo y el Gobernador de Oaxaca, Salom\u00f3n Jara Cruz, la diputada local de la LXV Legislatura de Oaxaca, Mariana Ben\u00edtez Tiburcio, fue postulada como candidata a diputada federal plurinominal por la quinta circunscripci\u00f3n en el\u2026","rel":"","context":"En &quot;Agenda Pol\u00edtica&quot;","block_context":{"text":"Agenda Pol\u00edtica","link":"https:\/\/redaccionoaxaca.com\/index.php\/category\/agenda-politica\/"},"img":{"alt_text":"","src":"","width":0,"height":0},"classes":[]}],"_links":{"self":[{"href":"https:\/\/redaccionoaxaca.com\/index.php\/wp-json\/wp\/v2\/posts\/40955","targetHints":{"allow":["GET"]}}],"collection":[{"href":"https:\/\/redaccionoaxaca.com\/index.php\/wp-json\/wp\/v2\/posts"}],"about":[{"href":"https:\/\/redaccionoaxaca.com\/index.php\/wp-json\/wp\/v2\/types\/post"}],"author":[{"embeddable":true,"href":"https:\/\/redaccionoaxaca.com\/index.php\/wp-json\/wp\/v2\/users\/9"}],"replies":[{"embeddable":true,"href":"https:\/\/redaccionoaxaca.com\/index.php\/wp-json\/wp\/v2\/comments?post=40955"}],"version-history":[{"count":1,"href":"https:\/\/redaccionoaxaca.com\/index.php\/wp-json\/wp\/v2\/posts\/40955\/revisions"}],"predecessor-version":[{"id":40958,"href":"https:\/\/redaccionoaxaca.com\/index.php\/wp-json\/wp\/v2\/posts\/40955\/revisions\/40958"}],"wp:featuredmedia":[{"embeddable":true,"href":"https:\/\/redaccionoaxaca.com\/index.php\/wp-json\/wp\/v2\/media\/40957"}],"wp:attachment":[{"href":"https:\/\/redaccionoaxaca.com\/index.php\/wp-json\/wp\/v2\/media?parent=40955"}],"wp:term":[{"taxonomy":"category","embeddable":true,"href":"https:\/\/redaccionoaxaca.com\/index.php\/wp-json\/wp\/v2\/categories?post=40955"},{"taxonomy":"post_tag","embeddable":true,"href":"https:\/\/redaccionoaxaca.com\/index.php\/wp-json\/wp\/v2\/tags?post=40955"}],"curies":[{"name":"wp","href":"https:\/\/api.w.org\/{rel}","templated":true}]}}