{"id":40959,"date":"2026-03-12T18:26:07","date_gmt":"2026-03-13T00:26:07","guid":{"rendered":"https:\/\/redaccionoaxaca.com\/?p=40959"},"modified":"2026-03-12T18:26:46","modified_gmt":"2026-03-13T00:26:46","slug":"40959","status":"publish","type":"post","link":"https:\/\/redaccionoaxaca.com\/index.php\/2026\/03\/12\/40959\/","title":{"rendered":"Congreso del Estado exhorta a la Secretar\u00eda de Turismo a realizar campa\u00f1as de promoci\u00f3n tur\u00edstica sustentable"},"content":{"rendered":"<p><strong>#Redacci\u00f3nOaxaca<\/strong><\/p>\n<p><strong>#Oaxaca<\/strong><\/p>\n<p style=\"text-align: justify;\">* <em>La medida busca prevenir el desabasto del vital l\u00edquido ante la cercan\u00eda del periodo vacacional de Semana Santa y la temporada de sequ\u00eda y estiaje<\/em><\/p>\n<p>San Raymundo Jalpan, Oax., a 12 de marzo de 2026.- El Congreso del Estado de Oaxaca aprob\u00f3 de Urgente y Obvia Resoluci\u00f3n, con 29 votos a favor, un exhorto dirigido a la titular de la Secretar\u00eda de Turismo del Gobierno del Estado, para que realice campa\u00f1as de promoci\u00f3n tur\u00edstica sustentable con el objetivo de concientizar a los prestadores de servicios, turistas nacionales y extranjeros sobre el uso responsable del agua, ante la proximidad del periodo vacacional de Semana Santa y la temporada de sequ\u00eda y estiaje en la entidad.<\/p>\n<p><img data-recalc-dims=\"1\" loading=\"lazy\" decoding=\"async\" data-attachment-id=\"40961\" data-permalink=\"https:\/\/redaccionoaxaca.com\/index.php\/2026\/03\/12\/40959\/screenshot_20260312_182352_facebook\/\" data-orig-file=\"https:\/\/i0.wp.com\/redaccionoaxaca.com\/wp-content\/uploads\/2026\/03\/Screenshot_20260312_182352_Facebook-scaled.jpg?fit=2560%2C1708&amp;ssl=1\" data-orig-size=\"2560,1708\" data-comments-opened=\"1\" data-image-meta=\"{&quot;aperture&quot;:&quot;0&quot;,&quot;credit&quot;:&quot;&quot;,&quot;camera&quot;:&quot;&quot;,&quot;caption&quot;:&quot;&quot;,&quot;created_timestamp&quot;:&quot;0&quot;,&quot;copyright&quot;:&quot;&quot;,&quot;focal_length&quot;:&quot;0&quot;,&quot;iso&quot;:&quot;0&quot;,&quot;shutter_speed&quot;:&quot;0&quot;,&quot;title&quot;:&quot;&quot;,&quot;orientation&quot;:&quot;1&quot;}\" data-image-title=\"Screenshot_20260312_182352_Facebook\" data-image-description=\"\" data-image-caption=\"\" data-large-file=\"https:\/\/i0.wp.com\/redaccionoaxaca.com\/wp-content\/uploads\/2026\/03\/Screenshot_20260312_182352_Facebook-scaled.jpg?fit=696%2C464&amp;ssl=1\" class=\"size-medium wp-image-40961 aligncenter\" src=\"https:\/\/i0.wp.com\/redaccionoaxaca.com\/wp-content\/uploads\/2026\/03\/Screenshot_20260312_182352_Facebook.jpg?resize=300%2C200&#038;ssl=1\" alt=\"\" width=\"300\" height=\"200\" srcset=\"https:\/\/i0.wp.com\/redaccionoaxaca.com\/wp-content\/uploads\/2026\/03\/Screenshot_20260312_182352_Facebook-scaled.jpg?resize=300%2C200&amp;ssl=1 300w, https:\/\/i0.wp.com\/redaccionoaxaca.com\/wp-content\/uploads\/2026\/03\/Screenshot_20260312_182352_Facebook-scaled.jpg?resize=1024%2C683&amp;ssl=1 1024w, https:\/\/i0.wp.com\/redaccionoaxaca.com\/wp-content\/uploads\/2026\/03\/Screenshot_20260312_182352_Facebook-scaled.jpg?resize=768%2C512&amp;ssl=1 768w, https:\/\/i0.wp.com\/redaccionoaxaca.com\/wp-content\/uploads\/2026\/03\/Screenshot_20260312_182352_Facebook-scaled.jpg?resize=1536%2C1025&amp;ssl=1 1536w, https:\/\/i0.wp.com\/redaccionoaxaca.com\/wp-content\/uploads\/2026\/03\/Screenshot_20260312_182352_Facebook-scaled.jpg?resize=2048%2C1366&amp;ssl=1 2048w, https:\/\/i0.wp.com\/redaccionoaxaca.com\/wp-content\/uploads\/2026\/03\/Screenshot_20260312_182352_Facebook-scaled.jpg?resize=630%2C420&amp;ssl=1 630w, https:\/\/i0.wp.com\/redaccionoaxaca.com\/wp-content\/uploads\/2026\/03\/Screenshot_20260312_182352_Facebook-scaled.jpg?resize=696%2C464&amp;ssl=1 696w, https:\/\/i0.wp.com\/redaccionoaxaca.com\/wp-content\/uploads\/2026\/03\/Screenshot_20260312_182352_Facebook-scaled.jpg?resize=1068%2C712&amp;ssl=1 1068w, https:\/\/i0.wp.com\/redaccionoaxaca.com\/wp-content\/uploads\/2026\/03\/Screenshot_20260312_182352_Facebook-scaled.jpg?w=1392&amp;ssl=1 1392w\" sizes=\"auto, (max-width: 300px) 100vw, 300px\" \/><\/p>\n<p style=\"text-align: justify;\">El Punto de Acuerdo fue propuesto por el diputado Francisco Javier Ni\u00f1o Hern\u00e1ndez, integrante del Grupo Parlamentario de Morena, quien plante\u00f3 la necesidad de promover acciones preventivas que contribuyan a evitar el desabasto del vital l\u00edquido para la poblaci\u00f3n oaxaque\u00f1a durante los periodos de alta afluencia tur\u00edstica.<\/p>\n<p style=\"text-align: justify;\">Entre las medidas sugeridas destacan fomentar el ahorro de agua en actividades cotidianas, evitar el lavado innecesario de blancos y toallas en hoteles, promover el reporte oportuno de fugas y avanzar hacia el tratamiento y reutilizaci\u00f3n de aguas residuales para el riego de \u00e1reas verdes y procesos industriales.<\/p>\n<p style=\"text-align: justify;\">Ante el Pleno, el legislador subray\u00f3 que el turismo y la preservaci\u00f3n ambiental deben avanzar de manera conjunta para garantizar la sostenibilidad de los destinos tur\u00edsticos del estado. En ese sentido, se\u00f1al\u00f3 que el agua es un recurso esencial tanto para la vida de las comunidades como para el desarrollo econ\u00f3mico de la entidad. \u201cEl turismo y el medio ambiente no son dos agendas separadas, son dos caras de la misma moneda\u201d, expres\u00f3.<\/p>\n<p style=\"text-align: justify;\">Asimismo, destac\u00f3 que Oaxaca se consolid\u00f3 en 2025 como uno de los principales destinos tur\u00edsticos del pa\u00eds, al registrar 6.2 millones de visitantes y una derrama econ\u00f3mica superior a los 23 mil millones de pesos. No obstante, advirti\u00f3 que el crecimiento del sector debe acompa\u00f1arse de medidas responsables que garanticen el acceso al agua para la poblaci\u00f3n. \u201cSin ecosistemas sanos no hay destinos que visitar; sin agua no hay hoteles, no hay servicios y no habr\u00e1 viajeros\u201d, puntualiz\u00f3.<\/p>\n<p><img data-recalc-dims=\"1\" loading=\"lazy\" decoding=\"async\" data-attachment-id=\"40960\" data-permalink=\"https:\/\/redaccionoaxaca.com\/index.php\/2026\/03\/12\/40959\/screenshot_20260312_182357_facebook\/\" data-orig-file=\"https:\/\/i0.wp.com\/redaccionoaxaca.com\/wp-content\/uploads\/2026\/03\/Screenshot_20260312_182357_Facebook-scaled.jpg?fit=2560%2C829&amp;ssl=1\" data-orig-size=\"2560,829\" data-comments-opened=\"1\" data-image-meta=\"{&quot;aperture&quot;:&quot;0&quot;,&quot;credit&quot;:&quot;&quot;,&quot;camera&quot;:&quot;&quot;,&quot;caption&quot;:&quot;&quot;,&quot;created_timestamp&quot;:&quot;0&quot;,&quot;copyright&quot;:&quot;&quot;,&quot;focal_length&quot;:&quot;0&quot;,&quot;iso&quot;:&quot;0&quot;,&quot;shutter_speed&quot;:&quot;0&quot;,&quot;title&quot;:&quot;&quot;,&quot;orientation&quot;:&quot;1&quot;}\" data-image-title=\"Screenshot_20260312_182357_Facebook\" data-image-description=\"\" data-image-caption=\"\" data-large-file=\"https:\/\/i0.wp.com\/redaccionoaxaca.com\/wp-content\/uploads\/2026\/03\/Screenshot_20260312_182357_Facebook-scaled.jpg?fit=696%2C225&amp;ssl=1\" class=\"size-medium wp-image-40960 aligncenter\" src=\"https:\/\/i0.wp.com\/redaccionoaxaca.com\/wp-content\/uploads\/2026\/03\/Screenshot_20260312_182357_Facebook.jpg?resize=300%2C97&#038;ssl=1\" alt=\"\" width=\"300\" height=\"97\" srcset=\"https:\/\/i0.wp.com\/redaccionoaxaca.com\/wp-content\/uploads\/2026\/03\/Screenshot_20260312_182357_Facebook-scaled.jpg?resize=300%2C97&amp;ssl=1 300w, https:\/\/i0.wp.com\/redaccionoaxaca.com\/wp-content\/uploads\/2026\/03\/Screenshot_20260312_182357_Facebook-scaled.jpg?resize=1024%2C331&amp;ssl=1 1024w, https:\/\/i0.wp.com\/redaccionoaxaca.com\/wp-content\/uploads\/2026\/03\/Screenshot_20260312_182357_Facebook-scaled.jpg?resize=768%2C249&amp;ssl=1 768w, https:\/\/i0.wp.com\/redaccionoaxaca.com\/wp-content\/uploads\/2026\/03\/Screenshot_20260312_182357_Facebook-scaled.jpg?resize=1536%2C497&amp;ssl=1 1536w, https:\/\/i0.wp.com\/redaccionoaxaca.com\/wp-content\/uploads\/2026\/03\/Screenshot_20260312_182357_Facebook-scaled.jpg?resize=2048%2C663&amp;ssl=1 2048w, https:\/\/i0.wp.com\/redaccionoaxaca.com\/wp-content\/uploads\/2026\/03\/Screenshot_20260312_182357_Facebook-scaled.jpg?resize=1298%2C420&amp;ssl=1 1298w, https:\/\/i0.wp.com\/redaccionoaxaca.com\/wp-content\/uploads\/2026\/03\/Screenshot_20260312_182357_Facebook-scaled.jpg?resize=696%2C225&amp;ssl=1 696w, https:\/\/i0.wp.com\/redaccionoaxaca.com\/wp-content\/uploads\/2026\/03\/Screenshot_20260312_182357_Facebook-scaled.jpg?resize=1068%2C346&amp;ssl=1 1068w, https:\/\/i0.wp.com\/redaccionoaxaca.com\/wp-content\/uploads\/2026\/03\/Screenshot_20260312_182357_Facebook-scaled.jpg?w=1392&amp;ssl=1 1392w\" sizes=\"auto, (max-width: 300px) 100vw, 300px\" \/><\/p>\n","protected":false},"excerpt":{"rendered":"<p>#Redacci\u00f3nOaxaca #Oaxaca * La medida busca prevenir el desabasto del vital l\u00edquido ante la cercan\u00eda del periodo vacacional de Semana Santa y la temporada de sequ\u00eda y estiaje San Raymundo Jalpan, Oax., a 12 de marzo de 2026.- El Congreso del Estado de Oaxaca aprob\u00f3 de Urgente y Obvia Resoluci\u00f3n, con 29 votos a favor, [&hellip;]<\/p>\n","protected":false},"author":9,"featured_media":40961,"comment_status":"open","ping_status":"open","sticky":false,"template":"","format":"standard","meta":{"jetpack_post_was_ever_published":false,"_jetpack_newsletter_access":"","_jetpack_dont_email_post_to_subs":false,"_jetpack_newsletter_tier_id":0,"_jetpack_memberships_contains_paywalled_content":false,"_jetpack_memberships_contains_paid_content":false,"footnotes":"","jetpack_publicize_message":"","jetpack_publicize_feature_enabled":true,"jetpack_social_post_already_shared":true,"jetpack_social_options":{"image_generator_settings":{"template":"highway","default_image_id":0,"font":"","enabled":false},"version":2}},"categories":[4,5,3],"tags":[],"class_list":{"0":"post-40959","1":"post","2":"type-post","3":"status-publish","4":"format-standard","5":"has-post-thumbnail","7":"category-agenda-politica","8":"category-imagen","9":"category-mesa-de-redaccion"},"jetpack_publicize_connections":[],"jetpack_featured_media_url":"https:\/\/i0.wp.com\/redaccionoaxaca.com\/wp-content\/uploads\/2026\/03\/Screenshot_20260312_182352_Facebook-scaled.jpg?fit=2560%2C1708&ssl=1","jetpack_sharing_enabled":true,"jetpack_shortlink":"https:\/\/wp.me\/s9Ynjw-40959","jetpack-related-posts":[{"id":36344,"url":"https:\/\/redaccionoaxaca.com\/index.php\/2025\/04\/01\/congreso-urge-a-sectur-a-promocionar-huatulco-y-puerto-escondido-como-destino-seguro-y-amigable\/","url_meta":{"origin":40959,"position":0},"title":"Congreso urge a Sectur a promocionar Huatulco y Puerto Escondido como destino seguro y amigable","author":"ariadna","date":"abril 1, 2025","format":false,"excerpt":"#Redacci\u00f3nOaxaca #Oaxaca Jaime GUERRERO Con 34 votos a favor, el Pleno del Congreso del Estado aprob\u00f3 un exhort\u00f3 a la Secretar\u00eda de Turismo para que de manera urgente implemente una campa\u00f1a de promoci\u00f3n tur\u00edstica con el objetivo de posicionar a los principales destinos de la entidad y particularmente los destinos\u2026","rel":"","context":"En &quot;Agenda Pol\u00edtica&quot;","block_context":{"text":"Agenda Pol\u00edtica","link":"https:\/\/redaccionoaxaca.com\/index.php\/category\/agenda-politica\/"},"img":{"alt_text":"","src":"","width":0,"height":0},"classes":[]},{"id":36494,"url":"https:\/\/redaccionoaxaca.com\/index.php\/2025\/04\/10\/proyecta-oaxaca-importante-afluencia-turistica-durante-semana-santa-y-pascua-2025\/","url_meta":{"origin":40959,"position":1},"title":"Proyecta Oaxaca importante afluencia tur\u00edstica durante Semana Santa y Pascua 2025","author":"ariadna","date":"abril 10, 2025","format":false,"excerpt":"#Redacci\u00f3nOaxaca #Oaxaca La secretaria de Turismo del estado, Saymi Pineda Velasco, anunci\u00f3 que durante el periodo vacacional de Semana Santa 2025, que se celebrar\u00e1 del 14 al 20 de abril, Oaxaca espera recibir a cerca de 119 mil turistas, lo que representa una ocupaci\u00f3n hotelera del 78.11% y una derrama\u2026","rel":"","context":"En &quot;Agenda Pol\u00edtica&quot;","block_context":{"text":"Agenda Pol\u00edtica","link":"https:\/\/redaccionoaxaca.com\/index.php\/category\/agenda-politica\/"},"img":{"alt_text":"","src":"","width":0,"height":0},"classes":[]},{"id":10824,"url":"https:\/\/redaccionoaxaca.com\/index.php\/2020\/02\/24\/en-oaxaca-estamos-iniciando-el-estiaje-pero-esto-es-un-fenomeno-natural-que-no-tiene-porque-representar-escasez-de-agua-conagua\/","url_meta":{"origin":40959,"position":2},"title":"En Oaxaca estamos iniciando el estiaje pero esto es un fen\u00f3meno natural que no tiene porque representar escasez de agua: Conagua.","author":"ariadna","date":"febrero 24, 2020","format":false,"excerpt":"#Redacci\u00f3nOaxaca #Oaxaca Maira Ric\u00e1rdez El periodo de estiaje en el Estado de Oaxaca ha comenzado, oficializ\u00f3 el Director T\u00e9cnico de la Comisi\u00f3n Nacional del Agua (CONAGUA) Pac\u00edfico Sur, Francisco N\u00fa\u00f1ez Santiago, pero estiaje no significa sequia, explic\u00f3. El estiaje es un proceso natural propio de esta temporada del a\u00f1o y\u2026","rel":"","context":"Entrada similar ","block_context":{"text":"Entrada similar ","link":""},"img":{"alt_text":"","src":"","width":0,"height":0},"classes":[]},{"id":36591,"url":"https:\/\/redaccionoaxaca.com\/index.php\/2025\/04\/20\/registran-destinos-turisticos-de-oaxaca-alta-ocupacion-hotelera-en-semana-santa-sectur\/","url_meta":{"origin":40959,"position":3},"title":"Registran destinos tur\u00edsticos de Oaxaca alta ocupaci\u00f3n hotelera en Semana Santa: Sectur","author":"ariadna","date":"abril 20, 2025","format":false,"excerpt":"#Redacci\u00f3nOaxaca #Oaxaca \u2022 El 18 de abril fue el d\u00eda con mayor ocupaci\u00f3n hotelera promedio en los tres principales destinos, alcanzando un 81.92 por ciento Oaxaca de Ju\u00e1rez, Oax. 19 de abril de 2025.- La Secretar\u00eda de Turismo (Sectur) Oaxaca informa que, de acuerdo con cifras preliminares del sistema Datasur,\u2026","rel":"","context":"En &quot;Imagen&quot;","block_context":{"text":"Imagen","link":"https:\/\/redaccionoaxaca.com\/index.php\/category\/imagen\/"},"img":{"alt_text":"","src":"https:\/\/i0.wp.com\/redaccionoaxaca.com\/wp-content\/uploads\/2025\/04\/IMG-20250419-WA0118-300x169.jpg?resize=350%2C200&ssl=1","width":350,"height":200},"classes":[]},{"id":41086,"url":"https:\/\/redaccionoaxaca.com\/index.php\/2026\/03\/19\/congreso-del-estado-exhorta-a-municipios-de-tuxtepec-a-reforzar-seguridad-por-semana-santa\/","url_meta":{"origin":40959,"position":4},"title":"Congreso del Estado exhorta a municipios de Tuxtepec a reforzar seguridad por Semana Santa","author":"ariadna","date":"marzo 19, 2026","format":false,"excerpt":"#Redacci\u00f3nOaxaca #Oaxaca * Se llama a reforzar patrullajes en zonas comerciales, balnearios y espacios naturales San Raymundo Jalpan, Oax., a 19 de marzo de 2026.- En Sesi\u00f3n Ordinaria, la LXVI Legislatura del Congreso del Estado aprob\u00f3, de Urgente y Obvia Resoluci\u00f3n, un exhorto para que los Ayuntamientos de San Juan\u2026","rel":"","context":"En &quot;Agenda Pol\u00edtica&quot;","block_context":{"text":"Agenda Pol\u00edtica","link":"https:\/\/redaccionoaxaca.com\/index.php\/category\/agenda-politica\/"},"img":{"alt_text":"","src":"https:\/\/i0.wp.com\/redaccionoaxaca.com\/wp-content\/uploads\/2026\/03\/Screenshot_20260319_140908_Facebook-scaled.jpg?fit=1200%2C681&ssl=1&resize=350%2C200","width":350,"height":200,"srcset":"https:\/\/i0.wp.com\/redaccionoaxaca.com\/wp-content\/uploads\/2026\/03\/Screenshot_20260319_140908_Facebook-scaled.jpg?fit=1200%2C681&ssl=1&resize=350%2C200 1x, https:\/\/i0.wp.com\/redaccionoaxaca.com\/wp-content\/uploads\/2026\/03\/Screenshot_20260319_140908_Facebook-scaled.jpg?fit=1200%2C681&ssl=1&resize=525%2C300 1.5x, https:\/\/i0.wp.com\/redaccionoaxaca.com\/wp-content\/uploads\/2026\/03\/Screenshot_20260319_140908_Facebook-scaled.jpg?fit=1200%2C681&ssl=1&resize=700%2C400 2x, https:\/\/i0.wp.com\/redaccionoaxaca.com\/wp-content\/uploads\/2026\/03\/Screenshot_20260319_140908_Facebook-scaled.jpg?fit=1200%2C681&ssl=1&resize=1050%2C600 3x"},"classes":[]},{"id":30595,"url":"https:\/\/redaccionoaxaca.com\/index.php\/2024\/02\/19\/pide-congreso-atender-amenaza-hidrometeorologica-de-sequia-en-oaxaca\/","url_meta":{"origin":40959,"position":5},"title":"Pide Congreso atender amenaza hidrometeorol\u00f3gica de sequ\u00eda en Oaxaca","author":"ariadna","date":"febrero 19, 2024","format":false,"excerpt":"#Redacci\u00f3nOaxaca #Oaxaca \u2022 El 57.5% de los 570 municipios est\u00e1n padeciendo estiaje. San Raymundo Jalpan, Oax. 19 de febrero de 2024.- Ante la amenaza hidrometeorol\u00f3gica de sequ\u00eda que afecta al estado de Oaxaca, la LXV Legislatura del H. Congreso del Estado de Oaxaca pide que se establezca una situaci\u00f3n de\u2026","rel":"","context":"En &quot;Agenda Pol\u00edtica&quot;","block_context":{"text":"Agenda Pol\u00edtica","link":"https:\/\/redaccionoaxaca.com\/index.php\/category\/agenda-politica\/"},"img":{"alt_text":"","src":"","width":0,"height":0},"classes":[]}],"_links":{"self":[{"href":"https:\/\/redaccionoaxaca.com\/index.php\/wp-json\/wp\/v2\/posts\/40959","targetHints":{"allow":["GET"]}}],"collection":[{"href":"https:\/\/redaccionoaxaca.com\/index.php\/wp-json\/wp\/v2\/posts"}],"about":[{"href":"https:\/\/redaccionoaxaca.com\/index.php\/wp-json\/wp\/v2\/types\/post"}],"author":[{"embeddable":true,"href":"https:\/\/redaccionoaxaca.com\/index.php\/wp-json\/wp\/v2\/users\/9"}],"replies":[{"embeddable":true,"href":"https:\/\/redaccionoaxaca.com\/index.php\/wp-json\/wp\/v2\/comments?post=40959"}],"version-history":[{"count":2,"href":"https:\/\/redaccionoaxaca.com\/index.php\/wp-json\/wp\/v2\/posts\/40959\/revisions"}],"predecessor-version":[{"id":40963,"href":"https:\/\/redaccionoaxaca.com\/index.php\/wp-json\/wp\/v2\/posts\/40959\/revisions\/40963"}],"wp:featuredmedia":[{"embeddable":true,"href":"https:\/\/redaccionoaxaca.com\/index.php\/wp-json\/wp\/v2\/media\/40961"}],"wp:attachment":[{"href":"https:\/\/redaccionoaxaca.com\/index.php\/wp-json\/wp\/v2\/media?parent=40959"}],"wp:term":[{"taxonomy":"category","embeddable":true,"href":"https:\/\/redaccionoaxaca.com\/index.php\/wp-json\/wp\/v2\/categories?post=40959"},{"taxonomy":"post_tag","embeddable":true,"href":"https:\/\/redaccionoaxaca.com\/index.php\/wp-json\/wp\/v2\/tags?post=40959"}],"curies":[{"name":"wp","href":"https:\/\/api.w.org\/{rel}","templated":true}]}}