{"id":40964,"date":"2026-03-12T19:58:03","date_gmt":"2026-03-13T01:58:03","guid":{"rendered":"https:\/\/redaccionoaxaca.com\/?p=40964"},"modified":"2026-03-12T19:58:03","modified_gmt":"2026-03-13T01:58:03","slug":"respeto-a-los-derechos-humanos-prioridad-en-oaxaca-de-juarez-ray-chagoya","status":"publish","type":"post","link":"https:\/\/redaccionoaxaca.com\/index.php\/2026\/03\/12\/respeto-a-los-derechos-humanos-prioridad-en-oaxaca-de-juarez-ray-chagoya\/","title":{"rendered":"Respeto a los derechos humanos, prioridad en Oaxaca de Ju\u00e1rez: Ray Chagoya"},"content":{"rendered":"<p><strong>#Redacci\u00f3nOaxaca<\/strong><\/p>\n<p><strong>#Oaxaca<\/strong><\/p>\n<p style=\"text-align: justify;\">&#8211; <em>El acuerdo permitir\u00e1 capacitar a personal municipal y reforzar pol\u00edticas p\u00fablicas con enfoque de derechos humanos<\/em><\/p>\n<p style=\"text-align: justify;\">Oaxaca de Ju\u00e1rez, Oax., 12 de marzo de 2026.\u2013 El Municipio de Oaxaca de Ju\u00e1rez y la Defensor\u00eda de los Derechos Humanos del Pueblo de Oaxaca firmaron un Convenio Marco de Colaboraci\u00f3n con el objetivo de fortalecer la promoci\u00f3n, protecci\u00f3n y respeto de los derechos humanos en la capital del estado.<\/p>\n<p><img data-recalc-dims=\"1\" loading=\"lazy\" decoding=\"async\" data-attachment-id=\"40965\" data-permalink=\"https:\/\/redaccionoaxaca.com\/index.php\/2026\/03\/12\/respeto-a-los-derechos-humanos-prioridad-en-oaxaca-de-juarez-ray-chagoya\/img-20260312-wa0171\/\" data-orig-file=\"https:\/\/i0.wp.com\/redaccionoaxaca.com\/wp-content\/uploads\/2026\/03\/IMG-20260312-WA0171.jpg?fit=1280%2C854&amp;ssl=1\" data-orig-size=\"1280,854\" data-comments-opened=\"1\" data-image-meta=\"{&quot;aperture&quot;:&quot;0&quot;,&quot;credit&quot;:&quot;&quot;,&quot;camera&quot;:&quot;&quot;,&quot;caption&quot;:&quot;&quot;,&quot;created_timestamp&quot;:&quot;0&quot;,&quot;copyright&quot;:&quot;&quot;,&quot;focal_length&quot;:&quot;0&quot;,&quot;iso&quot;:&quot;0&quot;,&quot;shutter_speed&quot;:&quot;0&quot;,&quot;title&quot;:&quot;&quot;,&quot;orientation&quot;:&quot;0&quot;}\" data-image-title=\"IMG-20260312-WA0171\" data-image-description=\"\" data-image-caption=\"\" data-large-file=\"https:\/\/i0.wp.com\/redaccionoaxaca.com\/wp-content\/uploads\/2026\/03\/IMG-20260312-WA0171.jpg?fit=696%2C464&amp;ssl=1\" class=\"size-medium wp-image-40965 aligncenter\" src=\"https:\/\/i0.wp.com\/redaccionoaxaca.com\/wp-content\/uploads\/2026\/03\/IMG-20260312-WA0171.jpg?resize=300%2C200&#038;ssl=1\" alt=\"\" width=\"300\" height=\"200\" srcset=\"https:\/\/i0.wp.com\/redaccionoaxaca.com\/wp-content\/uploads\/2026\/03\/IMG-20260312-WA0171.jpg?resize=300%2C200&amp;ssl=1 300w, https:\/\/i0.wp.com\/redaccionoaxaca.com\/wp-content\/uploads\/2026\/03\/IMG-20260312-WA0171.jpg?resize=1024%2C683&amp;ssl=1 1024w, https:\/\/i0.wp.com\/redaccionoaxaca.com\/wp-content\/uploads\/2026\/03\/IMG-20260312-WA0171.jpg?resize=768%2C512&amp;ssl=1 768w, https:\/\/i0.wp.com\/redaccionoaxaca.com\/wp-content\/uploads\/2026\/03\/IMG-20260312-WA0171.jpg?resize=630%2C420&amp;ssl=1 630w, https:\/\/i0.wp.com\/redaccionoaxaca.com\/wp-content\/uploads\/2026\/03\/IMG-20260312-WA0171.jpg?resize=696%2C464&amp;ssl=1 696w, https:\/\/i0.wp.com\/redaccionoaxaca.com\/wp-content\/uploads\/2026\/03\/IMG-20260312-WA0171.jpg?resize=1068%2C713&amp;ssl=1 1068w, https:\/\/i0.wp.com\/redaccionoaxaca.com\/wp-content\/uploads\/2026\/03\/IMG-20260312-WA0171.jpg?w=1280&amp;ssl=1 1280w\" sizes=\"auto, (max-width: 300px) 100vw, 300px\" \/><\/p>\n<p style=\"text-align: justify;\">El acuerdo fue suscrito por el presidente municipal Raymundo Chagoya Villanueva, la titular de la Defensor\u00eda Elizabeth Lara Rodr\u00edguez y la s\u00edndica primera municipal Obtulia Salgado Delgado, quienes destacaron la importancia de impulsar acciones coordinadas que garanticen un trato digno y respetuoso para todas las personas.<\/p>\n<p style=\"text-align: justify;\">Entre las acciones contempladas en el convenio se encuentra la capacitaci\u00f3n en derechos humanos para personal del Gobierno Municipal, as\u00ed como la incorporaci\u00f3n de este enfoque en el dise\u00f1o e implementaci\u00f3n de pol\u00edticas p\u00fablicas. Tambi\u00e9n se desarrollar\u00e1n seminarios, talleres, conferencias y actividades de difusi\u00f3n para fortalecer la cultura de respeto y legalidad.<\/p>\n<p><img data-recalc-dims=\"1\" loading=\"lazy\" decoding=\"async\" data-attachment-id=\"40966\" data-permalink=\"https:\/\/redaccionoaxaca.com\/index.php\/2026\/03\/12\/respeto-a-los-derechos-humanos-prioridad-en-oaxaca-de-juarez-ray-chagoya\/img-20260312-wa0176\/\" data-orig-file=\"https:\/\/i0.wp.com\/redaccionoaxaca.com\/wp-content\/uploads\/2026\/03\/IMG-20260312-WA0176.jpg?fit=1280%2C854&amp;ssl=1\" data-orig-size=\"1280,854\" data-comments-opened=\"1\" data-image-meta=\"{&quot;aperture&quot;:&quot;0&quot;,&quot;credit&quot;:&quot;&quot;,&quot;camera&quot;:&quot;&quot;,&quot;caption&quot;:&quot;&quot;,&quot;created_timestamp&quot;:&quot;0&quot;,&quot;copyright&quot;:&quot;&quot;,&quot;focal_length&quot;:&quot;0&quot;,&quot;iso&quot;:&quot;0&quot;,&quot;shutter_speed&quot;:&quot;0&quot;,&quot;title&quot;:&quot;&quot;,&quot;orientation&quot;:&quot;0&quot;}\" data-image-title=\"IMG-20260312-WA0176\" data-image-description=\"\" data-image-caption=\"\" data-large-file=\"https:\/\/i0.wp.com\/redaccionoaxaca.com\/wp-content\/uploads\/2026\/03\/IMG-20260312-WA0176.jpg?fit=696%2C464&amp;ssl=1\" class=\"size-medium wp-image-40966 aligncenter\" src=\"https:\/\/i0.wp.com\/redaccionoaxaca.com\/wp-content\/uploads\/2026\/03\/IMG-20260312-WA0176.jpg?resize=300%2C200&#038;ssl=1\" alt=\"\" width=\"300\" height=\"200\" srcset=\"https:\/\/i0.wp.com\/redaccionoaxaca.com\/wp-content\/uploads\/2026\/03\/IMG-20260312-WA0176.jpg?resize=300%2C200&amp;ssl=1 300w, https:\/\/i0.wp.com\/redaccionoaxaca.com\/wp-content\/uploads\/2026\/03\/IMG-20260312-WA0176.jpg?resize=1024%2C683&amp;ssl=1 1024w, https:\/\/i0.wp.com\/redaccionoaxaca.com\/wp-content\/uploads\/2026\/03\/IMG-20260312-WA0176.jpg?resize=768%2C512&amp;ssl=1 768w, https:\/\/i0.wp.com\/redaccionoaxaca.com\/wp-content\/uploads\/2026\/03\/IMG-20260312-WA0176.jpg?resize=630%2C420&amp;ssl=1 630w, https:\/\/i0.wp.com\/redaccionoaxaca.com\/wp-content\/uploads\/2026\/03\/IMG-20260312-WA0176.jpg?resize=696%2C464&amp;ssl=1 696w, https:\/\/i0.wp.com\/redaccionoaxaca.com\/wp-content\/uploads\/2026\/03\/IMG-20260312-WA0176.jpg?resize=1068%2C713&amp;ssl=1 1068w, https:\/\/i0.wp.com\/redaccionoaxaca.com\/wp-content\/uploads\/2026\/03\/IMG-20260312-WA0176.jpg?w=1280&amp;ssl=1 1280w\" sizes=\"auto, (max-width: 300px) 100vw, 300px\" \/><\/p>\n<p style=\"text-align: justify;\">El acuerdo prev\u00e9 adem\u00e1s capacitaci\u00f3n dirigida a elementos de seguridad p\u00fablica, particularmente en temas relacionados con el uso de la fuerza y el funcionamiento de \u00e1reas de detenci\u00f3n municipal, con el fin de garantizar actuaciones apegadas a la ley y al respeto de la dignidad humana.<\/p>\n<p style=\"text-align: justify;\">Como parte del mecanismo de seguimiento, se integrar\u00e1 una Comisi\u00f3n T\u00e9cnica con representantes de ambas instituciones, encargada de coordinar las acciones y dar seguimiento a los convenios espec\u00edficos que se deriven de este instrumento.<\/p>\n<p style=\"text-align: justify;\">El convenio tendr\u00e1 vigencia hasta el 31 de diciembre de 2027, durante el periodo de la actual administraci\u00f3n municipal.<\/p>\n<p style=\"text-align: justify;\">Durante su intervenci\u00f3n, el presidente municipal Ray Chagoya destac\u00f3 que para su gobierno es fundamental que todas las personas sean atendidas con respeto, legalidad y responsabilidad, subrayando que una ciudad segura tambi\u00e9n es una ciudad donde se respetan plenamente los derechos humanos.<\/p>\n<p><img data-recalc-dims=\"1\" loading=\"lazy\" decoding=\"async\" data-attachment-id=\"40967\" data-permalink=\"https:\/\/redaccionoaxaca.com\/index.php\/2026\/03\/12\/respeto-a-los-derechos-humanos-prioridad-en-oaxaca-de-juarez-ray-chagoya\/img-20260312-wa0177\/\" data-orig-file=\"https:\/\/i0.wp.com\/redaccionoaxaca.com\/wp-content\/uploads\/2026\/03\/IMG-20260312-WA0177.jpg?fit=1280%2C854&amp;ssl=1\" data-orig-size=\"1280,854\" data-comments-opened=\"1\" data-image-meta=\"{&quot;aperture&quot;:&quot;0&quot;,&quot;credit&quot;:&quot;&quot;,&quot;camera&quot;:&quot;&quot;,&quot;caption&quot;:&quot;&quot;,&quot;created_timestamp&quot;:&quot;0&quot;,&quot;copyright&quot;:&quot;&quot;,&quot;focal_length&quot;:&quot;0&quot;,&quot;iso&quot;:&quot;0&quot;,&quot;shutter_speed&quot;:&quot;0&quot;,&quot;title&quot;:&quot;&quot;,&quot;orientation&quot;:&quot;0&quot;}\" data-image-title=\"IMG-20260312-WA0177\" data-image-description=\"\" data-image-caption=\"\" data-large-file=\"https:\/\/i0.wp.com\/redaccionoaxaca.com\/wp-content\/uploads\/2026\/03\/IMG-20260312-WA0177.jpg?fit=696%2C464&amp;ssl=1\" class=\"size-medium wp-image-40967 aligncenter\" src=\"https:\/\/i0.wp.com\/redaccionoaxaca.com\/wp-content\/uploads\/2026\/03\/IMG-20260312-WA0177.jpg?resize=300%2C200&#038;ssl=1\" alt=\"\" width=\"300\" height=\"200\" srcset=\"https:\/\/i0.wp.com\/redaccionoaxaca.com\/wp-content\/uploads\/2026\/03\/IMG-20260312-WA0177.jpg?resize=300%2C200&amp;ssl=1 300w, https:\/\/i0.wp.com\/redaccionoaxaca.com\/wp-content\/uploads\/2026\/03\/IMG-20260312-WA0177.jpg?resize=1024%2C683&amp;ssl=1 1024w, https:\/\/i0.wp.com\/redaccionoaxaca.com\/wp-content\/uploads\/2026\/03\/IMG-20260312-WA0177.jpg?resize=768%2C512&amp;ssl=1 768w, https:\/\/i0.wp.com\/redaccionoaxaca.com\/wp-content\/uploads\/2026\/03\/IMG-20260312-WA0177.jpg?resize=630%2C420&amp;ssl=1 630w, https:\/\/i0.wp.com\/redaccionoaxaca.com\/wp-content\/uploads\/2026\/03\/IMG-20260312-WA0177.jpg?resize=696%2C464&amp;ssl=1 696w, https:\/\/i0.wp.com\/redaccionoaxaca.com\/wp-content\/uploads\/2026\/03\/IMG-20260312-WA0177.jpg?resize=1068%2C713&amp;ssl=1 1068w, https:\/\/i0.wp.com\/redaccionoaxaca.com\/wp-content\/uploads\/2026\/03\/IMG-20260312-WA0177.jpg?w=1280&amp;ssl=1 1280w\" sizes=\"auto, (max-width: 300px) 100vw, 300px\" \/><\/p>\n<p style=\"text-align: justify;\">Con este acuerdo, el Gobierno Municipal de Oaxaca de Ju\u00e1rez reafirma su compromiso de fortalecer instituciones, mejorar la atenci\u00f3n a la ciudadan\u00eda y consolidar una ciudad m\u00e1s justa, incluyente y respetuosa de la dignidad de todas las personas.<\/p>\n<p><img data-recalc-dims=\"1\" loading=\"lazy\" decoding=\"async\" data-attachment-id=\"40968\" data-permalink=\"https:\/\/redaccionoaxaca.com\/index.php\/2026\/03\/12\/respeto-a-los-derechos-humanos-prioridad-en-oaxaca-de-juarez-ray-chagoya\/inshot_20260312_195708433\/\" data-orig-file=\"https:\/\/i0.wp.com\/redaccionoaxaca.com\/wp-content\/uploads\/2026\/03\/InShot_20260312_195708433.jpg?fit=1920%2C1920&amp;ssl=1\" data-orig-size=\"1920,1920\" data-comments-opened=\"1\" data-image-meta=\"{&quot;aperture&quot;:&quot;0&quot;,&quot;credit&quot;:&quot;&quot;,&quot;camera&quot;:&quot;&quot;,&quot;caption&quot;:&quot;&quot;,&quot;created_timestamp&quot;:&quot;0&quot;,&quot;copyright&quot;:&quot;&quot;,&quot;focal_length&quot;:&quot;0&quot;,&quot;iso&quot;:&quot;0&quot;,&quot;shutter_speed&quot;:&quot;0&quot;,&quot;title&quot;:&quot;&quot;,&quot;orientation&quot;:&quot;0&quot;}\" data-image-title=\"InShot_20260312_195708433\" data-image-description=\"\" data-image-caption=\"\" data-large-file=\"https:\/\/i0.wp.com\/redaccionoaxaca.com\/wp-content\/uploads\/2026\/03\/InShot_20260312_195708433.jpg?fit=696%2C696&amp;ssl=1\" class=\"size-medium wp-image-40968 aligncenter\" src=\"https:\/\/i0.wp.com\/redaccionoaxaca.com\/wp-content\/uploads\/2026\/03\/InShot_20260312_195708433.jpg?resize=300%2C300&#038;ssl=1\" alt=\"\" width=\"300\" height=\"300\" srcset=\"https:\/\/i0.wp.com\/redaccionoaxaca.com\/wp-content\/uploads\/2026\/03\/InShot_20260312_195708433.jpg?resize=300%2C300&amp;ssl=1 300w, https:\/\/i0.wp.com\/redaccionoaxaca.com\/wp-content\/uploads\/2026\/03\/InShot_20260312_195708433.jpg?resize=1024%2C1024&amp;ssl=1 1024w, https:\/\/i0.wp.com\/redaccionoaxaca.com\/wp-content\/uploads\/2026\/03\/InShot_20260312_195708433.jpg?resize=150%2C150&amp;ssl=1 150w, https:\/\/i0.wp.com\/redaccionoaxaca.com\/wp-content\/uploads\/2026\/03\/InShot_20260312_195708433.jpg?resize=768%2C768&amp;ssl=1 768w, https:\/\/i0.wp.com\/redaccionoaxaca.com\/wp-content\/uploads\/2026\/03\/InShot_20260312_195708433.jpg?resize=1536%2C1536&amp;ssl=1 1536w, https:\/\/i0.wp.com\/redaccionoaxaca.com\/wp-content\/uploads\/2026\/03\/InShot_20260312_195708433.jpg?resize=420%2C420&amp;ssl=1 420w, https:\/\/i0.wp.com\/redaccionoaxaca.com\/wp-content\/uploads\/2026\/03\/InShot_20260312_195708433.jpg?resize=696%2C696&amp;ssl=1 696w, https:\/\/i0.wp.com\/redaccionoaxaca.com\/wp-content\/uploads\/2026\/03\/InShot_20260312_195708433.jpg?resize=1068%2C1068&amp;ssl=1 1068w, https:\/\/i0.wp.com\/redaccionoaxaca.com\/wp-content\/uploads\/2026\/03\/InShot_20260312_195708433.jpg?w=1920&amp;ssl=1 1920w, https:\/\/i0.wp.com\/redaccionoaxaca.com\/wp-content\/uploads\/2026\/03\/InShot_20260312_195708433.jpg?w=1392&amp;ssl=1 1392w\" sizes=\"auto, (max-width: 300px) 100vw, 300px\" \/><\/p>\n","protected":false},"excerpt":{"rendered":"<p>#Redacci\u00f3nOaxaca #Oaxaca &#8211; El acuerdo permitir\u00e1 capacitar a personal municipal y reforzar pol\u00edticas p\u00fablicas con enfoque de derechos humanos Oaxaca de Ju\u00e1rez, Oax., 12 de marzo de 2026.\u2013 El Municipio de Oaxaca de Ju\u00e1rez y la Defensor\u00eda de los Derechos Humanos del Pueblo de Oaxaca firmaron un Convenio Marco de Colaboraci\u00f3n con el objetivo de [&hellip;]<\/p>\n","protected":false},"author":9,"featured_media":40965,"comment_status":"open","ping_status":"open","sticky":false,"template":"","format":"standard","meta":{"jetpack_post_was_ever_published":false,"_jetpack_newsletter_access":"","_jetpack_dont_email_post_to_subs":false,"_jetpack_newsletter_tier_id":0,"_jetpack_memberships_contains_paywalled_content":false,"_jetpack_memberships_contains_paid_content":false,"footnotes":"","jetpack_publicize_message":"","jetpack_publicize_feature_enabled":true,"jetpack_social_post_already_shared":true,"jetpack_social_options":{"image_generator_settings":{"template":"highway","default_image_id":0,"font":"","enabled":false},"version":2}},"categories":[4,5,6],"tags":[],"class_list":{"0":"post-40964","1":"post","2":"type-post","3":"status-publish","4":"format-standard","5":"has-post-thumbnail","7":"category-agenda-politica","8":"category-imagen","9":"category-tendencias"},"jetpack_publicize_connections":[],"jetpack_featured_media_url":"https:\/\/i0.wp.com\/redaccionoaxaca.com\/wp-content\/uploads\/2026\/03\/IMG-20260312-WA0171.jpg?fit=1280%2C854&ssl=1","jetpack_sharing_enabled":true,"jetpack_shortlink":"https:\/\/wp.me\/p9Ynjw-aEI","jetpack-related-posts":[{"id":37619,"url":"https:\/\/redaccionoaxaca.com\/index.php\/2025\/08\/04\/reconocen-35-anos-de-la-policia-municipal-de-oaxaca-de-juarez-con-acciones-historicas-de-fortalecimiento-institucional\/","url_meta":{"origin":40964,"position":0},"title":"Reconocen 35 a\u00f1os de la Polic\u00eda Municipal de Oaxaca de Ju\u00e1rez con acciones hist\u00f3ricas de fortalecimiento institucional","author":"ariadna","date":"agosto 4, 2025","format":false,"excerpt":"#RedaccionOaxaca La corporaci\u00f3n renueva equipo, incrementa su estado de fuerza y moderniza su capacidad operativa Oaxaca de Ju\u00e1rez, Oax., 4 de agosto de 2025.- Con motivo del 35 aniversario de la creaci\u00f3n de la Polic\u00eda Municipal de Oaxaca de Ju\u00e1rez, el presidente Ray Chagoya encabez\u00f3 la ceremonia conmemorativa donde se\u2026","rel":"","context":"En &quot;Imagen&quot;","block_context":{"text":"Imagen","link":"https:\/\/redaccionoaxaca.com\/index.php\/category\/imagen\/"},"img":{"alt_text":"","src":"https:\/\/i0.wp.com\/redaccionoaxaca.com\/wp-content\/uploads\/2025\/08\/WhatsApp-Image-2025-08-04-at-12.35.16-PM.jpeg?fit=1200%2C800&ssl=1&resize=350%2C200","width":350,"height":200,"srcset":"https:\/\/i0.wp.com\/redaccionoaxaca.com\/wp-content\/uploads\/2025\/08\/WhatsApp-Image-2025-08-04-at-12.35.16-PM.jpeg?fit=1200%2C800&ssl=1&resize=350%2C200 1x, https:\/\/i0.wp.com\/redaccionoaxaca.com\/wp-content\/uploads\/2025\/08\/WhatsApp-Image-2025-08-04-at-12.35.16-PM.jpeg?fit=1200%2C800&ssl=1&resize=525%2C300 1.5x, https:\/\/i0.wp.com\/redaccionoaxaca.com\/wp-content\/uploads\/2025\/08\/WhatsApp-Image-2025-08-04-at-12.35.16-PM.jpeg?fit=1200%2C800&ssl=1&resize=700%2C400 2x, https:\/\/i0.wp.com\/redaccionoaxaca.com\/wp-content\/uploads\/2025\/08\/WhatsApp-Image-2025-08-04-at-12.35.16-PM.jpeg?fit=1200%2C800&ssl=1&resize=1050%2C600 3x"},"classes":[]},{"id":33510,"url":"https:\/\/redaccionoaxaca.com\/index.php\/2024\/09\/23\/labor-de-inspectores-municipales-apegada-al-respeto-de-derechos-humanos\/","url_meta":{"origin":40964,"position":1},"title":"Labor de inspectores municipales, apegada al respeto de derechos humanos","author":"ariadna","date":"septiembre 23, 2024","format":false,"excerpt":"#Redacci\u00f3nOaxaca #Oaxaca - En el caso de las personas que no cuentan con el permiso correspondiente, la autoridad municipal, a trav\u00e9s del personal de inspectores, est\u00e1 facultada para realizar el aseguramiento de productos. Oaxaca de Ju\u00e1rez, Oaxaca, a 23 de septiembre de 2024.- Para contener los efectos negativos que genera\u2026","rel":"","context":"En &quot;Imagen&quot;","block_context":{"text":"Imagen","link":"https:\/\/redaccionoaxaca.com\/index.php\/category\/imagen\/"},"img":{"alt_text":"","src":"https:\/\/i0.wp.com\/redaccionoaxaca.com\/wp-content\/uploads\/2024\/09\/IMG-20240923-WA0247-300x271.jpg?resize=350%2C200&ssl=1","width":350,"height":200},"classes":[]},{"id":36142,"url":"https:\/\/redaccionoaxaca.com\/index.php\/2025\/03\/18\/defensoria-de-derechos-humanos-de-oaxaca-presenta-tres-iniciativas-de-ley-ante-el-congreso-del-estado\/","url_meta":{"origin":40964,"position":2},"title":"Defensor\u00eda de Derechos Humanos de Oaxaca presenta tres iniciativas de ley ante el Congreso del Estado","author":"ariadna","date":"marzo 18, 2025","format":false,"excerpt":"#Redacci\u00f3nOaxaca #Oaxaca La Defensora de los Derechos Humanos del Pueblo de Oaxaca, Mtra. Elizabeth Lara Rodr\u00edguez, present\u00f3 ante el presidente de la Junta de Coordinaci\u00f3n Pol\u00edtica (JUCOPO), Benjam\u00edn Viveros Montalvo, as\u00ed como ante diputadas y diputados de la Sexag\u00e9sima Sexta Legislatura del Congreso del Estado, tres iniciativas de ley orientadas\u2026","rel":"","context":"En &quot;Agenda Pol\u00edtica&quot;","block_context":{"text":"Agenda Pol\u00edtica","link":"https:\/\/redaccionoaxaca.com\/index.php\/category\/agenda-politica\/"},"img":{"alt_text":"","src":"https:\/\/i0.wp.com\/redaccionoaxaca.com\/wp-content\/uploads\/2025\/03\/IMG-20250318-WA0242-300x200.jpg?resize=350%2C200&ssl=1","width":350,"height":200},"classes":[]},{"id":5942,"url":"https:\/\/redaccionoaxaca.com\/index.php\/2019\/03\/26\/prioridad-de-ddhpo-debe-ser-la-prevencion-divulgacion-de-dh-e-intensificar-interlocucion-con-poderes-publicos-y-ayuntamientos\/","url_meta":{"origin":40964,"position":3},"title":"Prioridad de DDHPO debe ser la prevenci\u00f3n, divulgaci\u00f3n de DH  e intensificar interlocuci\u00f3n con Poderes P\u00fablicos y Ayuntamientos.","author":"jaime","date":"marzo 26, 2019","format":false,"excerpt":"#Redacci\u00f3nOaxaca #Oaxaca Jaime GUERRERO Tras destacar la evoluci\u00f3n y reconocimiento de los Derechos Humanos, como resultado del trabajo responsable y cotidiano de las organizaciones de la sociedad civil, de pueblos, comunidades y personas, unidas por la convicci\u00f3n de transformar a la sociedad en t\u00e9rminos de igualdad justicia y paz, el\u2026","rel":"","context":"Entrada similar ","block_context":{"text":"Entrada similar ","link":""},"img":{"alt_text":"","src":"","width":0,"height":0},"classes":[]},{"id":39384,"url":"https:\/\/redaccionoaxaca.com\/index.php\/2025\/12\/07\/municipio-de-oaxaca-de-juarez-refuerza-la-seguridad-con-entrega-de-patrullas\/","url_meta":{"origin":40964,"position":4},"title":"Municipio de Oaxaca de Ju\u00e1rez refuerza la seguridad con entrega de patrullas","author":"ariadna","date":"diciembre 7, 2025","format":false,"excerpt":"#Redacci\u00f3nOaxaca #Oaxaca * Inversi\u00f3n hist\u00f3rica fortalece la capacidad operativa y la presencia preventiva en la capital Oaxaca de Ju\u00e1rez, Oax., 7 de diciembre de 2025.\u2014Junto al gobernador Salom\u00f3n Jara Cruz, el presidente municipal Ray Chagoya encabez\u00f3 la entrega de nuevas patrullas para fortalecer la seguridad p\u00fablica en la capital, como\u2026","rel":"","context":"En &quot;Agenda Pol\u00edtica&quot;","block_context":{"text":"Agenda Pol\u00edtica","link":"https:\/\/redaccionoaxaca.com\/index.php\/category\/agenda-politica\/"},"img":{"alt_text":"","src":"https:\/\/i0.wp.com\/redaccionoaxaca.com\/wp-content\/uploads\/2025\/12\/IMG-20251207-WA0026.jpg?fit=1200%2C799&ssl=1&resize=350%2C200","width":350,"height":200,"srcset":"https:\/\/i0.wp.com\/redaccionoaxaca.com\/wp-content\/uploads\/2025\/12\/IMG-20251207-WA0026.jpg?fit=1200%2C799&ssl=1&resize=350%2C200 1x, https:\/\/i0.wp.com\/redaccionoaxaca.com\/wp-content\/uploads\/2025\/12\/IMG-20251207-WA0026.jpg?fit=1200%2C799&ssl=1&resize=525%2C300 1.5x, https:\/\/i0.wp.com\/redaccionoaxaca.com\/wp-content\/uploads\/2025\/12\/IMG-20251207-WA0026.jpg?fit=1200%2C799&ssl=1&resize=700%2C400 2x, https:\/\/i0.wp.com\/redaccionoaxaca.com\/wp-content\/uploads\/2025\/12\/IMG-20251207-WA0026.jpg?fit=1200%2C799&ssl=1&resize=1050%2C600 3x"},"classes":[]},{"id":40154,"url":"https:\/\/redaccionoaxaca.com\/index.php\/2026\/01\/25\/ray-chagoya-llama-a-participar-y-refrenda-jornada-en-calma-en-oaxaca-de-juarez\/","url_meta":{"origin":40964,"position":5},"title":"Ray Chagoya llama a participar y refrenda jornada en calma en Oaxaca de Ju\u00e1rez","author":"ariadna","date":"enero 25, 2026","format":false,"excerpt":"#Redacci\u00f3nOaxaca #Oaxaca * El presidente municipal emiti\u00f3 su voto e inform\u00f3 que el proceso se desarrolla con normalidad y condiciones de seguridad en la ciudad Oaxaca de Ju\u00e1rez, Oax., 25 de enero de 2026.- El presidente municipal de Oaxaca de Ju\u00e1rez, Ray Chagoya, emiti\u00f3 su voto este domingo en el\u2026","rel":"","context":"En &quot;Agenda Pol\u00edtica&quot;","block_context":{"text":"Agenda Pol\u00edtica","link":"https:\/\/redaccionoaxaca.com\/index.php\/category\/agenda-politica\/"},"img":{"alt_text":"","src":"https:\/\/i0.wp.com\/redaccionoaxaca.com\/wp-content\/uploads\/2026\/01\/IMG-20260125-WA0038.jpg?fit=1200%2C803&ssl=1&resize=350%2C200","width":350,"height":200,"srcset":"https:\/\/i0.wp.com\/redaccionoaxaca.com\/wp-content\/uploads\/2026\/01\/IMG-20260125-WA0038.jpg?fit=1200%2C803&ssl=1&resize=350%2C200 1x, https:\/\/i0.wp.com\/redaccionoaxaca.com\/wp-content\/uploads\/2026\/01\/IMG-20260125-WA0038.jpg?fit=1200%2C803&ssl=1&resize=525%2C300 1.5x, https:\/\/i0.wp.com\/redaccionoaxaca.com\/wp-content\/uploads\/2026\/01\/IMG-20260125-WA0038.jpg?fit=1200%2C803&ssl=1&resize=700%2C400 2x, https:\/\/i0.wp.com\/redaccionoaxaca.com\/wp-content\/uploads\/2026\/01\/IMG-20260125-WA0038.jpg?fit=1200%2C803&ssl=1&resize=1050%2C600 3x"},"classes":[]}],"_links":{"self":[{"href":"https:\/\/redaccionoaxaca.com\/index.php\/wp-json\/wp\/v2\/posts\/40964","targetHints":{"allow":["GET"]}}],"collection":[{"href":"https:\/\/redaccionoaxaca.com\/index.php\/wp-json\/wp\/v2\/posts"}],"about":[{"href":"https:\/\/redaccionoaxaca.com\/index.php\/wp-json\/wp\/v2\/types\/post"}],"author":[{"embeddable":true,"href":"https:\/\/redaccionoaxaca.com\/index.php\/wp-json\/wp\/v2\/users\/9"}],"replies":[{"embeddable":true,"href":"https:\/\/redaccionoaxaca.com\/index.php\/wp-json\/wp\/v2\/comments?post=40964"}],"version-history":[{"count":1,"href":"https:\/\/redaccionoaxaca.com\/index.php\/wp-json\/wp\/v2\/posts\/40964\/revisions"}],"predecessor-version":[{"id":40969,"href":"https:\/\/redaccionoaxaca.com\/index.php\/wp-json\/wp\/v2\/posts\/40964\/revisions\/40969"}],"wp:featuredmedia":[{"embeddable":true,"href":"https:\/\/redaccionoaxaca.com\/index.php\/wp-json\/wp\/v2\/media\/40965"}],"wp:attachment":[{"href":"https:\/\/redaccionoaxaca.com\/index.php\/wp-json\/wp\/v2\/media?parent=40964"}],"wp:term":[{"taxonomy":"category","embeddable":true,"href":"https:\/\/redaccionoaxaca.com\/index.php\/wp-json\/wp\/v2\/categories?post=40964"},{"taxonomy":"post_tag","embeddable":true,"href":"https:\/\/redaccionoaxaca.com\/index.php\/wp-json\/wp\/v2\/tags?post=40964"}],"curies":[{"name":"wp","href":"https:\/\/api.w.org\/{rel}","templated":true}]}}