{"id":40970,"date":"2026-03-13T08:11:54","date_gmt":"2026-03-13T14:11:54","guid":{"rendered":"https:\/\/redaccionoaxaca.com\/?p=40970"},"modified":"2026-03-13T08:11:54","modified_gmt":"2026-03-13T14:11:54","slug":"acuerdos-de-mantenimiento-y-pavimentacion-ponen-fin-al-bloqueo-de-cuatro-dias-en-la-autopista-barranca-larga-ventanilla","status":"publish","type":"post","link":"https:\/\/redaccionoaxaca.com\/index.php\/2026\/03\/13\/acuerdos-de-mantenimiento-y-pavimentacion-ponen-fin-al-bloqueo-de-cuatro-dias-en-la-autopista-barranca-larga-ventanilla\/","title":{"rendered":"Acuerdos de mantenimiento y pavimentaci\u00f3n ponen fin al bloqueo de cuatro d\u00edas en la autopista Barranca Larga\u2013Ventanilla"},"content":{"rendered":"<p><strong>#Redacci\u00f3nOaxaca<\/strong><\/p>\n<p><strong>#Oaxaca<\/strong><\/p>\n<p><strong>#JaimeGUERRERO<\/strong><\/p>\n<p style=\"text-align: justify;\">La autopista Barranca Larga\u2013Ventanilla y la Plaza de Cobro Ventanilla quedaron liberadas este jueves luego de que el gobierno estatal, federal y representantes de Santa Mar\u00eda Colotepec alcanzaron acuerdos de mantenimiento y pavimentaci\u00f3n carretera.<\/p>\n<p style=\"text-align: justify;\">La mesa de di\u00e1logo encabezada por el Secretario de Gobierno, Jes\u00fas Romero L\u00f3pez y Esteban S\u00e1nchez Jacinto, subdirector de Obras del Centro SICT Oaxaca, en representaci\u00f3n de la Secretar\u00eda de Infraestructura, Comunicaciones y Transportes.<\/p>\n<p><img data-recalc-dims=\"1\" loading=\"lazy\" decoding=\"async\" data-attachment-id=\"40972\" data-permalink=\"https:\/\/redaccionoaxaca.com\/index.php\/2026\/03\/13\/acuerdos-de-mantenimiento-y-pavimentacion-ponen-fin-al-bloqueo-de-cuatro-dias-en-la-autopista-barranca-larga-ventanilla\/img-20260312-wa0264\/\" data-orig-file=\"https:\/\/i0.wp.com\/redaccionoaxaca.com\/wp-content\/uploads\/2026\/03\/IMG-20260312-WA0264.jpg?fit=1280%2C960&amp;ssl=1\" data-orig-size=\"1280,960\" data-comments-opened=\"1\" data-image-meta=\"{&quot;aperture&quot;:&quot;0&quot;,&quot;credit&quot;:&quot;&quot;,&quot;camera&quot;:&quot;&quot;,&quot;caption&quot;:&quot;&quot;,&quot;created_timestamp&quot;:&quot;0&quot;,&quot;copyright&quot;:&quot;&quot;,&quot;focal_length&quot;:&quot;0&quot;,&quot;iso&quot;:&quot;0&quot;,&quot;shutter_speed&quot;:&quot;0&quot;,&quot;title&quot;:&quot;&quot;,&quot;orientation&quot;:&quot;0&quot;}\" data-image-title=\"IMG-20260312-WA0264\" data-image-description=\"\" data-image-caption=\"\" data-large-file=\"https:\/\/i0.wp.com\/redaccionoaxaca.com\/wp-content\/uploads\/2026\/03\/IMG-20260312-WA0264.jpg?fit=696%2C522&amp;ssl=1\" class=\"size-medium wp-image-40972 aligncenter\" src=\"https:\/\/i0.wp.com\/redaccionoaxaca.com\/wp-content\/uploads\/2026\/03\/IMG-20260312-WA0264.jpg?resize=300%2C225&#038;ssl=1\" alt=\"\" width=\"300\" height=\"225\" srcset=\"https:\/\/i0.wp.com\/redaccionoaxaca.com\/wp-content\/uploads\/2026\/03\/IMG-20260312-WA0264.jpg?resize=300%2C225&amp;ssl=1 300w, https:\/\/i0.wp.com\/redaccionoaxaca.com\/wp-content\/uploads\/2026\/03\/IMG-20260312-WA0264.jpg?resize=1024%2C768&amp;ssl=1 1024w, https:\/\/i0.wp.com\/redaccionoaxaca.com\/wp-content\/uploads\/2026\/03\/IMG-20260312-WA0264.jpg?resize=768%2C576&amp;ssl=1 768w, https:\/\/i0.wp.com\/redaccionoaxaca.com\/wp-content\/uploads\/2026\/03\/IMG-20260312-WA0264.jpg?resize=560%2C420&amp;ssl=1 560w, https:\/\/i0.wp.com\/redaccionoaxaca.com\/wp-content\/uploads\/2026\/03\/IMG-20260312-WA0264.jpg?resize=80%2C60&amp;ssl=1 80w, https:\/\/i0.wp.com\/redaccionoaxaca.com\/wp-content\/uploads\/2026\/03\/IMG-20260312-WA0264.jpg?resize=696%2C522&amp;ssl=1 696w, https:\/\/i0.wp.com\/redaccionoaxaca.com\/wp-content\/uploads\/2026\/03\/IMG-20260312-WA0264.jpg?resize=1068%2C801&amp;ssl=1 1068w, https:\/\/i0.wp.com\/redaccionoaxaca.com\/wp-content\/uploads\/2026\/03\/IMG-20260312-WA0264.jpg?resize=265%2C198&amp;ssl=1 265w, https:\/\/i0.wp.com\/redaccionoaxaca.com\/wp-content\/uploads\/2026\/03\/IMG-20260312-WA0264.jpg?w=1280&amp;ssl=1 1280w\" sizes=\"auto, (max-width: 300px) 100vw, 300px\" \/><\/p>\n<p style=\"text-align: justify;\">Las comunidades del municipio hab\u00edan instalado el cierre total en la caseta de cobro el pasado lunes, tras un acuerdo en Asamblea General en el que participaron delegados municipales, el gobierno municipal y el Comisariado de Bienes Comunales, ante lo que calificaron como incumplimiento de compromisos por parte de las autoridades.<\/p>\n<p style=\"text-align: justify;\">Entre las principales exigencias figuraban el incumplimiento de acuerdos por parte de Caminos y Puentes Federales (CAPUFE), en particular la negativa a aceptar la carta de residencia para que los habitantes de los municipios atravesados por la v\u00eda transiten sin pagar peaje, as\u00ed como el mal estado de la supercarretera y la falta de pavimentaci\u00f3n en los caminos laterales.<\/p>\n<p style=\"text-align: justify;\">Durante el tercer d\u00eda de bloqueo, comuneros llegaron a retener a dos funcionarios federales y rechazaron una propuesta de la SICT que inclu\u00eda mantenimiento a la autopista y el estudio de un puente sobre el arroyo Piedras Negras, al considerar que no garantizaba el inicio inmediato de las obras.<\/p>\n<p style=\"text-align: justify;\">Fue hasta este jueves cuando Romero L\u00f3pez se traslad\u00f3 personalmente a Santa Mar\u00eda Colotepec para presidir una nueva mesa de negociaci\u00f3n \u2014la cuarta desde el inicio del bloqueo.<\/p>\n<p style=\"text-align: justify;\">En el encuentro participaron S\u00e1nchez Jacinto, subdirector de Obras del Centro SICT Oaxaca, en representaci\u00f3n de la Secretar\u00eda de Infraestructura, Comunicaciones y Transportes, y Jos\u00e9 Carlos Fuentes, delegado de la Secretar\u00eda de Gobernaci\u00f3n, adem\u00e1s de autoridades municipales y representantes de los grupos movilizados.<\/p>\n<p style=\"text-align: justify;\">Los acuerdos alcanzados contemplan acciones de gesti\u00f3n, mantenimiento y pavimentaci\u00f3n orientadas a mejorar las condiciones de conectividad y movilidad en beneficio del municipio y sus comunidades.<\/p>\n<p style=\"text-align: justify;\">Autoridades y representantes comunitarios coincidieron en privilegiar el di\u00e1logo y la coordinaci\u00f3n institucional para dar cauce a las demandas planteadas.<\/p>\n<p style=\"text-align: justify;\">La autopista Barranca Larga\u2013Ventanilla fue inaugurada en 2024 por el expresidente L\u00f3pez Obrador y redujo el tiempo de traslado entre la capital oaxaque\u00f1a y Puerto Escondido de 6.5 a apenas 2.5 horas.<\/p>\n<p style=\"text-align: justify;\">El cierre total de la v\u00eda durante cuatro d\u00edas afect\u00f3 el tr\u00e1nsito de veh\u00edculos particulares, transporte de carga y turismo hacia la Costa del Pac\u00edfico.<\/p>\n<p style=\"text-align: justify;\">Con el restablecimiento de la circulaci\u00f3n vehicular, las autoridades reiteraron su disposici\u00f3n de dar seguimiento puntual a los acuerdos establecidos y avanzar en la atenci\u00f3n de las necesidades de infraestructura de esta zona de la Costa de Oaxaca.<\/p>\n","protected":false},"excerpt":{"rendered":"<p>#Redacci\u00f3nOaxaca #Oaxaca #JaimeGUERRERO La autopista Barranca Larga\u2013Ventanilla y la Plaza de Cobro Ventanilla quedaron liberadas este jueves luego de que el gobierno estatal, federal y representantes de Santa Mar\u00eda Colotepec alcanzaron acuerdos de mantenimiento y pavimentaci\u00f3n carretera. La mesa de di\u00e1logo encabezada por el Secretario de Gobierno, Jes\u00fas Romero L\u00f3pez y Esteban S\u00e1nchez Jacinto, subdirector [&hellip;]<\/p>\n","protected":false},"author":9,"featured_media":40971,"comment_status":"open","ping_status":"open","sticky":false,"template":"","format":"standard","meta":{"jetpack_post_was_ever_published":false,"_jetpack_newsletter_access":"","_jetpack_dont_email_post_to_subs":false,"_jetpack_newsletter_tier_id":0,"_jetpack_memberships_contains_paywalled_content":false,"_jetpack_memberships_contains_paid_content":false,"footnotes":"","jetpack_publicize_message":"","jetpack_publicize_feature_enabled":true,"jetpack_social_post_already_shared":true,"jetpack_social_options":{"image_generator_settings":{"template":"highway","default_image_id":0,"font":"","enabled":false},"version":2}},"categories":[4,3,6],"tags":[],"class_list":{"0":"post-40970","1":"post","2":"type-post","3":"status-publish","4":"format-standard","5":"has-post-thumbnail","7":"category-agenda-politica","8":"category-mesa-de-redaccion","9":"category-tendencias"},"jetpack_publicize_connections":[],"jetpack_featured_media_url":"https:\/\/i0.wp.com\/redaccionoaxaca.com\/wp-content\/uploads\/2026\/03\/IMG-20260312-WA0263.jpg?fit=1600%2C1200&ssl=1","jetpack_sharing_enabled":true,"jetpack_shortlink":"https:\/\/wp.me\/p9Ynjw-aEO","jetpack-related-posts":[{"id":36270,"url":"https:\/\/redaccionoaxaca.com\/index.php\/2025\/03\/25\/ante-mala-operatividad-piden-a-sict-regular-peaje-de-la-autopista-barranca-larga-ventanilla\/","url_meta":{"origin":40970,"position":0},"title":"Ante mala operatividad, piden a SICT, regular peaje de la autopista Barranca Larga-Ventanilla","author":"ariadna","date":"marzo 25, 2025","format":false,"excerpt":"#Redacci\u00f3nOaxaca #Oaxaca Jaime GUERRERO La diputada de Morena Elisa Zepeda Lagunas, pidi\u00f3 a la Secretar\u00eda de Infraestructura, Comunicaciones y Transportes del Gobierno de M\u00e9xico, para que, regule de manera adecuada el peaje de la autopista Barranca Larga-Ventanilla. Asimismo, acelere el registro al esquema de residentes y realice de manera oportuna\u2026","rel":"","context":"En &quot;Imagen&quot;","block_context":{"text":"Imagen","link":"https:\/\/redaccionoaxaca.com\/index.php\/category\/imagen\/"},"img":{"alt_text":"","src":"","width":0,"height":0},"classes":[]},{"id":40892,"url":"https:\/\/redaccionoaxaca.com\/index.php\/2026\/03\/09\/bloquean-comunidades-la-supercarretera-barranca-larga-ventanilla-capufe-reporta-cierre-total\/","url_meta":{"origin":40970,"position":1},"title":"Bloquean comunidades la supercarretera Barranca Larga\u2013Ventanilla; CAPUFE reporta cierre total","author":"ariadna","date":"marzo 9, 2026","format":false,"excerpt":"#Redacci\u00f3nOaxaca #Oaxaca La autopista Barranca Larga\u2013Ventanilla fue cerrada totalmente a la circulaci\u00f3n la ma\u00f1ana de este lunes, luego de que habitantes de 72 comunidades de Santa Mar\u00eda Colotepec iniciaran un bloqueo en protesta contra Caminos y Puentes Federales (CAPUFE). De acuerdo con el aviso emitido por CAPUFE, el cierre se\u2026","rel":"","context":"En &quot;Agenda Pol\u00edtica&quot;","block_context":{"text":"Agenda Pol\u00edtica","link":"https:\/\/redaccionoaxaca.com\/index.php\/category\/agenda-politica\/"},"img":{"alt_text":"","src":"https:\/\/i0.wp.com\/redaccionoaxaca.com\/wp-content\/uploads\/2026\/03\/InShot_20260309_080409714.jpg?fit=1200%2C601&ssl=1&resize=350%2C200","width":350,"height":200,"srcset":"https:\/\/i0.wp.com\/redaccionoaxaca.com\/wp-content\/uploads\/2026\/03\/InShot_20260309_080409714.jpg?fit=1200%2C601&ssl=1&resize=350%2C200 1x, https:\/\/i0.wp.com\/redaccionoaxaca.com\/wp-content\/uploads\/2026\/03\/InShot_20260309_080409714.jpg?fit=1200%2C601&ssl=1&resize=525%2C300 1.5x, https:\/\/i0.wp.com\/redaccionoaxaca.com\/wp-content\/uploads\/2026\/03\/InShot_20260309_080409714.jpg?fit=1200%2C601&ssl=1&resize=700%2C400 2x, https:\/\/i0.wp.com\/redaccionoaxaca.com\/wp-content\/uploads\/2026\/03\/InShot_20260309_080409714.jpg?fit=1200%2C601&ssl=1&resize=1050%2C600 3x"},"classes":[]},{"id":36153,"url":"https:\/\/redaccionoaxaca.com\/index.php\/2025\/03\/19\/pobladores-de-coatlanes-oaxaca-se-apoderan-de-caseta-barranca-larga-ventanilla-y-liberan-paso-exigen-no-cobro\/","url_meta":{"origin":40970,"position":2},"title":"Pobladores de Coatlanes, Oaxaca se apoderan de caseta Barranca Larga-Ventanilla y liberan paso; exigen NO cobro","author":"ariadna","date":"marzo 19, 2025","format":false,"excerpt":"#Redacci\u00f3nOaxaca #Oaxaca Jaime GUERRERO Pobladores de cuatro municipios de zona de Coatl\u00e1n, Miahuatl\u00e1n se apoderan de casetas de Caminos y Puentes Federales (Capufe) para liberar el paso en autopista Barranca Larga-Ventanilla, #Oaxaca. Exigen que NO les cobren el peaje. Habitantes de San Vicente Coatl\u00e1n, San Pablo Coatl\u00e1n, San Jer\u00f3nimo Coatl\u00e1n\u2026","rel":"","context":"En &quot;Agenda Pol\u00edtica&quot;","block_context":{"text":"Agenda Pol\u00edtica","link":"https:\/\/redaccionoaxaca.com\/index.php\/category\/agenda-politica\/"},"img":{"alt_text":"","src":"","width":0,"height":0},"classes":[]},{"id":41018,"url":"https:\/\/redaccionoaxaca.com\/index.php\/2026\/03\/16\/gobierno-presenta-5-denuncias-por-cobrar-ilegalmente-hasta-400-pesos-en-tomas-de-caseta-de-barranca-larga-ventanilla\/","url_meta":{"origin":40970,"position":3},"title":"Gobierno presenta 5 denuncias por cobrar ilegalmente hasta 400 pesos en tomas de caseta de Barranca Larga\u2013Ventanilla","author":"ariadna","date":"marzo 16, 2026","format":false,"excerpt":"#Redacci\u00f3nOaxaca #Oaxaca #JaimeGUERRERO El gobierno federal interpuso cinco denuncias penales contra integrantes de organizaciones sociales que bloquearon las casetas de la autopista Barranca Larga\u2013Ventanilla y cobraron a los automovilistas hasta 400 pesos por permitirles el paso \u2014por encima del costo oficial de peaje\u2014, inform\u00f3 el secretario de Gobierno, Jes\u00fas Romero\u2026","rel":"","context":"En &quot;Al Cierre&quot;","block_context":{"text":"Al Cierre","link":"https:\/\/redaccionoaxaca.com\/index.php\/category\/al-cierre\/"},"img":{"alt_text":"","src":"https:\/\/i0.wp.com\/redaccionoaxaca.com\/wp-content\/uploads\/2026\/03\/images-53.jpeg?fit=772%2C397&ssl=1&resize=350%2C200","width":350,"height":200,"srcset":"https:\/\/i0.wp.com\/redaccionoaxaca.com\/wp-content\/uploads\/2026\/03\/images-53.jpeg?fit=772%2C397&ssl=1&resize=350%2C200 1x, https:\/\/i0.wp.com\/redaccionoaxaca.com\/wp-content\/uploads\/2026\/03\/images-53.jpeg?fit=772%2C397&ssl=1&resize=525%2C300 1.5x, https:\/\/i0.wp.com\/redaccionoaxaca.com\/wp-content\/uploads\/2026\/03\/images-53.jpeg?fit=772%2C397&ssl=1&resize=700%2C400 2x"},"classes":[]},{"id":36650,"url":"https:\/\/redaccionoaxaca.com\/index.php\/2025\/04\/26\/congreso-exhorta-a-capufe-mantenimiento-ajuste-de-peaje-y-acelerar-registro-al-esquema-de-residentes-en-barranca-larga-ventanilla\/","url_meta":{"origin":40970,"position":4},"title":"Congreso exhorta a Capufe mantenimiento, ajuste de peaje y acelerar registro al esquema de residentes en Barranca Larga-Ventanilla","author":"ariadna","date":"abril 26, 2025","format":false,"excerpt":"#Redacci\u00f3nOaxaca #Oaxaca * Las diputadas promoventes consideraron importante mantener en buenas condiciones el sistema carretero de Oaxaca, pues es indispensable para la econom\u00eda, desarrollo y movilidad de la entidad San Raymundo Jalpan, Oax., a 26 de abril de 2025.- La LXVI Legislatura del Congreso de Oaxaca hizo un llamado a\u2026","rel":"","context":"En &quot;Agenda Pol\u00edtica&quot;","block_context":{"text":"Agenda Pol\u00edtica","link":"https:\/\/redaccionoaxaca.com\/index.php\/category\/agenda-politica\/"},"img":{"alt_text":"","src":"https:\/\/i0.wp.com\/redaccionoaxaca.com\/wp-content\/uploads\/2025\/04\/Screenshot_20250426_122745_Facebook-300x207.jpg?resize=350%2C200&ssl=1","width":350,"height":200},"classes":[]},{"id":40830,"url":"https:\/\/redaccionoaxaca.com\/index.php\/2026\/03\/04\/congreso-local-exhorta-a-diversas-autoridades-a-garantizar-el-transito-seguro-en-la-autopista-barranca-larga-ventanilla\/","url_meta":{"origin":40970,"position":5},"title":"Congreso local exhorta a diversas autoridades a garantizar el tr\u00e1nsito seguro en la autopista Barranca Larga\u2013Ventanilla","author":"ariadna","date":"marzo 4, 2026","format":false,"excerpt":"#Redacci\u00f3nOaxaca #Oaxaca * Se busca garantizar una movilidad eficiente y vialidades en \u00f3ptimas condiciones San Raymundo Jalpan, Oax., a 04 de marzo de 2026.- Con el objetivo de garantizar el tr\u00e1nsito seguro de conductores y pasajeros, en Sesi\u00f3n Ordinaria las y los diputados de la Comisi\u00f3n Permanente de Infraestructura y\u2026","rel":"","context":"En &quot;Agenda Pol\u00edtica&quot;","block_context":{"text":"Agenda Pol\u00edtica","link":"https:\/\/redaccionoaxaca.com\/index.php\/category\/agenda-politica\/"},"img":{"alt_text":"","src":"https:\/\/i0.wp.com\/redaccionoaxaca.com\/wp-content\/uploads\/2026\/03\/Screenshot_20260304_193047_Facebook-scaled.jpg?fit=1200%2C808&ssl=1&resize=350%2C200","width":350,"height":200,"srcset":"https:\/\/i0.wp.com\/redaccionoaxaca.com\/wp-content\/uploads\/2026\/03\/Screenshot_20260304_193047_Facebook-scaled.jpg?fit=1200%2C808&ssl=1&resize=350%2C200 1x, https:\/\/i0.wp.com\/redaccionoaxaca.com\/wp-content\/uploads\/2026\/03\/Screenshot_20260304_193047_Facebook-scaled.jpg?fit=1200%2C808&ssl=1&resize=525%2C300 1.5x, https:\/\/i0.wp.com\/redaccionoaxaca.com\/wp-content\/uploads\/2026\/03\/Screenshot_20260304_193047_Facebook-scaled.jpg?fit=1200%2C808&ssl=1&resize=700%2C400 2x, https:\/\/i0.wp.com\/redaccionoaxaca.com\/wp-content\/uploads\/2026\/03\/Screenshot_20260304_193047_Facebook-scaled.jpg?fit=1200%2C808&ssl=1&resize=1050%2C600 3x"},"classes":[]}],"_links":{"self":[{"href":"https:\/\/redaccionoaxaca.com\/index.php\/wp-json\/wp\/v2\/posts\/40970","targetHints":{"allow":["GET"]}}],"collection":[{"href":"https:\/\/redaccionoaxaca.com\/index.php\/wp-json\/wp\/v2\/posts"}],"about":[{"href":"https:\/\/redaccionoaxaca.com\/index.php\/wp-json\/wp\/v2\/types\/post"}],"author":[{"embeddable":true,"href":"https:\/\/redaccionoaxaca.com\/index.php\/wp-json\/wp\/v2\/users\/9"}],"replies":[{"embeddable":true,"href":"https:\/\/redaccionoaxaca.com\/index.php\/wp-json\/wp\/v2\/comments?post=40970"}],"version-history":[{"count":1,"href":"https:\/\/redaccionoaxaca.com\/index.php\/wp-json\/wp\/v2\/posts\/40970\/revisions"}],"predecessor-version":[{"id":40973,"href":"https:\/\/redaccionoaxaca.com\/index.php\/wp-json\/wp\/v2\/posts\/40970\/revisions\/40973"}],"wp:featuredmedia":[{"embeddable":true,"href":"https:\/\/redaccionoaxaca.com\/index.php\/wp-json\/wp\/v2\/media\/40971"}],"wp:attachment":[{"href":"https:\/\/redaccionoaxaca.com\/index.php\/wp-json\/wp\/v2\/media?parent=40970"}],"wp:term":[{"taxonomy":"category","embeddable":true,"href":"https:\/\/redaccionoaxaca.com\/index.php\/wp-json\/wp\/v2\/categories?post=40970"},{"taxonomy":"post_tag","embeddable":true,"href":"https:\/\/redaccionoaxaca.com\/index.php\/wp-json\/wp\/v2\/tags?post=40970"}],"curies":[{"name":"wp","href":"https:\/\/api.w.org\/{rel}","templated":true}]}}