{"id":40974,"date":"2026-03-13T09:04:31","date_gmt":"2026-03-13T15:04:31","guid":{"rendered":"https:\/\/redaccionoaxaca.com\/?p=40974"},"modified":"2026-03-13T09:04:31","modified_gmt":"2026-03-13T15:04:31","slug":"localizan-sin-vida-a-un-hombre-en-barranca-de-60-metros-en-santa-lucia-miahuatlan","status":"publish","type":"post","link":"https:\/\/redaccionoaxaca.com\/index.php\/2026\/03\/13\/localizan-sin-vida-a-un-hombre-en-barranca-de-60-metros-en-santa-lucia-miahuatlan\/","title":{"rendered":"Localizan sin vida a un hombre en barranca de 60 metros en Santa Luc\u00eda Miahuatl\u00e1n"},"content":{"rendered":"<p><strong>#Redacci\u00f3nOaxaca<\/strong><\/p>\n<p><strong>#Oaxaca<\/strong><\/p>\n<p style=\"text-align: justify;\">La tarde de este jueves, personal del Heroico Cuerpo de Bomberos de Oaxaca realiz\u00f3 el rescate del cuerpo sin vida de un hombre que fue localizado en el fondo de una barranca de aproximadamente 60 metros de profundidad en la regi\u00f3n de la Sierra Sur.<\/p>\n<p style=\"text-align: justify;\">De acuerdo con el reporte de la corporaci\u00f3n, el servicio se atendi\u00f3 tras una llamada de emergencia que alert\u00f3 sobre una persona en una zona agreste, por lo que los elementos se trasladaron a la poblaci\u00f3n de Santa Luc\u00eda Miahuatl\u00e1n, en inmediaciones de la agencia La Chinilla.<\/p>\n<p style=\"text-align: justify;\">En el lugar, los bomberos realizaron maniobras de descenso y rescate en la barranca, donde localizaron a un hombre que ya no contaba con signos vitales.<\/p>\n<p style=\"text-align: justify;\">Tras recuperar el cuerpo, se dio parte a las autoridades correspondientes para realizar las diligencias de ley y determinar las causas del fallecimiento.<\/p>\n<p><img data-recalc-dims=\"1\" loading=\"lazy\" decoding=\"async\" data-attachment-id=\"40975\" data-permalink=\"https:\/\/redaccionoaxaca.com\/index.php\/2026\/03\/13\/localizan-sin-vida-a-un-hombre-en-barranca-de-60-metros-en-santa-lucia-miahuatlan\/screenshot\/\" data-orig-file=\"https:\/\/i0.wp.com\/redaccionoaxaca.com\/wp-content\/uploads\/2026\/03\/FB_IMG_1773413654636.jpg?fit=1061%2C1565&amp;ssl=1\" data-orig-size=\"1061,1565\" data-comments-opened=\"1\" data-image-meta=\"{&quot;aperture&quot;:&quot;0&quot;,&quot;credit&quot;:&quot;&quot;,&quot;camera&quot;:&quot;&quot;,&quot;caption&quot;:&quot;Screenshot&quot;,&quot;created_timestamp&quot;:&quot;0&quot;,&quot;copyright&quot;:&quot;&quot;,&quot;focal_length&quot;:&quot;0&quot;,&quot;iso&quot;:&quot;0&quot;,&quot;shutter_speed&quot;:&quot;0&quot;,&quot;title&quot;:&quot;Screenshot&quot;,&quot;orientation&quot;:&quot;0&quot;}\" data-image-title=\"Screenshot\" data-image-description=\"\" data-image-caption=\"&lt;p&gt;Screenshot&lt;\/p&gt;\n\" data-large-file=\"https:\/\/i0.wp.com\/redaccionoaxaca.com\/wp-content\/uploads\/2026\/03\/FB_IMG_1773413654636.jpg?fit=694%2C1024&amp;ssl=1\" class=\"size-medium wp-image-40975\" src=\"https:\/\/i0.wp.com\/redaccionoaxaca.com\/wp-content\/uploads\/2026\/03\/FB_IMG_1773413654636.jpg?resize=203%2C300&#038;ssl=1\" alt=\"\" width=\"203\" height=\"300\" srcset=\"https:\/\/i0.wp.com\/redaccionoaxaca.com\/wp-content\/uploads\/2026\/03\/FB_IMG_1773413654636.jpg?resize=203%2C300&amp;ssl=1 203w, https:\/\/i0.wp.com\/redaccionoaxaca.com\/wp-content\/uploads\/2026\/03\/FB_IMG_1773413654636.jpg?resize=694%2C1024&amp;ssl=1 694w, https:\/\/i0.wp.com\/redaccionoaxaca.com\/wp-content\/uploads\/2026\/03\/FB_IMG_1773413654636.jpg?resize=768%2C1133&amp;ssl=1 768w, https:\/\/i0.wp.com\/redaccionoaxaca.com\/wp-content\/uploads\/2026\/03\/FB_IMG_1773413654636.jpg?resize=1041%2C1536&amp;ssl=1 1041w, https:\/\/i0.wp.com\/redaccionoaxaca.com\/wp-content\/uploads\/2026\/03\/FB_IMG_1773413654636.jpg?resize=285%2C420&amp;ssl=1 285w, https:\/\/i0.wp.com\/redaccionoaxaca.com\/wp-content\/uploads\/2026\/03\/FB_IMG_1773413654636.jpg?resize=696%2C1027&amp;ssl=1 696w, https:\/\/i0.wp.com\/redaccionoaxaca.com\/wp-content\/uploads\/2026\/03\/FB_IMG_1773413654636.jpg?w=1061&amp;ssl=1 1061w\" sizes=\"auto, (max-width: 203px) 100vw, 203px\" \/><\/p>\n<p><img data-recalc-dims=\"1\" loading=\"lazy\" decoding=\"async\" data-attachment-id=\"40976\" data-permalink=\"https:\/\/redaccionoaxaca.com\/index.php\/2026\/03\/13\/localizan-sin-vida-a-un-hombre-en-barranca-de-60-metros-en-santa-lucia-miahuatlan\/fb_img_1773413652163\/\" data-orig-file=\"https:\/\/i0.wp.com\/redaccionoaxaca.com\/wp-content\/uploads\/2026\/03\/FB_IMG_1773413652163.jpg?fit=1179%2C1590&amp;ssl=1\" data-orig-size=\"1179,1590\" data-comments-opened=\"1\" data-image-meta=\"{&quot;aperture&quot;:&quot;0&quot;,&quot;credit&quot;:&quot;&quot;,&quot;camera&quot;:&quot;&quot;,&quot;caption&quot;:&quot;&quot;,&quot;created_timestamp&quot;:&quot;0&quot;,&quot;copyright&quot;:&quot;&quot;,&quot;focal_length&quot;:&quot;0&quot;,&quot;iso&quot;:&quot;0&quot;,&quot;shutter_speed&quot;:&quot;0&quot;,&quot;title&quot;:&quot;&quot;,&quot;orientation&quot;:&quot;0&quot;}\" data-image-title=\"FB_IMG_1773413652163\" data-image-description=\"\" data-image-caption=\"\" data-large-file=\"https:\/\/i0.wp.com\/redaccionoaxaca.com\/wp-content\/uploads\/2026\/03\/FB_IMG_1773413652163.jpg?fit=696%2C939&amp;ssl=1\" class=\"size-medium wp-image-40976 aligncenter\" src=\"https:\/\/i0.wp.com\/redaccionoaxaca.com\/wp-content\/uploads\/2026\/03\/FB_IMG_1773413652163.jpg?resize=222%2C300&#038;ssl=1\" alt=\"\" width=\"222\" height=\"300\" srcset=\"https:\/\/i0.wp.com\/redaccionoaxaca.com\/wp-content\/uploads\/2026\/03\/FB_IMG_1773413652163.jpg?resize=222%2C300&amp;ssl=1 222w, https:\/\/i0.wp.com\/redaccionoaxaca.com\/wp-content\/uploads\/2026\/03\/FB_IMG_1773413652163.jpg?resize=759%2C1024&amp;ssl=1 759w, https:\/\/i0.wp.com\/redaccionoaxaca.com\/wp-content\/uploads\/2026\/03\/FB_IMG_1773413652163.jpg?resize=768%2C1036&amp;ssl=1 768w, https:\/\/i0.wp.com\/redaccionoaxaca.com\/wp-content\/uploads\/2026\/03\/FB_IMG_1773413652163.jpg?resize=1139%2C1536&amp;ssl=1 1139w, https:\/\/i0.wp.com\/redaccionoaxaca.com\/wp-content\/uploads\/2026\/03\/FB_IMG_1773413652163.jpg?resize=311%2C420&amp;ssl=1 311w, https:\/\/i0.wp.com\/redaccionoaxaca.com\/wp-content\/uploads\/2026\/03\/FB_IMG_1773413652163.jpg?resize=696%2C939&amp;ssl=1 696w, https:\/\/i0.wp.com\/redaccionoaxaca.com\/wp-content\/uploads\/2026\/03\/FB_IMG_1773413652163.jpg?resize=1068%2C1440&amp;ssl=1 1068w, https:\/\/i0.wp.com\/redaccionoaxaca.com\/wp-content\/uploads\/2026\/03\/FB_IMG_1773413652163.jpg?w=1179&amp;ssl=1 1179w\" sizes=\"auto, (max-width: 222px) 100vw, 222px\" \/><\/p>\n","protected":false},"excerpt":{"rendered":"<p>#Redacci\u00f3nOaxaca #Oaxaca La tarde de este jueves, personal del Heroico Cuerpo de Bomberos de Oaxaca realiz\u00f3 el rescate del cuerpo sin vida de un hombre que fue localizado en el fondo de una barranca de aproximadamente 60 metros de profundidad en la regi\u00f3n de la Sierra Sur. De acuerdo con el reporte de la corporaci\u00f3n, [&hellip;]<\/p>\n","protected":false},"author":9,"featured_media":40976,"comment_status":"open","ping_status":"open","sticky":false,"template":"","format":"standard","meta":{"jetpack_post_was_ever_published":false,"_jetpack_newsletter_access":"","_jetpack_dont_email_post_to_subs":false,"_jetpack_newsletter_tier_id":0,"_jetpack_memberships_contains_paywalled_content":false,"_jetpack_memberships_contains_paid_content":false,"footnotes":"","jetpack_publicize_message":"","jetpack_publicize_feature_enabled":true,"jetpack_social_post_already_shared":true,"jetpack_social_options":{"image_generator_settings":{"template":"highway","default_image_id":0,"font":"","enabled":false},"version":2}},"categories":[4,5,3,6],"tags":[],"class_list":{"0":"post-40974","1":"post","2":"type-post","3":"status-publish","4":"format-standard","5":"has-post-thumbnail","7":"category-agenda-politica","8":"category-imagen","9":"category-mesa-de-redaccion","10":"category-tendencias"},"jetpack_publicize_connections":[],"jetpack_featured_media_url":"https:\/\/i0.wp.com\/redaccionoaxaca.com\/wp-content\/uploads\/2026\/03\/FB_IMG_1773413652163.jpg?fit=1179%2C1590&ssl=1","jetpack_sharing_enabled":true,"jetpack_shortlink":"https:\/\/wp.me\/p9Ynjw-aES","jetpack-related-posts":[{"id":41215,"url":"https:\/\/redaccionoaxaca.com\/index.php\/2026\/03\/28\/rescatan-con-vida-a-magistrada-del-tsj-y-a-su-hijo-tras-caer-al-rio-salado-en-sta-lucia-del-camino\/","url_meta":{"origin":40974,"position":0},"title":"Rescatan con vida a Magistrada del TSJ y a su hijo tras caer al R\u00edo Salado en Sta. Luc\u00eda del Camino","author":"ariadna","date":"marzo 28, 2026","format":false,"excerpt":"#Redacci\u00f3nOaxaca #Oaxaca #JaimeGUERRERO Una Magistrada del Tribunal Superior de Justicia del Estado de Oaxaca y su hijo cayeron este s\u00e1bado con su veh\u00edculo al R\u00edo Salado, a la altura del puente del Rosario, en jurisdicci\u00f3n de Santa Luc\u00eda del Camino. Ambos fueron rescatados con vida y trasladados a recibir atenci\u00f3n\u2026","rel":"","context":"En &quot;Imagen&quot;","block_context":{"text":"Imagen","link":"https:\/\/redaccionoaxaca.com\/index.php\/category\/imagen\/"},"img":{"alt_text":"","src":"https:\/\/i0.wp.com\/redaccionoaxaca.com\/wp-content\/uploads\/2026\/03\/IMG-20260328-WA0075.jpg?fit=1200%2C903&ssl=1&resize=350%2C200","width":350,"height":200,"srcset":"https:\/\/i0.wp.com\/redaccionoaxaca.com\/wp-content\/uploads\/2026\/03\/IMG-20260328-WA0075.jpg?fit=1200%2C903&ssl=1&resize=350%2C200 1x, https:\/\/i0.wp.com\/redaccionoaxaca.com\/wp-content\/uploads\/2026\/03\/IMG-20260328-WA0075.jpg?fit=1200%2C903&ssl=1&resize=525%2C300 1.5x, https:\/\/i0.wp.com\/redaccionoaxaca.com\/wp-content\/uploads\/2026\/03\/IMG-20260328-WA0075.jpg?fit=1200%2C903&ssl=1&resize=700%2C400 2x, https:\/\/i0.wp.com\/redaccionoaxaca.com\/wp-content\/uploads\/2026\/03\/IMG-20260328-WA0075.jpg?fit=1200%2C903&ssl=1&resize=1050%2C600 3x"},"classes":[]},{"id":20498,"url":"https:\/\/redaccionoaxaca.com\/index.php\/2021\/08\/31\/perece-hombre-cuya-unidad-volco-en-rio-san-lucas-en-san-lorenzo-cacaotepec-oaxaca\/","url_meta":{"origin":40974,"position":1},"title":"Perece hombre cuya unidad volc\u00f3 en R\u00edo San Lucas en San Lorenzo Cacaotepec Oaxaca.","author":"ariadna","date":"agosto 31, 2021","format":false,"excerpt":"#Redacci\u00f3nOaxaca #Oaxaca Maira Ric\u00e1rdez La madrugada de este martes 31 del actual a las 00:20 horas, el H Cuerpo de Bomberos del Estado recibi\u00f3 una llamada de auxilio para el rescate de una persona ahogada. A bordo de su unidad y con equipo especializado, los elementos se trasladaron al rio\u2026","rel":"","context":"En &quot;Al Cierre&quot;","block_context":{"text":"Al Cierre","link":"https:\/\/redaccionoaxaca.com\/index.php\/category\/al-cierre\/"},"img":{"alt_text":"","src":"https:\/\/i0.wp.com\/redaccionoaxaca.com\/wp-content\/uploads\/2021\/08\/IMG-20210831-WA0115-300x225.jpg?resize=350%2C200&ssl=1","width":350,"height":200},"classes":[]},{"id":9102,"url":"https:\/\/redaccionoaxaca.com\/index.php\/2019\/11\/08\/15-cuerpos-sin-vida-ha-rescatado-bomberos-del-interior-de-pozos-en-lo-que-va-del-ano\/","url_meta":{"origin":40974,"position":2},"title":"15 cuerpos sin vida, ha rescatado bomberos del interior de pozos en lo que va del a\u00f1o.","author":"ariadna","date":"noviembre 8, 2019","format":"video","excerpt":"*Maza alert\u00f3 a la poblaci\u00f3n sobre los riesgos de muerte al descender a cavidades por restos org\u00e1nicos y emanaci\u00f3n de gases. #Redacci\u00f3nOaxaca #Oaxaca Maira Ric\u00e1rdez Un total de quince cuerpos han sido rescatados de pozos en lo que va del a\u00f1o en el Estado de Oaxaca, la estad\u00edstica tiene las\u2026","rel":"","context":"Entrada similar ","block_context":{"text":"Entrada similar ","link":""},"img":{"alt_text":"","src":"","width":0,"height":0},"classes":[]},{"id":18307,"url":"https:\/\/redaccionoaxaca.com\/index.php\/2021\/04\/14\/video-muere-podador-de-arboles-atrapado-en-el-follaje-de-una-palmera-bomberos-del-estado-lanza-alerta-precautoria-a-la-poblacion\/","url_meta":{"origin":40974,"position":3},"title":"VIDEO: Muere podador de \u00e1rboles atrapado en el follaje de una palmera; bomberos del Estado lanza alerta precautoria a la poblaci\u00f3n.","author":"ariadna","date":"abril 14, 2021","format":"video","excerpt":"#Redacci\u00f3nOaxaca #Oaxaca Maira Ric\u00e1rdez Gustavo Mateo Calder\u00f3n es el hombre de 55 a\u00f1os de edad que perdi\u00f3 la vida, presuntamente por asfixia, tras quedar atrapado entre el follaje seco de la palmera que intentaba podar en la Col. Reforma de esta ciudad, \u00e9l era parte de una empresa que se\u2026","rel":"","context":"En &quot;Al Cierre&quot;","block_context":{"text":"Al Cierre","link":"https:\/\/redaccionoaxaca.com\/index.php\/category\/al-cierre\/"},"img":{"alt_text":"","src":"https:\/\/i0.wp.com\/redaccionoaxaca.com\/wp-content\/uploads\/2021\/04\/IMG-20210414-WA0062-224x300.jpg?resize=350%2C200","width":350,"height":200},"classes":[]},{"id":40329,"url":"https:\/\/redaccionoaxaca.com\/index.php\/2026\/02\/03\/segundo-homicidio-del-dia-en-oaxaca-asesinan-a-un-hombre-en-miahuatlan\/","url_meta":{"origin":40974,"position":4},"title":"Segundo homicidio del d\u00eda en Oaxaca: asesinan a un hombre en Miahuatl\u00e1n","author":"ariadna","date":"febrero 3, 2026","format":false,"excerpt":"#Redacci\u00f3nOaxaca #Oaxaca Un hombre fue asesinado la tarde de este martes en el municipio de Miahuatl\u00e1n de Porfirio D\u00edaz, en la regi\u00f3n de la Sierra Sur del estado de Oaxaca, lo que se convierte en el segundo homicidio registrado en la entidad durante el d\u00eda. El ataque ocurri\u00f3 sobre la\u2026","rel":"","context":"En &quot;Al Cierre&quot;","block_context":{"text":"Al Cierre","link":"https:\/\/redaccionoaxaca.com\/index.php\/category\/al-cierre\/"},"img":{"alt_text":"","src":"https:\/\/i0.wp.com\/redaccionoaxaca.com\/wp-content\/uploads\/2026\/02\/IMG-20260203-WA0159-scaled.jpg?fit=1200%2C902&ssl=1&resize=350%2C200","width":350,"height":200,"srcset":"https:\/\/i0.wp.com\/redaccionoaxaca.com\/wp-content\/uploads\/2026\/02\/IMG-20260203-WA0159-scaled.jpg?fit=1200%2C902&ssl=1&resize=350%2C200 1x, https:\/\/i0.wp.com\/redaccionoaxaca.com\/wp-content\/uploads\/2026\/02\/IMG-20260203-WA0159-scaled.jpg?fit=1200%2C902&ssl=1&resize=525%2C300 1.5x, https:\/\/i0.wp.com\/redaccionoaxaca.com\/wp-content\/uploads\/2026\/02\/IMG-20260203-WA0159-scaled.jpg?fit=1200%2C902&ssl=1&resize=700%2C400 2x, https:\/\/i0.wp.com\/redaccionoaxaca.com\/wp-content\/uploads\/2026\/02\/IMG-20260203-WA0159-scaled.jpg?fit=1200%2C902&ssl=1&resize=1050%2C600 3x"},"classes":[]},{"id":21797,"url":"https:\/\/redaccionoaxaca.com\/index.php\/2021\/10\/22\/video-arde-tienda-de-pinturas-en-tutla-oaxaca-tras-impacto-de-automotor\/","url_meta":{"origin":40974,"position":5},"title":"VIDEOS: Arde tienda de pinturas en Tutla Oaxaca tras impacto de automotor.","author":"ariadna","date":"octubre 22, 2021","format":false,"excerpt":"#Redacci\u00f3nOaxaca #Oaxaca Maira Ric\u00e1rdez *No hay v\u00edctimas fatales, la unidad responsable fue localizada carbonizada al interior del establecimiento Al filo de las 12:00 de la madrugada de este viernes 22 de octubre se registr\u00f3 el llamado de auxilio de los vecinos del \"Distribuidor de pinturas Sayer Lack\", ubicado en Av.\u2026","rel":"","context":"En &quot;Imagen&quot;","block_context":{"text":"Imagen","link":"https:\/\/redaccionoaxaca.com\/index.php\/category\/imagen\/"},"img":{"alt_text":"","src":"","width":0,"height":0},"classes":[]}],"_links":{"self":[{"href":"https:\/\/redaccionoaxaca.com\/index.php\/wp-json\/wp\/v2\/posts\/40974","targetHints":{"allow":["GET"]}}],"collection":[{"href":"https:\/\/redaccionoaxaca.com\/index.php\/wp-json\/wp\/v2\/posts"}],"about":[{"href":"https:\/\/redaccionoaxaca.com\/index.php\/wp-json\/wp\/v2\/types\/post"}],"author":[{"embeddable":true,"href":"https:\/\/redaccionoaxaca.com\/index.php\/wp-json\/wp\/v2\/users\/9"}],"replies":[{"embeddable":true,"href":"https:\/\/redaccionoaxaca.com\/index.php\/wp-json\/wp\/v2\/comments?post=40974"}],"version-history":[{"count":1,"href":"https:\/\/redaccionoaxaca.com\/index.php\/wp-json\/wp\/v2\/posts\/40974\/revisions"}],"predecessor-version":[{"id":40977,"href":"https:\/\/redaccionoaxaca.com\/index.php\/wp-json\/wp\/v2\/posts\/40974\/revisions\/40977"}],"wp:featuredmedia":[{"embeddable":true,"href":"https:\/\/redaccionoaxaca.com\/index.php\/wp-json\/wp\/v2\/media\/40976"}],"wp:attachment":[{"href":"https:\/\/redaccionoaxaca.com\/index.php\/wp-json\/wp\/v2\/media?parent=40974"}],"wp:term":[{"taxonomy":"category","embeddable":true,"href":"https:\/\/redaccionoaxaca.com\/index.php\/wp-json\/wp\/v2\/categories?post=40974"},{"taxonomy":"post_tag","embeddable":true,"href":"https:\/\/redaccionoaxaca.com\/index.php\/wp-json\/wp\/v2\/tags?post=40974"}],"curies":[{"name":"wp","href":"https:\/\/api.w.org\/{rel}","templated":true}]}}