{"id":40978,"date":"2026-03-13T10:11:17","date_gmt":"2026-03-13T16:11:17","guid":{"rendered":"https:\/\/redaccionoaxaca.com\/?p=40978"},"modified":"2026-03-13T10:11:17","modified_gmt":"2026-03-13T16:11:17","slug":"renuncia-farid-acevedo-a-la-secretaria-de-finanzas-del-gobierno-de-oaxaca-para-buscar-la-rectoria-de-la-uabjo","status":"publish","type":"post","link":"https:\/\/redaccionoaxaca.com\/index.php\/2026\/03\/13\/renuncia-farid-acevedo-a-la-secretaria-de-finanzas-del-gobierno-de-oaxaca-para-buscar-la-rectoria-de-la-uabjo\/","title":{"rendered":"Renuncia Farid Acevedo a la Secretar\u00eda de Finanzas del Gobierno de Oaxaca para buscar la rector\u00eda de la UABJO"},"content":{"rendered":"<p><strong>#Redacci\u00f3nOaxaca<\/strong><\/p>\n<p><strong>#Oaxaca<\/strong><\/p>\n<p><strong>#JaimeGUERRERO<\/strong><\/p>\n<p style=\"text-align: justify;\">Farid Acevedo L\u00f3pez dej\u00f3 este viernes la titularidad de la Secretar\u00eda de Finanzas del gobierno de Oaxaca con el prop\u00f3sito de competir por la rector\u00eda de la Universidad Aut\u00f3noma \u201cBenito Ju\u00e1rez\u201d de Oaxaca (UABJO), confirmaron fuentes del ejecutivo estatal.<\/p>\n<p><img data-recalc-dims=\"1\" loading=\"lazy\" decoding=\"async\" data-attachment-id=\"40979\" data-permalink=\"https:\/\/redaccionoaxaca.com\/index.php\/2026\/03\/13\/renuncia-farid-acevedo-a-la-secretaria-de-finanzas-del-gobierno-de-oaxaca-para-buscar-la-rectoria-de-la-uabjo\/img-20260313-wa0079\/\" data-orig-file=\"https:\/\/i0.wp.com\/redaccionoaxaca.com\/wp-content\/uploads\/2026\/03\/IMG-20260313-WA0079.jpg?fit=649%2C472&amp;ssl=1\" data-orig-size=\"649,472\" data-comments-opened=\"1\" data-image-meta=\"{&quot;aperture&quot;:&quot;0&quot;,&quot;credit&quot;:&quot;&quot;,&quot;camera&quot;:&quot;&quot;,&quot;caption&quot;:&quot;&quot;,&quot;created_timestamp&quot;:&quot;0&quot;,&quot;copyright&quot;:&quot;&quot;,&quot;focal_length&quot;:&quot;0&quot;,&quot;iso&quot;:&quot;0&quot;,&quot;shutter_speed&quot;:&quot;0&quot;,&quot;title&quot;:&quot;&quot;,&quot;orientation&quot;:&quot;0&quot;}\" data-image-title=\"IMG-20260313-WA0079\" data-image-description=\"\" data-image-caption=\"\" data-large-file=\"https:\/\/i0.wp.com\/redaccionoaxaca.com\/wp-content\/uploads\/2026\/03\/IMG-20260313-WA0079.jpg?fit=649%2C472&amp;ssl=1\" class=\"size-medium wp-image-40979 aligncenter\" src=\"https:\/\/i0.wp.com\/redaccionoaxaca.com\/wp-content\/uploads\/2026\/03\/IMG-20260313-WA0079.jpg?resize=300%2C218&#038;ssl=1\" alt=\"\" width=\"300\" height=\"218\" srcset=\"https:\/\/i0.wp.com\/redaccionoaxaca.com\/wp-content\/uploads\/2026\/03\/IMG-20260313-WA0079.jpg?resize=300%2C218&amp;ssl=1 300w, https:\/\/i0.wp.com\/redaccionoaxaca.com\/wp-content\/uploads\/2026\/03\/IMG-20260313-WA0079.jpg?resize=578%2C420&amp;ssl=1 578w, https:\/\/i0.wp.com\/redaccionoaxaca.com\/wp-content\/uploads\/2026\/03\/IMG-20260313-WA0079.jpg?resize=324%2C235&amp;ssl=1 324w, https:\/\/i0.wp.com\/redaccionoaxaca.com\/wp-content\/uploads\/2026\/03\/IMG-20260313-WA0079.jpg?w=649&amp;ssl=1 649w\" sizes=\"auto, (max-width: 300px) 100vw, 300px\" \/><\/p>\n<p style=\"text-align: justify;\">Hasta el momento se desconoce qui\u00e9n asumir\u00e1 el cargo en la dependencia encargada de administrar las finanzas p\u00fablicas del estado.<\/p>\n<p style=\"text-align: justify;\">La salida de Acevedo L\u00f3pez representa un reacomodo significativo en el gabinete del gobernador Salom\u00f3n Jara Cruz, del que el funcionario form\u00f3 parte desde el inicio de la administraci\u00f3n, en diciembre de 2022.<\/p>\n<p style=\"text-align: justify;\">Durante su gesti\u00f3n al frente de las finanzas estatales, el secretario present\u00f3 ante el Congreso local los paquetes econ\u00f3micos de 2024 y 2025, y report\u00f3 una reducci\u00f3n en la deuda p\u00fablica heredada de administraciones anteriores.<\/p>\n<p style=\"text-align: justify;\">El ahora aspirante a rector tiene v\u00ednculos acad\u00e9micos con la propia UABJO: cuenta con maestr\u00eda en Fiscal por esa casa de estudios, donde tambi\u00e9n se desempe\u00f1\u00f3 como catedr\u00e1tico de la Facultad de Contadur\u00eda y Administraci\u00f3n, as\u00ed como asesor general y secretario del Consejo T\u00e9cnico de la universidad.<\/p>\n<p style=\"text-align: justify;\">Antes de incorporarse al gabinete estatal, fue presidente municipal de San Pablo Huitzo entre enero y noviembre de 2022.<\/p>\n<p style=\"text-align: justify;\">Su renuncia se produce en el marco de lo que fuentes conocedoras del proceso electoral universitario se\u00f1alan como un requisito de la normativa interna: los aspirantes a la rector\u00eda deben separarse de cualquier cargo p\u00fablico al menos dos meses antes del inicio del proceso.<\/p>\n<p style=\"text-align: justify;\">La ley org\u00e1nica de la UABJO establece, adem\u00e1s, que para ser rector se requiere haberse desempe\u00f1ado como profesor o investigador de la instituci\u00f3n durante al menos tres a\u00f1os consecutivos e inmediatos al momento de la elecci\u00f3n, condici\u00f3n cuyo cumplimiento deber\u00e1 acreditar Acevedo L\u00f3pez ante la comisi\u00f3n electoral universitaria, dado el tiempo que estuvo separado de la docencia por el ejercicio del cargo p\u00fablico.<\/p>\n<p><img data-recalc-dims=\"1\" loading=\"lazy\" decoding=\"async\" data-attachment-id=\"40980\" data-permalink=\"https:\/\/redaccionoaxaca.com\/index.php\/2026\/03\/13\/renuncia-farid-acevedo-a-la-secretaria-de-finanzas-del-gobierno-de-oaxaca-para-buscar-la-rectoria-de-la-uabjo\/img-20260313-wa0080\/\" data-orig-file=\"https:\/\/i0.wp.com\/redaccionoaxaca.com\/wp-content\/uploads\/2026\/03\/IMG-20260313-WA0080.jpg?fit=640%2C480&amp;ssl=1\" data-orig-size=\"640,480\" data-comments-opened=\"1\" data-image-meta=\"{&quot;aperture&quot;:&quot;0&quot;,&quot;credit&quot;:&quot;&quot;,&quot;camera&quot;:&quot;&quot;,&quot;caption&quot;:&quot;&quot;,&quot;created_timestamp&quot;:&quot;0&quot;,&quot;copyright&quot;:&quot;&quot;,&quot;focal_length&quot;:&quot;0&quot;,&quot;iso&quot;:&quot;0&quot;,&quot;shutter_speed&quot;:&quot;0&quot;,&quot;title&quot;:&quot;&quot;,&quot;orientation&quot;:&quot;0&quot;}\" data-image-title=\"IMG-20260313-WA0080\" data-image-description=\"\" data-image-caption=\"\" data-large-file=\"https:\/\/i0.wp.com\/redaccionoaxaca.com\/wp-content\/uploads\/2026\/03\/IMG-20260313-WA0080.jpg?fit=640%2C480&amp;ssl=1\" class=\"size-medium wp-image-40980 aligncenter\" src=\"https:\/\/i0.wp.com\/redaccionoaxaca.com\/wp-content\/uploads\/2026\/03\/IMG-20260313-WA0080.jpg?resize=300%2C225&#038;ssl=1\" alt=\"\" width=\"300\" height=\"225\" srcset=\"https:\/\/i0.wp.com\/redaccionoaxaca.com\/wp-content\/uploads\/2026\/03\/IMG-20260313-WA0080.jpg?resize=300%2C225&amp;ssl=1 300w, https:\/\/i0.wp.com\/redaccionoaxaca.com\/wp-content\/uploads\/2026\/03\/IMG-20260313-WA0080.jpg?resize=560%2C420&amp;ssl=1 560w, https:\/\/i0.wp.com\/redaccionoaxaca.com\/wp-content\/uploads\/2026\/03\/IMG-20260313-WA0080.jpg?resize=80%2C60&amp;ssl=1 80w, https:\/\/i0.wp.com\/redaccionoaxaca.com\/wp-content\/uploads\/2026\/03\/IMG-20260313-WA0080.jpg?resize=265%2C198&amp;ssl=1 265w, https:\/\/i0.wp.com\/redaccionoaxaca.com\/wp-content\/uploads\/2026\/03\/IMG-20260313-WA0080.jpg?w=640&amp;ssl=1 640w\" sizes=\"auto, (max-width: 300px) 100vw, 300px\" \/><\/p>\n","protected":false},"excerpt":{"rendered":"<p>#Redacci\u00f3nOaxaca #Oaxaca #JaimeGUERRERO Farid Acevedo L\u00f3pez dej\u00f3 este viernes la titularidad de la Secretar\u00eda de Finanzas del gobierno de Oaxaca con el prop\u00f3sito de competir por la rector\u00eda de la Universidad Aut\u00f3noma \u201cBenito Ju\u00e1rez\u201d de Oaxaca (UABJO), confirmaron fuentes del ejecutivo estatal. Hasta el momento se desconoce qui\u00e9n asumir\u00e1 el cargo en la dependencia encargada [&hellip;]<\/p>\n","protected":false},"author":9,"featured_media":40981,"comment_status":"open","ping_status":"open","sticky":false,"template":"","format":"standard","meta":{"jetpack_post_was_ever_published":false,"_jetpack_newsletter_access":"","_jetpack_dont_email_post_to_subs":false,"_jetpack_newsletter_tier_id":0,"_jetpack_memberships_contains_paywalled_content":false,"_jetpack_memberships_contains_paid_content":false,"footnotes":"","jetpack_publicize_message":"","jetpack_publicize_feature_enabled":true,"jetpack_social_post_already_shared":true,"jetpack_social_options":{"image_generator_settings":{"template":"highway","default_image_id":0,"font":"","enabled":false},"version":2}},"categories":[4,5,3,6],"tags":[],"class_list":{"0":"post-40978","1":"post","2":"type-post","3":"status-publish","4":"format-standard","5":"has-post-thumbnail","7":"category-agenda-politica","8":"category-imagen","9":"category-mesa-de-redaccion","10":"category-tendencias"},"jetpack_publicize_connections":[],"jetpack_featured_media_url":"https:\/\/i0.wp.com\/redaccionoaxaca.com\/wp-content\/uploads\/2026\/03\/InShot_20260313_101027802.jpg?fit=1875%2C1021&ssl=1","jetpack_sharing_enabled":true,"jetpack_shortlink":"https:\/\/wp.me\/p9Ynjw-aEW","jetpack-related-posts":[{"id":41268,"url":"https:\/\/redaccionoaxaca.com\/index.php\/2026\/04\/01\/con-etiqueta-hechoenuabjo-farid-acevedo-lopez-se-destapa-oficialmente-para-la-rectoria\/","url_meta":{"origin":40978,"position":0},"title":"Con etiqueta \u201c#HechoEnUABJO\u201d, Farid Acevedo L\u00f3pez se destapa oficialmente para la rector\u00eda","author":"ariadna","date":"abril 1, 2026","format":false,"excerpt":"#Redacci\u00f3nOaxaca #Oaxaca #JaimeGUERRERO Tres semanas despu\u00e9s de haber renunciado a la Secretar\u00eda de Finanzas del gobierno de Oaxaca, Farid Acevedo L\u00f3pez hizo oficial este mi\u00e9rcoles su aspiraci\u00f3n a la rector\u00eda de la Universidad Aut\u00f3noma \u201cBenito Ju\u00e1rez\u201d de Oaxaca (UABJO). Lo hizo a trav\u00e9s de publicaciones en sus redes sociales en\u2026","rel":"","context":"En &quot;Imagen&quot;","block_context":{"text":"Imagen","link":"https:\/\/redaccionoaxaca.com\/index.php\/category\/imagen\/"},"img":{"alt_text":"","src":"https:\/\/i0.wp.com\/redaccionoaxaca.com\/wp-content\/uploads\/2026\/04\/IMG-20260401-WA0078.jpg?fit=647%2C1200&ssl=1&resize=350%2C200","width":350,"height":200,"srcset":"https:\/\/i0.wp.com\/redaccionoaxaca.com\/wp-content\/uploads\/2026\/04\/IMG-20260401-WA0078.jpg?fit=647%2C1200&ssl=1&resize=350%2C200 1x, https:\/\/i0.wp.com\/redaccionoaxaca.com\/wp-content\/uploads\/2026\/04\/IMG-20260401-WA0078.jpg?fit=647%2C1200&ssl=1&resize=525%2C300 1.5x"},"classes":[]},{"id":41506,"url":"https:\/\/redaccionoaxaca.com\/index.php\/2026\/04\/13\/salomon-jara-defiende-a-farid-acevedo-y-revela-reunion-con-lider-de-opositores-enrique-martinez-todos-los-actores-politicos-de-la-uabjo-han-tenido-relaciones-con-politicos\/","url_meta":{"origin":40978,"position":1},"title":"Salom\u00f3n Jara defiende a Farid Acevedo y revela reuni\u00f3n con l\u00edder de opositores Enrique Mart\u00ednez: \u201ctodos los actores Pol\u00edticos de la UABJO han tenido relaciones con pol\u00edticos\u201d","author":"ariadna","date":"abril 13, 2026","format":false,"excerpt":"#Redacci\u00f3nOaxaca #Oaxaca #JaimeGUERRERO El gobernador de Oaxaca, Salom\u00f3n Jara Cruz, sali\u00f3 este lunes en defensa de la candidatura del exsecretario de Finanzas, Farid Acevedo L\u00f3pez, a la rector\u00eda de la Universidad Aut\u00f3noma \u201cBenito Ju\u00e1rez\u201d de Oaxaca (UABJO), rechaz\u00f3 las acusaciones de injerencia en el proceso universitario y revel\u00f3, que se\u2026","rel":"","context":"En &quot;Agenda Pol\u00edtica&quot;","block_context":{"text":"Agenda Pol\u00edtica","link":"https:\/\/redaccionoaxaca.com\/index.php\/category\/agenda-politica\/"},"img":{"alt_text":"","src":"https:\/\/i0.wp.com\/redaccionoaxaca.com\/wp-content\/uploads\/2026\/04\/9-10-scaled.jpg?fit=1200%2C790&ssl=1&resize=350%2C200","width":350,"height":200,"srcset":"https:\/\/i0.wp.com\/redaccionoaxaca.com\/wp-content\/uploads\/2026\/04\/9-10-scaled.jpg?fit=1200%2C790&ssl=1&resize=350%2C200 1x, https:\/\/i0.wp.com\/redaccionoaxaca.com\/wp-content\/uploads\/2026\/04\/9-10-scaled.jpg?fit=1200%2C790&ssl=1&resize=525%2C300 1.5x, https:\/\/i0.wp.com\/redaccionoaxaca.com\/wp-content\/uploads\/2026\/04\/9-10-scaled.jpg?fit=1200%2C790&ssl=1&resize=700%2C400 2x, https:\/\/i0.wp.com\/redaccionoaxaca.com\/wp-content\/uploads\/2026\/04\/9-10-scaled.jpg?fit=1200%2C790&ssl=1&resize=1050%2C600 3x"},"classes":[]},{"id":41182,"url":"https:\/\/redaccionoaxaca.com\/index.php\/2026\/03\/26\/secretario-particular-de-la-uabjo-renuncia-para-contender-por-la-rectoria-suman-6-aspirantes\/","url_meta":{"origin":40978,"position":2},"title":"Secretario particular de la UABJO renuncia para contender por la rector\u00eda; suman 6 aspirantes","author":"ariadna","date":"marzo 26, 2026","format":false,"excerpt":"#Redacci\u00f3nOaxaca #Oaxaca Citlalli L\u00f3pez Vel\u00e1zquez Amilcar Sosa Velasco, secretario particular de la Universidad Aut\u00f3noma Benito Ju\u00e1rez de Oaxaca renunci\u00f3 al cargo para contender por la rector\u00eda. Con su destape, suman seis aspirantes al m\u00e1ximo cargo administrativo de la UABJO actualmente desempe\u00f1ado por Cristian Carre\u00f1o. Durante el acto de destape Sosa\u2026","rel":"","context":"En &quot;Agenda Pol\u00edtica&quot;","block_context":{"text":"Agenda Pol\u00edtica","link":"https:\/\/redaccionoaxaca.com\/index.php\/category\/agenda-politica\/"},"img":{"alt_text":"","src":"https:\/\/i0.wp.com\/redaccionoaxaca.com\/wp-content\/uploads\/2026\/03\/05_Taurino_Amilcar-scaled.jpg?fit=1200%2C699&ssl=1&resize=350%2C200","width":350,"height":200,"srcset":"https:\/\/i0.wp.com\/redaccionoaxaca.com\/wp-content\/uploads\/2026\/03\/05_Taurino_Amilcar-scaled.jpg?fit=1200%2C699&ssl=1&resize=350%2C200 1x, https:\/\/i0.wp.com\/redaccionoaxaca.com\/wp-content\/uploads\/2026\/03\/05_Taurino_Amilcar-scaled.jpg?fit=1200%2C699&ssl=1&resize=525%2C300 1.5x, https:\/\/i0.wp.com\/redaccionoaxaca.com\/wp-content\/uploads\/2026\/03\/05_Taurino_Amilcar-scaled.jpg?fit=1200%2C699&ssl=1&resize=700%2C400 2x, https:\/\/i0.wp.com\/redaccionoaxaca.com\/wp-content\/uploads\/2026\/03\/05_Taurino_Amilcar-scaled.jpg?fit=1200%2C699&ssl=1&resize=1050%2C600 3x"},"classes":[]},{"id":41790,"url":"https:\/\/redaccionoaxaca.com\/index.php\/2026\/04\/28\/arranca-la-disputa-por-la-rectoria-de-la-uabjo-farid-acevedo-vs-enrique-martinez\/","url_meta":{"origin":40978,"position":3},"title":"Arranca la disputa por la rector\u00eda de la UABJO: Farid Acevedo vs Enrique Mart\u00ednez","author":"ariadna","date":"abril 28, 2026","format":false,"excerpt":"#Redacci\u00f3nOaxaca #Oaxaca #JaimeGUERRERO Con la publicaci\u00f3n de la convocatoria electoral este 28 de abril, la Universidad Aut\u00f3noma \u201cBenito Ju\u00e1rez\u201d de Oaxaca (UABJO) dio inicio formal a la sucesi\u00f3n de su rector\u00eda para el periodo 2026-2030, un proceso que ya muestra se\u00f1ales de alta tensi\u00f3n pol\u00edtica. Por un lado, el exsecretario\u2026","rel":"","context":"En &quot;Agenda Pol\u00edtica&quot;","block_context":{"text":"Agenda Pol\u00edtica","link":"https:\/\/redaccionoaxaca.com\/index.php\/category\/agenda-politica\/"},"img":{"alt_text":"","src":"https:\/\/i0.wp.com\/redaccionoaxaca.com\/wp-content\/uploads\/2026\/04\/InShot_20260428_152743135.jpg?fit=1200%2C607&ssl=1&resize=350%2C200","width":350,"height":200,"srcset":"https:\/\/i0.wp.com\/redaccionoaxaca.com\/wp-content\/uploads\/2026\/04\/InShot_20260428_152743135.jpg?fit=1200%2C607&ssl=1&resize=350%2C200 1x, https:\/\/i0.wp.com\/redaccionoaxaca.com\/wp-content\/uploads\/2026\/04\/InShot_20260428_152743135.jpg?fit=1200%2C607&ssl=1&resize=525%2C300 1.5x, https:\/\/i0.wp.com\/redaccionoaxaca.com\/wp-content\/uploads\/2026\/04\/InShot_20260428_152743135.jpg?fit=1200%2C607&ssl=1&resize=700%2C400 2x, https:\/\/i0.wp.com\/redaccionoaxaca.com\/wp-content\/uploads\/2026\/04\/InShot_20260428_152743135.jpg?fit=1200%2C607&ssl=1&resize=1050%2C600 3x"},"classes":[]},{"id":41492,"url":"https:\/\/redaccionoaxaca.com\/index.php\/2026\/04\/13\/universitarios-con-ligas-al-pt-exigen-a-ejecutivo-sacar-las-manos-de-la-uabjo-acusan-imposicion-de-candidato-a-rectoria\/","url_meta":{"origin":40978,"position":4},"title":"Universitarios con ligas al PT, exigen a Ejecutivo sacar las manos de la UABJO; acusan imposici\u00f3n de candidato a rector\u00eda","author":"ariadna","date":"abril 13, 2026","format":false,"excerpt":"#Redacci\u00f3nOaxaca #Oaxaca #JaimeGUERRERO Un frente de la comunidad universitaria de la Universidad Aut\u00f3noma \u201cBenito Ju\u00e1rez\u201d de Oaxaca (UABJO), encabezado por el aspirante a la rector\u00eda Enrique Mart\u00ednez \u2014ligado al Partido del Trabajo y con antecedentes como candidato a cargos de elecci\u00f3n popular por ese instituto pol\u00edtico\u2014, hizo p\u00fablico este lunes\u2026","rel":"","context":"En &quot;Imagen&quot;","block_context":{"text":"Imagen","link":"https:\/\/redaccionoaxaca.com\/index.php\/category\/imagen\/"},"img":{"alt_text":"","src":"https:\/\/i0.wp.com\/redaccionoaxaca.com\/wp-content\/uploads\/2026\/04\/11-8-scaled.jpg?fit=1200%2C691&ssl=1&resize=350%2C200","width":350,"height":200,"srcset":"https:\/\/i0.wp.com\/redaccionoaxaca.com\/wp-content\/uploads\/2026\/04\/11-8-scaled.jpg?fit=1200%2C691&ssl=1&resize=350%2C200 1x, https:\/\/i0.wp.com\/redaccionoaxaca.com\/wp-content\/uploads\/2026\/04\/11-8-scaled.jpg?fit=1200%2C691&ssl=1&resize=525%2C300 1.5x, https:\/\/i0.wp.com\/redaccionoaxaca.com\/wp-content\/uploads\/2026\/04\/11-8-scaled.jpg?fit=1200%2C691&ssl=1&resize=700%2C400 2x, https:\/\/i0.wp.com\/redaccionoaxaca.com\/wp-content\/uploads\/2026\/04\/11-8-scaled.jpg?fit=1200%2C691&ssl=1&resize=1050%2C600 3x"},"classes":[]},{"id":41489,"url":"https:\/\/redaccionoaxaca.com\/index.php\/2026\/04\/13\/consejo-universitario-de-la-uabjo-instala-comision-electoral-que-organizara-la-eleccion-de-rector-para-el-periodo-2026-2030\/","url_meta":{"origin":40978,"position":5},"title":"Consejo Universitario de la UABJO instala Comisi\u00f3n Electoral que organizar\u00e1 la elecci\u00f3n de rector para el periodo 2026-2030","author":"ariadna","date":"abril 13, 2026","format":false,"excerpt":"#Redacci\u00f3nOaxaca #Oaxaca #JaimeGUERRERO El Consejo Universitario de la Universidad Aut\u00f3noma \u201cBenito Ju\u00e1rez\u201d de Oaxaca (UABJO) design\u00f3 e instal\u00f3 por unanimidad a la Comisi\u00f3n Electoral que conducir\u00e1 el proceso para renovar la Rector\u00eda de la instituci\u00f3n correspondiente al periodo 2026-2030, en una sesi\u00f3n extraordinaria celebrada este viernes en la Facultad de\u2026","rel":"","context":"En &quot;Agenda Pol\u00edtica&quot;","block_context":{"text":"Agenda Pol\u00edtica","link":"https:\/\/redaccionoaxaca.com\/index.php\/category\/agenda-politica\/"},"img":{"alt_text":"","src":"https:\/\/i0.wp.com\/redaccionoaxaca.com\/wp-content\/uploads\/2026\/04\/IMG-20260413-WA0051.jpg?fit=981%2C654&ssl=1&resize=350%2C200","width":350,"height":200,"srcset":"https:\/\/i0.wp.com\/redaccionoaxaca.com\/wp-content\/uploads\/2026\/04\/IMG-20260413-WA0051.jpg?fit=981%2C654&ssl=1&resize=350%2C200 1x, https:\/\/i0.wp.com\/redaccionoaxaca.com\/wp-content\/uploads\/2026\/04\/IMG-20260413-WA0051.jpg?fit=981%2C654&ssl=1&resize=525%2C300 1.5x, https:\/\/i0.wp.com\/redaccionoaxaca.com\/wp-content\/uploads\/2026\/04\/IMG-20260413-WA0051.jpg?fit=981%2C654&ssl=1&resize=700%2C400 2x"},"classes":[]}],"_links":{"self":[{"href":"https:\/\/redaccionoaxaca.com\/index.php\/wp-json\/wp\/v2\/posts\/40978","targetHints":{"allow":["GET"]}}],"collection":[{"href":"https:\/\/redaccionoaxaca.com\/index.php\/wp-json\/wp\/v2\/posts"}],"about":[{"href":"https:\/\/redaccionoaxaca.com\/index.php\/wp-json\/wp\/v2\/types\/post"}],"author":[{"embeddable":true,"href":"https:\/\/redaccionoaxaca.com\/index.php\/wp-json\/wp\/v2\/users\/9"}],"replies":[{"embeddable":true,"href":"https:\/\/redaccionoaxaca.com\/index.php\/wp-json\/wp\/v2\/comments?post=40978"}],"version-history":[{"count":1,"href":"https:\/\/redaccionoaxaca.com\/index.php\/wp-json\/wp\/v2\/posts\/40978\/revisions"}],"predecessor-version":[{"id":40982,"href":"https:\/\/redaccionoaxaca.com\/index.php\/wp-json\/wp\/v2\/posts\/40978\/revisions\/40982"}],"wp:featuredmedia":[{"embeddable":true,"href":"https:\/\/redaccionoaxaca.com\/index.php\/wp-json\/wp\/v2\/media\/40981"}],"wp:attachment":[{"href":"https:\/\/redaccionoaxaca.com\/index.php\/wp-json\/wp\/v2\/media?parent=40978"}],"wp:term":[{"taxonomy":"category","embeddable":true,"href":"https:\/\/redaccionoaxaca.com\/index.php\/wp-json\/wp\/v2\/categories?post=40978"},{"taxonomy":"post_tag","embeddable":true,"href":"https:\/\/redaccionoaxaca.com\/index.php\/wp-json\/wp\/v2\/tags?post=40978"}],"curies":[{"name":"wp","href":"https:\/\/api.w.org\/{rel}","templated":true}]}}