{"id":40983,"date":"2026-03-13T11:22:39","date_gmt":"2026-03-13T17:22:39","guid":{"rendered":"https:\/\/redaccionoaxaca.com\/?p=40983"},"modified":"2026-03-13T11:22:39","modified_gmt":"2026-03-13T17:22:39","slug":"morena-en-el-congreso-de-oaxaca-respalda-plan-b-de-reforma-electoral-buscan-reducir-privilegios-y-fortalecer-participacion-ciudadana","status":"publish","type":"post","link":"https:\/\/redaccionoaxaca.com\/index.php\/2026\/03\/13\/morena-en-el-congreso-de-oaxaca-respalda-plan-b-de-reforma-electoral-buscan-reducir-privilegios-y-fortalecer-participacion-ciudadana\/","title":{"rendered":"Morena en el Congreso de Oaxaca respalda \u201cPlan B\u201d de reforma electoral; buscan reducir privilegios y fortalecer participaci\u00f3n ciudadana"},"content":{"rendered":"<p><strong>#Redacci\u00f3nOaxaca<\/strong><\/p>\n<p style=\"text-align: left;\"><strong>#Oaxaca<\/strong><\/p>\n<p><strong>Ariadna Mendoza<\/strong><\/p>\n<p style=\"text-align: justify;\">La presidenta de la Junta de Coordinaci\u00f3n Pol\u00edtica (JUCOPO) del Congreso del Estado de Oaxaca, Tania Caballero Navarro, expres\u00f3 el respaldo de la bancada de Morena al llamado \u201cPlan B\u201d de la reforma electoral impulsado por la presidenta de M\u00e9xico, Claudia Sheinbaum, luego de que la propuesta inicial no alcanzara la mayor\u00eda requerida en el Congreso de la Uni\u00f3n.<\/p>\n<p style=\"text-align: justify;\">La legisladora lament\u00f3 que algunos partidos que en el pasado formaron parte de la alianza progresista decidieran no respaldar la reforma, lo que \u2014dijo\u2014 impidi\u00f3 avanzar en una propuesta que buscaba reducir privilegios dentro de la clase pol\u00edtica y construir un sistema pol\u00edtico m\u00e1s austero, transparente y democr\u00e1tico.<\/p>\n<p style=\"text-align: justify;\">Caballero Navarro sostuvo que cuando se plantean cambios que afectan intereses arraigados, se evidencian las prioridades de cada fuerza pol\u00edtica. \u201cPrevalecieron decisiones de c\u00fapulas partidistas y la defensa de intereses propios por encima de una reforma que buscaba un sistema m\u00e1s justo y eficiente\u201d, afirm\u00f3.<\/p>\n<p style=\"text-align: justify;\">Ante este escenario, se\u00f1al\u00f3 que el Plan B, que se presentar\u00e1 el pr\u00f3ximo lunes, contempla acciones orientadas a reducir privilegios de la clase pol\u00edtica, revisar presupuestos en congresos locales y gobiernos municipales, as\u00ed como fortalecer los mecanismos de participaci\u00f3n ciudadana y democracia directa.<\/p>\n<p style=\"text-align: justify;\">La diputada indic\u00f3 que desde Oaxaca las y los legisladores de Morena respaldar\u00e1n plenamente esta nueva ruta legislativa. \u201cEstamos al cien por ciento con este plan y reiteramos nuestro apoyo a la presidenta de la Rep\u00fablica para sacarlo adelante\u201d, afirm\u00f3.<\/p>\n<p style=\"text-align: justify;\">Austeridad en congresos locales<br \/>\nLa presidenta de la JUCOPO explic\u00f3 que uno de los puntos del plan contempla revisar los presupuestos de los congresos estatales, luego de que se se\u00f1alara que algunos cuentan con altos costos operativos.<\/p>\n<p style=\"text-align: justify;\">En ese sentido, defendi\u00f3 que el Congreso de Oaxaca ha mantenido una pol\u00edtica de austeridad en los \u00faltimos a\u00f1os y aclar\u00f3 que el presupuesto del Poder Legislativo no se destina \u00fanicamente a los diputados.<\/p>\n<p style=\"text-align: justify;\">Detall\u00f3 que los recursos se distribuyen en salarios de trabajadores de base y de confianza, pago a jubilados, mantenimiento del recinto legislativo, servicios como energ\u00eda el\u00e9ctrica, telefon\u00eda, papeler\u00eda y otros gastos administrativos.<\/p>\n<p style=\"text-align: justify;\">Caballero Navarro tambi\u00e9n respondi\u00f3 a versiones difundidas en redes sociales sobre el presupuesto legislativo. Explic\u00f3 que aunque el Congreso cuenta con m\u00e1s de 400 millones de pesos anuales para 42 diputados, esto no significa que cada legislador reciba m\u00e1s de 11 millones de pesos al a\u00f1o, ya que el presupuesto cubre toda la operaci\u00f3n institucional.<\/p>\n<p style=\"text-align: justify;\">Finalmente, reiter\u00f3 que el Congreso de Oaxaca continuar\u00e1 acompa\u00f1ando el proyecto de transformaci\u00f3n pol\u00edtica en el pa\u00eds. \u201cNuestro compromiso es que el poder p\u00fablico est\u00e9 verdaderamente al servicio del pueblo\u201d, concluy\u00f3.<\/p>\n<div style=\"width: 478px;\" class=\"wp-video\"><video class=\"wp-video-shortcode\" id=\"video-40983-1\" width=\"478\" height=\"850\" preload=\"metadata\" controls=\"controls\"><source type=\"video\/mp4\" src=\"https:\/\/redaccionoaxaca.com\/wp-content\/uploads\/2026\/03\/VID-20260313-WA0096.mp4?_=1\" \/><a href=\"https:\/\/redaccionoaxaca.com\/wp-content\/uploads\/2026\/03\/VID-20260313-WA0096.mp4\">https:\/\/redaccionoaxaca.com\/wp-content\/uploads\/2026\/03\/VID-20260313-WA0096.mp4<\/a><\/video><\/div>\n","protected":false},"excerpt":{"rendered":"<p>#Redacci\u00f3nOaxaca #Oaxaca Ariadna Mendoza La presidenta de la Junta de Coordinaci\u00f3n Pol\u00edtica (JUCOPO) del Congreso del Estado de Oaxaca, Tania Caballero Navarro, expres\u00f3 el respaldo de la bancada de Morena al llamado \u201cPlan B\u201d de la reforma electoral impulsado por la presidenta de M\u00e9xico, Claudia Sheinbaum, luego de que la propuesta inicial no alcanzara la [&hellip;]<\/p>\n","protected":false},"author":9,"featured_media":40984,"comment_status":"open","ping_status":"open","sticky":false,"template":"","format":"video","meta":{"jetpack_post_was_ever_published":false,"_jetpack_newsletter_access":"","_jetpack_dont_email_post_to_subs":false,"_jetpack_newsletter_tier_id":0,"_jetpack_memberships_contains_paywalled_content":false,"_jetpack_memberships_contains_paid_content":false,"footnotes":"","jetpack_publicize_message":"","jetpack_publicize_feature_enabled":true,"jetpack_social_post_already_shared":true,"jetpack_social_options":{"image_generator_settings":{"template":"highway","default_image_id":0,"font":"","enabled":false},"version":2}},"categories":[4,5,3,6],"tags":[],"class_list":{"0":"post-40983","1":"post","2":"type-post","3":"status-publish","4":"format-video","5":"has-post-thumbnail","7":"category-agenda-politica","8":"category-imagen","9":"category-mesa-de-redaccion","10":"category-tendencias","11":"post_format-post-format-video"},"jetpack_publicize_connections":[],"jetpack_featured_media_url":"https:\/\/i0.wp.com\/redaccionoaxaca.com\/wp-content\/uploads\/2026\/03\/Screenshot_20260313_111831_Facebook-scaled.jpg?fit=2560%2C1368&ssl=1","jetpack_sharing_enabled":true,"jetpack_shortlink":"https:\/\/wp.me\/p9Ynjw-aF1","jetpack-related-posts":[{"id":41072,"url":"https:\/\/redaccionoaxaca.com\/index.php\/2026\/03\/18\/congreso-de-oaxaca-respalda-plan-b-de-la-reforma-electoral\/","url_meta":{"origin":40983,"position":0},"title":"Congreso de Oaxaca respalda Plan B de la Reforma Electoral","author":"ariadna","date":"marzo 18, 2026","format":false,"excerpt":"#Redacci\u00f3nOaxaca #Oaxaca * Las y los diputados coincidieron en la importancia de fortalecer la democracia a trav\u00e9s de la iniciativa de la Presidenta Claudia Sheinbaum Pardo San Raymundo Jalpan, Oax., a 18 de marzo de 2026.- En Sesi\u00f3n Ordinaria, las y los diputados de la LXVI Legislatura del Congreso del\u2026","rel":"","context":"En &quot;Agenda Pol\u00edtica&quot;","block_context":{"text":"Agenda Pol\u00edtica","link":"https:\/\/redaccionoaxaca.com\/index.php\/category\/agenda-politica\/"},"img":{"alt_text":"","src":"https:\/\/i0.wp.com\/redaccionoaxaca.com\/wp-content\/uploads\/2026\/03\/Screenshot_20260318_215938_Facebook-scaled.jpg?fit=1200%2C694&ssl=1&resize=350%2C200","width":350,"height":200,"srcset":"https:\/\/i0.wp.com\/redaccionoaxaca.com\/wp-content\/uploads\/2026\/03\/Screenshot_20260318_215938_Facebook-scaled.jpg?fit=1200%2C694&ssl=1&resize=350%2C200 1x, https:\/\/i0.wp.com\/redaccionoaxaca.com\/wp-content\/uploads\/2026\/03\/Screenshot_20260318_215938_Facebook-scaled.jpg?fit=1200%2C694&ssl=1&resize=525%2C300 1.5x, https:\/\/i0.wp.com\/redaccionoaxaca.com\/wp-content\/uploads\/2026\/03\/Screenshot_20260318_215938_Facebook-scaled.jpg?fit=1200%2C694&ssl=1&resize=700%2C400 2x, https:\/\/i0.wp.com\/redaccionoaxaca.com\/wp-content\/uploads\/2026\/03\/Screenshot_20260318_215938_Facebook-scaled.jpg?fit=1200%2C694&ssl=1&resize=1050%2C600 3x"},"classes":[]},{"id":40849,"url":"https:\/\/redaccionoaxaca.com\/index.php\/2026\/03\/05\/respaldar-la-reforma-electoral-es-estar-del-lado-del-pueblo-tania-caballero\/","url_meta":{"origin":40983,"position":1},"title":"Respaldar la Reforma Electoral es estar del lado del pueblo: Tania Caballero","author":"ariadna","date":"marzo 5, 2026","format":false,"excerpt":"#Redacci\u00f3nOaxaca #Oaxaca \u2022 La coordinadora parlamentaria de Morena reiter\u00f3 que desde Oaxaca se apoya la propuesta de la Presidenta Claudia Sheinbaum San Raymundo Jalpan, Oax., a 05 de marzo de 2026.- La Coordinadora del Grupo Parlamentario del Partido Movimiento de Regeneraci\u00f3n Nacional (Morena) en el Congreso del Estado, diputada Tania\u2026","rel":"","context":"En &quot;Agenda Pol\u00edtica&quot;","block_context":{"text":"Agenda Pol\u00edtica","link":"https:\/\/redaccionoaxaca.com\/index.php\/category\/agenda-politica\/"},"img":{"alt_text":"","src":"https:\/\/i0.wp.com\/redaccionoaxaca.com\/wp-content\/uploads\/2026\/03\/Screenshot_20260305_201011_Facebook-scaled.jpg?fit=1200%2C764&ssl=1&resize=350%2C200","width":350,"height":200,"srcset":"https:\/\/i0.wp.com\/redaccionoaxaca.com\/wp-content\/uploads\/2026\/03\/Screenshot_20260305_201011_Facebook-scaled.jpg?fit=1200%2C764&ssl=1&resize=350%2C200 1x, https:\/\/i0.wp.com\/redaccionoaxaca.com\/wp-content\/uploads\/2026\/03\/Screenshot_20260305_201011_Facebook-scaled.jpg?fit=1200%2C764&ssl=1&resize=525%2C300 1.5x, https:\/\/i0.wp.com\/redaccionoaxaca.com\/wp-content\/uploads\/2026\/03\/Screenshot_20260305_201011_Facebook-scaled.jpg?fit=1200%2C764&ssl=1&resize=700%2C400 2x, https:\/\/i0.wp.com\/redaccionoaxaca.com\/wp-content\/uploads\/2026\/03\/Screenshot_20260305_201011_Facebook-scaled.jpg?fit=1200%2C764&ssl=1&resize=1050%2C600 3x"},"classes":[]},{"id":41419,"url":"https:\/\/redaccionoaxaca.com\/index.php\/2026\/04\/09\/oaxaca-uno-de-los-primeros-estados-en-aprobar-la-minuta-del-plan-b-de-la-reforma-electoral\/","url_meta":{"origin":40983,"position":2},"title":"Oaxaca, uno de los primeros estados en aprobar la minuta del Plan B de la Reforma Electoral","author":"ariadna","date":"abril 9, 2026","format":false,"excerpt":"#Redacci\u00f3nOaxaca #Oaxaca * La LXVI Legislatura se pronunci\u00f3 a favor de fortalecer los principios de austeridad republicana y reducir privilegios en el ejercicio del poder p\u00fablico San Raymundo Jalpan, Oax., a 09 de abril de 2026.- Oaxaca se convirti\u00f3 en uno de los primeros estados del pa\u00eds en aprobar, por\u2026","rel":"","context":"En &quot;Imagen&quot;","block_context":{"text":"Imagen","link":"https:\/\/redaccionoaxaca.com\/index.php\/category\/imagen\/"},"img":{"alt_text":"","src":"https:\/\/i0.wp.com\/redaccionoaxaca.com\/wp-content\/uploads\/2026\/04\/Screenshot_20260409_163011_Facebook-scaled.jpg?fit=1200%2C791&ssl=1&resize=350%2C200","width":350,"height":200,"srcset":"https:\/\/i0.wp.com\/redaccionoaxaca.com\/wp-content\/uploads\/2026\/04\/Screenshot_20260409_163011_Facebook-scaled.jpg?fit=1200%2C791&ssl=1&resize=350%2C200 1x, https:\/\/i0.wp.com\/redaccionoaxaca.com\/wp-content\/uploads\/2026\/04\/Screenshot_20260409_163011_Facebook-scaled.jpg?fit=1200%2C791&ssl=1&resize=525%2C300 1.5x, https:\/\/i0.wp.com\/redaccionoaxaca.com\/wp-content\/uploads\/2026\/04\/Screenshot_20260409_163011_Facebook-scaled.jpg?fit=1200%2C791&ssl=1&resize=700%2C400 2x, https:\/\/i0.wp.com\/redaccionoaxaca.com\/wp-content\/uploads\/2026\/04\/Screenshot_20260409_163011_Facebook-scaled.jpg?fit=1200%2C791&ssl=1&resize=1050%2C600 3x"},"classes":[]},{"id":40997,"url":"https:\/\/redaccionoaxaca.com\/index.php\/2026\/03\/14\/tras-madrugada-de-negociaciones-bloque-oficialista-acuerda-impulsar-el-plan-b-de-sheinbaum\/","url_meta":{"origin":40983,"position":3},"title":"Tras madrugada de negociaciones, bloque oficialista acuerda impulsar el Plan B de Sheinbaum","author":"ariadna","date":"marzo 14, 2026","format":false,"excerpt":"#Redacci\u00f3nOaxaca #Oaxaca #JaimeGUERRERO La fracci\u00f3n de Morena en el Congreso amarr\u00f3 esta madrugada el apoyo del PT y PVEM para sacar adelante el Plan B electoral de la presidenta Claudia Sheinbaum, luego de una jornada de 12 horas de negociaciones encabezadas por la secretaria de Gobernaci\u00f3n, Rosa Icela Rodr\u00edguez. El\u2026","rel":"","context":"En &quot;Agenda Pol\u00edtica&quot;","block_context":{"text":"Agenda Pol\u00edtica","link":"https:\/\/redaccionoaxaca.com\/index.php\/category\/agenda-politica\/"},"img":{"alt_text":"","src":"https:\/\/i0.wp.com\/redaccionoaxaca.com\/wp-content\/uploads\/2026\/03\/sheinbaum-respaldo.webp?fit=850%2C480&ssl=1&resize=350%2C200","width":350,"height":200,"srcset":"https:\/\/i0.wp.com\/redaccionoaxaca.com\/wp-content\/uploads\/2026\/03\/sheinbaum-respaldo.webp?fit=850%2C480&ssl=1&resize=350%2C200 1x, https:\/\/i0.wp.com\/redaccionoaxaca.com\/wp-content\/uploads\/2026\/03\/sheinbaum-respaldo.webp?fit=850%2C480&ssl=1&resize=525%2C300 1.5x, https:\/\/i0.wp.com\/redaccionoaxaca.com\/wp-content\/uploads\/2026\/03\/sheinbaum-respaldo.webp?fit=850%2C480&ssl=1&resize=700%2C400 2x"},"classes":[]},{"id":40467,"url":"https:\/\/redaccionoaxaca.com\/index.php\/2026\/02\/11\/oaxaca-va-por-nueva-constitucion-congreso-espera-reforma-federal-para-presentar-propuesta\/","url_meta":{"origin":40983,"position":4},"title":"Oaxaca va por nueva Constituci\u00f3n; Congreso espera reforma federal para presentar propuesta","author":"ariadna","date":"febrero 11, 2026","format":"video","excerpt":"#Redacci\u00f3nOaxaca #Oaxaca Oaxaca podr\u00eda estrenar una nueva Constituci\u00f3n en los pr\u00f3ximos meses. La presidenta de la Junta de Coordinaci\u00f3n Pol\u00edtica del Congreso local, Tania Caballero, confirm\u00f3 que ya se trabaja en el proyecto, aunque su presentaci\u00f3n depender\u00e1 de la reforma electoral que se discuta a nivel federal. La diputada se\u00f1al\u00f3\u2026","rel":"","context":"En &quot;Agenda Pol\u00edtica&quot;","block_context":{"text":"Agenda Pol\u00edtica","link":"https:\/\/redaccionoaxaca.com\/index.php\/category\/agenda-politica\/"},"img":{"alt_text":"","src":"https:\/\/i0.wp.com\/redaccionoaxaca.com\/wp-content\/uploads\/2026\/02\/FB_IMG_1770853269900.jpg?fit=1200%2C796&ssl=1&resize=350%2C200","width":350,"height":200,"srcset":"https:\/\/i0.wp.com\/redaccionoaxaca.com\/wp-content\/uploads\/2026\/02\/FB_IMG_1770853269900.jpg?fit=1200%2C796&ssl=1&resize=350%2C200 1x, https:\/\/i0.wp.com\/redaccionoaxaca.com\/wp-content\/uploads\/2026\/02\/FB_IMG_1770853269900.jpg?fit=1200%2C796&ssl=1&resize=525%2C300 1.5x, https:\/\/i0.wp.com\/redaccionoaxaca.com\/wp-content\/uploads\/2026\/02\/FB_IMG_1770853269900.jpg?fit=1200%2C796&ssl=1&resize=700%2C400 2x, https:\/\/i0.wp.com\/redaccionoaxaca.com\/wp-content\/uploads\/2026\/02\/FB_IMG_1770853269900.jpg?fit=1200%2C796&ssl=1&resize=1050%2C600 3x"},"classes":[]},{"id":40001,"url":"https:\/\/redaccionoaxaca.com\/index.php\/2026\/01\/17\/reforma-electoral-fortalecera-la-democracia-participativa-afirma-senador-nino-morales\/","url_meta":{"origin":40983,"position":5},"title":"Reforma electoral fortalecer\u00e1 la democracia participativa, afirma senador Nino Morales","author":"ariadna","date":"enero 17, 2026","format":false,"excerpt":"#Redacci\u00f3nOaxaca #Oaxaca Jaime GUERRERO El senador por Oaxaca, Antonino Morales Toledo, expres\u00f3 su respaldo total a la iniciativa de reforma electoral que impulsa la presidenta Claudia Sheinbaum Pardo, la cual tiene como objetivo devolver el poder al pueblo y terminar con los privilegios de una clase pol\u00edtica que convirti\u00f3 los\u2026","rel":"","context":"En &quot;Agenda Pol\u00edtica&quot;","block_context":{"text":"Agenda Pol\u00edtica","link":"https:\/\/redaccionoaxaca.com\/index.php\/category\/agenda-politica\/"},"img":{"alt_text":"","src":"https:\/\/i0.wp.com\/redaccionoaxaca.com\/wp-content\/uploads\/2026\/01\/images-17.jpeg?fit=715%2C429&ssl=1&resize=350%2C200","width":350,"height":200,"srcset":"https:\/\/i0.wp.com\/redaccionoaxaca.com\/wp-content\/uploads\/2026\/01\/images-17.jpeg?fit=715%2C429&ssl=1&resize=350%2C200 1x, https:\/\/i0.wp.com\/redaccionoaxaca.com\/wp-content\/uploads\/2026\/01\/images-17.jpeg?fit=715%2C429&ssl=1&resize=525%2C300 1.5x, https:\/\/i0.wp.com\/redaccionoaxaca.com\/wp-content\/uploads\/2026\/01\/images-17.jpeg?fit=715%2C429&ssl=1&resize=700%2C400 2x"},"classes":[]}],"_links":{"self":[{"href":"https:\/\/redaccionoaxaca.com\/index.php\/wp-json\/wp\/v2\/posts\/40983","targetHints":{"allow":["GET"]}}],"collection":[{"href":"https:\/\/redaccionoaxaca.com\/index.php\/wp-json\/wp\/v2\/posts"}],"about":[{"href":"https:\/\/redaccionoaxaca.com\/index.php\/wp-json\/wp\/v2\/types\/post"}],"author":[{"embeddable":true,"href":"https:\/\/redaccionoaxaca.com\/index.php\/wp-json\/wp\/v2\/users\/9"}],"replies":[{"embeddable":true,"href":"https:\/\/redaccionoaxaca.com\/index.php\/wp-json\/wp\/v2\/comments?post=40983"}],"version-history":[{"count":1,"href":"https:\/\/redaccionoaxaca.com\/index.php\/wp-json\/wp\/v2\/posts\/40983\/revisions"}],"predecessor-version":[{"id":40986,"href":"https:\/\/redaccionoaxaca.com\/index.php\/wp-json\/wp\/v2\/posts\/40983\/revisions\/40986"}],"wp:featuredmedia":[{"embeddable":true,"href":"https:\/\/redaccionoaxaca.com\/index.php\/wp-json\/wp\/v2\/media\/40984"}],"wp:attachment":[{"href":"https:\/\/redaccionoaxaca.com\/index.php\/wp-json\/wp\/v2\/media?parent=40983"}],"wp:term":[{"taxonomy":"category","embeddable":true,"href":"https:\/\/redaccionoaxaca.com\/index.php\/wp-json\/wp\/v2\/categories?post=40983"},{"taxonomy":"post_tag","embeddable":true,"href":"https:\/\/redaccionoaxaca.com\/index.php\/wp-json\/wp\/v2\/tags?post=40983"}],"curies":[{"name":"wp","href":"https:\/\/api.w.org\/{rel}","templated":true}]}}