{"id":40987,"date":"2026-03-13T19:23:59","date_gmt":"2026-03-14T01:23:59","guid":{"rendered":"https:\/\/redaccionoaxaca.com\/?p=40987"},"modified":"2026-03-13T19:23:59","modified_gmt":"2026-03-14T01:23:59","slug":"aprueba-congreso-local-designacion-de-dos-autoridades-municipales-elevacion-de-categorias-administrativas-y-el-cambio-de-nombre-a-una-rancheria","status":"publish","type":"post","link":"https:\/\/redaccionoaxaca.com\/index.php\/2026\/03\/13\/aprueba-congreso-local-designacion-de-dos-autoridades-municipales-elevacion-de-categorias-administrativas-y-el-cambio-de-nombre-a-una-rancheria\/","title":{"rendered":"Aprueba Congreso local designaci\u00f3n de dos autoridades municipales, elevaci\u00f3n de categor\u00edas administrativas y el cambio de nombre a una rancher\u00eda"},"content":{"rendered":"<p><strong>#Redacci\u00f3nOaxaca<\/strong><\/p>\n<p><strong>#Oaxaca<\/strong><\/p>\n<p style=\"text-align: justify;\">* <em>La LXVI Legislatura aprob\u00f3 cinco dict\u00e1menes de la Comisi\u00f3n Permanente de Gobierno y Asuntos Agrarios<\/em><\/p>\n<p>San Raymundo Jalpan, Oax., 13 de marzo de 2026.- La LXVI Legislatura aprob\u00f3 por unanimidad cinco dict\u00e1menes emitidos por la Comisi\u00f3n Permanente de Gobierno y Asuntos Agrarios, mediante los cuales se designaron dos autoridades municipales pertenecientes a la regi\u00f3n de los Valles Centrales; se reconocieron con categor\u00edas administrativas a localidades de la Costa e Istmo; y se aval\u00f3 la modificaci\u00f3n de nombre de una rancher\u00eda de la regi\u00f3n de la Sierra Sur.<\/p>\n<p><img data-recalc-dims=\"1\" loading=\"lazy\" decoding=\"async\" data-attachment-id=\"40988\" data-permalink=\"https:\/\/redaccionoaxaca.com\/index.php\/2026\/03\/13\/aprueba-congreso-local-designacion-de-dos-autoridades-municipales-elevacion-de-categorias-administrativas-y-el-cambio-de-nombre-a-una-rancheria\/screenshot_20260313_191820_facebook\/\" data-orig-file=\"https:\/\/i0.wp.com\/redaccionoaxaca.com\/wp-content\/uploads\/2026\/03\/Screenshot_20260313_191820_Facebook-scaled.jpg?fit=2560%2C1682&amp;ssl=1\" data-orig-size=\"2560,1682\" data-comments-opened=\"1\" data-image-meta=\"{&quot;aperture&quot;:&quot;0&quot;,&quot;credit&quot;:&quot;&quot;,&quot;camera&quot;:&quot;&quot;,&quot;caption&quot;:&quot;&quot;,&quot;created_timestamp&quot;:&quot;0&quot;,&quot;copyright&quot;:&quot;&quot;,&quot;focal_length&quot;:&quot;0&quot;,&quot;iso&quot;:&quot;0&quot;,&quot;shutter_speed&quot;:&quot;0&quot;,&quot;title&quot;:&quot;&quot;,&quot;orientation&quot;:&quot;1&quot;}\" data-image-title=\"Screenshot_20260313_191820_Facebook\" data-image-description=\"\" data-image-caption=\"\" data-large-file=\"https:\/\/i0.wp.com\/redaccionoaxaca.com\/wp-content\/uploads\/2026\/03\/Screenshot_20260313_191820_Facebook-scaled.jpg?fit=696%2C457&amp;ssl=1\" class=\"size-medium wp-image-40988 aligncenter\" src=\"https:\/\/i0.wp.com\/redaccionoaxaca.com\/wp-content\/uploads\/2026\/03\/Screenshot_20260313_191820_Facebook.jpg?resize=300%2C197&#038;ssl=1\" alt=\"\" width=\"300\" height=\"197\" srcset=\"https:\/\/i0.wp.com\/redaccionoaxaca.com\/wp-content\/uploads\/2026\/03\/Screenshot_20260313_191820_Facebook-scaled.jpg?resize=300%2C197&amp;ssl=1 300w, https:\/\/i0.wp.com\/redaccionoaxaca.com\/wp-content\/uploads\/2026\/03\/Screenshot_20260313_191820_Facebook-scaled.jpg?resize=1024%2C673&amp;ssl=1 1024w, https:\/\/i0.wp.com\/redaccionoaxaca.com\/wp-content\/uploads\/2026\/03\/Screenshot_20260313_191820_Facebook-scaled.jpg?resize=768%2C505&amp;ssl=1 768w, https:\/\/i0.wp.com\/redaccionoaxaca.com\/wp-content\/uploads\/2026\/03\/Screenshot_20260313_191820_Facebook-scaled.jpg?resize=1536%2C1009&amp;ssl=1 1536w, https:\/\/i0.wp.com\/redaccionoaxaca.com\/wp-content\/uploads\/2026\/03\/Screenshot_20260313_191820_Facebook-scaled.jpg?resize=2048%2C1346&amp;ssl=1 2048w, https:\/\/i0.wp.com\/redaccionoaxaca.com\/wp-content\/uploads\/2026\/03\/Screenshot_20260313_191820_Facebook-scaled.jpg?resize=639%2C420&amp;ssl=1 639w, https:\/\/i0.wp.com\/redaccionoaxaca.com\/wp-content\/uploads\/2026\/03\/Screenshot_20260313_191820_Facebook-scaled.jpg?resize=696%2C457&amp;ssl=1 696w, https:\/\/i0.wp.com\/redaccionoaxaca.com\/wp-content\/uploads\/2026\/03\/Screenshot_20260313_191820_Facebook-scaled.jpg?resize=1068%2C702&amp;ssl=1 1068w, https:\/\/i0.wp.com\/redaccionoaxaca.com\/wp-content\/uploads\/2026\/03\/Screenshot_20260313_191820_Facebook-scaled.jpg?resize=741%2C486&amp;ssl=1 741w, https:\/\/i0.wp.com\/redaccionoaxaca.com\/wp-content\/uploads\/2026\/03\/Screenshot_20260313_191820_Facebook-scaled.jpg?w=1392&amp;ssl=1 1392w\" sizes=\"auto, (max-width: 300px) 100vw, 300px\" \/><\/p>\n<p style=\"text-align: justify;\">Designan a Regidora de Educaci\u00f3n y Cultura Municipal en Teotitl\u00e1n del Valle, y de Hacienda en Tlalixtac de Cabrera<\/p>\n<p style=\"text-align: justify;\">Se declar\u00f3 procedente la designaci\u00f3n de la Ciudadana Cecilia Hern\u00e1ndez Ruiz, como Regidora de Educaci\u00f3n y Cultura Municipal del Ayuntamiento de Teotitl\u00e1n del Valle, Distrito de Tlacolula, por el periodo legal comprendido del 15 de enero de 2026 al 31 de diciembre de 2028. La solicitud fue realizada por el Ciudadano Benjam\u00edn Mendoza, Presidente Municipal del Ayuntamiento mencionado, derivado de la renuncia de la anterior titular, con fecha 13 de enero de 2026.<\/p>\n<p style=\"text-align: justify;\">Asimismo, se design\u00f3 a la Ciudadana Margarita Santiago Lorenzo, al cargo de Regidora de Hacienda del Ayuntamiento de Tlalixtac de Cabrera, Distrito del Centro, por el periodo comprendido del 16 de enero de 2026 al 31 de diciembre de 2028. La solicitud fue realizada por los Ciudadanos David Hern\u00e1ndez L\u00f3pez y Saturnino Garc\u00eda L\u00f3pez, en su car\u00e1cter de Presidente y S\u00edndico Municipal Constitucional, ante la renuncia de quien ostentaba dicho cargo.<\/p>\n<p style=\"text-align: justify;\">El \u00f3rgano legislativo declar\u00f3 procedentes las solicitudes, por haberse cumplido con los requisitos y formalidades exigidas en los art\u00edculos 34, 41 y 83 fracci\u00f3n III inciso B), p\u00e1rrafos pen\u00faltimo y \u00faltimo de la Ley Org\u00e1nica Municipal del Estado.<\/p>\n<p style=\"text-align: justify;\">Reconocen con la Categor\u00eda Administrativa de Agencia de Polic\u00eda a localidades del Istmo y la Costa<\/p>\n<p style=\"text-align: justify;\">Por otra parte, se aprob\u00f3 el reconocimiento con la Categor\u00eda Administrativa de Agencia de Polic\u00eda a favor de las localidades de Puerto Grande, perteneciente al Municipio de San Francisco del Mar, Distrito de Juchit\u00e1n, en la regi\u00f3n del Istmo; y de Llano Grande, Municipio de Santa Mar\u00eda Tonameca, Distrito de Pochutla, en la regi\u00f3n de la Costa.<\/p>\n<p style=\"text-align: justify;\">Los Decretos aprobados en Sesi\u00f3n Ordinaria no encontraron impedimento legal y cumplieron con los requisitos y las formalidades exigidas en los art\u00edculos 17 fracci\u00f3n II, 18, 20, 20 Ter, 43 inciso A, fracciones III y IV de la Ley Org\u00e1nica Municipal del Estado.<\/p>\n<p style=\"text-align: justify;\">Modifican nombre de Rancher\u00eda del Municipio de Putla Villa de Guerrero<\/p>\n<p style=\"text-align: justify;\">Tambi\u00e9n se declar\u00f3 procedente la modificaci\u00f3n de nombre de la Rancher\u00eda Yosonduchi, para quedar como Loma Flor de Sangre, perteneciente al Municipio de Putla Villa de Guerrero.<\/p>\n<p style=\"text-align: justify;\">Lo anterior, fue solicitado por el Licenciado Pr\u00f3spero Francisco Cruz Ricardo, en su car\u00e1cter de Presidente Municipal. El \u00f3rgano legislativo aval\u00f3 la petici\u00f3n al no existir impedimento legal y por haber cumplido con los requisitos y las formalidades de la ley con fundamento en los art\u00edculos 19, 20 Bis, 20 Ter y 43 inciso A, fracciones III y IV de la Ley Org\u00e1nica Municipal del Estado.<\/p>\n<p><img data-recalc-dims=\"1\" loading=\"lazy\" decoding=\"async\" data-attachment-id=\"40989\" data-permalink=\"https:\/\/redaccionoaxaca.com\/index.php\/2026\/03\/13\/aprueba-congreso-local-designacion-de-dos-autoridades-municipales-elevacion-de-categorias-administrativas-y-el-cambio-de-nombre-a-una-rancheria\/screenshot_20260313_191825_facebook\/\" data-orig-file=\"https:\/\/i0.wp.com\/redaccionoaxaca.com\/wp-content\/uploads\/2026\/03\/Screenshot_20260313_191825_Facebook-scaled.jpg?fit=2560%2C1699&amp;ssl=1\" data-orig-size=\"2560,1699\" data-comments-opened=\"1\" data-image-meta=\"{&quot;aperture&quot;:&quot;0&quot;,&quot;credit&quot;:&quot;&quot;,&quot;camera&quot;:&quot;&quot;,&quot;caption&quot;:&quot;&quot;,&quot;created_timestamp&quot;:&quot;0&quot;,&quot;copyright&quot;:&quot;&quot;,&quot;focal_length&quot;:&quot;0&quot;,&quot;iso&quot;:&quot;0&quot;,&quot;shutter_speed&quot;:&quot;0&quot;,&quot;title&quot;:&quot;&quot;,&quot;orientation&quot;:&quot;1&quot;}\" data-image-title=\"Screenshot_20260313_191825_Facebook\" data-image-description=\"\" data-image-caption=\"\" data-large-file=\"https:\/\/i0.wp.com\/redaccionoaxaca.com\/wp-content\/uploads\/2026\/03\/Screenshot_20260313_191825_Facebook-scaled.jpg?fit=696%2C462&amp;ssl=1\" class=\"size-medium wp-image-40989 aligncenter\" src=\"https:\/\/i0.wp.com\/redaccionoaxaca.com\/wp-content\/uploads\/2026\/03\/Screenshot_20260313_191825_Facebook.jpg?resize=300%2C199&#038;ssl=1\" alt=\"\" width=\"300\" height=\"199\" srcset=\"https:\/\/i0.wp.com\/redaccionoaxaca.com\/wp-content\/uploads\/2026\/03\/Screenshot_20260313_191825_Facebook-scaled.jpg?resize=300%2C199&amp;ssl=1 300w, https:\/\/i0.wp.com\/redaccionoaxaca.com\/wp-content\/uploads\/2026\/03\/Screenshot_20260313_191825_Facebook-scaled.jpg?resize=1024%2C680&amp;ssl=1 1024w, https:\/\/i0.wp.com\/redaccionoaxaca.com\/wp-content\/uploads\/2026\/03\/Screenshot_20260313_191825_Facebook-scaled.jpg?resize=768%2C510&amp;ssl=1 768w, https:\/\/i0.wp.com\/redaccionoaxaca.com\/wp-content\/uploads\/2026\/03\/Screenshot_20260313_191825_Facebook-scaled.jpg?resize=1536%2C1019&amp;ssl=1 1536w, https:\/\/i0.wp.com\/redaccionoaxaca.com\/wp-content\/uploads\/2026\/03\/Screenshot_20260313_191825_Facebook-scaled.jpg?resize=2048%2C1359&amp;ssl=1 2048w, https:\/\/i0.wp.com\/redaccionoaxaca.com\/wp-content\/uploads\/2026\/03\/Screenshot_20260313_191825_Facebook-scaled.jpg?resize=633%2C420&amp;ssl=1 633w, https:\/\/i0.wp.com\/redaccionoaxaca.com\/wp-content\/uploads\/2026\/03\/Screenshot_20260313_191825_Facebook-scaled.jpg?resize=696%2C462&amp;ssl=1 696w, https:\/\/i0.wp.com\/redaccionoaxaca.com\/wp-content\/uploads\/2026\/03\/Screenshot_20260313_191825_Facebook-scaled.jpg?resize=1068%2C709&amp;ssl=1 1068w, https:\/\/i0.wp.com\/redaccionoaxaca.com\/wp-content\/uploads\/2026\/03\/Screenshot_20260313_191825_Facebook-scaled.jpg?w=1392&amp;ssl=1 1392w\" sizes=\"auto, (max-width: 300px) 100vw, 300px\" \/><\/p>\n","protected":false},"excerpt":{"rendered":"<p>#Redacci\u00f3nOaxaca #Oaxaca * La LXVI Legislatura aprob\u00f3 cinco dict\u00e1menes de la Comisi\u00f3n Permanente de Gobierno y Asuntos Agrarios San Raymundo Jalpan, Oax., 13 de marzo de 2026.- La LXVI Legislatura aprob\u00f3 por unanimidad cinco dict\u00e1menes emitidos por la Comisi\u00f3n Permanente de Gobierno y Asuntos Agrarios, mediante los cuales se designaron dos autoridades municipales pertenecientes a [&hellip;]<\/p>\n","protected":false},"author":9,"featured_media":40988,"comment_status":"open","ping_status":"open","sticky":false,"template":"","format":"standard","meta":{"jetpack_post_was_ever_published":false,"_jetpack_newsletter_access":"","_jetpack_dont_email_post_to_subs":false,"_jetpack_newsletter_tier_id":0,"_jetpack_memberships_contains_paywalled_content":false,"_jetpack_memberships_contains_paid_content":false,"footnotes":"","jetpack_publicize_message":"","jetpack_publicize_feature_enabled":true,"jetpack_social_post_already_shared":true,"jetpack_social_options":{"image_generator_settings":{"template":"highway","default_image_id":0,"font":"","enabled":false},"version":2}},"categories":[4,7,5,6],"tags":[],"class_list":{"0":"post-40987","1":"post","2":"type-post","3":"status-publish","4":"format-standard","5":"has-post-thumbnail","7":"category-agenda-politica","8":"category-al-cierre","9":"category-imagen","10":"category-tendencias"},"jetpack_publicize_connections":[],"jetpack_featured_media_url":"https:\/\/i0.wp.com\/redaccionoaxaca.com\/wp-content\/uploads\/2026\/03\/Screenshot_20260313_191820_Facebook-scaled.jpg?fit=2560%2C1682&ssl=1","jetpack_sharing_enabled":true,"jetpack_shortlink":"https:\/\/wp.me\/p9Ynjw-aF5","jetpack-related-posts":[{"id":40750,"url":"https:\/\/redaccionoaxaca.com\/index.php\/2026\/02\/27\/aprueba-congreso-local-el-reconocimiento-y-elevacion-de-categorias-administrativas-a-favor-de-dos-localidades-y-la-designacion-de-una-autoridad-municipal\/","url_meta":{"origin":40987,"position":0},"title":"Aprueba Congreso local el reconocimiento y elevaci\u00f3n de categor\u00edas administrativas a favor de dos localidades y la designaci\u00f3n de una autoridad municipal","author":"ariadna","date":"febrero 27, 2026","format":false,"excerpt":"#Redacci\u00f3nOaxaca #Oaxaca * Se avalaron tres dict\u00e1menes de la Comisi\u00f3n Permanente de Gobierno y Asuntos Agrarios San Raymundo Jalpan, Oax., 27 de febrero de 2026.- El Congreso del Estado aprob\u00f3 por unanimidad tres dict\u00e1menes emitidos por la Comisi\u00f3n Permanente de Gobierno y Asuntos Agrarios, mediante los cuales se avala la\u2026","rel":"","context":"En &quot;Agenda Pol\u00edtica&quot;","block_context":{"text":"Agenda Pol\u00edtica","link":"https:\/\/redaccionoaxaca.com\/index.php\/category\/agenda-politica\/"},"img":{"alt_text":"","src":"https:\/\/i0.wp.com\/redaccionoaxaca.com\/wp-content\/uploads\/2026\/02\/Screenshot_20260227_210149_Facebook-scaled.jpg?fit=1200%2C795&ssl=1&resize=350%2C200","width":350,"height":200,"srcset":"https:\/\/i0.wp.com\/redaccionoaxaca.com\/wp-content\/uploads\/2026\/02\/Screenshot_20260227_210149_Facebook-scaled.jpg?fit=1200%2C795&ssl=1&resize=350%2C200 1x, https:\/\/i0.wp.com\/redaccionoaxaca.com\/wp-content\/uploads\/2026\/02\/Screenshot_20260227_210149_Facebook-scaled.jpg?fit=1200%2C795&ssl=1&resize=525%2C300 1.5x, https:\/\/i0.wp.com\/redaccionoaxaca.com\/wp-content\/uploads\/2026\/02\/Screenshot_20260227_210149_Facebook-scaled.jpg?fit=1200%2C795&ssl=1&resize=700%2C400 2x, https:\/\/i0.wp.com\/redaccionoaxaca.com\/wp-content\/uploads\/2026\/02\/Screenshot_20260227_210149_Facebook-scaled.jpg?fit=1200%2C795&ssl=1&resize=1050%2C600 3x"},"classes":[]},{"id":41598,"url":"https:\/\/redaccionoaxaca.com\/index.php\/2026\/04\/16\/congreso-del-estado-aprueba-la-elevacion-de-categoria-administrativa-a-agencia-municipal-de-tres-localidades-de-la-costa-e-istmo\/","url_meta":{"origin":40987,"position":1},"title":"Congreso del Estado aprueba la elevaci\u00f3n de categor\u00eda administrativa a Agencia Municipal de tres localidades de la Costa e Istmo","author":"ariadna","date":"abril 16, 2026","format":false,"excerpt":"#Redacci\u00f3nOaxaca #Oaxaca * Se avalaron tres dict\u00e1menes de la Comisi\u00f3n Permanente de Gobierno y Asuntos Agrarios San Raymundo Jalpan, Oax., 16 de abril de 2026.- En Sesi\u00f3n Ordinaria, la LXVI Legislatura aprob\u00f3 por unanimidad tres dict\u00e1menes emitidos por la Comisi\u00f3n Permanente de Gobierno y Asuntos Agrarios, mediante los cuales se\u2026","rel":"","context":"En &quot;Agenda Pol\u00edtica&quot;","block_context":{"text":"Agenda Pol\u00edtica","link":"https:\/\/redaccionoaxaca.com\/index.php\/category\/agenda-politica\/"},"img":{"alt_text":"","src":"https:\/\/i0.wp.com\/redaccionoaxaca.com\/wp-content\/uploads\/2026\/04\/Screenshot_20260416_203428_Facebook-scaled.jpg?fit=1200%2C810&ssl=1&resize=350%2C200","width":350,"height":200,"srcset":"https:\/\/i0.wp.com\/redaccionoaxaca.com\/wp-content\/uploads\/2026\/04\/Screenshot_20260416_203428_Facebook-scaled.jpg?fit=1200%2C810&ssl=1&resize=350%2C200 1x, https:\/\/i0.wp.com\/redaccionoaxaca.com\/wp-content\/uploads\/2026\/04\/Screenshot_20260416_203428_Facebook-scaled.jpg?fit=1200%2C810&ssl=1&resize=525%2C300 1.5x, https:\/\/i0.wp.com\/redaccionoaxaca.com\/wp-content\/uploads\/2026\/04\/Screenshot_20260416_203428_Facebook-scaled.jpg?fit=1200%2C810&ssl=1&resize=700%2C400 2x, https:\/\/i0.wp.com\/redaccionoaxaca.com\/wp-content\/uploads\/2026\/04\/Screenshot_20260416_203428_Facebook-scaled.jpg?fit=1200%2C810&ssl=1&resize=1050%2C600 3x"},"classes":[]},{"id":41651,"url":"https:\/\/redaccionoaxaca.com\/index.php\/2026\/04\/19\/aprueba-legislativo-designaciones-en-ayuntamientos-elevacion-de-categoria-administrativa-y-denominacion-politica-de-nucleo-rural-en-localidades-de-la-costa-y-mixteca\/","url_meta":{"origin":40987,"position":2},"title":"Aprueba Legislativo designaciones en ayuntamientos, elevaci\u00f3n de categor\u00eda administrativa y Denominaci\u00f3n Pol\u00edtica de N\u00facleo Rural en localidades de la Costa y Mixteca","author":"ariadna","date":"abril 19, 2026","format":false,"excerpt":"#Redacci\u00f3nOaxaca #Oaxaca * Se avalaron cuatro dict\u00e1menes de la Comisi\u00f3n Permanente de Gobierno y Asuntos Agrarios San Raymundo Jalpan, Oax., 19 de abril de 2026.- El Congreso del Estado aprob\u00f3, con 30 votos a favor, cuatro dict\u00e1menes emitidos por la Comisi\u00f3n Permanente de Gobierno y Asuntos Agrarios, mediante los cuales\u2026","rel":"","context":"En &quot;Agenda Pol\u00edtica&quot;","block_context":{"text":"Agenda Pol\u00edtica","link":"https:\/\/redaccionoaxaca.com\/index.php\/category\/agenda-politica\/"},"img":{"alt_text":"","src":"https:\/\/i0.wp.com\/redaccionoaxaca.com\/wp-content\/uploads\/2026\/04\/Screenshot_20260419_150240_Facebook-scaled.jpg?fit=1200%2C710&ssl=1&resize=350%2C200","width":350,"height":200,"srcset":"https:\/\/i0.wp.com\/redaccionoaxaca.com\/wp-content\/uploads\/2026\/04\/Screenshot_20260419_150240_Facebook-scaled.jpg?fit=1200%2C710&ssl=1&resize=350%2C200 1x, https:\/\/i0.wp.com\/redaccionoaxaca.com\/wp-content\/uploads\/2026\/04\/Screenshot_20260419_150240_Facebook-scaled.jpg?fit=1200%2C710&ssl=1&resize=525%2C300 1.5x, https:\/\/i0.wp.com\/redaccionoaxaca.com\/wp-content\/uploads\/2026\/04\/Screenshot_20260419_150240_Facebook-scaled.jpg?fit=1200%2C710&ssl=1&resize=700%2C400 2x, https:\/\/i0.wp.com\/redaccionoaxaca.com\/wp-content\/uploads\/2026\/04\/Screenshot_20260419_150240_Facebook-scaled.jpg?fit=1200%2C710&ssl=1&resize=1050%2C600 3x"},"classes":[]},{"id":38743,"url":"https:\/\/redaccionoaxaca.com\/index.php\/2025\/10\/16\/avala-congreso-local-reconocimiento-con-denominacion-politica-de-nucleo-rural-a-cinco-localidades-de-la-sierra-sur-y-la-mixteca\/","url_meta":{"origin":40987,"position":3},"title":"Avala Congreso local reconocimiento con Denominaci\u00f3n Pol\u00edtica de N\u00facleo Rural a cinco localidades de la Sierra Sur y la Mixteca","author":"ariadna","date":"octubre 16, 2025","format":false,"excerpt":"#Redacci\u00f3nOaxaca #Oaxaca * Los dict\u00e1menes de la Comisi\u00f3n Permanente de Gobierno y Asuntos Agrarios se aprobaron en Sesi\u00f3n Ordinaria del 30 de septiembre San Raymundo Jalpan, Oax., a 16 de octubre de 2025. \u2013 La LXVI Legislatura del Congreso del Estado aprob\u00f3 en Sesi\u00f3n Ordinaria cinco dict\u00e1menes emitidos por la\u2026","rel":"","context":"En &quot;Agenda Pol\u00edtica&quot;","block_context":{"text":"Agenda Pol\u00edtica","link":"https:\/\/redaccionoaxaca.com\/index.php\/category\/agenda-politica\/"},"img":{"alt_text":"","src":"https:\/\/i0.wp.com\/redaccionoaxaca.com\/wp-content\/uploads\/2025\/10\/Screenshot_20251016_182017_Facebook-1-300x168.jpg?resize=350%2C200&ssl=1","width":350,"height":200},"classes":[]},{"id":32974,"url":"https:\/\/redaccionoaxaca.com\/index.php\/2024\/08\/13\/avala-congreso-elevacion-de-categoria-de-dos-localidades-de-oaxaca\/","url_meta":{"origin":40987,"position":4},"title":"Avala Congreso elevaci\u00f3n de categor\u00eda de dos localidades de Oaxaca","author":"ariadna","date":"agosto 13, 2024","format":false,"excerpt":"#Redacci\u00f3nOaxaca #Oaxaca \u2022Se trata de comunidades pertenecientes a la regi\u00f3n de la Mixteca. San Raymundo Jalpan, Oax. 13 de agosto de 2024.- En sesi\u00f3n ordinaria, el Pleno de la LXV Legislatura del Congreso local aprob\u00f3 los dict\u00e1menes por los cuales se avalan los cambios de categor\u00eda a dos localidades pertenecientes\u2026","rel":"","context":"En &quot;Agenda Pol\u00edtica&quot;","block_context":{"text":"Agenda Pol\u00edtica","link":"https:\/\/redaccionoaxaca.com\/index.php\/category\/agenda-politica\/"},"img":{"alt_text":"","src":"","width":0,"height":0},"classes":[]},{"id":38247,"url":"https:\/\/redaccionoaxaca.com\/index.php\/2025\/09\/14\/aprueba-lxvi-legislatura-cuatro-dictamenes-en-materia-de-gobernabilidad\/","url_meta":{"origin":40987,"position":5},"title":"Aprueba LXVI Legislatura cuatro dict\u00e1menes en materia de gobernabilidad","author":"ariadna","date":"septiembre 14, 2025","format":false,"excerpt":"#Redacci\u00f3nOaxaca #Oaxaca * La localidad Llano Aguacate se desagrega del municipio de Santiago Juxtlahuaca y se incorpora al municipio de Putla Villa de Guerrero * Los Proyectos de Decreto fueron emitidos por la Comisi\u00f3n Permanente de Gobierno y Asuntos Agrarios San Raymundo Jalpan, Oax., a 13 de septiembre de 2025.-\u2026","rel":"","context":"En &quot;Agenda Pol\u00edtica&quot;","block_context":{"text":"Agenda Pol\u00edtica","link":"https:\/\/redaccionoaxaca.com\/index.php\/category\/agenda-politica\/"},"img":{"alt_text":"","src":"https:\/\/i0.wp.com\/redaccionoaxaca.com\/wp-content\/uploads\/2025\/09\/Screenshot_20250914_182940_Facebook-scaled.jpg?fit=1200%2C774&ssl=1&resize=350%2C200","width":350,"height":200,"srcset":"https:\/\/i0.wp.com\/redaccionoaxaca.com\/wp-content\/uploads\/2025\/09\/Screenshot_20250914_182940_Facebook-scaled.jpg?fit=1200%2C774&ssl=1&resize=350%2C200 1x, https:\/\/i0.wp.com\/redaccionoaxaca.com\/wp-content\/uploads\/2025\/09\/Screenshot_20250914_182940_Facebook-scaled.jpg?fit=1200%2C774&ssl=1&resize=525%2C300 1.5x, https:\/\/i0.wp.com\/redaccionoaxaca.com\/wp-content\/uploads\/2025\/09\/Screenshot_20250914_182940_Facebook-scaled.jpg?fit=1200%2C774&ssl=1&resize=700%2C400 2x, https:\/\/i0.wp.com\/redaccionoaxaca.com\/wp-content\/uploads\/2025\/09\/Screenshot_20250914_182940_Facebook-scaled.jpg?fit=1200%2C774&ssl=1&resize=1050%2C600 3x"},"classes":[]}],"_links":{"self":[{"href":"https:\/\/redaccionoaxaca.com\/index.php\/wp-json\/wp\/v2\/posts\/40987","targetHints":{"allow":["GET"]}}],"collection":[{"href":"https:\/\/redaccionoaxaca.com\/index.php\/wp-json\/wp\/v2\/posts"}],"about":[{"href":"https:\/\/redaccionoaxaca.com\/index.php\/wp-json\/wp\/v2\/types\/post"}],"author":[{"embeddable":true,"href":"https:\/\/redaccionoaxaca.com\/index.php\/wp-json\/wp\/v2\/users\/9"}],"replies":[{"embeddable":true,"href":"https:\/\/redaccionoaxaca.com\/index.php\/wp-json\/wp\/v2\/comments?post=40987"}],"version-history":[{"count":1,"href":"https:\/\/redaccionoaxaca.com\/index.php\/wp-json\/wp\/v2\/posts\/40987\/revisions"}],"predecessor-version":[{"id":40990,"href":"https:\/\/redaccionoaxaca.com\/index.php\/wp-json\/wp\/v2\/posts\/40987\/revisions\/40990"}],"wp:featuredmedia":[{"embeddable":true,"href":"https:\/\/redaccionoaxaca.com\/index.php\/wp-json\/wp\/v2\/media\/40988"}],"wp:attachment":[{"href":"https:\/\/redaccionoaxaca.com\/index.php\/wp-json\/wp\/v2\/media?parent=40987"}],"wp:term":[{"taxonomy":"category","embeddable":true,"href":"https:\/\/redaccionoaxaca.com\/index.php\/wp-json\/wp\/v2\/categories?post=40987"},{"taxonomy":"post_tag","embeddable":true,"href":"https:\/\/redaccionoaxaca.com\/index.php\/wp-json\/wp\/v2\/tags?post=40987"}],"curies":[{"name":"wp","href":"https:\/\/api.w.org\/{rel}","templated":true}]}}