{"id":40991,"date":"2026-03-13T20:54:40","date_gmt":"2026-03-14T02:54:40","guid":{"rendered":"https:\/\/redaccionoaxaca.com\/?p=40991"},"modified":"2026-03-13T20:54:40","modified_gmt":"2026-03-14T02:54:40","slug":"el-bienestar-tiene-ruedas-de-lujo-vilma-martinez-lleva-la-cuarta-transformacion-en-camioneta-de-2-mdp-a-comunidades-de-oaxaca-que-construyen-caminos","status":"publish","type":"post","link":"https:\/\/redaccionoaxaca.com\/index.php\/2026\/03\/13\/el-bienestar-tiene-ruedas-de-lujo-vilma-martinez-lleva-la-cuarta-transformacion-en-camioneta-de-2-mdp-a-comunidades-de-oaxaca-que-construyen-caminos\/","title":{"rendered":"El bienestar tiene ruedas de lujo: Vilma Mart\u00ednez lleva la Cuarta Transformaci\u00f3n en camioneta de 2 mdp a comunidades de Oaxaca que construyen caminos"},"content":{"rendered":"<p><strong>#Redacci\u00f3nOaxaca<\/strong><\/p>\n<p><strong>#Oaxaca<\/strong><\/p>\n<p><strong>#JaimeGUERRERO<\/strong><\/p>\n<p style=\"text-align: justify;\">La titular de la Secretar\u00eda de Bienestar, Tequio e Inclusi\u00f3n (Sebienti), Vilma Mart\u00ednez Cort\u00e9s, realiza sus giras a las zonas m\u00e1s pobres del estado a bordo de una camioneta GMC Yukon de alta gama valuada en m\u00e1s de dos millones de pesos, en abierta contradicci\u00f3n con los principios de austeridad republicana que abander\u00f3 la Cuarta Transformaci\u00f3n.<\/p>\n<p><img data-recalc-dims=\"1\" loading=\"lazy\" decoding=\"async\" data-attachment-id=\"40992\" data-permalink=\"https:\/\/redaccionoaxaca.com\/index.php\/2026\/03\/13\/el-bienestar-tiene-ruedas-de-lujo-vilma-martinez-lleva-la-cuarta-transformacion-en-camioneta-de-2-mdp-a-comunidades-de-oaxaca-que-construyen-caminos\/images-48\/\" data-orig-file=\"https:\/\/i0.wp.com\/redaccionoaxaca.com\/wp-content\/uploads\/2026\/03\/images-48.jpeg?fit=678%2C452&amp;ssl=1\" data-orig-size=\"678,452\" data-comments-opened=\"1\" data-image-meta=\"{&quot;aperture&quot;:&quot;0&quot;,&quot;credit&quot;:&quot;&quot;,&quot;camera&quot;:&quot;&quot;,&quot;caption&quot;:&quot;&quot;,&quot;created_timestamp&quot;:&quot;0&quot;,&quot;copyright&quot;:&quot;&quot;,&quot;focal_length&quot;:&quot;0&quot;,&quot;iso&quot;:&quot;0&quot;,&quot;shutter_speed&quot;:&quot;0&quot;,&quot;title&quot;:&quot;&quot;,&quot;orientation&quot;:&quot;0&quot;}\" data-image-title=\"images (48)\" data-image-description=\"\" data-image-caption=\"\" data-large-file=\"https:\/\/i0.wp.com\/redaccionoaxaca.com\/wp-content\/uploads\/2026\/03\/images-48.jpeg?fit=678%2C452&amp;ssl=1\" class=\"size-medium wp-image-40992 aligncenter\" src=\"https:\/\/i0.wp.com\/redaccionoaxaca.com\/wp-content\/uploads\/2026\/03\/images-48.jpeg?resize=300%2C200&#038;ssl=1\" alt=\"\" width=\"300\" height=\"200\" srcset=\"https:\/\/i0.wp.com\/redaccionoaxaca.com\/wp-content\/uploads\/2026\/03\/images-48.jpeg?resize=300%2C200&amp;ssl=1 300w, https:\/\/i0.wp.com\/redaccionoaxaca.com\/wp-content\/uploads\/2026\/03\/images-48.jpeg?resize=630%2C420&amp;ssl=1 630w, https:\/\/i0.wp.com\/redaccionoaxaca.com\/wp-content\/uploads\/2026\/03\/images-48.jpeg?w=678&amp;ssl=1 678w\" sizes=\"auto, (max-width: 300px) 100vw, 300px\" \/><\/p>\n<p style=\"text-align: justify;\">Lo mismo contradice a su jefe pol\u00edtico, el gobernador Salom\u00f3n Jara Cruz, a quien le genera un golpeteo pol\u00edtico y medi\u00e1tico innecesario en un momento en que el mandatario oaxaque\u00f1o est\u00e1 relanzando su ejercicio de gobierno y ha declarado p\u00fablicamente que no tolerar\u00e1 ning\u00fan tipo de irregularidades en su administraci\u00f3n.<\/p>\n<p style=\"text-align: justify;\">La funcionaria defendi\u00f3 el uso del veh\u00edculo el pasado lunes 9 de marzo, durante la conferencia de prensa del gobernador, pero evit\u00f3 revelar el nombre de la empresa que se lo arrienda.<br \/>\n\u201cNuestra camioneta pues ha estado en servicio en ese momento y ese tema fue rentado\u2026 para que ustedes est\u00e9n tranquilos, es una camioneta en su momento fue rentada por una semana para poder trasladar y poder concluir nuestra agenda en la regi\u00f3n\u201d, declar\u00f3 Mart\u00ednez Cort\u00e9s ante los medios de comunicaci\u00f3n.<\/p>\n<p style=\"text-align: justify;\">Al ser cuestionada sobre la identidad del arrendador, la secretaria eludi\u00f3 la pregunta argumentando que no quer\u00eda \u201cpasar el comercial\u201d.<\/p>\n<p><img data-recalc-dims=\"1\" loading=\"lazy\" decoding=\"async\" data-attachment-id=\"40993\" data-permalink=\"https:\/\/redaccionoaxaca.com\/index.php\/2026\/03\/13\/el-bienestar-tiene-ruedas-de-lujo-vilma-martinez-lleva-la-cuarta-transformacion-en-camioneta-de-2-mdp-a-comunidades-de-oaxaca-que-construyen-caminos\/img-20260313-wa0285\/\" data-orig-file=\"https:\/\/i0.wp.com\/redaccionoaxaca.com\/wp-content\/uploads\/2026\/03\/IMG-20260313-WA0285.jpg?fit=720%2C762&amp;ssl=1\" data-orig-size=\"720,762\" data-comments-opened=\"1\" data-image-meta=\"{&quot;aperture&quot;:&quot;0&quot;,&quot;credit&quot;:&quot;&quot;,&quot;camera&quot;:&quot;&quot;,&quot;caption&quot;:&quot;&quot;,&quot;created_timestamp&quot;:&quot;0&quot;,&quot;copyright&quot;:&quot;&quot;,&quot;focal_length&quot;:&quot;0&quot;,&quot;iso&quot;:&quot;0&quot;,&quot;shutter_speed&quot;:&quot;0&quot;,&quot;title&quot;:&quot;&quot;,&quot;orientation&quot;:&quot;0&quot;}\" data-image-title=\"IMG-20260313-WA0285\" data-image-description=\"\" data-image-caption=\"\" data-large-file=\"https:\/\/i0.wp.com\/redaccionoaxaca.com\/wp-content\/uploads\/2026\/03\/IMG-20260313-WA0285.jpg?fit=696%2C737&amp;ssl=1\" class=\"size-medium wp-image-40993 aligncenter\" src=\"https:\/\/i0.wp.com\/redaccionoaxaca.com\/wp-content\/uploads\/2026\/03\/IMG-20260313-WA0285.jpg?resize=283%2C300&#038;ssl=1\" alt=\"\" width=\"283\" height=\"300\" srcset=\"https:\/\/i0.wp.com\/redaccionoaxaca.com\/wp-content\/uploads\/2026\/03\/IMG-20260313-WA0285.jpg?resize=283%2C300&amp;ssl=1 283w, https:\/\/i0.wp.com\/redaccionoaxaca.com\/wp-content\/uploads\/2026\/03\/IMG-20260313-WA0285.jpg?resize=397%2C420&amp;ssl=1 397w, https:\/\/i0.wp.com\/redaccionoaxaca.com\/wp-content\/uploads\/2026\/03\/IMG-20260313-WA0285.jpg?resize=696%2C737&amp;ssl=1 696w, https:\/\/i0.wp.com\/redaccionoaxaca.com\/wp-content\/uploads\/2026\/03\/IMG-20260313-WA0285.jpg?w=720&amp;ssl=1 720w\" sizes=\"auto, (max-width: 283px) 100vw, 283px\" \/><\/p>\n<p style=\"text-align: justify;\">La pol\u00e9mica cobra mayor relevancia porque Vilma Mart\u00ednez Cort\u00e9s posee en propiedad personal una camioneta de caracter\u00edsticas similares de color gris LX lo que abre la pregunta de por qu\u00e9 la dependencia incurri\u00f3 en el gasto de arrendar una unidad equivalente con recursos p\u00fablicos.<\/p>\n<p style=\"text-align: justify;\">En otras palabras: la secretaria del bienestar ajeno tiene en casa una machuchona propia, pero prefiri\u00f3 que el erario pagara otra igual para sus giras.<\/p>\n<p style=\"text-align: justify;\">La unidad utilizada es del tipo que el expresidente Andr\u00e9s Manuel L\u00f3pez Obrador calificaba despectivamente de \u201cmachuchonas\u201d y que consideraba s\u00edmbolo del derroche y la corrupci\u00f3n del viejo r\u00e9gimen.<\/p>\n<p style=\"text-align: justify;\">De acuerdo con precios de agencia, las distintas versiones de la Yukon oscilan entre 1.8 y 2.1 millones de pesos \u2014una cifra que, en contraste, equivale a varias veces el presupuesto anual de los programas sociales que la secretaria dice llevar a las comunidades m\u00e1s olvidadas del estado.<\/p>\n<p><img data-recalc-dims=\"1\" loading=\"lazy\" decoding=\"async\" data-attachment-id=\"40994\" data-permalink=\"https:\/\/redaccionoaxaca.com\/index.php\/2026\/03\/13\/el-bienestar-tiene-ruedas-de-lujo-vilma-martinez-lleva-la-cuarta-transformacion-en-camioneta-de-2-mdp-a-comunidades-de-oaxaca-que-construyen-caminos\/img-20260313-wa0284\/\" data-orig-file=\"https:\/\/i0.wp.com\/redaccionoaxaca.com\/wp-content\/uploads\/2026\/03\/IMG-20260313-WA0284.jpg?fit=960%2C1280&amp;ssl=1\" data-orig-size=\"960,1280\" data-comments-opened=\"1\" data-image-meta=\"{&quot;aperture&quot;:&quot;0&quot;,&quot;credit&quot;:&quot;&quot;,&quot;camera&quot;:&quot;&quot;,&quot;caption&quot;:&quot;&quot;,&quot;created_timestamp&quot;:&quot;0&quot;,&quot;copyright&quot;:&quot;&quot;,&quot;focal_length&quot;:&quot;0&quot;,&quot;iso&quot;:&quot;0&quot;,&quot;shutter_speed&quot;:&quot;0&quot;,&quot;title&quot;:&quot;&quot;,&quot;orientation&quot;:&quot;0&quot;}\" data-image-title=\"IMG-20260313-WA0284\" data-image-description=\"\" data-image-caption=\"\" data-large-file=\"https:\/\/i0.wp.com\/redaccionoaxaca.com\/wp-content\/uploads\/2026\/03\/IMG-20260313-WA0284.jpg?fit=696%2C928&amp;ssl=1\" class=\"size-medium wp-image-40994 aligncenter\" src=\"https:\/\/i0.wp.com\/redaccionoaxaca.com\/wp-content\/uploads\/2026\/03\/IMG-20260313-WA0284.jpg?resize=225%2C300&#038;ssl=1\" alt=\"\" width=\"225\" height=\"300\" srcset=\"https:\/\/i0.wp.com\/redaccionoaxaca.com\/wp-content\/uploads\/2026\/03\/IMG-20260313-WA0284.jpg?resize=225%2C300&amp;ssl=1 225w, https:\/\/i0.wp.com\/redaccionoaxaca.com\/wp-content\/uploads\/2026\/03\/IMG-20260313-WA0284.jpg?resize=768%2C1024&amp;ssl=1 768w, https:\/\/i0.wp.com\/redaccionoaxaca.com\/wp-content\/uploads\/2026\/03\/IMG-20260313-WA0284.jpg?resize=315%2C420&amp;ssl=1 315w, https:\/\/i0.wp.com\/redaccionoaxaca.com\/wp-content\/uploads\/2026\/03\/IMG-20260313-WA0284.jpg?resize=696%2C928&amp;ssl=1 696w, https:\/\/i0.wp.com\/redaccionoaxaca.com\/wp-content\/uploads\/2026\/03\/IMG-20260313-WA0284.jpg?w=960&amp;ssl=1 960w\" sizes=\"auto, (max-width: 225px) 100vw, 225px\" \/><\/p>\n<p style=\"text-align: justify;\">Mientras la Sebienti opera programas dirigidos a municipios donde la gente carece de agua potable, drenaje y en muchos casos hasta de caminos pavimentados, su titular llega a esas comunidades envuelta en dos millones de pesos de acero, cuero y pantallas t\u00e1ctiles, para explicarles, con toda la solemnidad del caso, c\u00f3mo mejorar su bienestar.<\/p>\n<p style=\"text-align: justify;\">La conducta de la funcionaria contrasta adem\u00e1s con el mensaje que el propio gobernador Jara Cruz lanz\u00f3 ese mismo d\u00eda desde su conferencia, cuando record\u00f3 a su equipo de trabajo que la instrucci\u00f3n es clara: menos ostentaci\u00f3n y m\u00e1s resultados.<\/p>\n<p style=\"text-align: justify;\">Contrari\u00f3 al mensaje de relanzamiento de la administraci\u00f3n local con austeridad y congruencia que busca establecer el gobernador de Oaxaca, la funcionaria se presenta en localidades de alta marginaci\u00f3n con una camioneta de lujo.<\/p>\n<p style=\"text-align: justify;\"><em><strong>Presuntas irregularidades en la contrataci\u00f3n<\/strong><\/em><\/p>\n<p style=\"text-align: justify;\">La adquisici\u00f3n del veh\u00edculo forma parte de un esquema de arrendamiento vehicular que presenta presuntas irregularidades de fondo.<\/p>\n<p style=\"text-align: justify;\">Presuntamente, el contrato fue formalizado en diciembre de 2025 mediante adjudicaci\u00f3n directa, a pesar de que el arrendamiento cubr\u00eda un periodo de varios meses previos, lo que deriv\u00f3 en un incremento at\u00edpico en el monto contratado.<\/p>\n<p style=\"text-align: justify;\">La concentraci\u00f3n del gasto en el \u00faltimo mes del ejercicio fiscal gener\u00f3 una inconsistencia dif\u00edcil de justificar operativamente y abre la presunci\u00f3n de que la contrataci\u00f3n pudo haber sido utilizada para encubrir otro concepto de gasto, aunque las fuentes consultadas advirtieron que hasta el momento no existen elementos de prueba suficientes para afirmarlo de manera concluyente.<\/p>\n<p style=\"text-align: justify;\">El uso de un veh\u00edculo de esas caracter\u00edsticas podr\u00eda ser incompatible con la Ley de Austeridad vigente, que proh\u00edbe la adquisici\u00f3n o arrendamiento de unidades de lujo con recursos p\u00fablicos. Detalle menor, quiz\u00e1s, para quien ya tiene una en casa.<\/p>\n<p style=\"text-align: justify;\">Las presuntas irregularidades en el uso de recursos no se limitan al parque vehicular.<\/p>\n<p style=\"text-align: justify;\">Asimismo, presuntamente existe una serie de observaciones en la operaci\u00f3n de los programas de la dependencia: presuntos pagos indebidos en la Tarjeta Margarita Maza que habr\u00edan obligado a solicitar el reintegro de recursos a beneficiarias; montos depositados en tarjetas que presuntamente nunca fueron entregadas a sus destinatarias y que permanecer\u00edan en cuentas bancarias sin ser reintegrados a la Tesorer\u00eda estatal; y la presunta inclusi\u00f3n de familiares de funcionarios como beneficiarios del programa Mi Primera Chamba, con posible anuencia de la titular de la dependencia.<\/p>\n<p style=\"text-align: justify;\"><em><strong>De esto no le reportar\u00eda al gobernador<\/strong><\/em>.<\/p>\n<p style=\"text-align: justify;\">A ello se suma que las reglas de operaci\u00f3n de los programas sociales de la secretar\u00eda, presuntamente no han sido publicadas, pese a encontrarse ya en el tercer mes del ejercicio fiscal 2026, lo que genera un descontrol normativo en la administraci\u00f3n de los recursos.<\/p>\n<p style=\"text-align: justify;\">De la misma forma, trabajadores acusan que el programa Caravanas presuntamente duplica funciones ya cubiertas por la Secretar\u00eda de Salud, y que en el programa Tequios se contratar\u00eda de manera reiterada al mismo proveedor, que presuntamente no acredita la capacidad financiera, humana y material requerida para los contratos que le han sido asignados.<\/p>\n<p style=\"text-align: justify;\">La afici\u00f3n de Vilma Mart\u00ednez Cort\u00e9s por los veh\u00edculos de alta gama no es nueva ni surgi\u00f3 con su llegada a la Sebienti.<\/p>\n<p style=\"text-align: justify;\">La funcionaria fue presidenta municipal de Santo Domingo Tehuantepec en dos periodos, y desde entonces se le conoce el gusto y la solvencia para adquirir y circular en camionetas de lujo.<\/p>\n<p style=\"text-align: justify;\">Podr\u00eda tener capacidad econ\u00f3mica para comprar un veh\u00edculo costoso no constituye en s\u00ed mismo una irregularidad. El problema no ser\u00eda jur\u00eddico, sino pol\u00edtico y simb\u00f3lico.<\/p>\n<p style=\"text-align: justify;\">Lo que s\u00ed resulta dif\u00edcil de conciliar es la imagen de una secretaria de Bienestar que puede comprarse una machuchona, que tiene una en casa y que, adem\u00e1s, le carga al erario el costo de rentar otra para sus giras oficiales, todo mientras porta el estandarte de un movimiento pol\u00edtico que convirti\u00f3 la austeridad republicana en su principal bandera moral.<\/p>\n<p style=\"text-align: justify;\">Esa contradicci\u00f3n la construyeron el expresidente Andr\u00e9s Manuel L\u00f3pez Obrador y la actual presidenta Claudia Sheinbaum Pardo cada vez que se\u00f1alaron con el dedo a quienes viajan en \u201cmachuchonas\u201d como representantes de lo que la Cuarta Transformaci\u00f3n prometi\u00f3 erradicar.<\/p>\n","protected":false},"excerpt":{"rendered":"<p>#Redacci\u00f3nOaxaca #Oaxaca #JaimeGUERRERO La titular de la Secretar\u00eda de Bienestar, Tequio e Inclusi\u00f3n (Sebienti), Vilma Mart\u00ednez Cort\u00e9s, realiza sus giras a las zonas m\u00e1s pobres del estado a bordo de una camioneta GMC Yukon de alta gama valuada en m\u00e1s de dos millones de pesos, en abierta contradicci\u00f3n con los principios de austeridad republicana que [&hellip;]<\/p>\n","protected":false},"author":9,"featured_media":40995,"comment_status":"open","ping_status":"open","sticky":false,"template":"","format":"standard","meta":{"jetpack_post_was_ever_published":false,"_jetpack_newsletter_access":"","_jetpack_dont_email_post_to_subs":false,"_jetpack_newsletter_tier_id":0,"_jetpack_memberships_contains_paywalled_content":false,"_jetpack_memberships_contains_paid_content":false,"footnotes":"","jetpack_publicize_message":"","jetpack_publicize_feature_enabled":true,"jetpack_social_post_already_shared":true,"jetpack_social_options":{"image_generator_settings":{"template":"highway","default_image_id":0,"font":"","enabled":false},"version":2}},"categories":[4,5,3,6],"tags":[],"class_list":{"0":"post-40991","1":"post","2":"type-post","3":"status-publish","4":"format-standard","5":"has-post-thumbnail","7":"category-agenda-politica","8":"category-imagen","9":"category-mesa-de-redaccion","10":"category-tendencias"},"jetpack_publicize_connections":[],"jetpack_featured_media_url":"https:\/\/i0.wp.com\/redaccionoaxaca.com\/wp-content\/uploads\/2026\/03\/InShot_20260313_205335895.jpg?fit=1860%2C979&ssl=1","jetpack_sharing_enabled":true,"jetpack_shortlink":"https:\/\/wp.me\/p9Ynjw-aF9","jetpack-related-posts":[{"id":41553,"url":"https:\/\/redaccionoaxaca.com\/index.php\/2026\/04\/15\/chagoya-villanueva-anuncia-15-cambios-en-su-gabinete-no-es-un-reacomodo-politico\/","url_meta":{"origin":40991,"position":0},"title":"Chagoya Villanueva anuncia 15 cambios en su gabinete: \u201cNo es un reacomodo pol\u00edtico&#8221;","author":"ariadna","date":"abril 15, 2026","format":false,"excerpt":"#Redacci\u00f3nOaxaca #Oaxaca #JaimeGUERRERO El presidente municipal de Oaxaca de Ju\u00e1rez, Raymundo Chagoya Villanueva, anunci\u00f3 15 cambios, ajustes y enroques en su gabinete al llegar a la mitad de su trienio de gobierno, y asegur\u00f3 que la reorganizaci\u00f3n no responde a criterios pol\u00edticos sino a una estrategia para obtener mejores resultados\u2026","rel":"","context":"En &quot;Agenda Pol\u00edtica&quot;","block_context":{"text":"Agenda Pol\u00edtica","link":"https:\/\/redaccionoaxaca.com\/index.php\/category\/agenda-politica\/"},"img":{"alt_text":"","src":"https:\/\/i0.wp.com\/redaccionoaxaca.com\/wp-content\/uploads\/2026\/04\/Screenshot_20260415_100415_Gallery-scaled.jpg?fit=1200%2C653&ssl=1&resize=350%2C200","width":350,"height":200,"srcset":"https:\/\/i0.wp.com\/redaccionoaxaca.com\/wp-content\/uploads\/2026\/04\/Screenshot_20260415_100415_Gallery-scaled.jpg?fit=1200%2C653&ssl=1&resize=350%2C200 1x, https:\/\/i0.wp.com\/redaccionoaxaca.com\/wp-content\/uploads\/2026\/04\/Screenshot_20260415_100415_Gallery-scaled.jpg?fit=1200%2C653&ssl=1&resize=525%2C300 1.5x, https:\/\/i0.wp.com\/redaccionoaxaca.com\/wp-content\/uploads\/2026\/04\/Screenshot_20260415_100415_Gallery-scaled.jpg?fit=1200%2C653&ssl=1&resize=700%2C400 2x, https:\/\/i0.wp.com\/redaccionoaxaca.com\/wp-content\/uploads\/2026\/04\/Screenshot_20260415_100415_Gallery-scaled.jpg?fit=1200%2C653&ssl=1&resize=1050%2C600 3x"},"classes":[]},{"id":25679,"url":"https:\/\/redaccionoaxaca.com\/index.php\/2022\/05\/19\/diputados-disidentes-de-morena-en-oaxaca-justifican-su-fragmentacion-por-temas-administrativos-y-pero-llaman-a-votar-por-jara\/","url_meta":{"origin":40991,"position":1},"title":"Diputados disidentes de Morena en Oaxaca, justifican su   fragmentaci\u00f3n por \u201ctemas administrativos\u201d y pero llaman a votar por Jara","author":"ariadna","date":"mayo 19, 2022","format":"video","excerpt":"#Redacci\u00f3nOaxaca #Oaxaca Jaime GUERRERO Las y los diputados disidentes a la bancada mayoritaria del Partido Movimiento de Regeneraci\u00f3n Nacional (#Morena), aseguraron que la decisi\u00f3n de conformar un Grupo Parlamentario, obedece a un tema de car\u00e1cter administrativo, no a la disputa de la candidatura a la gubernatura de Oaxaca, que al\u2026","rel":"","context":"En &quot;Agenda Pol\u00edtica&quot;","block_context":{"text":"Agenda Pol\u00edtica","link":"https:\/\/redaccionoaxaca.com\/index.php\/category\/agenda-politica\/"},"img":{"alt_text":"","src":"","width":0,"height":0},"classes":[]},{"id":40550,"url":"https:\/\/redaccionoaxaca.com\/index.php\/2026\/02\/17\/renuncia-el-presidente-y-secretario-de-organizacion-del-comite-ejecutivo-estatal-de-morena-en-oaxaca-emmanuel-navarro-y-shabin-jara\/","url_meta":{"origin":40991,"position":2},"title":"Renuncia el Presidente y Secretario de Organizaci\u00f3n del Comit\u00e9 Ejecutivo Estatal de Morena en Oaxaca: Emmanuel Navarro y Shabin Jara","author":"ariadna","date":"febrero 17, 2026","format":false,"excerpt":"#Redacci\u00f3nOaxaca #Oaxaca #JaimeGUERRERO Emmanuel Navarro Jara present\u00f3 formalmente su renuncia como presidente del Comit\u00e9 Ejecutivo Estatal de Morena en Oaxaca, anunci\u00f3 este martes la senadora Luisa Cort\u00e9s Garc\u00eda, quien preside el Consejo Pol\u00edtico Estatal del partido y fue la encargada de recibir la dimisi\u00f3n en el marco de una reuni\u00f3n\u2026","rel":"","context":"En &quot;Agenda Pol\u00edtica&quot;","block_context":{"text":"Agenda Pol\u00edtica","link":"https:\/\/redaccionoaxaca.com\/index.php\/category\/agenda-politica\/"},"img":{"alt_text":"","src":"https:\/\/i0.wp.com\/redaccionoaxaca.com\/wp-content\/uploads\/2026\/02\/IMG-20260217-WA0236.jpg?fit=494%2C276&ssl=1&resize=350%2C200","width":350,"height":200},"classes":[]},{"id":36719,"url":"https:\/\/redaccionoaxaca.com\/index.php\/2025\/05\/05\/para-renovarlo-anuncia-jara-cambios-en-su-gabinete-oaxaca-se-encuentra-en-su-mejor-momento-politico-social-y-economico-presume\/","url_meta":{"origin":40991,"position":3},"title":"Para \u201crenovarlo\u201d anuncia Jara cambios en su Gabinete; \u201cOaxaca se encuentra en su mejor momento pol\u00edtico, social y econ\u00f3mico\u201d, presume","author":"ariadna","date":"mayo 5, 2025","format":false,"excerpt":"#Redacci\u00f3nOaxaca #Oaxaca Jaime GUERRERO Y en la antesala de entrar a la mitad de su mandato, el Gobernador, Salom\u00f3n Jara Cruz, anunci\u00f3, ajustes dentro de su gabinete. De acuerdo al mandatario renovar\u00e1 y fortalecer\u00e1 su funcionariado, pese a que, \u201cOaxaca se encuentra en su mejor momento pol\u00edtico, social y econ\u00f3mico\u201d.\u2026","rel":"","context":"En &quot;Agenda Pol\u00edtica&quot;","block_context":{"text":"Agenda Pol\u00edtica","link":"https:\/\/redaccionoaxaca.com\/index.php\/category\/agenda-politica\/"},"img":{"alt_text":"","src":"","width":0,"height":0},"classes":[]},{"id":40635,"url":"https:\/\/redaccionoaxaca.com\/index.php\/2026\/02\/21\/con-la-entrega-mil-210-tinacos-salomon-jara-garantiza-acceso-al-agua-potable-a-familias-de-oaxaca-de-juarez-ante-temporada-de-estiaje\/","url_meta":{"origin":40991,"position":4},"title":"Con la entrega mil 210 tinacos, Salom\u00f3n Jara garantiza acceso al agua potable a familias de Oaxaca de Ju\u00e1rez ante temporada de estiaje","author":"ariadna","date":"febrero 21, 2026","format":false,"excerpt":"#Redacci\u00f3nOaxaca #Oaxaca \u2022 Las personas beneficiadas habitan en las agencias municipales de San Juan Chapultepec, San Mart\u00edn Mexicapam de C\u00e1rdenas y Montoya Oaxaca de Ju\u00e1rez, Oax. 21 de febrero de 2026.- Como parte del programa \u201cAgua para Todas y Todos\u201d y con la finalidad de contribuir de manera directa al\u2026","rel":"","context":"En &quot;Agenda Pol\u00edtica&quot;","block_context":{"text":"Agenda Pol\u00edtica","link":"https:\/\/redaccionoaxaca.com\/index.php\/category\/agenda-politica\/"},"img":{"alt_text":"","src":"https:\/\/i0.wp.com\/redaccionoaxaca.com\/wp-content\/uploads\/2026\/02\/IMG-20260221-WA0056.jpg?fit=1200%2C800&ssl=1&resize=350%2C200","width":350,"height":200,"srcset":"https:\/\/i0.wp.com\/redaccionoaxaca.com\/wp-content\/uploads\/2026\/02\/IMG-20260221-WA0056.jpg?fit=1200%2C800&ssl=1&resize=350%2C200 1x, https:\/\/i0.wp.com\/redaccionoaxaca.com\/wp-content\/uploads\/2026\/02\/IMG-20260221-WA0056.jpg?fit=1200%2C800&ssl=1&resize=525%2C300 1.5x, https:\/\/i0.wp.com\/redaccionoaxaca.com\/wp-content\/uploads\/2026\/02\/IMG-20260221-WA0056.jpg?fit=1200%2C800&ssl=1&resize=700%2C400 2x, https:\/\/i0.wp.com\/redaccionoaxaca.com\/wp-content\/uploads\/2026\/02\/IMG-20260221-WA0056.jpg?fit=1200%2C800&ssl=1&resize=1050%2C600 3x"},"classes":[]},{"id":33634,"url":"https:\/\/redaccionoaxaca.com\/index.php\/2024\/09\/30\/estoy-lista-y-esta-listo-el-pueblo-de-mexico-para-iniciar-la-segunda-etapa-del-cuarta-transformacion-sheinbaum\/","url_meta":{"origin":40991,"position":5},"title":"Estoy lista y est\u00e1 listo el pueblo de M\u00e9xico para iniciar la segunda etapa del Cuarta Transformaci\u00f3n: Sheinbaum","author":"ariadna","date":"septiembre 30, 2024","format":false,"excerpt":"#Redacci\u00f3nOaxaca #Oaxaca Jaime GUERRERO Desde Chetumal, Quintana Roo, a un d\u00eda de asumir oficialmente la Presidencia de la Rep\u00fablica, la Presidenta electa, Claudia Sheinbaum Pardo, manifest\u00f3 que est\u00e1 lista, junto con el pueblo de M\u00e9xico, para iniciar la segunda etapa de la Cuarta Transformaci\u00f3n. Durante la entrega de reconocimientos a\u2026","rel":"","context":"Entrada similar ","block_context":{"text":"Entrada similar ","link":""},"img":{"alt_text":"","src":"","width":0,"height":0},"classes":[]}],"_links":{"self":[{"href":"https:\/\/redaccionoaxaca.com\/index.php\/wp-json\/wp\/v2\/posts\/40991","targetHints":{"allow":["GET"]}}],"collection":[{"href":"https:\/\/redaccionoaxaca.com\/index.php\/wp-json\/wp\/v2\/posts"}],"about":[{"href":"https:\/\/redaccionoaxaca.com\/index.php\/wp-json\/wp\/v2\/types\/post"}],"author":[{"embeddable":true,"href":"https:\/\/redaccionoaxaca.com\/index.php\/wp-json\/wp\/v2\/users\/9"}],"replies":[{"embeddable":true,"href":"https:\/\/redaccionoaxaca.com\/index.php\/wp-json\/wp\/v2\/comments?post=40991"}],"version-history":[{"count":1,"href":"https:\/\/redaccionoaxaca.com\/index.php\/wp-json\/wp\/v2\/posts\/40991\/revisions"}],"predecessor-version":[{"id":40996,"href":"https:\/\/redaccionoaxaca.com\/index.php\/wp-json\/wp\/v2\/posts\/40991\/revisions\/40996"}],"wp:featuredmedia":[{"embeddable":true,"href":"https:\/\/redaccionoaxaca.com\/index.php\/wp-json\/wp\/v2\/media\/40995"}],"wp:attachment":[{"href":"https:\/\/redaccionoaxaca.com\/index.php\/wp-json\/wp\/v2\/media?parent=40991"}],"wp:term":[{"taxonomy":"category","embeddable":true,"href":"https:\/\/redaccionoaxaca.com\/index.php\/wp-json\/wp\/v2\/categories?post=40991"},{"taxonomy":"post_tag","embeddable":true,"href":"https:\/\/redaccionoaxaca.com\/index.php\/wp-json\/wp\/v2\/tags?post=40991"}],"curies":[{"name":"wp","href":"https:\/\/api.w.org\/{rel}","templated":true}]}}