{"id":40997,"date":"2026-03-14T13:18:17","date_gmt":"2026-03-14T19:18:17","guid":{"rendered":"https:\/\/redaccionoaxaca.com\/?p=40997"},"modified":"2026-03-14T13:18:17","modified_gmt":"2026-03-14T19:18:17","slug":"tras-madrugada-de-negociaciones-bloque-oficialista-acuerda-impulsar-el-plan-b-de-sheinbaum","status":"publish","type":"post","link":"https:\/\/redaccionoaxaca.com\/index.php\/2026\/03\/14\/tras-madrugada-de-negociaciones-bloque-oficialista-acuerda-impulsar-el-plan-b-de-sheinbaum\/","title":{"rendered":"Tras madrugada de negociaciones, bloque oficialista acuerda impulsar el Plan B de Sheinbaum"},"content":{"rendered":"<p><strong>#Redacci\u00f3nOaxaca<\/strong><\/p>\n<p><strong>#Oaxaca<\/strong><\/p>\n<p><strong>#JaimeGUERRERO<\/strong><\/p>\n<p style=\"text-align: justify;\">La fracci\u00f3n de Morena en el Congreso amarr\u00f3 esta madrugada el apoyo del PT y PVEM para sacar adelante el Plan B electoral de la presidenta Claudia Sheinbaum, luego de una jornada de 12 horas de negociaciones encabezadas por la secretaria de Gobernaci\u00f3n, Rosa Icela Rodr\u00edguez.<\/p>\n<p style=\"text-align: justify;\">El acuerdo, que a\u00fan no se ha hecho p\u00fablico en una redacci\u00f3n formal, contempla homologar salarios de diputados locales, reducir el n\u00famero de regidores y adelantar la revocaci\u00f3n de mandato.<\/p>\n<p style=\"text-align: justify;\">La presidenta Sheinbaum tambi\u00e9n ha planteado someter a consulta p\u00fablica medidas para reducir el gasto electoral, aunque persiste la duda sobre si la propuesta incluir\u00e1 una consulta popular sobre el financiamiento a los partidos pol\u00edticos \u2014punto central de las preocupaciones de los aliados.<\/p>\n<p style=\"text-align: justify;\">Fue el coordinador de Morena en el Senado, Ignacio Mier, quien confirm\u00f3 el acuerdo al salir de las instalaciones de Gobernaci\u00f3n en las primeras horas de este s\u00e1bado.<\/p>\n<p style=\"text-align: justify;\">\u201cYa hay un acuerdo muy perfilado. Seguramente lo van a conocer en las pr\u00f3ximas horas. Ya est\u00e1 concluido, nada m\u00e1s es que la Secretar\u00eda de Gobernaci\u00f3n lo haga p\u00fablico\u201d, declar\u00f3.<\/p>\n<p style=\"text-align: justify;\">Mier describi\u00f3 el alcance de la alianza. \u201cEl Plan B es: vamos juntos todos. Toda la coalici\u00f3n a nivel estatal, a nivel municipal, congresos de los estados, el congreso de la uni\u00f3n y las dirigencias del Verde y el PT\u201d.<\/p>\n<p style=\"text-align: justify;\">Sin embargo, no aclar\u00f3 si las partes llegaron a un entendimiento sobre la consulta popular para el financiamiento de los partidos, el tema que hab\u00eda generado mayor pol\u00e9mica en las conversaciones.<\/p>\n<p style=\"text-align: justify;\">Las gestiones estuvieron a cargo de Rosa Icela Rodr\u00edguez y contaron con la supervisi\u00f3n de la consejera jur\u00eddica de Presidencia, Esthela Dami\u00e1n, y del coordinador general de Pol\u00edtica y Gobierno de la Presidencia, el exministro Arturo Zald\u00edvar.<\/p>\n<p style=\"text-align: justify;\">Cabe destacar la ausencia del titular de la Comisi\u00f3n Presidencial para la Reforma Electoral, Pablo G\u00f3mez, quien ha encabezado los di\u00e1logos para integrar las iniciativas electorales.<\/p>\n<p style=\"text-align: justify;\">En un comunicado conjunto, Morena, PT y PVEM respaldaron formalmente el Plan B sin precisar el destino de la propuesta sobre financiamiento partidista.<\/p>\n<p style=\"text-align: justify;\">\u201cLas y los senadores que formamos parte de la Cuarta Transformaci\u00f3n respaldamos el Plan B, propuesto por la Presidenta Constitucional de los Estados Unidos Mexicanos, Doctora Claudia Sheinbaum Pardo\u201d, se\u00f1ala el texto.<\/p>\n<p style=\"text-align: justify;\">El comunicado defiende la iniciativa como una reforma que busca eliminar privilegios hist\u00f3ricos del sistema pol\u00edtico.<\/p>\n<p style=\"text-align: justify;\">\u201cLa democracia no se fortalece con estructuras costosas ni con privilegios, sino con instituciones eficientes que respondan a las necesidades de la poblaci\u00f3n\u201d, sostiene el documento, que agrega que los recursos ahorrados permanecer\u00e1n en las entidades federativas para destinarse a obra p\u00fablica e infraestructura.<\/p>\n","protected":false},"excerpt":{"rendered":"<p>#Redacci\u00f3nOaxaca #Oaxaca #JaimeGUERRERO La fracci\u00f3n de Morena en el Congreso amarr\u00f3 esta madrugada el apoyo del PT y PVEM para sacar adelante el Plan B electoral de la presidenta Claudia Sheinbaum, luego de una jornada de 12 horas de negociaciones encabezadas por la secretaria de Gobernaci\u00f3n, Rosa Icela Rodr\u00edguez. El acuerdo, que a\u00fan no se [&hellip;]<\/p>\n","protected":false},"author":9,"featured_media":40998,"comment_status":"open","ping_status":"open","sticky":false,"template":"","format":"standard","meta":{"jetpack_post_was_ever_published":false,"_jetpack_newsletter_access":"","_jetpack_dont_email_post_to_subs":false,"_jetpack_newsletter_tier_id":0,"_jetpack_memberships_contains_paywalled_content":false,"_jetpack_memberships_contains_paid_content":false,"footnotes":"","jetpack_publicize_message":"","jetpack_publicize_feature_enabled":true,"jetpack_social_post_already_shared":true,"jetpack_social_options":{"image_generator_settings":{"template":"highway","default_image_id":0,"font":"","enabled":false},"version":2}},"categories":[4,3,6],"tags":[],"class_list":{"0":"post-40997","1":"post","2":"type-post","3":"status-publish","4":"format-standard","5":"has-post-thumbnail","7":"category-agenda-politica","8":"category-mesa-de-redaccion","9":"category-tendencias"},"jetpack_publicize_connections":[],"jetpack_featured_media_url":"https:\/\/i0.wp.com\/redaccionoaxaca.com\/wp-content\/uploads\/2026\/03\/sheinbaum-respaldo.webp?fit=850%2C480&ssl=1","jetpack_sharing_enabled":true,"jetpack_shortlink":"https:\/\/wp.me\/p9Ynjw-aFf","jetpack-related-posts":[{"id":40955,"url":"https:\/\/redaccionoaxaca.com\/index.php\/2026\/03\/12\/gobernador-de-oaxaca-lamenta-rechazo-a-reformaelectoral-de-sheinbaum-y-critica-a-partidos-aliados-por-votar-en-contra-es-una-mala-senal\/","url_meta":{"origin":40997,"position":0},"title":"Gobernador de Oaxaca lamenta rechazo a #ReformaElectoral de Sheinbaum y critica a partidos aliados por votar en contra; \u201ces una mala se\u00f1al\u201d","author":"ariadna","date":"marzo 12, 2026","format":"video","excerpt":"#Redacci\u00f3nOaxaca #Oaxaca #JaimeGUERRERO El Gobernador de Oaxaca lamenta rechazo a #ReformaElectoral de Sheinbaum y critica a partidos aliados por votar en contra; \u201ces una mala se\u00f1al\u201d gobernador de Oaxaca, Salom\u00f3n Jara Cruz, lament\u00f3 que el PT y el PVEM no respaldaran la iniciativa de reforma electoral de la presidenta Claudia\u2026","rel":"","context":"En &quot;Agenda Pol\u00edtica&quot;","block_context":{"text":"Agenda Pol\u00edtica","link":"https:\/\/redaccionoaxaca.com\/index.php\/category\/agenda-politica\/"},"img":{"alt_text":"","src":"https:\/\/i0.wp.com\/redaccionoaxaca.com\/wp-content\/uploads\/2026\/03\/Screenshot_20260312_131416_WhatsApp-scaled.jpg?fit=1200%2C631&ssl=1&resize=350%2C200","width":350,"height":200,"srcset":"https:\/\/i0.wp.com\/redaccionoaxaca.com\/wp-content\/uploads\/2026\/03\/Screenshot_20260312_131416_WhatsApp-scaled.jpg?fit=1200%2C631&ssl=1&resize=350%2C200 1x, https:\/\/i0.wp.com\/redaccionoaxaca.com\/wp-content\/uploads\/2026\/03\/Screenshot_20260312_131416_WhatsApp-scaled.jpg?fit=1200%2C631&ssl=1&resize=525%2C300 1.5x, https:\/\/i0.wp.com\/redaccionoaxaca.com\/wp-content\/uploads\/2026\/03\/Screenshot_20260312_131416_WhatsApp-scaled.jpg?fit=1200%2C631&ssl=1&resize=700%2C400 2x, https:\/\/i0.wp.com\/redaccionoaxaca.com\/wp-content\/uploads\/2026\/03\/Screenshot_20260312_131416_WhatsApp-scaled.jpg?fit=1200%2C631&ssl=1&resize=1050%2C600 3x"},"classes":[]},{"id":40983,"url":"https:\/\/redaccionoaxaca.com\/index.php\/2026\/03\/13\/morena-en-el-congreso-de-oaxaca-respalda-plan-b-de-reforma-electoral-buscan-reducir-privilegios-y-fortalecer-participacion-ciudadana\/","url_meta":{"origin":40997,"position":1},"title":"Morena en el Congreso de Oaxaca respalda \u201cPlan B\u201d de reforma electoral; buscan reducir privilegios y fortalecer participaci\u00f3n ciudadana","author":"ariadna","date":"marzo 13, 2026","format":"video","excerpt":"#Redacci\u00f3nOaxaca #Oaxaca Ariadna Mendoza La presidenta de la Junta de Coordinaci\u00f3n Pol\u00edtica (JUCOPO) del Congreso del Estado de Oaxaca, Tania Caballero Navarro, expres\u00f3 el respaldo de la bancada de Morena al llamado \u201cPlan B\u201d de la reforma electoral impulsado por la presidenta de M\u00e9xico, Claudia Sheinbaum, luego de que la\u2026","rel":"","context":"En &quot;Agenda Pol\u00edtica&quot;","block_context":{"text":"Agenda Pol\u00edtica","link":"https:\/\/redaccionoaxaca.com\/index.php\/category\/agenda-politica\/"},"img":{"alt_text":"","src":"https:\/\/i0.wp.com\/redaccionoaxaca.com\/wp-content\/uploads\/2026\/03\/Screenshot_20260313_111831_Facebook-scaled.jpg?fit=1200%2C641&ssl=1&resize=350%2C200","width":350,"height":200,"srcset":"https:\/\/i0.wp.com\/redaccionoaxaca.com\/wp-content\/uploads\/2026\/03\/Screenshot_20260313_111831_Facebook-scaled.jpg?fit=1200%2C641&ssl=1&resize=350%2C200 1x, https:\/\/i0.wp.com\/redaccionoaxaca.com\/wp-content\/uploads\/2026\/03\/Screenshot_20260313_111831_Facebook-scaled.jpg?fit=1200%2C641&ssl=1&resize=525%2C300 1.5x, https:\/\/i0.wp.com\/redaccionoaxaca.com\/wp-content\/uploads\/2026\/03\/Screenshot_20260313_111831_Facebook-scaled.jpg?fit=1200%2C641&ssl=1&resize=700%2C400 2x, https:\/\/i0.wp.com\/redaccionoaxaca.com\/wp-content\/uploads\/2026\/03\/Screenshot_20260313_111831_Facebook-scaled.jpg?fit=1200%2C641&ssl=1&resize=1050%2C600 3x"},"classes":[]},{"id":40001,"url":"https:\/\/redaccionoaxaca.com\/index.php\/2026\/01\/17\/reforma-electoral-fortalecera-la-democracia-participativa-afirma-senador-nino-morales\/","url_meta":{"origin":40997,"position":2},"title":"Reforma electoral fortalecer\u00e1 la democracia participativa, afirma senador Nino Morales","author":"ariadna","date":"enero 17, 2026","format":false,"excerpt":"#Redacci\u00f3nOaxaca #Oaxaca Jaime GUERRERO El senador por Oaxaca, Antonino Morales Toledo, expres\u00f3 su respaldo total a la iniciativa de reforma electoral que impulsa la presidenta Claudia Sheinbaum Pardo, la cual tiene como objetivo devolver el poder al pueblo y terminar con los privilegios de una clase pol\u00edtica que convirti\u00f3 los\u2026","rel":"","context":"En &quot;Agenda Pol\u00edtica&quot;","block_context":{"text":"Agenda Pol\u00edtica","link":"https:\/\/redaccionoaxaca.com\/index.php\/category\/agenda-politica\/"},"img":{"alt_text":"","src":"https:\/\/i0.wp.com\/redaccionoaxaca.com\/wp-content\/uploads\/2026\/01\/images-17.jpeg?fit=715%2C429&ssl=1&resize=350%2C200","width":350,"height":200,"srcset":"https:\/\/i0.wp.com\/redaccionoaxaca.com\/wp-content\/uploads\/2026\/01\/images-17.jpeg?fit=715%2C429&ssl=1&resize=350%2C200 1x, https:\/\/i0.wp.com\/redaccionoaxaca.com\/wp-content\/uploads\/2026\/01\/images-17.jpeg?fit=715%2C429&ssl=1&resize=525%2C300 1.5x, https:\/\/i0.wp.com\/redaccionoaxaca.com\/wp-content\/uploads\/2026\/01\/images-17.jpeg?fit=715%2C429&ssl=1&resize=700%2C400 2x"},"classes":[]},{"id":41411,"url":"https:\/\/redaccionoaxaca.com\/index.php\/2026\/04\/09\/madrugada-legislativa-oaxaca-aprueba-el-plan-b-electoral-y-morena-acusa-al-pt-de-traicionar-la-reforma-y-a-la-cuarta-transformacion\/","url_meta":{"origin":40997,"position":3},"title":"Madrugada legislativa: Oaxaca aprueba el Plan B electoral y Morena acusa al PT de traicionar la reforma y a la Cuarta Transformaci\u00f3n","author":"ariadna","date":"abril 9, 2026","format":false,"excerpt":"#Redacci\u00f3nOaxaca #Oaxaca #JaimeGUERRERO A las 3:00 de la ma\u00f1ana, en la sesi\u00f3n en que el Congreso de Oaxaca ratific\u00f3 el Plan B de la reforma electoral de la presidenta Claudia Sheinbaum, el legislador Benjam\u00edn Viveros Montalvos vincul\u00f3 al PT con el priismo hist\u00f3rico, lo acus\u00f3 de boicotear la revocaci\u00f3n de\u2026","rel":"","context":"En &quot;Agenda Pol\u00edtica&quot;","block_context":{"text":"Agenda Pol\u00edtica","link":"https:\/\/redaccionoaxaca.com\/index.php\/category\/agenda-politica\/"},"img":{"alt_text":"","src":"https:\/\/i0.wp.com\/redaccionoaxaca.com\/wp-content\/uploads\/2026\/04\/12-8-scaled.jpg?fit=1200%2C658&ssl=1&resize=350%2C200","width":350,"height":200,"srcset":"https:\/\/i0.wp.com\/redaccionoaxaca.com\/wp-content\/uploads\/2026\/04\/12-8-scaled.jpg?fit=1200%2C658&ssl=1&resize=350%2C200 1x, https:\/\/i0.wp.com\/redaccionoaxaca.com\/wp-content\/uploads\/2026\/04\/12-8-scaled.jpg?fit=1200%2C658&ssl=1&resize=525%2C300 1.5x, https:\/\/i0.wp.com\/redaccionoaxaca.com\/wp-content\/uploads\/2026\/04\/12-8-scaled.jpg?fit=1200%2C658&ssl=1&resize=700%2C400 2x, https:\/\/i0.wp.com\/redaccionoaxaca.com\/wp-content\/uploads\/2026\/04\/12-8-scaled.jpg?fit=1200%2C658&ssl=1&resize=1050%2C600 3x"},"classes":[]},{"id":40938,"url":"https:\/\/redaccionoaxaca.com\/index.php\/2026\/03\/11\/apoyados-de-la-oposicion-pt-y-pvem-desechan-reforma-electoral-de-sheinbaum-morena-anuncia-plan-b-bolanos-cacho-fue-la-unica-abstencion\/","url_meta":{"origin":40997,"position":4},"title":"Apoyados de la oposici\u00f3n, PT y PVEM desechan reforma electoral de Sheinbaum; Morena anuncia \u201cPlan B\u201d; Bola\u00f1os Cacho fue la \u00fanica  abstenci\u00f3n","author":"ariadna","date":"marzo 11, 2026","format":false,"excerpt":"#Redacci\u00f3nOaxaca #Oaxaca #JaimeGUERRERO La C\u00e1mara de Diputados desech\u00f3 este mi\u00e9rcoles la reforma electoral de la presidenta Claudia Sheinbaum al no alcanzar la mayor\u00eda calificada requerida para modificar la Constituci\u00f3n. Con 259 votos a favor, 234 en contra y una abstenci\u00f3n, la iniciativa qued\u00f3 lejos de los 334 sufragios necesarios. La\u2026","rel":"","context":"En &quot;Agenda Pol\u00edtica&quot;","block_context":{"text":"Agenda Pol\u00edtica","link":"https:\/\/redaccionoaxaca.com\/index.php\/category\/agenda-politica\/"},"img":{"alt_text":"","src":"https:\/\/i0.wp.com\/redaccionoaxaca.com\/wp-content\/uploads\/2026\/03\/images-44.jpeg?fit=725%2C423&ssl=1&resize=350%2C200","width":350,"height":200,"srcset":"https:\/\/i0.wp.com\/redaccionoaxaca.com\/wp-content\/uploads\/2026\/03\/images-44.jpeg?fit=725%2C423&ssl=1&resize=350%2C200 1x, https:\/\/i0.wp.com\/redaccionoaxaca.com\/wp-content\/uploads\/2026\/03\/images-44.jpeg?fit=725%2C423&ssl=1&resize=525%2C300 1.5x, https:\/\/i0.wp.com\/redaccionoaxaca.com\/wp-content\/uploads\/2026\/03\/images-44.jpeg?fit=725%2C423&ssl=1&resize=700%2C400 2x"},"classes":[]},{"id":41197,"url":"https:\/\/redaccionoaxaca.com\/index.php\/2026\/03\/27\/lonas-tunden-al-pt-como-partido-de-traidores-en-cruceros-de-la-capital-de-oaxaca\/","url_meta":{"origin":40997,"position":5},"title":"Lonas tunden al PT como \u201cPartido de Traidores\u201d en cruceros de la capital de Oaxaca","author":"ariadna","date":"marzo 27, 2026","format":false,"excerpt":"#Redacci\u00f3nOaxaca #Oaxaca #JaimeGUERRERO Lonas con la leyenda \u201c\u00daltima hora. El PT cambia de nombre. El partido 100% oportunista\u201d y el logotipo del Partido del Trabajo acompa\u00f1ado de las palabras \u201cPartido de Traidores\u201d aparecieron este viernes en el crucero del Monumento a la Madre y en el de Cinco Se\u00f1ores, al\u2026","rel":"","context":"En &quot;Agenda Pol\u00edtica&quot;","block_context":{"text":"Agenda Pol\u00edtica","link":"https:\/\/redaccionoaxaca.com\/index.php\/category\/agenda-politica\/"},"img":{"alt_text":"","src":"https:\/\/i0.wp.com\/redaccionoaxaca.com\/wp-content\/uploads\/2026\/03\/IMG-20260327-WA0098.jpg?fit=590%2C487&ssl=1&resize=350%2C200","width":350,"height":200,"srcset":"https:\/\/i0.wp.com\/redaccionoaxaca.com\/wp-content\/uploads\/2026\/03\/IMG-20260327-WA0098.jpg?fit=590%2C487&ssl=1&resize=350%2C200 1x, https:\/\/i0.wp.com\/redaccionoaxaca.com\/wp-content\/uploads\/2026\/03\/IMG-20260327-WA0098.jpg?fit=590%2C487&ssl=1&resize=525%2C300 1.5x"},"classes":[]}],"_links":{"self":[{"href":"https:\/\/redaccionoaxaca.com\/index.php\/wp-json\/wp\/v2\/posts\/40997","targetHints":{"allow":["GET"]}}],"collection":[{"href":"https:\/\/redaccionoaxaca.com\/index.php\/wp-json\/wp\/v2\/posts"}],"about":[{"href":"https:\/\/redaccionoaxaca.com\/index.php\/wp-json\/wp\/v2\/types\/post"}],"author":[{"embeddable":true,"href":"https:\/\/redaccionoaxaca.com\/index.php\/wp-json\/wp\/v2\/users\/9"}],"replies":[{"embeddable":true,"href":"https:\/\/redaccionoaxaca.com\/index.php\/wp-json\/wp\/v2\/comments?post=40997"}],"version-history":[{"count":1,"href":"https:\/\/redaccionoaxaca.com\/index.php\/wp-json\/wp\/v2\/posts\/40997\/revisions"}],"predecessor-version":[{"id":40999,"href":"https:\/\/redaccionoaxaca.com\/index.php\/wp-json\/wp\/v2\/posts\/40997\/revisions\/40999"}],"wp:featuredmedia":[{"embeddable":true,"href":"https:\/\/redaccionoaxaca.com\/index.php\/wp-json\/wp\/v2\/media\/40998"}],"wp:attachment":[{"href":"https:\/\/redaccionoaxaca.com\/index.php\/wp-json\/wp\/v2\/media?parent=40997"}],"wp:term":[{"taxonomy":"category","embeddable":true,"href":"https:\/\/redaccionoaxaca.com\/index.php\/wp-json\/wp\/v2\/categories?post=40997"},{"taxonomy":"post_tag","embeddable":true,"href":"https:\/\/redaccionoaxaca.com\/index.php\/wp-json\/wp\/v2\/tags?post=40997"}],"curies":[{"name":"wp","href":"https:\/\/api.w.org\/{rel}","templated":true}]}}