{"id":41000,"date":"2026-03-14T15:28:11","date_gmt":"2026-03-14T21:28:11","guid":{"rendered":"https:\/\/redaccionoaxaca.com\/?p=41000"},"modified":"2026-03-14T15:28:11","modified_gmt":"2026-03-14T21:28:11","slug":"desmiente-presidenta-de-la-jucopo-del-congreso-de-oaxaca-que-diputados-locales-ganen-31-mil-pesos-diarios","status":"publish","type":"post","link":"https:\/\/redaccionoaxaca.com\/index.php\/2026\/03\/14\/desmiente-presidenta-de-la-jucopo-del-congreso-de-oaxaca-que-diputados-locales-ganen-31-mil-pesos-diarios\/","title":{"rendered":"Desmiente Presidenta de la Jucopo del Congreso de Oaxaca que diputados locales ganen 31 mil pesos diarios"},"content":{"rendered":"<p><strong>#Redacci\u00f3nOaxaca<\/strong><\/p>\n<p><strong>#Oaxaca<\/strong><\/p>\n<p><strong>#JaimeGUERRERO<\/strong><\/p>\n<p style=\"text-align: justify;\">La presidenta de la Junta de Coordinaci\u00f3n Pol\u00edtica del Congreso de Oaxaca, Tania Caballero Navarro, sali\u00f3 al paso de una versi\u00f3n que circula en redes sociales seg\u00fan la cual cada legislador local percibe 31 mil pesos diarios, y calific\u00f3 ese dato de incorrecto.<\/p>\n<p style=\"text-align: justify;\">La diputada explic\u00f3 que la cifra surge de dividir el presupuesto total del Poder Legislativo entre los 42 integrantes del congreso, operaci\u00f3n que, a su juicio, confunde el costo de operaci\u00f3n de una instituci\u00f3n p\u00fablica con el ingreso personal de cada legislador.<\/p>\n<p style=\"text-align: justify;\">\u201cEse dato es incorrecto: surge de dividir el presupuesto total del Poder Legislativo entre los 42 legisladores, lo cual no corresponde al ingreso real de las diputadas y diputados\u201d, asent\u00f3.<\/p>\n<p style=\"text-align: justify;\">Inform\u00f3 que cada Diputado tiene una dieta de 42,500 pesos mensuales y se informa puntualmente en la p\u00e1gina de transparencia del Congreso del Estado. Asimismo neg\u00f3 que existan partidas adicionales para los legisladores y legisladoras.<\/p>\n<p style=\"text-align: justify;\">Caballero Navarro detall\u00f3 que el presupuesto asignado al Poder Legislativo cubre salarios del personal de base y de confianza, \u00e1reas t\u00e9cnicas y administrativas, servicios parlamentarios, seguridad, mantenimiento del inmueble, sistemas inform\u00e1ticos, comunicaci\u00f3n, materiales de oficina, funcionamiento de comisiones y actividades de rendici\u00f3n de cuentas, entre otros rubros.<\/p>\n<p style=\"text-align: justify;\">Y es que en el decreto presupuestal aprobado por el propio congreso local. Para el ejercicio fiscal 2026, el Poder Legislativo de Oaxaca cuenta con 622 millones 287 mil 464 pesos, de los cuales 480 millones 952 mil 713 corresponden al Congreso local y 141 millones 334 mil 751 a la Auditor\u00eda Superior de Fiscalizaci\u00f3n del Estado.<\/p>\n<p style=\"text-align: justify;\">Dividir los 480 millones del Congreso local entre 42 legisladores y luego entre 365 d\u00edas arrojar\u00eda aproximadamente 31 mil 300 pesos diarios por diputado, cifra que es precisamente la que circula en redes y que la legisladora rechaza como representativa del ingreso individual.<\/p>\n<p style=\"text-align: justify;\">La pol\u00e9mica sobre las remuneraciones legislativas tiene como tel\u00f3n de fondo el debate nacional en torno a la austeridad promovida por la presidenta Claudia Sheinbaum.<\/p>\n<p style=\"text-align: justify;\">A nivel federal, los diputados federales perciben actualmente un sueldo mensual de 79 mil pesos netos, y para 2026 cada legislador recibir\u00e1 un total de un mill\u00f3n 307 mil pesos al a\u00f1o, un incremento de 113 mil pesos respecto a 2025.<\/p>\n<p style=\"text-align: justify;\">Ese autoaumento gener\u00f3 cr\u00edticas dado que el incremento supera lo que un trabajador con salario m\u00ednimo gana en todo un a\u00f1o.<\/p>\n<p style=\"text-align: justify;\">Por lo pronto, Caballero Navarro convoc\u00f3 a la ciudadan\u00eda a no dejarse enga\u00f1ar por la desinformaci\u00f3n y reafirm\u00f3 el compromiso del congreso con los principios de austeridad planteados por la presidenta de la rep\u00fablica.<\/p>\n<p style=\"text-align: justify;\">\u201cLa austeridad, la transparencia y la responsabilidad en el gasto son principios que deben guiar siempre el ejercicio del servicio p\u00fablico\u201d, se\u00f1al\u00f3, y anunci\u00f3 que el congreso continuar\u00e1 trabajando para reducir gastos innecesarios y fortalecer la eficiencia legislativa.<\/p>\n","protected":false},"excerpt":{"rendered":"<p>#Redacci\u00f3nOaxaca #Oaxaca #JaimeGUERRERO La presidenta de la Junta de Coordinaci\u00f3n Pol\u00edtica del Congreso de Oaxaca, Tania Caballero Navarro, sali\u00f3 al paso de una versi\u00f3n que circula en redes sociales seg\u00fan la cual cada legislador local percibe 31 mil pesos diarios, y calific\u00f3 ese dato de incorrecto. La diputada explic\u00f3 que la cifra surge de dividir [&hellip;]<\/p>\n","protected":false},"author":9,"featured_media":41001,"comment_status":"open","ping_status":"open","sticky":false,"template":"","format":"standard","meta":{"jetpack_post_was_ever_published":false,"_jetpack_newsletter_access":"","_jetpack_dont_email_post_to_subs":false,"_jetpack_newsletter_tier_id":0,"_jetpack_memberships_contains_paywalled_content":false,"_jetpack_memberships_contains_paid_content":false,"footnotes":"","jetpack_publicize_message":"","jetpack_publicize_feature_enabled":true,"jetpack_social_post_already_shared":true,"jetpack_social_options":{"image_generator_settings":{"template":"highway","default_image_id":0,"font":"","enabled":false},"version":2}},"categories":[4,7,5,6],"tags":[],"class_list":{"0":"post-41000","1":"post","2":"type-post","3":"status-publish","4":"format-standard","5":"has-post-thumbnail","7":"category-agenda-politica","8":"category-al-cierre","9":"category-imagen","10":"category-tendencias"},"jetpack_publicize_connections":[],"jetpack_featured_media_url":"https:\/\/i0.wp.com\/redaccionoaxaca.com\/wp-content\/uploads\/2026\/03\/tyuj.jpg?fit=1000%2C600&ssl=1","jetpack_sharing_enabled":true,"jetpack_shortlink":"https:\/\/wp.me\/p9Ynjw-aFi","jetpack-related-posts":[{"id":40983,"url":"https:\/\/redaccionoaxaca.com\/index.php\/2026\/03\/13\/morena-en-el-congreso-de-oaxaca-respalda-plan-b-de-reforma-electoral-buscan-reducir-privilegios-y-fortalecer-participacion-ciudadana\/","url_meta":{"origin":41000,"position":0},"title":"Morena en el Congreso de Oaxaca respalda \u201cPlan B\u201d de reforma electoral; buscan reducir privilegios y fortalecer participaci\u00f3n ciudadana","author":"ariadna","date":"marzo 13, 2026","format":"video","excerpt":"#Redacci\u00f3nOaxaca #Oaxaca Ariadna Mendoza La presidenta de la Junta de Coordinaci\u00f3n Pol\u00edtica (JUCOPO) del Congreso del Estado de Oaxaca, Tania Caballero Navarro, expres\u00f3 el respaldo de la bancada de Morena al llamado \u201cPlan B\u201d de la reforma electoral impulsado por la presidenta de M\u00e9xico, Claudia Sheinbaum, luego de que la\u2026","rel":"","context":"En &quot;Agenda Pol\u00edtica&quot;","block_context":{"text":"Agenda Pol\u00edtica","link":"https:\/\/redaccionoaxaca.com\/index.php\/category\/agenda-politica\/"},"img":{"alt_text":"","src":"https:\/\/i0.wp.com\/redaccionoaxaca.com\/wp-content\/uploads\/2026\/03\/Screenshot_20260313_111831_Facebook-scaled.jpg?fit=1200%2C641&ssl=1&resize=350%2C200","width":350,"height":200,"srcset":"https:\/\/i0.wp.com\/redaccionoaxaca.com\/wp-content\/uploads\/2026\/03\/Screenshot_20260313_111831_Facebook-scaled.jpg?fit=1200%2C641&ssl=1&resize=350%2C200 1x, https:\/\/i0.wp.com\/redaccionoaxaca.com\/wp-content\/uploads\/2026\/03\/Screenshot_20260313_111831_Facebook-scaled.jpg?fit=1200%2C641&ssl=1&resize=525%2C300 1.5x, https:\/\/i0.wp.com\/redaccionoaxaca.com\/wp-content\/uploads\/2026\/03\/Screenshot_20260313_111831_Facebook-scaled.jpg?fit=1200%2C641&ssl=1&resize=700%2C400 2x, https:\/\/i0.wp.com\/redaccionoaxaca.com\/wp-content\/uploads\/2026\/03\/Screenshot_20260313_111831_Facebook-scaled.jpg?fit=1200%2C641&ssl=1&resize=1050%2C600 3x"},"classes":[]},{"id":20189,"url":"https:\/\/redaccionoaxaca.com\/index.php\/2021\/08\/18\/congreso-de-oaxaca-ha-ejercido-1-mil-867-9-mdp-en-tres-anos\/","url_meta":{"origin":41000,"position":1},"title":"Congreso de Oaxaca ha ejercido 1 mil 867.9 mdp en tres a\u00f1os.","author":"ariadna","date":"agosto 18, 2021","format":false,"excerpt":"#Redacci\u00f3nOaxaca #Oaxaca Jaime GUERRERO Durante el ejercicio fiscal 2019 y hasta el segundo trimestre (junio) de \u00e9ste 2021, la LXIV Legislatura, ha ejercido 1 mil 867 millones 927 mil 510.22 pesos. Ello, ha motivado al reclamo de un bloque de diputados y diputadas de Morena, PT, PAN e Independientes, que\u2026","rel":"","context":"En &quot;Agenda Pol\u00edtica&quot;","block_context":{"text":"Agenda Pol\u00edtica","link":"https:\/\/redaccionoaxaca.com\/index.php\/category\/agenda-politica\/"},"img":{"alt_text":"","src":"https:\/\/i0.wp.com\/redaccionoaxaca.com\/wp-content\/uploads\/2021\/08\/IMG-20210818-WA0113-300x199.jpg?resize=350%2C200&ssl=1","width":350,"height":200},"classes":[]},{"id":3991,"url":"https:\/\/redaccionoaxaca.com\/index.php\/2018\/11\/21\/propone-murat-recorte-al-gasto-de-los-diputados-plantea-tijerazo-de-280-mdp-al-congreso-de-oaxaca\/","url_meta":{"origin":41000,"position":2},"title":"Propone Murat, recorte al gasto de los diputados, Plantea \u201ctijerazo\u201d de 280 mdp al Congreso de Oaxaca","author":"denise","date":"noviembre 21, 2018","format":false,"excerpt":"#Redacci\u00f3nOaxaca Jaime GUERRERO Para el ejercicio fiscal 2019, el Gobernador del Estado, Alejandro Murat Hinojosa, propuso en el Presupuesto de Egresos, asignarle al Poder Legislativo, es decir a la LXIV Legislatura, as\u00ed como al Organismo Superior de Fiscalizaci\u00f3n del Estado (OSFE), 499 millones 975 mil 972.80 pesos. El presupuesto para\u2026","rel":"","context":"En &quot;Agenda Pol\u00edtica&quot;","block_context":{"text":"Agenda Pol\u00edtica","link":"https:\/\/redaccionoaxaca.com\/index.php\/category\/agenda-politica\/"},"img":{"alt_text":"","src":"","width":0,"height":0},"classes":[]},{"id":8225,"url":"https:\/\/redaccionoaxaca.com\/index.php\/2019\/08\/30\/desde-el-2016-a-marzo-de-2019-congreso-de-oaxaca-ha-gastado-2-mil-640-mdp-y-diputado-revelo-reparticion-de-808-8-mdp\/","url_meta":{"origin":41000,"position":3},"title":"Desde el 2016 a marzo de 2019, Congreso de Oaxaca ha gastado\u00a0  2 mil 640 mdp; y diputado revel\u00f3 \u201crepartici\u00f3n\u201d de 808.8 mdp.","author":"ariadna","date":"agosto 30, 2019","format":false,"excerpt":"#Redacci\u00f3nOaxaca #Oaxaca Jaime GUERRERO\u00a0 El Congreso de Oaxaca ha incrementado en un 91 por ciento su gasto desde el 2017, en relaci\u00f3n con el presupuesto autorizado para el ejercicio fiscal del 2018, se\u00f1ala la Cuenta P\u00fablica, que public\u00f3 en el diario oficial del Estado, la Secretar\u00eda de Finanzas. El a\u00f1o\u2026","rel":"","context":"Entrada similar ","block_context":{"text":"Entrada similar ","link":""},"img":{"alt_text":"","src":"","width":0,"height":0},"classes":[]},{"id":4684,"url":"https:\/\/redaccionoaxaca.com\/index.php\/2018\/12\/31\/por-ampliaciones-diputados-se-aprueban-590-mdp-de-presupuesto\/","url_meta":{"origin":41000,"position":4},"title":"Por ampliaciones, diputados se aprueban 590 mdp de presupuesto","author":"denise","date":"diciembre 31, 2018","format":false,"excerpt":"#Redacci\u00f3nOaxaca Jaime GUERRERO El Presidente de la Comisi\u00f3n de Presupuesto de la LXIV Legislatura, Mauro Cruz S\u00e1nchez, confirm\u00f3 que el presupuesto del Congreso del estado, para el 2019, ser\u00e1 de 590 millones de pesos, menor a los cerca de 800 millones de pesos en que ha oscilado en las pasadas\u2026","rel":"","context":"En &quot;Agenda Pol\u00edtica&quot;","block_context":{"text":"Agenda Pol\u00edtica","link":"https:\/\/redaccionoaxaca.com\/index.php\/category\/agenda-politica\/"},"img":{"alt_text":"","src":"","width":0,"height":0},"classes":[]},{"id":2030,"url":"https:\/\/redaccionoaxaca.com\/index.php\/2018\/08\/15\/6-8-mdp-el-proceso-de-modernizacion-del-congreso-diputados-con-tabletas-para-votaciones\/","url_meta":{"origin":41000,"position":5},"title":"6.8 mdp el \u201cproceso de modernizaci\u00f3n del  Congreso\u201d; diputados con tabletas para votaciones","author":"denise","date":"agosto 15, 2018","format":false,"excerpt":"#Redacci\u00f3nOaxaca Jaime GUERRERO Con im\u00e1genes de la red Con una inversi\u00f3n de 6.8 millones de pesos, en lo que llaman procesos de modernizaci\u00f3n, este martes, diputados y diputadas de la LXIII Legislatura, sesionaron con sus nuevas tabletas electr\u00f3nicas, y votaciones en un tablero electr\u00f3nico, que fue instalado en el sal\u00f3n\u2026","rel":"","context":"En &quot;Agenda Pol\u00edtica&quot;","block_context":{"text":"Agenda Pol\u00edtica","link":"https:\/\/redaccionoaxaca.com\/index.php\/category\/agenda-politica\/"},"img":{"alt_text":"","src":"","width":0,"height":0},"classes":[]}],"_links":{"self":[{"href":"https:\/\/redaccionoaxaca.com\/index.php\/wp-json\/wp\/v2\/posts\/41000","targetHints":{"allow":["GET"]}}],"collection":[{"href":"https:\/\/redaccionoaxaca.com\/index.php\/wp-json\/wp\/v2\/posts"}],"about":[{"href":"https:\/\/redaccionoaxaca.com\/index.php\/wp-json\/wp\/v2\/types\/post"}],"author":[{"embeddable":true,"href":"https:\/\/redaccionoaxaca.com\/index.php\/wp-json\/wp\/v2\/users\/9"}],"replies":[{"embeddable":true,"href":"https:\/\/redaccionoaxaca.com\/index.php\/wp-json\/wp\/v2\/comments?post=41000"}],"version-history":[{"count":1,"href":"https:\/\/redaccionoaxaca.com\/index.php\/wp-json\/wp\/v2\/posts\/41000\/revisions"}],"predecessor-version":[{"id":41002,"href":"https:\/\/redaccionoaxaca.com\/index.php\/wp-json\/wp\/v2\/posts\/41000\/revisions\/41002"}],"wp:featuredmedia":[{"embeddable":true,"href":"https:\/\/redaccionoaxaca.com\/index.php\/wp-json\/wp\/v2\/media\/41001"}],"wp:attachment":[{"href":"https:\/\/redaccionoaxaca.com\/index.php\/wp-json\/wp\/v2\/media?parent=41000"}],"wp:term":[{"taxonomy":"category","embeddable":true,"href":"https:\/\/redaccionoaxaca.com\/index.php\/wp-json\/wp\/v2\/categories?post=41000"},{"taxonomy":"post_tag","embeddable":true,"href":"https:\/\/redaccionoaxaca.com\/index.php\/wp-json\/wp\/v2\/tags?post=41000"}],"curies":[{"name":"wp","href":"https:\/\/api.w.org\/{rel}","templated":true}]}}