{"id":41003,"date":"2026-03-15T16:37:21","date_gmt":"2026-03-15T22:37:21","guid":{"rendered":"https:\/\/redaccionoaxaca.com\/?p=41003"},"modified":"2026-03-15T16:38:10","modified_gmt":"2026-03-15T22:38:10","slug":"exhortan-al-municipio-capitalino-a-revisar-permisos-para-el-uso-de-cajones-de-estacionamiento-en-la-via-publica","status":"publish","type":"post","link":"https:\/\/redaccionoaxaca.com\/index.php\/2026\/03\/15\/exhortan-al-municipio-capitalino-a-revisar-permisos-para-el-uso-de-cajones-de-estacionamiento-en-la-via-publica\/","title":{"rendered":"Exhortan al municipio capitalino a revisar permisos para el uso de cajones de estacionamiento en la v\u00eda p\u00fablica"},"content":{"rendered":"<p><strong>#Redacci\u00f3nOaxaca<\/strong><\/p>\n<p><strong>#Oaxaca<\/strong><\/p>\n<p style=\"text-align: justify;\">* <em>Se busca ordenar el uso del espacio p\u00fablico<\/em><\/p>\n<p style=\"text-align: justify;\">San Raymundo Jalpan, Oax., 14 de marzo de 2026.- Con el objetivo de garantizar un uso ordenado, equitativo y accesible del espacio p\u00fablico, el Congreso del Estado aprob\u00f3 un exhorto dirigido al Municipio de Oaxaca de Ju\u00e1rez para que, a trav\u00e9s de la Direcci\u00f3n de Movilidad, realice una revisi\u00f3n integral del estatus y vigencia de las autorizaciones otorgadas para el uso exclusivo de cajones destinados al ascenso y descenso de pasajeros, delimitaci\u00f3n de cocheras y espacios para carga y descarga en la v\u00eda p\u00fablica. Asimismo, se solicita retirar aquellos se\u00f1alamientos o restricciones que no cuenten con autorizaci\u00f3n vigente o cuya existencia administrativa no est\u00e9 acreditada.<\/p>\n<p><img data-recalc-dims=\"1\" loading=\"lazy\" decoding=\"async\" data-attachment-id=\"41004\" data-permalink=\"https:\/\/redaccionoaxaca.com\/index.php\/2026\/03\/15\/exhortan-al-municipio-capitalino-a-revisar-permisos-para-el-uso-de-cajones-de-estacionamiento-en-la-via-publica\/screenshot_20260315_163334_facebook\/\" data-orig-file=\"https:\/\/i0.wp.com\/redaccionoaxaca.com\/wp-content\/uploads\/2026\/03\/Screenshot_20260315_163334_Facebook-scaled.jpg?fit=2560%2C1719&amp;ssl=1\" data-orig-size=\"2560,1719\" data-comments-opened=\"1\" data-image-meta=\"{&quot;aperture&quot;:&quot;0&quot;,&quot;credit&quot;:&quot;&quot;,&quot;camera&quot;:&quot;&quot;,&quot;caption&quot;:&quot;&quot;,&quot;created_timestamp&quot;:&quot;0&quot;,&quot;copyright&quot;:&quot;&quot;,&quot;focal_length&quot;:&quot;0&quot;,&quot;iso&quot;:&quot;0&quot;,&quot;shutter_speed&quot;:&quot;0&quot;,&quot;title&quot;:&quot;&quot;,&quot;orientation&quot;:&quot;1&quot;}\" data-image-title=\"Screenshot_20260315_163334_Facebook\" data-image-description=\"\" data-image-caption=\"\" data-large-file=\"https:\/\/i0.wp.com\/redaccionoaxaca.com\/wp-content\/uploads\/2026\/03\/Screenshot_20260315_163334_Facebook-scaled.jpg?fit=696%2C468&amp;ssl=1\" class=\"size-medium wp-image-41004 aligncenter\" src=\"https:\/\/i0.wp.com\/redaccionoaxaca.com\/wp-content\/uploads\/2026\/03\/Screenshot_20260315_163334_Facebook.jpg?resize=300%2C201&#038;ssl=1\" alt=\"\" width=\"300\" height=\"201\" srcset=\"https:\/\/i0.wp.com\/redaccionoaxaca.com\/wp-content\/uploads\/2026\/03\/Screenshot_20260315_163334_Facebook-scaled.jpg?resize=300%2C201&amp;ssl=1 300w, https:\/\/i0.wp.com\/redaccionoaxaca.com\/wp-content\/uploads\/2026\/03\/Screenshot_20260315_163334_Facebook-scaled.jpg?resize=1024%2C688&amp;ssl=1 1024w, https:\/\/i0.wp.com\/redaccionoaxaca.com\/wp-content\/uploads\/2026\/03\/Screenshot_20260315_163334_Facebook-scaled.jpg?resize=768%2C516&amp;ssl=1 768w, https:\/\/i0.wp.com\/redaccionoaxaca.com\/wp-content\/uploads\/2026\/03\/Screenshot_20260315_163334_Facebook-scaled.jpg?resize=1536%2C1032&amp;ssl=1 1536w, https:\/\/i0.wp.com\/redaccionoaxaca.com\/wp-content\/uploads\/2026\/03\/Screenshot_20260315_163334_Facebook-scaled.jpg?resize=2048%2C1376&amp;ssl=1 2048w, https:\/\/i0.wp.com\/redaccionoaxaca.com\/wp-content\/uploads\/2026\/03\/Screenshot_20260315_163334_Facebook-scaled.jpg?resize=625%2C420&amp;ssl=1 625w, https:\/\/i0.wp.com\/redaccionoaxaca.com\/wp-content\/uploads\/2026\/03\/Screenshot_20260315_163334_Facebook-scaled.jpg?resize=696%2C467&amp;ssl=1 696w, https:\/\/i0.wp.com\/redaccionoaxaca.com\/wp-content\/uploads\/2026\/03\/Screenshot_20260315_163334_Facebook-scaled.jpg?resize=1068%2C717&amp;ssl=1 1068w, https:\/\/i0.wp.com\/redaccionoaxaca.com\/wp-content\/uploads\/2026\/03\/Screenshot_20260315_163334_Facebook-scaled.jpg?w=1392&amp;ssl=1 1392w\" sizes=\"auto, (max-width: 300px) 100vw, 300px\" \/><\/p>\n<p style=\"text-align: justify;\">La propuesta fue impulsada por las diputadas Melina Hern\u00e1ndez Sosa, Eva Diego Cruz y Elvia Gabriela P\u00e9rez L\u00f3pez, integrantes del Grupo Parlamentario del Partido Verde Ecologista de M\u00e9xico (PVEM), quienes se\u00f1alaron que esta acci\u00f3n responde a diversas denuncias ciudadanas relacionadas con la colocaci\u00f3n de se\u00f1alamientos que reservan espacios de estacionamiento sin contar con los permisos oficiales correspondientes o con autorizaciones vigentes emitidas por la autoridad municipal.<\/p>\n<p style=\"text-align: justify;\">En la exposici\u00f3n de motivos, se\u00f1alaron que la v\u00eda p\u00fablica constituye un bien de uso com\u00fan cuya administraci\u00f3n corresponde a los municipios, por lo que su aprovechamiento debe realizarse bajo criterios de legalidad, orden y beneficio colectivo.<\/p>\n<p style=\"text-align: justify;\">Adem\u00e1s de que se han detectado en distintas zonas de la capital del estado la instalaci\u00f3n de se\u00f1alizaciones que restringen el uso de espacios de estacionamiento, algunas de ellas sin sustento administrativo claro.<\/p>\n<p style=\"text-align: justify;\">En este sentido, se plantea que la autoridad municipal lleve a cabo una revisi\u00f3n administrativa que permita identificar los permisos vigentes, detectar se\u00f1alamientos colocados sin autorizaci\u00f3n y, en su caso, proceder a su retiro.<\/p>\n<p style=\"text-align: justify;\">Con ello, se busca recuperar espacios indebidamente restringidos, fortalecer la legalidad en la gesti\u00f3n del espacio urbano y mejorar las condiciones de movilidad para peatones, conductores y usuarios del transporte en la ciudad de Oaxaca de Ju\u00e1rez.<\/p>\n<p><img data-recalc-dims=\"1\" loading=\"lazy\" decoding=\"async\" data-attachment-id=\"41005\" data-permalink=\"https:\/\/redaccionoaxaca.com\/index.php\/2026\/03\/15\/exhortan-al-municipio-capitalino-a-revisar-permisos-para-el-uso-de-cajones-de-estacionamiento-en-la-via-publica\/screenshot_20260315_163338_facebook\/\" data-orig-file=\"https:\/\/i0.wp.com\/redaccionoaxaca.com\/wp-content\/uploads\/2026\/03\/Screenshot_20260315_163338_Facebook-scaled.jpg?fit=2560%2C798&amp;ssl=1\" data-orig-size=\"2560,798\" data-comments-opened=\"1\" data-image-meta=\"{&quot;aperture&quot;:&quot;0&quot;,&quot;credit&quot;:&quot;&quot;,&quot;camera&quot;:&quot;&quot;,&quot;caption&quot;:&quot;&quot;,&quot;created_timestamp&quot;:&quot;0&quot;,&quot;copyright&quot;:&quot;&quot;,&quot;focal_length&quot;:&quot;0&quot;,&quot;iso&quot;:&quot;0&quot;,&quot;shutter_speed&quot;:&quot;0&quot;,&quot;title&quot;:&quot;&quot;,&quot;orientation&quot;:&quot;1&quot;}\" data-image-title=\"Screenshot_20260315_163338_Facebook\" data-image-description=\"\" data-image-caption=\"\" data-large-file=\"https:\/\/i0.wp.com\/redaccionoaxaca.com\/wp-content\/uploads\/2026\/03\/Screenshot_20260315_163338_Facebook-scaled.jpg?fit=696%2C217&amp;ssl=1\" class=\"size-medium wp-image-41005 aligncenter\" src=\"https:\/\/i0.wp.com\/redaccionoaxaca.com\/wp-content\/uploads\/2026\/03\/Screenshot_20260315_163338_Facebook.jpg?resize=300%2C94&#038;ssl=1\" alt=\"\" width=\"300\" height=\"94\" srcset=\"https:\/\/i0.wp.com\/redaccionoaxaca.com\/wp-content\/uploads\/2026\/03\/Screenshot_20260315_163338_Facebook-scaled.jpg?resize=300%2C94&amp;ssl=1 300w, https:\/\/i0.wp.com\/redaccionoaxaca.com\/wp-content\/uploads\/2026\/03\/Screenshot_20260315_163338_Facebook-scaled.jpg?resize=1024%2C319&amp;ssl=1 1024w, https:\/\/i0.wp.com\/redaccionoaxaca.com\/wp-content\/uploads\/2026\/03\/Screenshot_20260315_163338_Facebook-scaled.jpg?resize=768%2C239&amp;ssl=1 768w, https:\/\/i0.wp.com\/redaccionoaxaca.com\/wp-content\/uploads\/2026\/03\/Screenshot_20260315_163338_Facebook-scaled.jpg?resize=1536%2C479&amp;ssl=1 1536w, https:\/\/i0.wp.com\/redaccionoaxaca.com\/wp-content\/uploads\/2026\/03\/Screenshot_20260315_163338_Facebook-scaled.jpg?resize=2048%2C638&amp;ssl=1 2048w, https:\/\/i0.wp.com\/redaccionoaxaca.com\/wp-content\/uploads\/2026\/03\/Screenshot_20260315_163338_Facebook-scaled.jpg?resize=1347%2C420&amp;ssl=1 1347w, https:\/\/i0.wp.com\/redaccionoaxaca.com\/wp-content\/uploads\/2026\/03\/Screenshot_20260315_163338_Facebook-scaled.jpg?resize=696%2C217&amp;ssl=1 696w, https:\/\/i0.wp.com\/redaccionoaxaca.com\/wp-content\/uploads\/2026\/03\/Screenshot_20260315_163338_Facebook-scaled.jpg?resize=1068%2C333&amp;ssl=1 1068w\" sizes=\"auto, (max-width: 300px) 100vw, 300px\" \/><\/p>\n","protected":false},"excerpt":{"rendered":"<p>#Redacci\u00f3nOaxaca #Oaxaca * Se busca ordenar el uso del espacio p\u00fablico San Raymundo Jalpan, Oax., 14 de marzo de 2026.- Con el objetivo de garantizar un uso ordenado, equitativo y accesible del espacio p\u00fablico, el Congreso del Estado aprob\u00f3 un exhorto dirigido al Municipio de Oaxaca de Ju\u00e1rez para que, a trav\u00e9s de la Direcci\u00f3n [&hellip;]<\/p>\n","protected":false},"author":9,"featured_media":41004,"comment_status":"open","ping_status":"open","sticky":false,"template":"","format":"standard","meta":{"jetpack_post_was_ever_published":false,"_jetpack_newsletter_access":"","_jetpack_dont_email_post_to_subs":false,"_jetpack_newsletter_tier_id":0,"_jetpack_memberships_contains_paywalled_content":false,"_jetpack_memberships_contains_paid_content":false,"footnotes":"","jetpack_publicize_message":"","jetpack_publicize_feature_enabled":true,"jetpack_social_post_already_shared":true,"jetpack_social_options":{"image_generator_settings":{"template":"highway","default_image_id":0,"font":"","enabled":false},"version":2}},"categories":[4,5,6],"tags":[],"class_list":{"0":"post-41003","1":"post","2":"type-post","3":"status-publish","4":"format-standard","5":"has-post-thumbnail","7":"category-agenda-politica","8":"category-imagen","9":"category-tendencias"},"jetpack_publicize_connections":[],"jetpack_featured_media_url":"https:\/\/i0.wp.com\/redaccionoaxaca.com\/wp-content\/uploads\/2026\/03\/Screenshot_20260315_163334_Facebook-scaled.jpg?fit=2560%2C1719&ssl=1","jetpack_sharing_enabled":true,"jetpack_shortlink":"https:\/\/wp.me\/p9Ynjw-aFl","jetpack-related-posts":[{"id":13659,"url":"https:\/\/redaccionoaxaca.com\/index.php\/2020\/07\/30\/morena-pri-pvem-y-semovi-proponen-reforma-a-ley-de-movilidad-para-fomentar-y-abrir-puerta-a-ip-en-uso-de-bicicletas-en-oaxaca\/","url_meta":{"origin":41003,"position":0},"title":"Morena, PRI, PVEM y Semovi, proponen reforma a ley de movilidad  para fomentar y abrir puerta a IP en uso de bicicletas en Oaxaca","author":"ariadna","date":"julio 30, 2020","format":false,"excerpt":"#Redacci\u00f3nOaxaca #Oaxaca Jaime GUERRERO Para fomentar el uso de la bicicleta en el Estado, el colectivo \u201cInsolente Oaxaca\u201d, diputados del Partido Morena, PRI y Verde Ecologista de M\u00e9xico, presentaron una iniciativa de reforma la ley de movilidad. Antes, realizaron una \u201crodada\u201d en bici que arrib\u00f3 a la sede del Congreso\u2026","rel":"","context":"En &quot;Agenda Pol\u00edtica&quot;","block_context":{"text":"Agenda Pol\u00edtica","link":"https:\/\/redaccionoaxaca.com\/index.php\/category\/agenda-politica\/"},"img":{"alt_text":"","src":"","width":0,"height":0},"classes":[]},{"id":38229,"url":"https:\/\/redaccionoaxaca.com\/index.php\/2025\/09\/12\/centro-de-servicios-vecinales-de-oaxaca-de-juarez-costara-1-mil-880-mdp-a-20-anos-congreso-autorizara-concesion-para-construccion\/","url_meta":{"origin":41003,"position":1},"title":"Centro de Servicios Vecinales de Oaxaca de Ju\u00e1rez costar\u00e1 1 mil 880 mdp a 20 a\u00f1os; Congreso autorizar\u00e1 concesi\u00f3n para construcci\u00f3n","author":"ariadna","date":"septiembre 12, 2025","format":false,"excerpt":"#Redacci\u00f3nOaxaca #Oaxaca Jaime GUERRERO La LXVl Legislatura, autorizar\u00e1 al municipio de Oaxaca de Ju\u00e1rez, gestione y otorgue una concesi\u00f3n sobre el inmueble ubicado en la calle Belisario Dom\u00ednguez 920 de Colonia Reforma, para la construcci\u00f3n y mantenimiento, del Centro de Servicios Vecinales (\u201cCESEVI\u201d) afectando como fuente de pago o garant\u00eda\u2026","rel":"","context":"En &quot;Agenda Pol\u00edtica&quot;","block_context":{"text":"Agenda Pol\u00edtica","link":"https:\/\/redaccionoaxaca.com\/index.php\/category\/agenda-politica\/"},"img":{"alt_text":"","src":"https:\/\/i0.wp.com\/redaccionoaxaca.com\/wp-content\/uploads\/2025\/09\/Screenshot_20250912_115125_WhatsApp-scaled.jpg?fit=1200%2C672&ssl=1&resize=350%2C200","width":350,"height":200,"srcset":"https:\/\/i0.wp.com\/redaccionoaxaca.com\/wp-content\/uploads\/2025\/09\/Screenshot_20250912_115125_WhatsApp-scaled.jpg?fit=1200%2C672&ssl=1&resize=350%2C200 1x, https:\/\/i0.wp.com\/redaccionoaxaca.com\/wp-content\/uploads\/2025\/09\/Screenshot_20250912_115125_WhatsApp-scaled.jpg?fit=1200%2C672&ssl=1&resize=525%2C300 1.5x, https:\/\/i0.wp.com\/redaccionoaxaca.com\/wp-content\/uploads\/2025\/09\/Screenshot_20250912_115125_WhatsApp-scaled.jpg?fit=1200%2C672&ssl=1&resize=700%2C400 2x, https:\/\/i0.wp.com\/redaccionoaxaca.com\/wp-content\/uploads\/2025\/09\/Screenshot_20250912_115125_WhatsApp-scaled.jpg?fit=1200%2C672&ssl=1&resize=1050%2C600 3x"},"classes":[]},{"id":39617,"url":"https:\/\/redaccionoaxaca.com\/index.php\/2025\/12\/26\/exhortan-al-municipio-de-oaxaca-a-que-realice-un-llamado-a-locatarios-del-pasillo-de-humo-para-que-eviten-el-uso-de-plasticos-y-unicel\/","url_meta":{"origin":41003,"position":2},"title":"Exhortan al Municipio de Oaxaca a que realice un llamado a locatarios del \u201cpasillo de humo\u201d para que eviten el uso de pl\u00e1sticos y unicel","author":"ariadna","date":"diciembre 26, 2025","format":false,"excerpt":"#Redacci\u00f3nOaxaca #Oaxaca * Tambi\u00e9n se busca promover el consumo de bebidas naturales frente a productos azucarados y carbonatados. San Raymundo Jalpan, Oax., a 17 de diciembre de 2025.- Para fortalecer las acciones en favor del medio ambiente, el Congreso local aprob\u00f3 de Urgente y Obvia resoluci\u00f3n un exhorto dirigido al\u2026","rel":"","context":"En &quot;Agenda Pol\u00edtica&quot;","block_context":{"text":"Agenda Pol\u00edtica","link":"https:\/\/redaccionoaxaca.com\/index.php\/category\/agenda-politica\/"},"img":{"alt_text":"","src":"https:\/\/i0.wp.com\/redaccionoaxaca.com\/wp-content\/uploads\/2025\/12\/FB_IMG_1766793382192-1-scaled.jpg?fit=1200%2C789&ssl=1&resize=350%2C200","width":350,"height":200,"srcset":"https:\/\/i0.wp.com\/redaccionoaxaca.com\/wp-content\/uploads\/2025\/12\/FB_IMG_1766793382192-1-scaled.jpg?fit=1200%2C789&ssl=1&resize=350%2C200 1x, https:\/\/i0.wp.com\/redaccionoaxaca.com\/wp-content\/uploads\/2025\/12\/FB_IMG_1766793382192-1-scaled.jpg?fit=1200%2C789&ssl=1&resize=525%2C300 1.5x, https:\/\/i0.wp.com\/redaccionoaxaca.com\/wp-content\/uploads\/2025\/12\/FB_IMG_1766793382192-1-scaled.jpg?fit=1200%2C789&ssl=1&resize=700%2C400 2x, https:\/\/i0.wp.com\/redaccionoaxaca.com\/wp-content\/uploads\/2025\/12\/FB_IMG_1766793382192-1-scaled.jpg?fit=1200%2C789&ssl=1&resize=1050%2C600 3x"},"classes":[]},{"id":23984,"url":"https:\/\/redaccionoaxaca.com\/index.php\/2022\/02\/11\/video-hasta-4-mil-500-pesos-de-multa-se-cobran-a-quienes-invaden-cajones-para-personas-con-discapacidad-y-por-obstruir-ciclovias-mas-de-3-mil-pesos-2\/","url_meta":{"origin":41003,"position":3},"title":"VIDEO: Hasta 4 mil 500 pesos de multa se cobran a quienes invaden cajones para personas con discapacidad y por obstruir ciclov\u00edas m\u00e1s de 3 mil pesos.","author":"ariadna","date":"febrero 11, 2022","format":"video","excerpt":"#Redacci\u00f3nOaxaca #Oaxaca Ariadna Mendoza *Tan solo en el mes de enero, de este a\u00f1o, se levantaron 160 infracciones por estacionarse en lugares exclusivos para personas con discapacidad. La falta de cultura vial, expone la ignorancia de las personas, cuando hacen caso omiso a los se\u00f1alamientos y estacionan sus autos en\u2026","rel":"","context":"En &quot;Imagen&quot;","block_context":{"text":"Imagen","link":"https:\/\/redaccionoaxaca.com\/index.php\/category\/imagen\/"},"img":{"alt_text":"","src":"","width":0,"height":0},"classes":[]},{"id":40394,"url":"https:\/\/redaccionoaxaca.com\/index.php\/2026\/02\/07\/impulsan-reforma-para-frenar-vapeo-y-consumo-de-sustancias-en-transporte-publico\/","url_meta":{"origin":41003,"position":4},"title":"Impulsan reforma para frenar vapeo y consumo de sustancias en transporte p\u00fablico","author":"ariadna","date":"febrero 7, 2026","format":false,"excerpt":"#Redacci\u00f3nOaxaca #Oaxaca * Tania Caballero Navarro, Presidenta de la Jucopo, presenta reforma para prohibir el uso de vapeadores y el consumo de sustancias prohibidas en el transporte p\u00fablico de Oaxaca * La medida busca proteger especialmente a grupos de atenci\u00f3n prioritaria, como estudiantes, personas adultas mayores, mujeres embarazadas, ni\u00f1as y\u2026","rel":"","context":"En &quot;Agenda Pol\u00edtica&quot;","block_context":{"text":"Agenda Pol\u00edtica","link":"https:\/\/redaccionoaxaca.com\/index.php\/category\/agenda-politica\/"},"img":{"alt_text":"","src":"https:\/\/i0.wp.com\/redaccionoaxaca.com\/wp-content\/uploads\/2026\/02\/FB_IMG_1770518254306.jpg?fit=960%2C1200&ssl=1&resize=350%2C200","width":350,"height":200,"srcset":"https:\/\/i0.wp.com\/redaccionoaxaca.com\/wp-content\/uploads\/2026\/02\/FB_IMG_1770518254306.jpg?fit=960%2C1200&ssl=1&resize=350%2C200 1x, https:\/\/i0.wp.com\/redaccionoaxaca.com\/wp-content\/uploads\/2026\/02\/FB_IMG_1770518254306.jpg?fit=960%2C1200&ssl=1&resize=525%2C300 1.5x, https:\/\/i0.wp.com\/redaccionoaxaca.com\/wp-content\/uploads\/2026\/02\/FB_IMG_1770518254306.jpg?fit=960%2C1200&ssl=1&resize=700%2C400 2x"},"classes":[]},{"id":25112,"url":"https:\/\/redaccionoaxaca.com\/index.php\/2022\/04\/20\/uso-recreativo-de-marihuana-en-oaxaca-debe-regularse-en-puntos-determinados-ip\/","url_meta":{"origin":41003,"position":5},"title":"Uso recreativo de marihuana en Oaxaca   debe regularse en puntos determinados: IP.","author":"ariadna","date":"abril 20, 2022","format":false,"excerpt":"#Redacci\u00f3nOaxaca #Oaxaca Jaime GUERRERO Luego de que el ayuntamiento de Oaxaca de Ju\u00e1rez abriera la puerta al consumo l\u00fadico de marihuana en espacios p\u00fablicos, el presidente del Observatorio Ciudadano de Seguridad, Ernesto Guti\u00e9rrez Jim\u00e9nez, llam\u00f3 a regular los puntos espec\u00edficos para evitar un problema de inseguridad. Cabe destacar que en\u2026","rel":"","context":"Entrada similar ","block_context":{"text":"Entrada similar ","link":""},"img":{"alt_text":"","src":"","width":0,"height":0},"classes":[]}],"_links":{"self":[{"href":"https:\/\/redaccionoaxaca.com\/index.php\/wp-json\/wp\/v2\/posts\/41003","targetHints":{"allow":["GET"]}}],"collection":[{"href":"https:\/\/redaccionoaxaca.com\/index.php\/wp-json\/wp\/v2\/posts"}],"about":[{"href":"https:\/\/redaccionoaxaca.com\/index.php\/wp-json\/wp\/v2\/types\/post"}],"author":[{"embeddable":true,"href":"https:\/\/redaccionoaxaca.com\/index.php\/wp-json\/wp\/v2\/users\/9"}],"replies":[{"embeddable":true,"href":"https:\/\/redaccionoaxaca.com\/index.php\/wp-json\/wp\/v2\/comments?post=41003"}],"version-history":[{"count":2,"href":"https:\/\/redaccionoaxaca.com\/index.php\/wp-json\/wp\/v2\/posts\/41003\/revisions"}],"predecessor-version":[{"id":41007,"href":"https:\/\/redaccionoaxaca.com\/index.php\/wp-json\/wp\/v2\/posts\/41003\/revisions\/41007"}],"wp:featuredmedia":[{"embeddable":true,"href":"https:\/\/redaccionoaxaca.com\/index.php\/wp-json\/wp\/v2\/media\/41004"}],"wp:attachment":[{"href":"https:\/\/redaccionoaxaca.com\/index.php\/wp-json\/wp\/v2\/media?parent=41003"}],"wp:term":[{"taxonomy":"category","embeddable":true,"href":"https:\/\/redaccionoaxaca.com\/index.php\/wp-json\/wp\/v2\/categories?post=41003"},{"taxonomy":"post_tag","embeddable":true,"href":"https:\/\/redaccionoaxaca.com\/index.php\/wp-json\/wp\/v2\/tags?post=41003"}],"curies":[{"name":"wp","href":"https:\/\/api.w.org\/{rel}","templated":true}]}}