{"id":41009,"date":"2026-03-16T14:15:07","date_gmt":"2026-03-16T20:15:07","guid":{"rendered":"https:\/\/redaccionoaxaca.com\/?p=41009"},"modified":"2026-03-16T14:15:07","modified_gmt":"2026-03-16T20:15:07","slug":"bloquean-la-panamericana-en-el-istmo-productores-de-mango-que-rechazan-senalamientos-de-plaga-en-sus-huertas","status":"publish","type":"post","link":"https:\/\/redaccionoaxaca.com\/index.php\/2026\/03\/16\/bloquean-la-panamericana-en-el-istmo-productores-de-mango-que-rechazan-senalamientos-de-plaga-en-sus-huertas\/","title":{"rendered":"Bloquean la Panamericana en el Istmo productores de mango que rechazan se\u00f1alamientos de plaga en sus huertas"},"content":{"rendered":"<p><strong>#Redacci\u00f3nOaxaca<\/strong><\/p>\n<p><strong>#Oaxaca<\/strong><\/p>\n<p><strong>#JaimeGUERRERO<\/strong><\/p>\n<p style=\"text-align: justify;\">Productores de mango de Santo Domingo Zanatepec y San Francisco Ixhuat\u00e1n amanecieron este lunes con un bloqueo sobre la carretera federal 190, a la altura del puente Zanatepec, para exigir que el Servicio Nacional de Sanidad, Inocuidad y Calidad Agroalimentaria (Senasica) y la Secretar\u00eda de Fomento Agroalimentario y Desarrollo Rural (Sefader) inspeccionen sus huertas, que afirman se encuentran sin afectaci\u00f3n de mosca de la fruta.<\/p>\n<p style=\"text-align: justify;\">La protesta interrumpi\u00f3 la circulaci\u00f3n vehicular en esa v\u00eda, arteria principal del Istmo de Tehuantepec.<\/p>\n<p style=\"text-align: justify;\">La movilizaci\u00f3n obedece a que en las \u00faltimas semanas inspecciones han afectado al sector mangatero de la zona.<\/p>\n<p style=\"text-align: justify;\">Entre el 17 de febrero y el 9 de marzo, inspectores del Senasica y del Departamento de Agricultura de Estados Unidos (USDA) cancelaron la exportaci\u00f3n de mango procedente de 26 huertos del Istmo al detectar fruta con larvas, lo que impidi\u00f3 el env\u00edo de 250 toneladas al mercado estadounidense y dej\u00f3 fuera de ese destino cerca de cuatro mil toneladas.<\/p>\n<p style=\"text-align: justify;\">En el periodo del 10 de enero al 8 de marzo, el USDA rechaz\u00f3 en total 489 toneladas de 67 huertos de Oaxaca y Chiapas por la misma causa. El Senasica report\u00f3 brotes de mosca de la fruta en hasta el 10.3 por ciento de las muestras de los lotes rechazados.<\/p>\n<p style=\"text-align: justify;\">Los productores movilizados este lunes se deslindaron de esas afectaciones y exigieron que las autoridades fitosanitarias y de fomento rural acudan a sus parcelas a verificar in situ el estado de su producci\u00f3n, antes de que sus huertas sean incluidas en las listas de restricci\u00f3n o se les impida comercializar su cosecha.<\/p>\n<p style=\"text-align: justify;\">La protesta ocurre semanas despu\u00e9s de que el gobernador Salom\u00f3n Jara Cruz puso en marcha una campa\u00f1a estatal de atenci\u00f3n al problema.<\/p>\n<p style=\"text-align: justify;\">El 20 de febrero, en San Pedro Tapanatepec, el mandatario entreg\u00f3 equipo e insumos a 900 productores del Istmo como parte del Programa de Sanidad e Inocuidad Agroalimentaria 2026, con una inversi\u00f3n de 10 millones de pesos, con el objetivo de reforzar el control de la mosca de la fruta.<\/p>\n<p style=\"text-align: justify;\">En ese acto, el titular de la Sefader, V\u00edctor L\u00f3pez Leyva, precis\u00f3 que en la regi\u00f3n se cultivan alrededor de 40 mil hect\u00e1reas de mango en municipios como Chahuites, San Pedro Tapanatepec, San Francisco Ixhuat\u00e1n, Reforma de Pineda, San Francisco del Mar y Santo Domingo Zanatepec.<\/p>\n<p style=\"text-align: justify;\">Paralelamente, productores de la zona han denunciado que el gobierno estatal distribuy\u00f3 insecticidas prohibidos que afectan a las abejas polinizadoras, lo que agrava la crisis del sector.<\/p>\n<p style=\"text-align: justify;\">Esa denuncia se suma a se\u00f1alamientos sobre el desuso de la Norma Oficial Mexicana NOM-023, que no se ha actualizado desde 1995, lo que implica que el combate a plagas actuales se realiza con reglamentos de hace tres d\u00e9cadas, permitiendo el uso de qu\u00edmicos que otros pa\u00edses ya prohibieron.<\/p>\n<p style=\"text-align: justify;\">La situaci\u00f3n genera alarma porque las cancelaciones se registran justo al arranque de la temporada de exportaci\u00f3n, cuando los productores esperaban capitalizar una zafra que se proyecta favorable.<\/p>\n","protected":false},"excerpt":{"rendered":"<p>#Redacci\u00f3nOaxaca #Oaxaca #JaimeGUERRERO Productores de mango de Santo Domingo Zanatepec y San Francisco Ixhuat\u00e1n amanecieron este lunes con un bloqueo sobre la carretera federal 190, a la altura del puente Zanatepec, para exigir que el Servicio Nacional de Sanidad, Inocuidad y Calidad Agroalimentaria (Senasica) y la Secretar\u00eda de Fomento Agroalimentario y Desarrollo Rural (Sefader) inspeccionen [&hellip;]<\/p>\n","protected":false},"author":9,"featured_media":41010,"comment_status":"open","ping_status":"open","sticky":false,"template":"","format":"standard","meta":{"jetpack_post_was_ever_published":false,"_jetpack_newsletter_access":"","_jetpack_dont_email_post_to_subs":false,"_jetpack_newsletter_tier_id":0,"_jetpack_memberships_contains_paywalled_content":false,"_jetpack_memberships_contains_paid_content":false,"footnotes":"","jetpack_publicize_message":"","jetpack_publicize_feature_enabled":true,"jetpack_social_post_already_shared":true,"jetpack_social_options":{"image_generator_settings":{"template":"highway","default_image_id":0,"font":"","enabled":false},"version":2}},"categories":[5,3,6],"tags":[],"class_list":{"0":"post-41009","1":"post","2":"type-post","3":"status-publish","4":"format-standard","5":"has-post-thumbnail","7":"category-imagen","8":"category-mesa-de-redaccion","9":"category-tendencias"},"jetpack_publicize_connections":[],"jetpack_featured_media_url":"https:\/\/i0.wp.com\/redaccionoaxaca.com\/wp-content\/uploads\/2026\/03\/images-50.jpeg?fit=777%2C395&ssl=1","jetpack_sharing_enabled":true,"jetpack_shortlink":"https:\/\/wp.me\/p9Ynjw-aFr","jetpack-related-posts":[{"id":16499,"url":"https:\/\/redaccionoaxaca.com\/index.php\/2021\/01\/27\/tijerazo-de-500-mdp-al-campo-de-oaxaca-freno-ejecucion-de-proyectos-productivos-cue-navarro\/","url_meta":{"origin":41009,"position":0},"title":"Tijerazo de 500 mdp al campo de Oaxaca,  fren\u00f3 ejecuci\u00f3n de proyectos productivos: Cu\u00e9 Navarro.","author":"ariadna","date":"enero 27, 2021","format":false,"excerpt":"#Redacci\u00f3nOaxaca #Oaxaca Jaime GUERRERO El titular de la Secretar\u00eda de Desarrollo Agropecuario, Pesca y Acuacultura (Sedapa), Gabriel Cu\u00e9 Navarro, afirm\u00f3 que se dialoga con las organizaciones sociales, sistema producto y autoridades municipales, para potenciar el desarrollo del campo. No obstante, el recorte de 500 millones de pesos, fren\u00f3 la ejecuci\u00f3n\u2026","rel":"","context":"En &quot;Agenda Pol\u00edtica&quot;","block_context":{"text":"Agenda Pol\u00edtica","link":"https:\/\/redaccionoaxaca.com\/index.php\/category\/agenda-politica\/"},"img":{"alt_text":"","src":"","width":0,"height":0},"classes":[]},{"id":2732,"url":"https:\/\/redaccionoaxaca.com\/index.php\/2018\/09\/25\/productores-espanoles-visitaron-el-istmo-para-producir-nuevo-documental-sobre-los-muxhes\/","url_meta":{"origin":41009,"position":1},"title":"Productores Espa\u00f1oles visitaron el Istmo para producir nuevo documental sobre los Muxhes","author":"denise","date":"septiembre 25, 2018","format":false,"excerpt":"*M\u00f3nica Naranjo encabeza el equipo que recorre el mundo retratando la vida de personas con preferencias sexuales distintas La vida de la comunidad Muxhe, nacida y forjada en el Istmo de Tehuantepec, ha sido tema de estudio y an\u00e1lisis en diversos foros mundiales, la semana pasada fue la cantante espa\u00f1ola\u2026","rel":"","context":"En &quot;Tendencias&quot;","block_context":{"text":"Tendencias","link":"https:\/\/redaccionoaxaca.com\/index.php\/category\/tendencias\/"},"img":{"alt_text":"","src":"","width":0,"height":0},"classes":[]},{"id":31619,"url":"https:\/\/redaccionoaxaca.com\/index.php\/2024\/05\/06\/concluyen-evaluaciones-a-las-100-delegaciones-que-buscan-presentarse-en-la-guelaguetza-2024\/","url_meta":{"origin":41009,"position":2},"title":"Concluyen evaluaciones a las 100 delegaciones que buscan presentarse en la Guelaguetza 2024","author":"ariadna","date":"mayo 6, 2024","format":false,"excerpt":"#Redacci\u00f3nOaxaca #Oaxaca \u25cf Durante tres semanas, las y los Consejeros Interculturales y personal de la Secretar\u00eda de las Culturas y Artes, recorrieron las ocho regiones de Oaxaca Oaxaca de Ju\u00e1rez, Oax. 5 de mayo de 2024- Este domingo 5 de mayo, culmin\u00f3 el proceso de evaluaci\u00f3n de las delegaciones de\u2026","rel":"","context":"En &quot;Imagen&quot;","block_context":{"text":"Imagen","link":"https:\/\/redaccionoaxaca.com\/index.php\/category\/imagen\/"},"img":{"alt_text":"","src":"https:\/\/i0.wp.com\/redaccionoaxaca.com\/wp-content\/uploads\/2024\/05\/IMG-20240505-WA0083-300x225.jpg?resize=350%2C200&ssl=1","width":350,"height":200},"classes":[]},{"id":15023,"url":"https:\/\/redaccionoaxaca.com\/index.php\/2020\/11\/03\/presidenta-de-tehuantepec-rompe-acuerdo-y-promueve-bloqueos-en-el-istmo\/","url_meta":{"origin":41009,"position":3},"title":"PRESIDENTA DE TEHUANTEPEC, ROMPE ACUERDO Y PROMUEVE  BLOQUEOS EN EL ISTMO.","author":"ariadna","date":"noviembre 3, 2020","format":false,"excerpt":"#Redacci\u00f3nOaxaca #Oaxaca Un grupo de productores de sorgo que reclaman indemnizaciones por una mala cosecha en el 2019, ten\u00edan el ofrecimiento de una reuni\u00f3n de trabajo con autoridades del sector agr\u00edcola, concertada por la Secretar\u00eda General de Gobierno, aun as\u00ed, decidieron romper el acuerdo y montaron sendos bloqueos en la\u2026","rel":"","context":"En &quot;Agenda Pol\u00edtica&quot;","block_context":{"text":"Agenda Pol\u00edtica","link":"https:\/\/redaccionoaxaca.com\/index.php\/category\/agenda-politica\/"},"img":{"alt_text":"","src":"https:\/\/i0.wp.com\/redaccionoaxaca.com\/wp-content\/uploads\/2020\/11\/IMG-20201103-WA0023-225x300.jpg?resize=350%2C200","width":350,"height":200},"classes":[]},{"id":10279,"url":"https:\/\/redaccionoaxaca.com\/index.php\/2020\/01\/22\/en-medio-de-millonarias-irregularidades-en-campo-comision-agropecuaria-del-congreso-pacto-no-citar-a-comparecer-a-titular-de-la-sedapa\/","url_meta":{"origin":41009,"position":4},"title":"En medio de millonarias irregularidades en campo, Comisi\u00f3n  Agropecuaria del Congreso pact\u00f3 no citar a comparecer a titular de la Sedapa.","author":"ariadna","date":"enero 22, 2020","format":false,"excerpt":"#Redacci\u00f3nOaxaca #Oaxaca Jaime GUERRERO Mientras Oaxaca habr\u00eda incurrido en subejercicio de recursos del ejercicio fiscal 2019 por el orden de los 400 millones de pesos en la Sedafpa, adem\u00e1s de que dos funcionarios uno federal y otro estatal, fueron acusados de desviar unos 200 millones de pesos del 2012 a\u2026","rel":"","context":"Entrada similar ","block_context":{"text":"Entrada similar ","link":""},"img":{"alt_text":"","src":"","width":0,"height":0},"classes":[]},{"id":31075,"url":"https:\/\/redaccionoaxaca.com\/index.php\/2024\/03\/31\/refuerza-coesfo-con-un-helicoptero-el-combate-a-incendio-forestal-en-el-istmo\/","url_meta":{"origin":41009,"position":5},"title":"Refuerza Coesfo con un helic\u00f3ptero el combate a incendio forestal en el Istmo","author":"ariadna","date":"marzo 31, 2024","format":false,"excerpt":"#Redacci\u00f3nOaxaca #Oaxaca Oaxaca de Ju\u00e1rez, Oax. 31 de marzo de 2024. El Gobierno de Oaxaca a trav\u00e9s de la Comisi\u00f3n Estatal Forestal (Coesfo), informa que este fin de semana arrib\u00f3 al Hangar del Gobierno del Estado un helic\u00f3ptero UH-1H matr\u00edcula XA-UDZ, perteneciente a la empresa Aeroan\u00e1huac S.C., con la finalidad\u2026","rel":"","context":"En &quot;Imagen&quot;","block_context":{"text":"Imagen","link":"https:\/\/redaccionoaxaca.com\/index.php\/category\/imagen\/"},"img":{"alt_text":"","src":"https:\/\/i0.wp.com\/redaccionoaxaca.com\/wp-content\/uploads\/2024\/03\/IMG-20240331-WA0006-300x200.jpg?resize=350%2C200&ssl=1","width":350,"height":200},"classes":[]}],"_links":{"self":[{"href":"https:\/\/redaccionoaxaca.com\/index.php\/wp-json\/wp\/v2\/posts\/41009","targetHints":{"allow":["GET"]}}],"collection":[{"href":"https:\/\/redaccionoaxaca.com\/index.php\/wp-json\/wp\/v2\/posts"}],"about":[{"href":"https:\/\/redaccionoaxaca.com\/index.php\/wp-json\/wp\/v2\/types\/post"}],"author":[{"embeddable":true,"href":"https:\/\/redaccionoaxaca.com\/index.php\/wp-json\/wp\/v2\/users\/9"}],"replies":[{"embeddable":true,"href":"https:\/\/redaccionoaxaca.com\/index.php\/wp-json\/wp\/v2\/comments?post=41009"}],"version-history":[{"count":1,"href":"https:\/\/redaccionoaxaca.com\/index.php\/wp-json\/wp\/v2\/posts\/41009\/revisions"}],"predecessor-version":[{"id":41011,"href":"https:\/\/redaccionoaxaca.com\/index.php\/wp-json\/wp\/v2\/posts\/41009\/revisions\/41011"}],"wp:featuredmedia":[{"embeddable":true,"href":"https:\/\/redaccionoaxaca.com\/index.php\/wp-json\/wp\/v2\/media\/41010"}],"wp:attachment":[{"href":"https:\/\/redaccionoaxaca.com\/index.php\/wp-json\/wp\/v2\/media?parent=41009"}],"wp:term":[{"taxonomy":"category","embeddable":true,"href":"https:\/\/redaccionoaxaca.com\/index.php\/wp-json\/wp\/v2\/categories?post=41009"},{"taxonomy":"post_tag","embeddable":true,"href":"https:\/\/redaccionoaxaca.com\/index.php\/wp-json\/wp\/v2\/tags?post=41009"}],"curies":[{"name":"wp","href":"https:\/\/api.w.org\/{rel}","templated":true}]}}