{"id":41012,"date":"2026-03-16T14:22:04","date_gmt":"2026-03-16T20:22:04","guid":{"rendered":"https:\/\/redaccionoaxaca.com\/?p=41012"},"modified":"2026-03-16T14:22:04","modified_gmt":"2026-03-16T20:22:04","slug":"personas-armadas-irrumpen-en-guerrero-grande-atatlahuca-agenta-municipal-exige-intervencion-de-guardia-nacional-y-policia-estatal","status":"publish","type":"post","link":"https:\/\/redaccionoaxaca.com\/index.php\/2026\/03\/16\/personas-armadas-irrumpen-en-guerrero-grande-atatlahuca-agenta-municipal-exige-intervencion-de-guardia-nacional-y-policia-estatal\/","title":{"rendered":"Personas armadas irrumpen en Guerrero Grande, Atatlahuca; agenta municipal exige intervenci\u00f3n de Guardia Nacional y Polic\u00eda Estatal"},"content":{"rendered":"<p><strong>#Redacci\u00f3nOaxaca<\/strong><\/p>\n<p><strong>#Oaxaca<\/strong><\/p>\n<p><strong>#JaimeGUERRERO<\/strong><\/p>\n<p style=\"text-align: justify;\">La agenta municipal de Guerrero Grande, Eustaquia Sandoval Galindo, denunci\u00f3 que la tarde y noche del domingo 15 de marzo personas armadas ingresaron a la comunidad y realizaron disparos desde los accesos principales a la poblaci\u00f3n y desde la azotea de un domicilio particular \u201cde un ciudadano plenamente identificado\u201d.<\/p>\n<p style=\"text-align: justify;\">Mediante un comunicado, asegur\u00f3 que existe alto riesgo de agresi\u00f3n armada contra los habitantes, entre ellos mujeres, ni\u00f1os y personas mayores.<\/p>\n<p style=\"text-align: justify;\">\u201cSe escuchan disparos y se observan luces de veh\u00edculos y l\u00e1mparas en movimiento\u201d, advirti\u00f3.<\/p>\n<p style=\"text-align: justify;\">Sandoval Galindo solicit\u00f3 de manera urgente la presencia de la Polic\u00eda Estatal de la Secretar\u00eda de Seguridad P\u00fablica del Gobierno de Oaxaca y de la Guardia Nacional para proteger la integridad de la poblaci\u00f3n.<\/p>\n<p style=\"text-align: justify;\">El comunicado tambi\u00e9n fue suscrito por Maurilio Santiago Reyes, presidente del Centro de Derechos Humanos y Asesor\u00eda a Pueblos Ind\u00edgenas (Cedhapi), y fue dirigido a la Fiscal\u00eda General del Estado, la Secretar\u00eda de Gobernaci\u00f3n, el Gobierno de Oaxaca, la Coordinaci\u00f3n para la Atenci\u00f3n de los Derechos Humanos, la Defensor\u00eda de los Derechos Humanos del Pueblo de Oaxaca y la Comisi\u00f3n Interamericana de Derechos Humanos (CIDH).<\/p>\n<p style=\"text-align: justify;\">Guerrero Grande es una agencia perteneciente al municipio de San Esteban Atatlahuca, en la regi\u00f3n Mixteca de Oaxaca.<\/p>\n<p style=\"text-align: justify;\">Sus habitantes son beneficiarios de medidas cautelares emitidas por la CIDH el 23 de diciembre de 2021, derivadas de los ataques armados registrados entre el 21 y el 25 de octubre de ese a\u00f1o, cuando un grupo armado quem\u00f3 m\u00e1s de cien viviendas en las comunidades de Guerrero Grande y Ndoyonoyuji y provoc\u00f3 el desplazamiento forzado de cerca de 300 personas.<\/p>\n<p style=\"text-align: justify;\">El 31 de diciembre de 2021, el Comit\u00e9 Contra la Desaparici\u00f3n Forzada de la ONU emiti\u00f3 una acci\u00f3n urgente solicitando al Estado mexicano la b\u00fasqueda inmediata de Miguel Bautista Avenda\u00f1o, Donato Bautista Avenda\u00f1o, Marco Quiroz Ria\u00f1o, Mayolo Quiroz Barrios e Irma Galindo Barrios, desaparecidos en el contexto de los ataques.<\/p>\n<p style=\"text-align: justify;\">Hasta la fecha no existe ninguna persona detenida por los homicidios, desapariciones y quemas de casas, y las familias desplazadas permanecen en condiciones precarias.<\/p>\n<p style=\"text-align: justify;\">Este 2026, las comunidades de Ndoyonoyuji, Mier y Ter\u00e1n y Guerrero Grande cumplen cinco a\u00f1os de desplazamiento forzado, sin fecha de retorno a sus territorios.<\/p>\n<p style=\"text-align: justify;\">En septiembre de 2024, el Cedhapi denunci\u00f3 que un grupo de aproximadamente 100 personas, encabezadas por el presidente municipal de San Esteban Atatlahuca y el presidente del Comisariado de Bienes Comunales, ingres\u00f3 a Guerrero Grande sin autorizaci\u00f3n, con personas armadas dispersas que rodearon la comunidad.<\/p>\n","protected":false},"excerpt":{"rendered":"<p>#Redacci\u00f3nOaxaca #Oaxaca #JaimeGUERRERO La agenta municipal de Guerrero Grande, Eustaquia Sandoval Galindo, denunci\u00f3 que la tarde y noche del domingo 15 de marzo personas armadas ingresaron a la comunidad y realizaron disparos desde los accesos principales a la poblaci\u00f3n y desde la azotea de un domicilio particular \u201cde un ciudadano plenamente identificado\u201d. Mediante un comunicado, [&hellip;]<\/p>\n","protected":false},"author":9,"featured_media":41013,"comment_status":"open","ping_status":"open","sticky":false,"template":"","format":"standard","meta":{"jetpack_post_was_ever_published":false,"_jetpack_newsletter_access":"","_jetpack_dont_email_post_to_subs":false,"_jetpack_newsletter_tier_id":0,"_jetpack_memberships_contains_paywalled_content":false,"_jetpack_memberships_contains_paid_content":false,"footnotes":"","jetpack_publicize_message":"","jetpack_publicize_feature_enabled":true,"jetpack_social_post_already_shared":true,"jetpack_social_options":{"image_generator_settings":{"template":"highway","default_image_id":0,"font":"","enabled":false},"version":2}},"categories":[4,5,3],"tags":[],"class_list":{"0":"post-41012","1":"post","2":"type-post","3":"status-publish","4":"format-standard","5":"has-post-thumbnail","7":"category-agenda-politica","8":"category-imagen","9":"category-mesa-de-redaccion"},"jetpack_publicize_connections":[],"jetpack_featured_media_url":"https:\/\/i0.wp.com\/redaccionoaxaca.com\/wp-content\/uploads\/2026\/03\/27-7-600x360-1.jpg?fit=600%2C360&ssl=1","jetpack_sharing_enabled":true,"jetpack_shortlink":"https:\/\/wp.me\/p9Ynjw-aFu","jetpack-related-posts":[{"id":30109,"url":"https:\/\/redaccionoaxaca.com\/index.php\/2024\/01\/10\/jess-mujer-trans-hace-historia-en-municipio-de-oaxaca-al-ser-electa-agenta-municipal-suplente\/","url_meta":{"origin":41012,"position":0},"title":"Jess, mujer trans hace historia en municipio de Oaxaca al ser electa agenta municipal suplente","author":"ariadna","date":"enero 10, 2024","format":false,"excerpt":"#Redacci\u00f3nOaxaca #Oaxaca Citlalli L\u00f3pez Vel\u00e1zquez Jesica Ortega, mujer trans hizo historia en el municipio de San Sebasti\u00e1n Abasolo, Oaxaca, al ser electa por sistemas normativos internos como agenta municipal suplente de Santa Rosa Buenavista. Jess, como es conocida, ser\u00eda la segunda persona de la comunidad LGBTTIQ+ en un cargo municipal\u2026","rel":"","context":"En &quot;Agenda Pol\u00edtica&quot;","block_context":{"text":"Agenda Pol\u00edtica","link":"https:\/\/redaccionoaxaca.com\/index.php\/category\/agenda-politica\/"},"img":{"alt_text":"","src":"","width":0,"height":0},"classes":[]},{"id":38166,"url":"https:\/\/redaccionoaxaca.com\/index.php\/2025\/09\/06\/no-para-la-violencia-mortal-en-amoltepec-oaxaca-a-unas-horas-de-eleccion-de-autoridades-asesinan-a-dos-personas\/","url_meta":{"origin":41012,"position":1},"title":"No para la violencia mortal en Amoltepec, Oaxaca; a unas horas de elecci\u00f3n de autoridades asesinan a dos personas","author":"ariadna","date":"septiembre 6, 2025","format":false,"excerpt":"#Redacci\u00f3nOaxaca #Oaxaca Jaime GUERRERO A horas de la elecci\u00f3n de las nuevas autoridades de Santiago Amoltepec fueron emboscados y asesinados dos personas en el paraje Llano Nuevo. En respuesta, fueron desplegadas las fuerzas de seguridad estatal y federal a esa comunidad de la Sierra Sur de Oaxaca, confirm\u00f3 la Fiscal\u00eda\u2026","rel":"","context":"En &quot;Al Cierre&quot;","block_context":{"text":"Al Cierre","link":"https:\/\/redaccionoaxaca.com\/index.php\/category\/al-cierre\/"},"img":{"alt_text":"","src":"https:\/\/i0.wp.com\/redaccionoaxaca.com\/wp-content\/uploads\/2025\/09\/images-2025-09-06T204436.426.jpeg?fit=696%2C441&ssl=1&resize=350%2C200","width":350,"height":200,"srcset":"https:\/\/i0.wp.com\/redaccionoaxaca.com\/wp-content\/uploads\/2025\/09\/images-2025-09-06T204436.426.jpeg?fit=696%2C441&ssl=1&resize=350%2C200 1x, https:\/\/i0.wp.com\/redaccionoaxaca.com\/wp-content\/uploads\/2025\/09\/images-2025-09-06T204436.426.jpeg?fit=696%2C441&ssl=1&resize=525%2C300 1.5x"},"classes":[]},{"id":38169,"url":"https:\/\/redaccionoaxaca.com\/index.php\/2025\/09\/06\/tras-ejecuciones-se-perfila-unico-candidato-a-presidente-municipal-de-amoltepec-oaxaca\/","url_meta":{"origin":41012,"position":2},"title":"Tras ejecuciones, se perfila \u00fanico candidato a Presidente Municipal de Amoltepec, Oaxaca","author":"ariadna","date":"septiembre 6, 2025","format":false,"excerpt":"#Redacci\u00f3nOaxaca #Oaxaca Jaime GUERRERO Tras la ejecuci\u00f3n de dos personas en Santiago Amoltepec, se realiz\u00f3 la segunda asamblea comunitaria en donde se ratific\u00f3 la \u00fanica planilla encabezada por Alexis Torres Ram\u00edrez. Con esta ratificaci\u00f3n, se espera la realizaci\u00f3n de una tercera y \u00faltima asamblea para formalizar el proceso electoral para\u2026","rel":"","context":"En &quot;Agenda Pol\u00edtica&quot;","block_context":{"text":"Agenda Pol\u00edtica","link":"https:\/\/redaccionoaxaca.com\/index.php\/category\/agenda-politica\/"},"img":{"alt_text":"","src":"https:\/\/i0.wp.com\/redaccionoaxaca.com\/wp-content\/uploads\/2025\/09\/nGjWnTNpe36IaM9S.jpg?fit=640%2C364&ssl=1&resize=350%2C200","width":350,"height":200,"srcset":"https:\/\/i0.wp.com\/redaccionoaxaca.com\/wp-content\/uploads\/2025\/09\/nGjWnTNpe36IaM9S.jpg?fit=640%2C364&ssl=1&resize=350%2C200 1x, https:\/\/i0.wp.com\/redaccionoaxaca.com\/wp-content\/uploads\/2025\/09\/nGjWnTNpe36IaM9S.jpg?fit=640%2C364&ssl=1&resize=525%2C300 1.5x"},"classes":[]},{"id":33544,"url":"https:\/\/redaccionoaxaca.com\/index.php\/2024\/09\/25\/desmienten-a-cedhapi-por-supuesta-irrupcion-armada-en-guerrero-grande-oaxaca\/","url_meta":{"origin":41012,"position":3},"title":"Desmienten a CEDHAPI por supuesta irrupci\u00f3n armada en Guerrero Grande, Oaxaca","author":"ariadna","date":"septiembre 25, 2024","format":false,"excerpt":"#Redacci\u00f3nOaxaca #Oaxaca Jaime GUERRERO Maurilio Santiago Reyes, Presidente del Centro de Derechos Humanos y Asesor\u00eda a Pueblos Ind\u00edgenas A.C (CEDHAPI) difundi\u00f3 informaci\u00f3n falsa de una supuesta irrupci\u00f3n armada en la comunidad de Guerrero Grande Atatlahuca. Esa versi\u00f3n fue desmentida por las autoridades municipales. A trav\u00e9s de un comunicado, Santiago Reyes,\u2026","rel":"","context":"En &quot;Agenda Pol\u00edtica&quot;","block_context":{"text":"Agenda Pol\u00edtica","link":"https:\/\/redaccionoaxaca.com\/index.php\/category\/agenda-politica\/"},"img":{"alt_text":"","src":"https:\/\/i0.wp.com\/redaccionoaxaca.com\/wp-content\/uploads\/2024\/09\/IMG-20240924-WA0471-212x300.jpg?resize=350%2C200&ssl=1","width":350,"height":200},"classes":[]},{"id":12473,"url":"https:\/\/redaccionoaxaca.com\/index.php\/2020\/05\/25\/la-policia-asegura-en-la-cuenca-a-8-personas-armadas\/","url_meta":{"origin":41012,"position":4},"title":"LA POLICIA ASEGURA EN LA CUENCA A 8 PERSONAS ARMADAS.","author":"ariadna","date":"mayo 25, 2020","format":false,"excerpt":"#Redacci\u00f3nOaxaca #Oaxaca Comunicado Oaxaca de Ju\u00e1rez, Oax. 24 de mayo de 2020. Como resultado de la Coordinaci\u00f3n Biestatal Oaxaca-Veracruz que la Secretar\u00eda de Seguridad P\u00fablica de Oaxaca (SSPO) aplica en la regi\u00f3n del Papaloapan, personal de la Polic\u00eda Estatal detuvo a ocho presuntos integrantes de un grupo delictivo que operaba\u2026","rel":"","context":"En &quot;Mesa de Redacci\u00f3n&quot;","block_context":{"text":"Mesa de Redacci\u00f3n","link":"https:\/\/redaccionoaxaca.com\/index.php\/category\/mesa-de-redaccion\/"},"img":{"alt_text":"","src":"https:\/\/i0.wp.com\/redaccionoaxaca.com\/wp-content\/uploads\/2020\/05\/IMG-20200525-WA0016-300x112.jpg?resize=350%2C200","width":350,"height":200},"classes":[]},{"id":8898,"url":"https:\/\/redaccionoaxaca.com\/index.php\/2019\/10\/22\/ante-gn-pe-y-en-plena-eleccion-edil-de-amoltepec-ordena-a-sicario-atacar-a-balazos-a-candidato-pide-a-mafud-y-fiscal-intervencion\/","url_meta":{"origin":41012,"position":5},"title":"Ante GN, PE y en plena elecci\u00f3n edil de Amoltepec ordena a sicario atacar a balazos a candidato; pide a Mafud y Fiscal intervenci\u00f3n.","author":"ariadna","date":"octubre 22, 2019","format":"video","excerpt":"#Redacci\u00f3nOaxaca #Oaxaca Jaime GUERRERO Por la disputa del poder, el Presidente Municipal de Santiago Amoltepec, Felipe L\u00f3pez S\u00e1nchez y un presunto pistolero, atacaron a balazos al Presidente Municipal Electo, Mario Hern\u00e1ndez Garc\u00eda, de esa poblaci\u00f3n de la Sierra Sur. El candidato electo en primera asamblea salvo la vida, gracias a\u2026","rel":"","context":"Entrada similar ","block_context":{"text":"Entrada similar ","link":""},"img":{"alt_text":"","src":"https:\/\/i0.wp.com\/redaccionoaxaca.com\/wp-content\/uploads\/2019\/10\/IMG-20191022-WA0011-225x300.jpg?resize=350%2C200","width":350,"height":200},"classes":[]}],"_links":{"self":[{"href":"https:\/\/redaccionoaxaca.com\/index.php\/wp-json\/wp\/v2\/posts\/41012","targetHints":{"allow":["GET"]}}],"collection":[{"href":"https:\/\/redaccionoaxaca.com\/index.php\/wp-json\/wp\/v2\/posts"}],"about":[{"href":"https:\/\/redaccionoaxaca.com\/index.php\/wp-json\/wp\/v2\/types\/post"}],"author":[{"embeddable":true,"href":"https:\/\/redaccionoaxaca.com\/index.php\/wp-json\/wp\/v2\/users\/9"}],"replies":[{"embeddable":true,"href":"https:\/\/redaccionoaxaca.com\/index.php\/wp-json\/wp\/v2\/comments?post=41012"}],"version-history":[{"count":1,"href":"https:\/\/redaccionoaxaca.com\/index.php\/wp-json\/wp\/v2\/posts\/41012\/revisions"}],"predecessor-version":[{"id":41014,"href":"https:\/\/redaccionoaxaca.com\/index.php\/wp-json\/wp\/v2\/posts\/41012\/revisions\/41014"}],"wp:featuredmedia":[{"embeddable":true,"href":"https:\/\/redaccionoaxaca.com\/index.php\/wp-json\/wp\/v2\/media\/41013"}],"wp:attachment":[{"href":"https:\/\/redaccionoaxaca.com\/index.php\/wp-json\/wp\/v2\/media?parent=41012"}],"wp:term":[{"taxonomy":"category","embeddable":true,"href":"https:\/\/redaccionoaxaca.com\/index.php\/wp-json\/wp\/v2\/categories?post=41012"},{"taxonomy":"post_tag","embeddable":true,"href":"https:\/\/redaccionoaxaca.com\/index.php\/wp-json\/wp\/v2\/tags?post=41012"}],"curies":[{"name":"wp","href":"https:\/\/api.w.org\/{rel}","templated":true}]}}