{"id":41015,"date":"2026-03-16T14:31:30","date_gmt":"2026-03-16T20:31:30","guid":{"rendered":"https:\/\/redaccionoaxaca.com\/?p=41015"},"modified":"2026-03-16T14:31:30","modified_gmt":"2026-03-16T20:31:30","slug":"ieepo-marca-limites-a-la-seccion-22-tampoco-puede-haber-un-ieepo-o-un-estado-sometido","status":"publish","type":"post","link":"https:\/\/redaccionoaxaca.com\/index.php\/2026\/03\/16\/ieepo-marca-limites-a-la-seccion-22-tampoco-puede-haber-un-ieepo-o-un-estado-sometido\/","title":{"rendered":"IEEPO marca l\u00edmites a la Secci\u00f3n 22: \u201ctampoco puede haber un IEEPO o un Estado sometido\u201d"},"content":{"rendered":"<p><strong>#Redacci\u00f3nOaxaca<\/strong><\/p>\n<p><strong>#Oaxaca<\/strong><\/p>\n<p><strong>#JaimeGUERRERO<\/strong><\/p>\n<p style=\"text-align: justify;\">Con un paro magisterial de 72 horas en puerta, el IEEPO fij\u00f3 su postura pol\u00edtica ante la Secci\u00f3n 22: el debate cr\u00edtico y constructivo como \u00fanico camino v\u00e1lido, y dej\u00f3 en claro que ni el instituto ni el gobierno estatal aceptar\u00e1n una relaci\u00f3n de sometimiento con el sindicato.<\/p>\n<p style=\"text-align: justify;\">El director del Instituto Estatal de Educaci\u00f3n P\u00fablica de Oaxaca (IEEPO), Emilio Montero P\u00e9rez, reconoci\u00f3 la legitimidad hist\u00f3rica de la lucha magisterial, pero marc\u00f3 una posici\u00f3n de equilibrio pol\u00edtico.<\/p>\n<p style=\"text-align: justify;\">\u201cTampoco puede haber un sindicato o una dirigencia sometida, pero tampoco un IEEPO o un Estado sometido; que el debate sea el punto de acuerdo para construir los avances.\u201d<\/p>\n<p style=\"text-align: justify;\">El funcionario precis\u00f3 que el paro de 72 horas convocado por la Secci\u00f3n 22 para los d\u00edas mi\u00e9rcoles, jueves y viernes no obedece a desatenci\u00f3n del gobierno estatal, sino a una determinaci\u00f3n tomada desde la asamblea nacional representativa del sindicato hace varios meses, como parte de una escalada de paros que ya incluy\u00f3 jornadas de 24 y 48 horas.<\/p>\n<p style=\"text-align: justify;\">La demanda central, dijo, es la abrogaci\u00f3n de la Ley del ISSSTE, una exigencia que calific\u00f3 como \u201ccomplicada de atender\u201d por su alto impacto presupuestario, y que corresponde resolver al gobierno federal, no al estatal.<\/p>\n<p style=\"text-align: justify;\">Montero P\u00e9rez defendi\u00f3 el balance de tres a\u00f1os de gesti\u00f3n del gobernador Salom\u00f3n Jara Cruz frente al magisterio disidente.<\/p>\n<p style=\"text-align: justify;\">Afirm\u00f3 que las demandas generales del sindicato han sido atendidas de manera puntual, y traz\u00f3 una diferencia expl\u00edcita con administraciones anteriores.<\/p>\n<p style=\"text-align: justify;\">\u201cEs importante hacer un an\u00e1lisis constructivo; hay mucha diferencia en la atenci\u00f3n en el gobierno que hoy encabeza el ingeniero Salom\u00f3n, a diferencia de otras administraciones.\u201d<\/p>\n<p style=\"text-align: justify;\">En ese contexto, el director del IEEPO anunci\u00f3 que a partir del d\u00eda siguiente comenzar\u00eda la recepci\u00f3n de 1,392 expedientes del programa CERCA, en coordinaci\u00f3n con la Secretar\u00eda de Gobernaci\u00f3n federal.<\/p>\n<p style=\"text-align: justify;\">En la primera jornada se recibir\u00edan 229 expedientes correspondientes a educaci\u00f3n inicial, preescolar general, ind\u00edgena inicial e ind\u00edgena preescolar.<\/p>\n<p style=\"text-align: justify;\">Montero P\u00e9rez se comprometi\u00f3 a revisar los expedientes el mismo d\u00eda de su recepci\u00f3n y publicar los resultados en plataforma de manera inmediata, con el fin de garantizar transparencia ante los aspirantes a ingresar a las filas del magisterio oaxaque\u00f1o.<\/p>\n<p style=\"text-align: justify;\">El funcionario explic\u00f3 que, una vez concluida la recepci\u00f3n documental, los expedientes ser\u00e1n canalizados a la Ciudad de M\u00e9xico para una segunda revisi\u00f3n, y posteriormente remitidos a la Secretar\u00eda de Hacienda y Cr\u00e9dito P\u00fablico.<\/p>\n<p style=\"text-align: justify;\">En mesa tripartita, el gobierno federal se comprometi\u00f3 a entregar una fecha de alta para los beneficiarios, a fin de evitar escenarios de incumplimiento.<\/p>\n<p style=\"text-align: justify;\">Por su parte, el gobernador Salom\u00f3n Jara Cruz reiter\u00f3 la disposici\u00f3n de su gobierno al di\u00e1logo permanente con la Secci\u00f3n 22.<\/p>\n<p style=\"text-align: justify;\">\u201cNuestro gobierno siempre ha sido de puertas abiertas\u201d, dijo, y se\u00f1al\u00f3 que comparte las demandas del magisterio en materia de mejora salarial y equipamiento escolar.<\/p>\n<p style=\"text-align: justify;\">Jara Cruz reconoci\u00f3 la jornada de lucha de 72 horas como parte de una movilizaci\u00f3n de alcance nacional, y llam\u00f3 a construir acuerdos que beneficien a las ni\u00f1as, ni\u00f1os y j\u00f3venes de Oaxaca.<\/p>\n","protected":false},"excerpt":{"rendered":"<p>#Redacci\u00f3nOaxaca #Oaxaca #JaimeGUERRERO Con un paro magisterial de 72 horas en puerta, el IEEPO fij\u00f3 su postura pol\u00edtica ante la Secci\u00f3n 22: el debate cr\u00edtico y constructivo como \u00fanico camino v\u00e1lido, y dej\u00f3 en claro que ni el instituto ni el gobierno estatal aceptar\u00e1n una relaci\u00f3n de sometimiento con el sindicato. El director del Instituto [&hellip;]<\/p>\n","protected":false},"author":9,"featured_media":41016,"comment_status":"open","ping_status":"open","sticky":false,"template":"","format":"standard","meta":{"jetpack_post_was_ever_published":false,"_jetpack_newsletter_access":"","_jetpack_dont_email_post_to_subs":false,"_jetpack_newsletter_tier_id":0,"_jetpack_memberships_contains_paywalled_content":false,"_jetpack_memberships_contains_paid_content":false,"footnotes":"","jetpack_publicize_message":"","jetpack_publicize_feature_enabled":true,"jetpack_social_post_already_shared":true,"jetpack_social_options":{"image_generator_settings":{"template":"highway","default_image_id":0,"font":"","enabled":false},"version":2}},"categories":[4,5,6],"tags":[],"class_list":{"0":"post-41015","1":"post","2":"type-post","3":"status-publish","4":"format-standard","5":"has-post-thumbnail","7":"category-agenda-politica","8":"category-imagen","9":"category-tendencias"},"jetpack_publicize_connections":[],"jetpack_featured_media_url":"https:\/\/i0.wp.com\/redaccionoaxaca.com\/wp-content\/uploads\/2026\/03\/21-10-scaled.jpg?fit=2560%2C1398&ssl=1","jetpack_sharing_enabled":true,"jetpack_shortlink":"https:\/\/wp.me\/p9Ynjw-aFx","jetpack-related-posts":[{"id":9974,"url":"https:\/\/redaccionoaxaca.com\/index.php\/2020\/01\/08\/integrantes-del-nivel-indigena-de-la-seccion-22-iniciaron-un-planton-y-paro-de-actividades-de-72-horas\/","url_meta":{"origin":41015,"position":0},"title":"Integrantes del nivel ind\u00edgena de la Secci\u00f3n 22 iniciaron un plant\u00f3n y paro de actividades de 72 horas.","author":"ariadna","date":"enero 8, 2020","format":false,"excerpt":"#Redacci\u00f3nOaxaca #Oaxaca Sayra Cruz Integrantes del nivel ind\u00edgena de la Secci\u00f3n 22 del SNTE iniciaron un plant\u00f3n y paro de actividades de 72 horas para pedir el reconocimiento de sus representantes de la Direcci\u00f3n de los Pueblos Originarios, as\u00ed como contrataci\u00f3n de normalistas y rechaz\u00f3 a las becas para bachilleres.\u2026","rel":"","context":"Entrada similar ","block_context":{"text":"Entrada similar ","link":""},"img":{"alt_text":"","src":"","width":0,"height":0},"classes":[]},{"id":39059,"url":"https:\/\/redaccionoaxaca.com\/index.php\/2025\/11\/11\/emilio-montero-director-del-ieepo-planteo-una-nueva-etapa-con-el-magisterio-de-la-seccion-22-y-asegura-que-no-hay-ruptura-en-las-mesas-de-negociacion\/","url_meta":{"origin":41015,"position":1},"title":"Emilio Montero, director del IEEPO plante\u00f3 una nueva etapa con el magisterio de la Secci\u00f3n 22 y asegura que no hay ruptura en las mesas de negociaci\u00f3n","author":"ariadna","date":"noviembre 11, 2025","format":false,"excerpt":"#Redacci\u00f3nOaxaca #Oaxaca Sayra Cruz * \u201cLa ruta es el di\u00e1logo, no la confrontaci\u00f3n\u201d, asever\u00f3. En el contexto del paro de 48 horas de la Secci\u00f3n 22 del SNTE, el director general del Instituto Estatal de Educaci\u00f3n P\u00fablica de Oaxaca (IEEPO), Emilio Montero P\u00e9rez, llam\u00f3 a consolidar una nueva relaci\u00f3n entre\u2026","rel":"","context":"En &quot;Agenda Pol\u00edtica&quot;","block_context":{"text":"Agenda Pol\u00edtica","link":"https:\/\/redaccionoaxaca.com\/index.php\/category\/agenda-politica\/"},"img":{"alt_text":"","src":"https:\/\/i0.wp.com\/redaccionoaxaca.com\/wp-content\/uploads\/2025\/11\/Screenshot_20251111_141352_WhatsApp-scaled.jpg?fit=1200%2C657&ssl=1&resize=350%2C200","width":350,"height":200,"srcset":"https:\/\/i0.wp.com\/redaccionoaxaca.com\/wp-content\/uploads\/2025\/11\/Screenshot_20251111_141352_WhatsApp-scaled.jpg?fit=1200%2C657&ssl=1&resize=350%2C200 1x, https:\/\/i0.wp.com\/redaccionoaxaca.com\/wp-content\/uploads\/2025\/11\/Screenshot_20251111_141352_WhatsApp-scaled.jpg?fit=1200%2C657&ssl=1&resize=525%2C300 1.5x, https:\/\/i0.wp.com\/redaccionoaxaca.com\/wp-content\/uploads\/2025\/11\/Screenshot_20251111_141352_WhatsApp-scaled.jpg?fit=1200%2C657&ssl=1&resize=700%2C400 2x, https:\/\/i0.wp.com\/redaccionoaxaca.com\/wp-content\/uploads\/2025\/11\/Screenshot_20251111_141352_WhatsApp-scaled.jpg?fit=1200%2C657&ssl=1&resize=1050%2C600 3x"},"classes":[]},{"id":6796,"url":"https:\/\/redaccionoaxaca.com\/index.php\/2019\/05\/14\/en-1-ano-se-puede-armonizar-la-reforma-educativa-de-amlo-en-oaxaca-nomina-y-plazas-siguen-siendo-de-la-federacion\/","url_meta":{"origin":41015,"position":2},"title":"En 1 a\u00f1o se puede armonizar la reforma educativa de AMLO en Oaxaca; n\u00f3mina y plazas siguen siendo de la federaci\u00f3n","author":"denise","date":"mayo 14, 2019","format":false,"excerpt":"Jaime GUERRERO #Redacci\u00f3nOaxaca Una vez que 17 Congresos Estatales, aprueben la minuta de reforma educativa enviada por el Congreso de la Uni\u00f3n, la Legislatura estatal, tendr\u00e1 un a\u00f1o para armonizar la ley educativa estatal, confirm\u00f3 el titular del IEEPO, Francisco Angel Villareal. Adem\u00e1s tendr\u00e1 120 d\u00edas para aprobar las leyes\u2026","rel":"","context":"En &quot;Agenda Pol\u00edtica&quot;","block_context":{"text":"Agenda Pol\u00edtica","link":"https:\/\/redaccionoaxaca.com\/index.php\/category\/agenda-politica\/"},"img":{"alt_text":"","src":"","width":0,"height":0},"classes":[]},{"id":39056,"url":"https:\/\/redaccionoaxaca.com\/index.php\/2025\/11\/11\/oaxaca-bajo-asedio-y-caos-seccion-22-de-la-cnte-roba-48-horas-de-educacion-a-800-mil-alumnos\/","url_meta":{"origin":41015,"position":3},"title":"Oaxaca bajo asedio y caos: Secci\u00f3n 22 de la CNTE \u201croba\u201d 48 horas de educaci\u00f3n a 800 mil alumnos","author":"ariadna","date":"noviembre 11, 2025","format":false,"excerpt":"#Redacci\u00f3nOaxaca #Oaxaca Jaime GUERRERO La Secci\u00f3n 22 del SNTE-CNTE consumar\u00e1 un paro de labores de 48 horas para los d\u00edas 13 y 14 de noviembre, afectando a m\u00e1s de 800 mil estudiantes de educaci\u00f3n b\u00e1sica en el estado, quienes nuevamente se quedar\u00e1n sin clases. La movilizaci\u00f3n, respaldada por los acuerdos\u2026","rel":"","context":"En &quot;Agenda Pol\u00edtica&quot;","block_context":{"text":"Agenda Pol\u00edtica","link":"https:\/\/redaccionoaxaca.com\/index.php\/category\/agenda-politica\/"},"img":{"alt_text":"","src":"https:\/\/i0.wp.com\/redaccionoaxaca.com\/wp-content\/uploads\/2025\/11\/8-9.jpg?fit=1000%2C600&ssl=1&resize=350%2C200","width":350,"height":200,"srcset":"https:\/\/i0.wp.com\/redaccionoaxaca.com\/wp-content\/uploads\/2025\/11\/8-9.jpg?fit=1000%2C600&ssl=1&resize=350%2C200 1x, https:\/\/i0.wp.com\/redaccionoaxaca.com\/wp-content\/uploads\/2025\/11\/8-9.jpg?fit=1000%2C600&ssl=1&resize=525%2C300 1.5x, https:\/\/i0.wp.com\/redaccionoaxaca.com\/wp-content\/uploads\/2025\/11\/8-9.jpg?fit=1000%2C600&ssl=1&resize=700%2C400 2x"},"classes":[]},{"id":28874,"url":"https:\/\/redaccionoaxaca.com\/index.php\/2023\/05\/11\/aprueba-sep-convocatoria-del-proceso-de-admision-de-construccion-bilateral-entre-el-ieepo-y-seccion-22\/","url_meta":{"origin":41015,"position":4},"title":"Aprueba SEP Convocatoria del Proceso de Admisi\u00f3n de construcci\u00f3n Bilateral entre el IEEPO y Secci\u00f3n 22","author":"ariadna","date":"mayo 11, 2023","format":false,"excerpt":"#Redacci\u00f3nOaxaca #Oaxaca \u25cf Reconoce Director del IEEPO, Emilio Montero P\u00e9rez, la voluntad de la Secci\u00f3n 22 para la construcci\u00f3n de acuerdos hist\u00f3ricos para la educaci\u00f3n de Oaxaca. \u25cf La Convocatoria representa una soluci\u00f3n integral a los planteamientos de los normalistas producto de mesas de constante di\u00e1logo con la gremial. Oaxaca\u2026","rel":"","context":"En &quot;Imagen&quot;","block_context":{"text":"Imagen","link":"https:\/\/redaccionoaxaca.com\/index.php\/category\/imagen\/"},"img":{"alt_text":"","src":"https:\/\/i0.wp.com\/redaccionoaxaca.com\/wp-content\/uploads\/2023\/05\/FB_IMG_1683823703283-300x200.jpg?resize=350%2C200&ssl=1","width":350,"height":200},"classes":[]},{"id":38472,"url":"https:\/\/redaccionoaxaca.com\/index.php\/2025\/09\/30\/con-planton-y-caos-urbano-maestros-de-la-seccion-22-exigen-pagos-pendientes-y-resolucion-de-disputas-laborales-en-oaxaca\/","url_meta":{"origin":41015,"position":5},"title":"Con plant\u00f3n y caos urbano, maestros de la Secci\u00f3n 22 exigen pagos pendientes y resoluci\u00f3n de disputas laborales en Oaxaca","author":"ariadna","date":"septiembre 30, 2025","format":false,"excerpt":"#Redacci\u00f3nOaxaca #Oaxaca Jaime GUERRERO Un grupo de supervisores y jefes de sector de Educaci\u00f3n Primaria General, encabezados por el profesor Erangelio Mendoza Gonz\u00e1lez, instal\u00f3 un plant\u00f3n permanente en los corredores del Palacio de Gobierno y toman calles del centro hist\u00f3rico, de Oaxaca, para demandar la entrega inmediata de salarios atrasados.\u2026","rel":"","context":"En &quot;Agenda Pol\u00edtica&quot;","block_context":{"text":"Agenda Pol\u00edtica","link":"https:\/\/redaccionoaxaca.com\/index.php\/category\/agenda-politica\/"},"img":{"alt_text":"","src":"https:\/\/i0.wp.com\/redaccionoaxaca.com\/wp-content\/uploads\/2025\/09\/IMG-20250930-WA0062.jpg?fit=1200%2C675&ssl=1&resize=350%2C200","width":350,"height":200,"srcset":"https:\/\/i0.wp.com\/redaccionoaxaca.com\/wp-content\/uploads\/2025\/09\/IMG-20250930-WA0062.jpg?fit=1200%2C675&ssl=1&resize=350%2C200 1x, https:\/\/i0.wp.com\/redaccionoaxaca.com\/wp-content\/uploads\/2025\/09\/IMG-20250930-WA0062.jpg?fit=1200%2C675&ssl=1&resize=525%2C300 1.5x, https:\/\/i0.wp.com\/redaccionoaxaca.com\/wp-content\/uploads\/2025\/09\/IMG-20250930-WA0062.jpg?fit=1200%2C675&ssl=1&resize=700%2C400 2x, https:\/\/i0.wp.com\/redaccionoaxaca.com\/wp-content\/uploads\/2025\/09\/IMG-20250930-WA0062.jpg?fit=1200%2C675&ssl=1&resize=1050%2C600 3x"},"classes":[]}],"_links":{"self":[{"href":"https:\/\/redaccionoaxaca.com\/index.php\/wp-json\/wp\/v2\/posts\/41015","targetHints":{"allow":["GET"]}}],"collection":[{"href":"https:\/\/redaccionoaxaca.com\/index.php\/wp-json\/wp\/v2\/posts"}],"about":[{"href":"https:\/\/redaccionoaxaca.com\/index.php\/wp-json\/wp\/v2\/types\/post"}],"author":[{"embeddable":true,"href":"https:\/\/redaccionoaxaca.com\/index.php\/wp-json\/wp\/v2\/users\/9"}],"replies":[{"embeddable":true,"href":"https:\/\/redaccionoaxaca.com\/index.php\/wp-json\/wp\/v2\/comments?post=41015"}],"version-history":[{"count":1,"href":"https:\/\/redaccionoaxaca.com\/index.php\/wp-json\/wp\/v2\/posts\/41015\/revisions"}],"predecessor-version":[{"id":41017,"href":"https:\/\/redaccionoaxaca.com\/index.php\/wp-json\/wp\/v2\/posts\/41015\/revisions\/41017"}],"wp:featuredmedia":[{"embeddable":true,"href":"https:\/\/redaccionoaxaca.com\/index.php\/wp-json\/wp\/v2\/media\/41016"}],"wp:attachment":[{"href":"https:\/\/redaccionoaxaca.com\/index.php\/wp-json\/wp\/v2\/media?parent=41015"}],"wp:term":[{"taxonomy":"category","embeddable":true,"href":"https:\/\/redaccionoaxaca.com\/index.php\/wp-json\/wp\/v2\/categories?post=41015"},{"taxonomy":"post_tag","embeddable":true,"href":"https:\/\/redaccionoaxaca.com\/index.php\/wp-json\/wp\/v2\/tags?post=41015"}],"curies":[{"name":"wp","href":"https:\/\/api.w.org\/{rel}","templated":true}]}}